{"id":10797,"date":"2018-01-08T08:00:26","date_gmt":"2018-01-08T07:00:26","guid":{"rendered":"https:\/\/www.welex.es\/?p=10797\/"},"modified":"2025-09-09T07:19:01","modified_gmt":"2025-09-09T07:19:01","slug":"ruta-de-rio-verde-en-istan","status":"publish","type":"post","link":"https:\/\/www.welex.es\/es\/ruta-de-rio-verde-en-istan\/","title":{"rendered":"Ruta de R\u00edo Verde en Ist\u00e1n"},"content":{"rendered":"<p>Para los aventureros y amantes de la naturaleza, proponemos realizar la ruta del Rio Verde situada en la localidad de Ist\u00e1n. Se trata de una interesante ruta de 8 kil\u00f3metros ida y vuelta, de dificultad media y que discurre por la parte m\u00e1s angosta del valle del rio cuyas aguas abastecen el pantano de la Concepci\u00f3n.<\/p>\n<p>El visitante que realice esta ruta estar\u00e1 rodeado de un bello paisaje de pinos, alcornoques, y algarrobos. En su recorrido hasta el Charco del Canal\u00f3n se podr\u00e1 ver una cascada que cae entre dos paredes, donde se encuentran dos pozas en las que ba\u00f1arse y disfrutar de aguas cristalinas.<\/p>\n<p><img fetchpriority=\"high\" decoding=\"async\" class=\"aligncenter wp-image-10800 size-full\" title=\"law firm in Ist\u00e1n\" src=\"https:\/\/www.welex.es\/wp-content\/uploads\/2018\/01\/RUTA-RIO-VERDE-ISTAN-3.png\" alt=\"law firm in Ist\u00e1n\" width=\"600\" height=\"338\" \/><\/p>\n<p>Para la realizaci\u00f3n de esta ruta hay que tener cuidado con el verd\u00edn que tienen las piedras, por lo que se recomienda usar calzado adecuado para no resbalar. Se recomienda adem\u00e1s, llevar ropa c\u00f3moda, protecci\u00f3n solar y gorra.<\/p>\n<h5><\/h5>\n<h5><strong>Descripci\u00f3n de la ruta<\/strong><\/h5>\n<p>La ruta comienza en el nacimiento del rio Molinos. Comenzamos a descender lentamente para despu\u00e9s cruzar el cauce de un arroyo. Llegamos al sendero Ist\u00e1n-Las Herrizas de la Gallega, donde un aut\u00e9ntico balc\u00f3n natural nos espera para divisar una perspectiva clara del Rio Verde.<\/p>\n<p>La ruta contin\u00faa con un ligero ascenso, donde dejaremos atr\u00e1s el carril forestal para tomar un sendero del lado izquierdo. Este carril conduce a otro que nos lleva hasta el rio. Tras un kil\u00f3metro aproximadamente se pasa a una ca\u00f1ada y tras \u00e9sta, se alcanza el lugar conocido como El Alberc\u00f3n, que es una antigua alberca, donde a\u00fan se recoge gran parte del agua que riega los campos de la zona.<\/p>\n<p>En este punto, habr\u00e1 que tomar la senda de la izquierda que es m\u00e1s abrupta y dura que el camino realizado hasta el momento. Sin embargo, ser\u00e1 uno de los pocos desniveles que se realizar\u00e1n en esta ruta. Desde all\u00ed el sendero vuelve a ser eminentemente llano.<\/p>\n<p>Despu\u00e9s de haber bajado hasta el cauce, hay que tener especial precauci\u00f3n si se quiere cruzar por el nivel de agua que pueda llevar. Lo m\u00e1s recomendable es retroceder uros metros y tomar el carril que sal\u00eda por la derecha tras cruzar el arroyo anterior. Por all\u00ed, se llegar\u00e1 a una valla que se puede pasar f\u00e1cilmente.<\/p>\n<p>Desde all\u00ed otro sendero conducir\u00e1 de nuevo a una pista forestal, que se cruza con el arroyo Almedinilla y podo despu\u00e9s con las casas rurales situadas en la zona conocida como La Palomera. Continuando recto se llega de nuevo al cauce del r\u00edo Verde.<\/p>\n<p><img decoding=\"async\" class=\"aligncenter wp-image-10798 size-full\" title=\"law firm in Ist\u00e1n\" src=\"https:\/\/www.welex.es\/wp-content\/uploads\/2018\/01\/RURA-RIO-VERDE-ISTAN-2.png\" alt=\"law firm in Ist\u00e1n\" width=\"600\" height=\"396\" \/><\/p>\n<h5><strong>Fauna y flora<\/strong><\/h5>\n<p>A lo largo de esta ruta se pueden ver distintos paisajes bot\u00e1nicos de inter\u00e9s, como las huertas con \u00e1rboles frutales, como c\u00edtricos y aguacates, bosques de alcornoques y de ribera, especialmente en el entorno del r\u00edo Verde.<\/p>\n<p>Entre las aves, las rapaces m\u00e1s comunes de la zona son el \u00e1guila real y la perdicera. Otras especies que se pueden avistar por el recorrido son gavilanes, orop\u00e9ndolas, arrendajos, grajillas o mirlos. No hay que descartar ver en algunas zonas elevadas reba\u00f1os de cabra mont\u00e9s.<\/p>\n<p>&nbsp;<\/p>\n<p>&nbsp;<\/p>\n<p>Este blog ha sido publicado por\u00a0<a href=\"https:\/\/www.welex.es\/es\/\">Welex, su abogado y economista en Marbella<\/a>, M\u00e1laga.<\/p>\n<p>En \u201cWelex\u201d proporcionamos asesoramiento jur\u00eddico, laboral, fiscal y contable, a fin de ofrecer seguridad jur\u00eddica a nuestros clientes, desde la experiencia y profesionalidad. Somos un grupo de abogados, economistas, contables y graduados sociales preparados para\u00a0<a href=\"https:\/\/www.welex.es\/es\/contacto\/\">resolver sus dudas y defender sus intereses<\/a>.<\/p>\n<p>&nbsp;<\/p>\n<p>&nbsp;<\/p>\n<p>&nbsp;<\/p>\n<p>&nbsp;<\/p>\n","protected":false},"excerpt":{"rendered":"<p>Para los aventureros y amantes de la naturaleza, proponemos realizar la ruta del Rio Verde situada en la localidad de Ist\u00e1n. Se trata de una interesante ruta de 8 kil\u00f3metros ida y vuelta, de dificultad media y que discurre por la parte m\u00e1s angosta del valle del rio cuyas aguas abastecen el pantano de la [&hellip;]<\/p>\n","protected":false},"author":4,"featured_media":10799,"comment_status":"closed","ping_status":"closed","sticky":false,"template":"","format":"standard","meta":{"_acf_changed":false,"footnotes":""},"categories":[233],"tags":[1795,1796,1797,2075,2080,1792,1793,1794],"class_list":["post-10797","post","type-post","status-publish","format-standard","has-post-thumbnail","hentry","category-turismo-y-cultura-en-espana","tag-despacho-de-abogados-en-istan","tag-economistas-istan","tag-especialistas-en-herencias-en-istan","tag-impuesto-sobre-sucesiones-en-istan-2","tag-testamentos-en-istan-2","tag-abogados-en-istan","tag-asesores-fiscales-en-istan","tag-contables-en-istan"],"acf":[],"yoast_head":"<!-- This site is optimized with the Yoast SEO Premium plugin v27.9 (Yoast SEO v27.9) - https:\/\/yoast.com\/product\/yoast-seo-premium-wordpress\/ -->\n<title>Ruta de R\u00edo Verde en Ist\u00e1n - Welex<\/title>\n<meta name=\"description\" content=\"Se trata de una interesante ruta de 8 kil\u00f3metros ida y vuelta, de dificultad media y que discurre por la parte m\u00e1s angosta del valle del rio\" \/>\n<meta name=\"robots\" content=\"index, follow, max-snippet:-1, max-image-preview:large, max-video-preview:-1\" \/>\n<link rel=\"canonical\" href=\"https:\/\/www.welex.es\/es\/ruta-de-rio-verde-en-istan\/\" \/>\n<meta property=\"og:locale\" content=\"es_ES\" \/>\n<meta property=\"og:type\" content=\"article\" \/>\n<meta property=\"og:title\" content=\"Ruta de R\u00edo Verde en Ist\u00e1n\" \/>\n<meta property=\"og:description\" content=\"Se trata de una interesante ruta de 8 kil\u00f3metros ida y vuelta, de dificultad media y que discurre por la parte m\u00e1s angosta del valle del rio\" \/>\n<meta property=\"og:url\" content=\"https:\/\/www.welex.es\/es\/ruta-de-rio-verde-en-istan\/\" \/>\n<meta property=\"og:site_name\" content=\"Welex\" \/>\n<meta property=\"article:publisher\" content=\"https:\/\/www.facebook.com\/WelexLawyersAccountants\/\" \/>\n<meta property=\"article:published_time\" content=\"2018-01-08T07:00:26+00:00\" \/>\n<meta property=\"article:modified_time\" content=\"2025-09-09T07:19:01+00:00\" \/>\n<meta property=\"og:image\" content=\"https:\/\/www.welex.es\/wp-content\/uploads\/2018\/01\/RUTA-RIO-VERDE-ISTAN-1.png\" \/>\n\t<meta property=\"og:image:width\" content=\"600\" \/>\n\t<meta property=\"og:image:height\" content=\"300\" \/>\n\t<meta property=\"og:image:type\" content=\"image\/png\" \/>\n<meta name=\"author\" content=\"Welex Lawyers Accountants Wim\" \/>\n<meta name=\"twitter:card\" content=\"summary_large_image\" \/>\n<meta name=\"twitter:label1\" content=\"Escrito por\" \/>\n\t<meta name=\"twitter:data1\" content=\"Welex Lawyers Accountants Wim\" \/>\n\t<meta name=\"twitter:label2\" content=\"Tiempo de lectura\" \/>\n\t<meta name=\"twitter:data2\" content=\"3 minutos\" \/>\n<script type=\"application\/ld+json\" class=\"yoast-schema-graph\">{\"@context\":\"https:\\\/\\\/schema.org\",\"@graph\":[{\"@type\":\"Article\",\"@id\":\"https:\\\/\\\/www.welex.es\\\/es\\\/ruta-de-rio-verde-en-istan\\\/#article\",\"isPartOf\":{\"@id\":\"https:\\\/\\\/www.welex.es\\\/es\\\/ruta-de-rio-verde-en-istan\\\/\"},\"author\":{\"name\":\"Welex Lawyers Accountants Wim\",\"@id\":\"https:\\\/\\\/www.welex.es\\\/es\\\/#\\\/schema\\\/person\\\/fe98500e4b874772cfdbd1417c913f57\"},\"headline\":\"Ruta de R\u00edo Verde en Ist\u00e1n\",\"datePublished\":\"2018-01-08T07:00:26+00:00\",\"dateModified\":\"2025-09-09T07:19:01+00:00\",\"mainEntityOfPage\":{\"@id\":\"https:\\\/\\\/www.welex.es\\\/es\\\/ruta-de-rio-verde-en-istan\\\/\"},\"wordCount\":607,\"publisher\":{\"@id\":\"https:\\\/\\\/www.welex.es\\\/#organization\"},\"image\":{\"@id\":\"https:\\\/\\\/www.welex.es\\\/es\\\/ruta-de-rio-verde-en-istan\\\/#primaryimage\"},\"thumbnailUrl\":\"https:\\\/\\\/www.welex.es\\\/wp-content\\\/uploads\\\/2018\\\/01\\\/RUTA-RIO-VERDE-ISTAN-1.png\",\"keywords\":[\"Despacho de abogados en Ist\u00e1n\",\"Economistas Ist\u00e1n\",\"Especialistas en herencias en Ist\u00e1n\",\"Impuesto sobre sucesiones en Ist\u00e1n\",\"Testamentos en Ist\u00e1n\",\"abogados en Ist\u00e1n\",\"Asesores fiscales en Ist\u00e1n\",\"contables en Ist\u00e1n\"],\"articleSection\":[\"Turismo y Cultura en Espa\u00f1a\"],\"inLanguage\":\"es\"},{\"@type\":\"WebPage\",\"@id\":\"https:\\\/\\\/www.welex.es\\\/es\\\/ruta-de-rio-verde-en-istan\\\/\",\"url\":\"https:\\\/\\\/www.welex.es\\\/es\\\/ruta-de-rio-verde-en-istan\\\/\",\"name\":\"Ruta de R\u00edo Verde en Ist\u00e1n - Welex\",\"isPartOf\":{\"@id\":\"https:\\\/\\\/www.welex.es\\\/es\\\/#website\"},\"primaryImageOfPage\":{\"@id\":\"https:\\\/\\\/www.welex.es\\\/es\\\/ruta-de-rio-verde-en-istan\\\/#primaryimage\"},\"image\":{\"@id\":\"https:\\\/\\\/www.welex.es\\\/es\\\/ruta-de-rio-verde-en-istan\\\/#primaryimage\"},\"thumbnailUrl\":\"https:\\\/\\\/www.welex.es\\\/wp-content\\\/uploads\\\/2018\\\/01\\\/RUTA-RIO-VERDE-ISTAN-1.png\",\"datePublished\":\"2018-01-08T07:00:26+00:00\",\"dateModified\":\"2025-09-09T07:19:01+00:00\",\"description\":\"Se trata de una interesante ruta de 8 kil\u00f3metros ida y vuelta, de dificultad media y que discurre por la parte m\u00e1s angosta del valle del rio\",\"breadcrumb\":{\"@id\":\"https:\\\/\\\/www.welex.es\\\/es\\\/ruta-de-rio-verde-en-istan\\\/#breadcrumb\"},\"inLanguage\":\"es\",\"potentialAction\":[{\"@type\":\"ReadAction\",\"target\":[\"https:\\\/\\\/www.welex.es\\\/es\\\/ruta-de-rio-verde-en-istan\\\/\"]}]},{\"@type\":\"ImageObject\",\"inLanguage\":\"es\",\"@id\":\"https:\\\/\\\/www.welex.es\\\/es\\\/ruta-de-rio-verde-en-istan\\\/#primaryimage\",\"url\":\"https:\\\/\\\/www.welex.es\\\/wp-content\\\/uploads\\\/2018\\\/01\\\/RUTA-RIO-VERDE-ISTAN-1.png\",\"contentUrl\":\"https:\\\/\\\/www.welex.es\\\/wp-content\\\/uploads\\\/2018\\\/01\\\/RUTA-RIO-VERDE-ISTAN-1.png\",\"width\":600,\"height\":300,\"caption\":\"RUTA RIO VERDE ISTAN 1\"},{\"@type\":\"BreadcrumbList\",\"@id\":\"https:\\\/\\\/www.welex.es\\\/es\\\/ruta-de-rio-verde-en-istan\\\/#breadcrumb\",\"itemListElement\":[{\"@type\":\"ListItem\",\"position\":1,\"name\":\"Home\",\"item\":\"https:\\\/\\\/www.welex.es\\\/es\\\/\"},{\"@type\":\"ListItem\",\"position\":2,\"name\":\"Ruta de R\u00edo Verde en Ist\u00e1n\"}]},{\"@type\":\"WebSite\",\"@id\":\"https:\\\/\\\/www.welex.es\\\/es\\\/#website\",\"url\":\"https:\\\/\\\/www.welex.es\\\/es\\\/\",\"name\":\"Welex\",\"description\":\"\",\"publisher\":{\"@id\":\"https:\\\/\\\/www.welex.es\\\/#organization\"},\"potentialAction\":[{\"@type\":\"SearchAction\",\"target\":{\"@type\":\"EntryPoint\",\"urlTemplate\":\"https:\\\/\\\/www.welex.es\\\/es\\\/?s={search_term_string}\"},\"query-input\":{\"@type\":\"PropertyValueSpecification\",\"valueRequired\":true,\"valueName\":\"search_term_string\"}}],\"inLanguage\":\"es\"},{\"@type\":[\"Organization\",\"LegalService\"],\"@id\":\"https:\\\/\\\/www.welex.es\\\/#organization\",\"name\":\"Welex\",\"url\":\"https:\\\/\\\/www.welex.es\\\/\",\"logo\":{\"@type\":\"ImageObject\",\"inLanguage\":\"es\",\"@id\":\"https:\\\/\\\/www.welex.es\\\/#\\\/schema\\\/logo\\\/image\\\/\",\"url\":\"https:\\\/\\\/www.welex.es\\\/wp-content\\\/uploads\\\/2025\\\/05\\\/LOGOWELEXCORRECTO.png\",\"contentUrl\":\"https:\\\/\\\/www.welex.es\\\/wp-content\\\/uploads\\\/2025\\\/05\\\/LOGOWELEXCORRECTO.png\",\"width\":2147,\"height\":771,\"caption\":\"Welex\"},\"image\":{\"@id\":\"https:\\\/\\\/www.welex.es\\\/#\\\/schema\\\/logo\\\/image\\\/\"},\"sameAs\":[\"https:\\\/\\\/www.facebook.com\\\/WelexLawyersAccountants\\\/\",\"https:\\\/\\\/www.linkedin.com\\\/company\\\/welex\\\/\",\"https:\\\/\\\/www.instagram.com\\\/welex.lawyers\\\/\",\"https:\\\/\\\/www.tiktok.com\\\/@welex_lawyers_marbella\",\"https:\\\/\\\/lawyerscostadelsol.com\\\/\",\"https:\\\/\\\/www.accountant-spain.com\\\/\",\"https:\\\/\\\/welex-solicitors.com\\\/\"],\"description\":\"Law firm in Marbella providing legal, tax, labour and accounting advice to individuals and companies in Spain, with over 20 years of experience.\",\"email\":\"info@welex.es\",\"telephone\":\"+34952775521\",\"legalName\":\"Tr\u00e1mites Costa, S.L.\",\"numberOfEmployees\":{\"@type\":\"QuantitativeValue\",\"minValue\":\"11\",\"maxValue\":\"50\"},\"address\":{\"@type\":\"PostalAddress\",\"streetAddress\":\"Calle Ram\u00f3n G\u00f3mez de la Serna 23, Local 7\",\"addressLocality\":\"Marbella\",\"addressRegion\":\"M\u00e1laga\",\"postalCode\":\"29602\",\"addressCountry\":\"ES\"},\"geo\":{\"@type\":\"GeoCoordinates\",\"latitude\":36.5095366,\"longitude\":-4.8985745},\"hasMap\":\"https:\\\/\\\/www.google.com\\\/maps\\\/search\\\/?api=1&query=Welex+Marbella\",\"openingHoursSpecification\":[{\"@type\":\"OpeningHoursSpecification\",\"dayOfWeek\":[\"Monday\",\"Tuesday\",\"Wednesday\",\"Thursday\"],\"opens\":\"08:30\",\"closes\":\"17:00\"},{\"@type\":\"OpeningHoursSpecification\",\"dayOfWeek\":\"Friday\",\"opens\":\"08:30\",\"closes\":\"14:30\"}],\"areaServed\":[{\"@type\":\"Country\",\"name\":\"Spain\"},{\"@type\":\"AdministrativeArea\",\"name\":\"Costa del Sol\"},{\"@type\":\"City\",\"name\":\"Marbella\"}],\"knowsLanguage\":[\"es\",\"en\",\"nl\",\"fr\"],\"currenciesAccepted\":\"EUR\",\"priceRange\":\"$$\",\"slogan\":\"Seguridad jur\u00eddica. Claridad fiscal. Asesoramiento de confianza.\",\"contactPoint\":[{\"@type\":\"ContactPoint\",\"telephone\":\"+34952775521\",\"email\":\"info@welex.es\",\"contactType\":\"customer service\",\"availableLanguage\":[\"English\",\"Spanish\",\"Dutch\",\"French\"],\"areaServed\":\"ES\"}],\"hasOfferCatalog\":{\"@type\":\"OfferCatalog\",\"name\":\"Servicios legales, fiscales y contables en Espa\u00f1a\",\"itemListElement\":[{\"@type\":\"Offer\",\"itemOffered\":{\"@type\":\"Service\",\"name\":\"Abogados especializados en derecho inmobiliario en Marbella: Compra y venta de inmuebles en Espa\u00f1a\",\"url\":\"https:\\\/\\\/www.welex.es\\\/es\\\/servicio\\\/compra-y-venta-de-inmuebles-en-espana\\\/\"}},{\"@type\":\"Offer\",\"itemOffered\":{\"@type\":\"Service\",\"name\":\"Abogados expertos en Herencias y Testamentos en Marbella\",\"url\":\"https:\\\/\\\/www.welex.es\\\/es\\\/servicio\\\/testamentos-y-herencias-en-espana\\\/\"}},{\"@type\":\"Offer\",\"itemOffered\":{\"@type\":\"Service\",\"name\":\"Empresas y sociedades\",\"url\":\"https:\\\/\\\/www.welex.es\\\/es\\\/servicio\\\/empresas-y-sociedades\\\/\"}},{\"@type\":\"Offer\",\"itemOffered\":{\"@type\":\"Service\",\"name\":\"Asesoramiento laboral\",\"url\":\"https:\\\/\\\/www.welex.es\\\/es\\\/servicio\\\/asesoramiento-laboral\\\/\"}},{\"@type\":\"Offer\",\"itemOffered\":{\"@type\":\"Service\",\"name\":\"Derecho procesal\",\"url\":\"https:\\\/\\\/www.welex.es\\\/es\\\/servicio\\\/derecho-procesal\\\/\"}},{\"@type\":\"Offer\",\"itemOffered\":{\"@type\":\"Service\",\"name\":\"Adquisici\u00f3n de inmuebles para personas no residentes en Espa\u00f1a\",\"url\":\"https:\\\/\\\/www.welex.es\\\/es\\\/servicio\\\/adquisicion-de-inmuebles-para-personas-no-residentes-en-espana\\\/\"}},{\"@type\":\"Offer\",\"itemOffered\":{\"@type\":\"Service\",\"name\":\"Obligaciones fiscales de una sociedad SL\",\"url\":\"https:\\\/\\\/www.welex.es\\\/es\\\/servicio\\\/obligaciones-fiscales-de-una-sociedad-sl\\\/\"}},{\"@type\":\"Offer\",\"itemOffered\":{\"@type\":\"Service\",\"name\":\"Obligaciones Mercantiles de una sociedad SL\",\"url\":\"https:\\\/\\\/www.welex.es\\\/es\\\/servicio\\\/obligaciones-mercantiles-de-una-sociedad-sl\\\/\"}},{\"@type\":\"Offer\",\"itemOffered\":{\"@type\":\"Service\",\"name\":\"Revisi\u00f3n de estados financieros contables\",\"url\":\"https:\\\/\\\/www.welex.es\\\/es\\\/servicio\\\/revision-de-estados-financieros-contables\\\/\"}},{\"@type\":\"Offer\",\"itemOffered\":{\"@type\":\"Service\",\"name\":\"Impuestos\",\"url\":\"https:\\\/\\\/www.welex.es\\\/es\\\/servicio\\\/impuestos\\\/\"}},{\"@type\":\"Offer\",\"itemOffered\":{\"@type\":\"Service\",\"name\":\"Tr\u00e1mites destacados\",\"url\":\"https:\\\/\\\/www.welex.es\\\/es\\\/servicio\\\/tramites-destacados\\\/\"}}]}},{\"@type\":\"Person\",\"@id\":\"https:\\\/\\\/www.welex.es\\\/es\\\/#\\\/schema\\\/person\\\/fe98500e4b874772cfdbd1417c913f57\",\"name\":\"Welex Lawyers Accountants Wim\",\"image\":{\"@type\":\"ImageObject\",\"inLanguage\":\"es\",\"@id\":\"https:\\\/\\\/secure.gravatar.com\\\/avatar\\\/?s=96&d=mm&r=g\",\"url\":\"https:\\\/\\\/secure.gravatar.com\\\/avatar\\\/?s=96&d=mm&r=g\",\"contentUrl\":\"https:\\\/\\\/secure.gravatar.com\\\/avatar\\\/?s=96&d=mm&r=g\",\"caption\":\"Welex Lawyers Accountants Wim\"}}]}<\/script>\n<!-- \/ Yoast SEO Premium plugin. -->","yoast_head_json":{"title":"Ruta de R\u00edo Verde en Ist\u00e1n - Welex","description":"Se trata de una interesante ruta de 8 kil\u00f3metros ida y vuelta, de dificultad media y que discurre por la parte m\u00e1s angosta del valle del rio","robots":{"index":"index","follow":"follow","max-snippet":"max-snippet:-1","max-image-preview":"max-image-preview:large","max-video-preview":"max-video-preview:-1"},"canonical":"https:\/\/www.welex.es\/es\/ruta-de-rio-verde-en-istan\/","og_locale":"es_ES","og_type":"article","og_title":"Ruta de R\u00edo Verde en Ist\u00e1n","og_description":"Se trata de una interesante ruta de 8 kil\u00f3metros ida y vuelta, de dificultad media y que discurre por la parte m\u00e1s angosta del valle del rio","og_url":"https:\/\/www.welex.es\/es\/ruta-de-rio-verde-en-istan\/","og_site_name":"Welex","article_publisher":"https:\/\/www.facebook.com\/WelexLawyersAccountants\/","article_published_time":"2018-01-08T07:00:26+00:00","article_modified_time":"2025-09-09T07:19:01+00:00","og_image":[{"width":600,"height":300,"url":"https:\/\/www.welex.es\/wp-content\/uploads\/2018\/01\/RUTA-RIO-VERDE-ISTAN-1.png","type":"image\/png"}],"author":"Welex Lawyers Accountants Wim","twitter_card":"summary_large_image","twitter_misc":{"Escrito por":"Welex Lawyers Accountants Wim","Tiempo de lectura":"3 minutos"},"schema":{"@context":"https:\/\/schema.org","@graph":[{"@type":"Article","@id":"https:\/\/www.welex.es\/es\/ruta-de-rio-verde-en-istan\/#article","isPartOf":{"@id":"https:\/\/www.welex.es\/es\/ruta-de-rio-verde-en-istan\/"},"author":{"name":"Welex Lawyers Accountants Wim","@id":"https:\/\/www.welex.es\/es\/#\/schema\/person\/fe98500e4b874772cfdbd1417c913f57"},"headline":"Ruta de R\u00edo Verde en Ist\u00e1n","datePublished":"2018-01-08T07:00:26+00:00","dateModified":"2025-09-09T07:19:01+00:00","mainEntityOfPage":{"@id":"https:\/\/www.welex.es\/es\/ruta-de-rio-verde-en-istan\/"},"wordCount":607,"publisher":{"@id":"https:\/\/www.welex.es\/#organization"},"image":{"@id":"https:\/\/www.welex.es\/es\/ruta-de-rio-verde-en-istan\/#primaryimage"},"thumbnailUrl":"https:\/\/www.welex.es\/wp-content\/uploads\/2018\/01\/RUTA-RIO-VERDE-ISTAN-1.png","keywords":["Despacho de abogados en Ist\u00e1n","Economistas Ist\u00e1n","Especialistas en herencias en Ist\u00e1n","Impuesto sobre sucesiones en Ist\u00e1n","Testamentos en Ist\u00e1n","abogados en Ist\u00e1n","Asesores fiscales en Ist\u00e1n","contables en Ist\u00e1n"],"articleSection":["Turismo y Cultura en Espa\u00f1a"],"inLanguage":"es"},{"@type":"WebPage","@id":"https:\/\/www.welex.es\/es\/ruta-de-rio-verde-en-istan\/","url":"https:\/\/www.welex.es\/es\/ruta-de-rio-verde-en-istan\/","name":"Ruta de R\u00edo Verde en Ist\u00e1n - Welex","isPartOf":{"@id":"https:\/\/www.welex.es\/es\/#website"},"primaryImageOfPage":{"@id":"https:\/\/www.welex.es\/es\/ruta-de-rio-verde-en-istan\/#primaryimage"},"image":{"@id":"https:\/\/www.welex.es\/es\/ruta-de-rio-verde-en-istan\/#primaryimage"},"thumbnailUrl":"https:\/\/www.welex.es\/wp-content\/uploads\/2018\/01\/RUTA-RIO-VERDE-ISTAN-1.png","datePublished":"2018-01-08T07:00:26+00:00","dateModified":"2025-09-09T07:19:01+00:00","description":"Se trata de una interesante ruta de 8 kil\u00f3metros ida y vuelta, de dificultad media y que discurre por la parte m\u00e1s angosta del valle del rio","breadcrumb":{"@id":"https:\/\/www.welex.es\/es\/ruta-de-rio-verde-en-istan\/#breadcrumb"},"inLanguage":"es","potentialAction":[{"@type":"ReadAction","target":["https:\/\/www.welex.es\/es\/ruta-de-rio-verde-en-istan\/"]}]},{"@type":"ImageObject","inLanguage":"es","@id":"https:\/\/www.welex.es\/es\/ruta-de-rio-verde-en-istan\/#primaryimage","url":"https:\/\/www.welex.es\/wp-content\/uploads\/2018\/01\/RUTA-RIO-VERDE-ISTAN-1.png","contentUrl":"https:\/\/www.welex.es\/wp-content\/uploads\/2018\/01\/RUTA-RIO-VERDE-ISTAN-1.png","width":600,"height":300,"caption":"RUTA RIO VERDE ISTAN 1"},{"@type":"BreadcrumbList","@id":"https:\/\/www.welex.es\/es\/ruta-de-rio-verde-en-istan\/#breadcrumb","itemListElement":[{"@type":"ListItem","position":1,"name":"Home","item":"https:\/\/www.welex.es\/es\/"},{"@type":"ListItem","position":2,"name":"Ruta de R\u00edo Verde en Ist\u00e1n"}]},{"@type":"WebSite","@id":"https:\/\/www.welex.es\/es\/#website","url":"https:\/\/www.welex.es\/es\/","name":"Welex","description":"","publisher":{"@id":"https:\/\/www.welex.es\/#organization"},"potentialAction":[{"@type":"SearchAction","target":{"@type":"EntryPoint","urlTemplate":"https:\/\/www.welex.es\/es\/?s={search_term_string}"},"query-input":{"@type":"PropertyValueSpecification","valueRequired":true,"valueName":"search_term_string"}}],"inLanguage":"es"},{"@type":["Organization","LegalService"],"@id":"https:\/\/www.welex.es\/#organization","name":"Welex","url":"https:\/\/www.welex.es\/","logo":{"@type":"ImageObject","inLanguage":"es","@id":"https:\/\/www.welex.es\/#\/schema\/logo\/image\/","url":"https:\/\/www.welex.es\/wp-content\/uploads\/2025\/05\/LOGOWELEXCORRECTO.png","contentUrl":"https:\/\/www.welex.es\/wp-content\/uploads\/2025\/05\/LOGOWELEXCORRECTO.png","width":2147,"height":771,"caption":"Welex"},"image":{"@id":"https:\/\/www.welex.es\/#\/schema\/logo\/image\/"},"sameAs":["https:\/\/www.facebook.com\/WelexLawyersAccountants\/","https:\/\/www.linkedin.com\/company\/welex\/","https:\/\/www.instagram.com\/welex.lawyers\/","https:\/\/www.tiktok.com\/@welex_lawyers_marbella","https:\/\/lawyerscostadelsol.com\/","https:\/\/www.accountant-spain.com\/","https:\/\/welex-solicitors.com\/"],"description":"Law firm in Marbella providing legal, tax, labour and accounting advice to individuals and companies in Spain, with over 20 years of experience.","email":"info@welex.es","telephone":"+34952775521","legalName":"Tr\u00e1mites Costa, S.L.","numberOfEmployees":{"@type":"QuantitativeValue","minValue":"11","maxValue":"50"},"address":{"@type":"PostalAddress","streetAddress":"Calle Ram\u00f3n G\u00f3mez de la Serna 23, Local 7","addressLocality":"Marbella","addressRegion":"M\u00e1laga","postalCode":"29602","addressCountry":"ES"},"geo":{"@type":"GeoCoordinates","latitude":36.5095366,"longitude":-4.8985745},"hasMap":"https:\/\/www.google.com\/maps\/search\/?api=1&query=Welex+Marbella","openingHoursSpecification":[{"@type":"OpeningHoursSpecification","dayOfWeek":["Monday","Tuesday","Wednesday","Thursday"],"opens":"08:30","closes":"17:00"},{"@type":"OpeningHoursSpecification","dayOfWeek":"Friday","opens":"08:30","closes":"14:30"}],"areaServed":[{"@type":"Country","name":"Spain"},{"@type":"AdministrativeArea","name":"Costa del Sol"},{"@type":"City","name":"Marbella"}],"knowsLanguage":["es","en","nl","fr"],"currenciesAccepted":"EUR","priceRange":"$$","slogan":"Seguridad jur\u00eddica. Claridad fiscal. Asesoramiento de confianza.","contactPoint":[{"@type":"ContactPoint","telephone":"+34952775521","email":"info@welex.es","contactType":"customer service","availableLanguage":["English","Spanish","Dutch","French"],"areaServed":"ES"}],"hasOfferCatalog":{"@type":"OfferCatalog","name":"Servicios legales, fiscales y contables en Espa\u00f1a","itemListElement":[{"@type":"Offer","itemOffered":{"@type":"Service","name":"Abogados especializados en derecho inmobiliario en Marbella: Compra y venta de inmuebles en Espa\u00f1a","url":"https:\/\/www.welex.es\/es\/servicio\/compra-y-venta-de-inmuebles-en-espana\/"}},{"@type":"Offer","itemOffered":{"@type":"Service","name":"Abogados expertos en Herencias y Testamentos en Marbella","url":"https:\/\/www.welex.es\/es\/servicio\/testamentos-y-herencias-en-espana\/"}},{"@type":"Offer","itemOffered":{"@type":"Service","name":"Empresas y sociedades","url":"https:\/\/www.welex.es\/es\/servicio\/empresas-y-sociedades\/"}},{"@type":"Offer","itemOffered":{"@type":"Service","name":"Asesoramiento laboral","url":"https:\/\/www.welex.es\/es\/servicio\/asesoramiento-laboral\/"}},{"@type":"Offer","itemOffered":{"@type":"Service","name":"Derecho procesal","url":"https:\/\/www.welex.es\/es\/servicio\/derecho-procesal\/"}},{"@type":"Offer","itemOffered":{"@type":"Service","name":"Adquisici\u00f3n de inmuebles para personas no residentes en Espa\u00f1a","url":"https:\/\/www.welex.es\/es\/servicio\/adquisicion-de-inmuebles-para-personas-no-residentes-en-espana\/"}},{"@type":"Offer","itemOffered":{"@type":"Service","name":"Obligaciones fiscales de una sociedad SL","url":"https:\/\/www.welex.es\/es\/servicio\/obligaciones-fiscales-de-una-sociedad-sl\/"}},{"@type":"Offer","itemOffered":{"@type":"Service","name":"Obligaciones Mercantiles de una sociedad SL","url":"https:\/\/www.welex.es\/es\/servicio\/obligaciones-mercantiles-de-una-sociedad-sl\/"}},{"@type":"Offer","itemOffered":{"@type":"Service","name":"Revisi\u00f3n de estados financieros contables","url":"https:\/\/www.welex.es\/es\/servicio\/revision-de-estados-financieros-contables\/"}},{"@type":"Offer","itemOffered":{"@type":"Service","name":"Impuestos","url":"https:\/\/www.welex.es\/es\/servicio\/impuestos\/"}},{"@type":"Offer","itemOffered":{"@type":"Service","name":"Tr\u00e1mites destacados","url":"https:\/\/www.welex.es\/es\/servicio\/tramites-destacados\/"}}]}},{"@type":"Person","@id":"https:\/\/www.welex.es\/es\/#\/schema\/person\/fe98500e4b874772cfdbd1417c913f57","name":"Welex Lawyers Accountants Wim","image":{"@type":"ImageObject","inLanguage":"es","@id":"https:\/\/secure.gravatar.com\/avatar\/?s=96&d=mm&r=g","url":"https:\/\/secure.gravatar.com\/avatar\/?s=96&d=mm&r=g","contentUrl":"https:\/\/secure.gravatar.com\/avatar\/?s=96&d=mm&r=g","caption":"Welex Lawyers Accountants Wim"}}]}},"_links":{"self":[{"href":"https:\/\/www.welex.es\/es\/wp-json\/wp\/v2\/posts\/10797","targetHints":{"allow":["GET"]}}],"collection":[{"href":"https:\/\/www.welex.es\/es\/wp-json\/wp\/v2\/posts"}],"about":[{"href":"https:\/\/www.welex.es\/es\/wp-json\/wp\/v2\/types\/post"}],"author":[{"embeddable":true,"href":"https:\/\/www.welex.es\/es\/wp-json\/wp\/v2\/users\/4"}],"replies":[{"embeddable":true,"href":"https:\/\/www.welex.es\/es\/wp-json\/wp\/v2\/comments?post=10797"}],"version-history":[{"count":0,"href":"https:\/\/www.welex.es\/es\/wp-json\/wp\/v2\/posts\/10797\/revisions"}],"wp:featuredmedia":[{"embeddable":true,"href":"https:\/\/www.welex.es\/es\/wp-json\/wp\/v2\/media\/10799"}],"wp:attachment":[{"href":"https:\/\/www.welex.es\/es\/wp-json\/wp\/v2\/media?parent=10797"}],"wp:term":[{"taxonomy":"category","embeddable":true,"href":"https:\/\/www.welex.es\/es\/wp-json\/wp\/v2\/categories?post=10797"},{"taxonomy":"post_tag","embeddable":true,"href":"https:\/\/www.welex.es\/es\/wp-json\/wp\/v2\/tags?post=10797"}],"curies":[{"name":"wp","href":"https:\/\/api.w.org\/{rel}","templated":true}]}}