{"id":10852,"date":"2018-01-22T08:00:27","date_gmt":"2018-01-22T07:00:27","guid":{"rendered":"https:\/\/www.welex.es\/?p=10852\/"},"modified":"2025-09-09T07:19:05","modified_gmt":"2025-09-09T07:19:05","slug":"visita-genaguacil-pueblo-museo-del-mundo","status":"publish","type":"post","link":"https:\/\/www.welex.es\/es\/visita-genaguacil-pueblo-museo-del-mundo\/","title":{"rendered":"Visita Genaguacil, el \u00fanico pueblo-museo del mundo"},"content":{"rendered":"<p>Situado en pleno coraz\u00f3n de la Serran\u00eda de Ronda, concretamente en el Valle del R\u00edo Genal, est\u00e1 peque\u00f1a localidad de apenas 600 habitantes esconde un secreto que lo hace \u00fanico. Se trata del \u00fanico pueblo- museo del mundo.<\/p>\n<p>&nbsp;<br \/>\nSu cuidada est\u00e9tica de pueblo blanco andaluz y su rico entorno natural hacen de Genaguacil un espacio \u00fanico donde m\u00e1s de 120 obras est\u00e1n repartidas por sus calles. Desde frescos en las paredes, esculturas, carteles o incluso en los propios bancos donde se sientan a descansar sus vecinos. Estas obras son fruto de una labor de apoyo a los artistas. Una iniciativa por parte del ayuntamiento que a cambio de alojarles gratuitamente, los artistas realizan sus obras para dejarlas expuestas en el pueblo.<\/p>\n<p>&nbsp;<\/p>\n<p><img fetchpriority=\"high\" decoding=\"async\" class=\"aligncenter wp-image-10854 size-full\" title=\"lawyer in Genuaguacil\" src=\"https:\/\/www.welex.es\/wp-content\/uploads\/2018\/01\/genuaguacil-muro-escultura.png\" alt=\"lawyer in Genuaguacil\" width=\"600\" height=\"440\" \/><\/p>\n<p>La idea naci\u00f3 en 1994 y desde entonces se est\u00e1 realizando este evento singular objeto de convivencia y admiraci\u00f3n. Pero sin duda la cita especial para contemplar arte son los Encuentros de Arte que cada a\u00f1o se celebran en la primera quincena de agosto y que ya cumple m\u00e1s de 20 a\u00f1os. Adem\u00e1s en 2004 se inaugur\u00f3 el museo de Arte Fernando Centeno, en honor a este alcalde que impuls\u00f3 los encuentros. En dicho museo se alojan obras que no pueden quedarse al aire libre y adem\u00e1s es un espacio donde se pueden contemplar exposiciones temporales de diferentes artistas.<\/p>\n<p>&nbsp;<\/p>\n<p><img decoding=\"async\" class=\"alignleft wp-image-10853\" title=\"lawyer in Genuaguacil\" src=\"https:\/\/www.welex.es\/wp-content\/uploads\/2018\/01\/genuaguacil-fuente-300x201.png\" alt=\"lawyer in Genuaguacil\" width=\"336\" height=\"225\" \/><strong>Pero vamos a explicar algunos detalles de lo se puede encontrar si visitas Genaguacil.<\/strong><\/p>\n<p>A la entrada nos encontramos con una colorida veleta, un t\u00f3tem indio, y un elefante de madera. Si continuamos caminando veremos una escultura sorprendente, se trata de cinco caras sobre madera de olivo. Otra curiosa obra de arte son las casitas de papel imitando un pueblo andaluz que se conservan bajo un arco.<\/p>\n<p>&nbsp;<\/p>\n<p>&nbsp;<\/p>\n<p>Es impresionante ver como una localidad tan peque\u00f1a alberga tant\u00edsimo arte en su interior. Es una maravilla ver como por sus calles estrechas y empinadas vamos descubriendo esculturas de todo tipo, desde las<\/p>\n<p><img decoding=\"async\" class=\"alignright wp-image-10855\" title=\"lawyer in Genuaguacil\" src=\"https:\/\/www.welex.es\/wp-content\/uploads\/2018\/01\/genuaguacil-plaza-300x225.png\" alt=\"lawyer in Genuaguacil\" width=\"287\" height=\"216\" \/>m\u00e1s cl\u00e1sicas hasta las m\u00e1s modenas. Adem\u00e1s, sus habitantes son conscientes y cuidan con esmero cada pieza y cada obra.<\/p>\n<p>&nbsp;<\/p>\n<p>\u00a1Si te gusta el arte no dejes de visitar Genaguacil, sin duda una experiencia \u00fanica!<\/p>\n<p>&nbsp;<\/p>\n<p>&nbsp;<\/p>\n<p>&nbsp;<\/p>\n<p>Este blog ha sido publicado por\u00a0<a href=\"https:\/\/www.welex.es\/es\/contacto\/\">Welex, su abogado y economista en Marbella<\/a>, M\u00e1laga.<\/p>\n<p>En \u201cWelex\u201d proporcionamos asesoramiento jur\u00eddico, laboral, fiscal y contable, a fin de ofrecer seguridad jur\u00eddica a nuestros clientes, desde la experiencia y profesionalidad. <a href=\"https:\/\/www.welex.es\/es\/contacto\/\">Somos un grupo de abogados, economistas, contables y graduados sociales<\/a> preparados para\u00a0resolver sus dudas y defender sus intereses.<\/p>\n","protected":false},"excerpt":{"rendered":"<p>Situado en pleno coraz\u00f3n de la Serran\u00eda de Ronda, concretamente en el Valle del R\u00edo Genal, est\u00e1 peque\u00f1a localidad de apenas 600 habitantes esconde un secreto que lo hace \u00fanico. Se trata del \u00fanico pueblo- museo del mundo. &nbsp; Su cuidada est\u00e9tica de pueblo blanco andaluz y su rico entorno natural hacen de Genaguacil un [&hellip;]<\/p>\n","protected":false},"author":4,"featured_media":10853,"comment_status":"closed","ping_status":"closed","sticky":false,"template":"","format":"standard","meta":{"_acf_changed":false,"footnotes":""},"categories":[233],"tags":[1853,1854,1855,1856,1857,1858,2003,2015,1852],"class_list":["post-10852","post","type-post","status-publish","format-standard","has-post-thumbnail","hentry","category-turismo-y-cultura-en-espana","tag-abogados-en-genaguacil","tag-asesores-fiscales-en-genaguacil","tag-contables-en-genaguacil","tag-despacho-de-abogados-en-genaguacil","tag-economistas-genaguacil","tag-especialistas-en-herencias-en-genaguacil","tag-impuesto-sobre-sucesiones-en-genaguacil-2","tag-testamentos-en-genaguacil-2","tag-abogado-en-genaguacil"],"acf":[],"yoast_head":"<!-- This site is optimized with the Yoast SEO Premium plugin v27.9 (Yoast SEO v27.9) - https:\/\/yoast.com\/product\/yoast-seo-premium-wordpress\/ -->\n<title>Visita Genaguacil, el \u00fanico pueblo-museo del mundo - Welex<\/title>\n<meta name=\"description\" content=\"Genaguacil es un espacio \u00fanico donde m\u00e1s de 120 obras est\u00e1n repartidas por sus calles. Desde frescos en las paredes, esculturas, carteles...\" \/>\n<meta name=\"robots\" content=\"index, follow, max-snippet:-1, max-image-preview:large, max-video-preview:-1\" \/>\n<link rel=\"canonical\" href=\"https:\/\/www.welex.es\/es\/visita-genaguacil-pueblo-museo-del-mundo\/\" \/>\n<meta property=\"og:locale\" content=\"es_ES\" \/>\n<meta property=\"og:type\" content=\"article\" \/>\n<meta property=\"og:title\" content=\"Visita Genaguacil, el \u00fanico pueblo-museo del mundo\" \/>\n<meta property=\"og:description\" content=\"Genaguacil es un espacio \u00fanico donde m\u00e1s de 120 obras est\u00e1n repartidas por sus calles. Desde frescos en las paredes, esculturas, carteles...\" \/>\n<meta property=\"og:url\" content=\"https:\/\/www.welex.es\/es\/visita-genaguacil-pueblo-museo-del-mundo\/\" \/>\n<meta property=\"og:site_name\" content=\"Welex\" \/>\n<meta property=\"article:publisher\" content=\"https:\/\/www.facebook.com\/WelexLawyersAccountants\/\" \/>\n<meta property=\"article:published_time\" content=\"2018-01-22T07:00:27+00:00\" \/>\n<meta property=\"article:modified_time\" content=\"2025-09-09T07:19:05+00:00\" \/>\n<meta property=\"og:image\" content=\"https:\/\/www.welex.es\/wp-content\/uploads\/2018\/01\/genuaguacil-fuente.png\" \/>\n\t<meta property=\"og:image:width\" content=\"600\" \/>\n\t<meta property=\"og:image:height\" content=\"402\" \/>\n\t<meta property=\"og:image:type\" content=\"image\/png\" \/>\n<meta name=\"author\" content=\"Welex Lawyers Accountants Wim\" \/>\n<meta name=\"twitter:card\" content=\"summary_large_image\" \/>\n<meta name=\"twitter:label1\" content=\"Escrito por\" \/>\n\t<meta name=\"twitter:data1\" content=\"Welex Lawyers Accountants Wim\" \/>\n\t<meta name=\"twitter:label2\" content=\"Tiempo de lectura\" \/>\n\t<meta name=\"twitter:data2\" content=\"2 minutos\" \/>\n<script type=\"application\/ld+json\" class=\"yoast-schema-graph\">{\"@context\":\"https:\\\/\\\/schema.org\",\"@graph\":[{\"@type\":\"Article\",\"@id\":\"https:\\\/\\\/www.welex.es\\\/es\\\/visita-genaguacil-pueblo-museo-del-mundo\\\/#article\",\"isPartOf\":{\"@id\":\"https:\\\/\\\/www.welex.es\\\/es\\\/visita-genaguacil-pueblo-museo-del-mundo\\\/\"},\"author\":{\"name\":\"Welex Lawyers Accountants Wim\",\"@id\":\"https:\\\/\\\/www.welex.es\\\/es\\\/#\\\/schema\\\/person\\\/fe98500e4b874772cfdbd1417c913f57\"},\"headline\":\"Visita Genaguacil, el \u00fanico pueblo-museo del mundo\",\"datePublished\":\"2018-01-22T07:00:27+00:00\",\"dateModified\":\"2025-09-09T07:19:05+00:00\",\"mainEntityOfPage\":{\"@id\":\"https:\\\/\\\/www.welex.es\\\/es\\\/visita-genaguacil-pueblo-museo-del-mundo\\\/\"},\"wordCount\":445,\"publisher\":{\"@id\":\"https:\\\/\\\/www.welex.es\\\/#organization\"},\"image\":{\"@id\":\"https:\\\/\\\/www.welex.es\\\/es\\\/visita-genaguacil-pueblo-museo-del-mundo\\\/#primaryimage\"},\"thumbnailUrl\":\"https:\\\/\\\/www.welex.es\\\/wp-content\\\/uploads\\\/2018\\\/01\\\/genuaguacil-fuente.png\",\"keywords\":[\"abogados en Genaguacil\",\"Asesores fiscales en Genaguacil\",\"contables en Genaguacil\",\"Despacho de abogados en Genaguacil\",\"Economistas Genaguacil\",\"Especialistas en herencias en Genaguacil\",\"Impuesto sobre sucesiones en Genaguacil\",\"Testamentos en Genaguacil\",\"abogado en Genaguacil\"],\"articleSection\":[\"Turismo y Cultura en Espa\u00f1a\"],\"inLanguage\":\"es\"},{\"@type\":\"WebPage\",\"@id\":\"https:\\\/\\\/www.welex.es\\\/es\\\/visita-genaguacil-pueblo-museo-del-mundo\\\/\",\"url\":\"https:\\\/\\\/www.welex.es\\\/es\\\/visita-genaguacil-pueblo-museo-del-mundo\\\/\",\"name\":\"Visita Genaguacil, el \u00fanico pueblo-museo del mundo - Welex\",\"isPartOf\":{\"@id\":\"https:\\\/\\\/www.welex.es\\\/es\\\/#website\"},\"primaryImageOfPage\":{\"@id\":\"https:\\\/\\\/www.welex.es\\\/es\\\/visita-genaguacil-pueblo-museo-del-mundo\\\/#primaryimage\"},\"image\":{\"@id\":\"https:\\\/\\\/www.welex.es\\\/es\\\/visita-genaguacil-pueblo-museo-del-mundo\\\/#primaryimage\"},\"thumbnailUrl\":\"https:\\\/\\\/www.welex.es\\\/wp-content\\\/uploads\\\/2018\\\/01\\\/genuaguacil-fuente.png\",\"datePublished\":\"2018-01-22T07:00:27+00:00\",\"dateModified\":\"2025-09-09T07:19:05+00:00\",\"description\":\"Genaguacil es un espacio \u00fanico donde m\u00e1s de 120 obras est\u00e1n repartidas por sus calles. Desde frescos en las paredes, esculturas, carteles...\",\"breadcrumb\":{\"@id\":\"https:\\\/\\\/www.welex.es\\\/es\\\/visita-genaguacil-pueblo-museo-del-mundo\\\/#breadcrumb\"},\"inLanguage\":\"es\",\"potentialAction\":[{\"@type\":\"ReadAction\",\"target\":[\"https:\\\/\\\/www.welex.es\\\/es\\\/visita-genaguacil-pueblo-museo-del-mundo\\\/\"]}]},{\"@type\":\"ImageObject\",\"inLanguage\":\"es\",\"@id\":\"https:\\\/\\\/www.welex.es\\\/es\\\/visita-genaguacil-pueblo-museo-del-mundo\\\/#primaryimage\",\"url\":\"https:\\\/\\\/www.welex.es\\\/wp-content\\\/uploads\\\/2018\\\/01\\\/genuaguacil-fuente.png\",\"contentUrl\":\"https:\\\/\\\/www.welex.es\\\/wp-content\\\/uploads\\\/2018\\\/01\\\/genuaguacil-fuente.png\",\"width\":600,\"height\":402,\"caption\":\"genuaguacil fuente\"},{\"@type\":\"BreadcrumbList\",\"@id\":\"https:\\\/\\\/www.welex.es\\\/es\\\/visita-genaguacil-pueblo-museo-del-mundo\\\/#breadcrumb\",\"itemListElement\":[{\"@type\":\"ListItem\",\"position\":1,\"name\":\"Home\",\"item\":\"https:\\\/\\\/www.welex.es\\\/es\\\/\"},{\"@type\":\"ListItem\",\"position\":2,\"name\":\"Visita Genaguacil, el \u00fanico pueblo-museo del mundo\"}]},{\"@type\":\"WebSite\",\"@id\":\"https:\\\/\\\/www.welex.es\\\/es\\\/#website\",\"url\":\"https:\\\/\\\/www.welex.es\\\/es\\\/\",\"name\":\"Welex\",\"description\":\"\",\"publisher\":{\"@id\":\"https:\\\/\\\/www.welex.es\\\/#organization\"},\"potentialAction\":[{\"@type\":\"SearchAction\",\"target\":{\"@type\":\"EntryPoint\",\"urlTemplate\":\"https:\\\/\\\/www.welex.es\\\/es\\\/?s={search_term_string}\"},\"query-input\":{\"@type\":\"PropertyValueSpecification\",\"valueRequired\":true,\"valueName\":\"search_term_string\"}}],\"inLanguage\":\"es\"},{\"@type\":[\"Organization\",\"LegalService\"],\"@id\":\"https:\\\/\\\/www.welex.es\\\/#organization\",\"name\":\"Welex\",\"url\":\"https:\\\/\\\/www.welex.es\\\/\",\"logo\":{\"@type\":\"ImageObject\",\"inLanguage\":\"es\",\"@id\":\"https:\\\/\\\/www.welex.es\\\/#\\\/schema\\\/logo\\\/image\\\/\",\"url\":\"https:\\\/\\\/www.welex.es\\\/wp-content\\\/uploads\\\/2025\\\/05\\\/LOGOWELEXCORRECTO.png\",\"contentUrl\":\"https:\\\/\\\/www.welex.es\\\/wp-content\\\/uploads\\\/2025\\\/05\\\/LOGOWELEXCORRECTO.png\",\"width\":2147,\"height\":771,\"caption\":\"Welex\"},\"image\":{\"@id\":\"https:\\\/\\\/www.welex.es\\\/#\\\/schema\\\/logo\\\/image\\\/\"},\"sameAs\":[\"https:\\\/\\\/www.facebook.com\\\/WelexLawyersAccountants\\\/\",\"https:\\\/\\\/www.linkedin.com\\\/company\\\/welex\\\/\",\"https:\\\/\\\/www.instagram.com\\\/welex.lawyers\\\/\",\"https:\\\/\\\/www.tiktok.com\\\/@welex_lawyers_marbella\",\"https:\\\/\\\/lawyerscostadelsol.com\\\/\",\"https:\\\/\\\/www.accountant-spain.com\\\/\",\"https:\\\/\\\/welex-solicitors.com\\\/\"],\"description\":\"Law firm in Marbella providing legal, tax, labour and accounting advice to individuals and companies in Spain, with over 20 years of experience.\",\"email\":\"info@welex.es\",\"telephone\":\"+34952775521\",\"legalName\":\"Tr\u00e1mites Costa, S.L.\",\"numberOfEmployees\":{\"@type\":\"QuantitativeValue\",\"minValue\":\"11\",\"maxValue\":\"50\"},\"address\":{\"@type\":\"PostalAddress\",\"streetAddress\":\"Calle Ram\u00f3n G\u00f3mez de la Serna 23, Local 7\",\"addressLocality\":\"Marbella\",\"addressRegion\":\"M\u00e1laga\",\"postalCode\":\"29602\",\"addressCountry\":\"ES\"},\"geo\":{\"@type\":\"GeoCoordinates\",\"latitude\":36.5095366,\"longitude\":-4.8985745},\"hasMap\":\"https:\\\/\\\/www.google.com\\\/maps\\\/search\\\/?api=1&query=Welex+Marbella\",\"openingHoursSpecification\":[{\"@type\":\"OpeningHoursSpecification\",\"dayOfWeek\":[\"Monday\",\"Tuesday\",\"Wednesday\",\"Thursday\"],\"opens\":\"08:30\",\"closes\":\"17:00\"},{\"@type\":\"OpeningHoursSpecification\",\"dayOfWeek\":\"Friday\",\"opens\":\"08:30\",\"closes\":\"14:30\"}],\"areaServed\":[{\"@type\":\"Country\",\"name\":\"Spain\"},{\"@type\":\"AdministrativeArea\",\"name\":\"Costa del Sol\"},{\"@type\":\"City\",\"name\":\"Marbella\"}],\"knowsLanguage\":[\"es\",\"en\",\"nl\",\"fr\"],\"currenciesAccepted\":\"EUR\",\"priceRange\":\"$$\",\"slogan\":\"Seguridad jur\u00eddica. Claridad fiscal. Asesoramiento de confianza.\",\"contactPoint\":[{\"@type\":\"ContactPoint\",\"telephone\":\"+34952775521\",\"email\":\"info@welex.es\",\"contactType\":\"customer service\",\"availableLanguage\":[\"English\",\"Spanish\",\"Dutch\",\"French\"],\"areaServed\":\"ES\"}],\"hasOfferCatalog\":{\"@type\":\"OfferCatalog\",\"name\":\"Servicios legales, fiscales y contables en Espa\u00f1a\",\"itemListElement\":[{\"@type\":\"Offer\",\"itemOffered\":{\"@type\":\"Service\",\"name\":\"Abogados especializados en derecho inmobiliario en Marbella: Compra y venta de inmuebles en Espa\u00f1a\",\"url\":\"https:\\\/\\\/www.welex.es\\\/es\\\/servicio\\\/compra-y-venta-de-inmuebles-en-espana\\\/\"}},{\"@type\":\"Offer\",\"itemOffered\":{\"@type\":\"Service\",\"name\":\"Abogados expertos en Herencias y Testamentos en Marbella\",\"url\":\"https:\\\/\\\/www.welex.es\\\/es\\\/servicio\\\/testamentos-y-herencias-en-espana\\\/\"}},{\"@type\":\"Offer\",\"itemOffered\":{\"@type\":\"Service\",\"name\":\"Empresas y sociedades\",\"url\":\"https:\\\/\\\/www.welex.es\\\/es\\\/servicio\\\/empresas-y-sociedades\\\/\"}},{\"@type\":\"Offer\",\"itemOffered\":{\"@type\":\"Service\",\"name\":\"Asesoramiento laboral\",\"url\":\"https:\\\/\\\/www.welex.es\\\/es\\\/servicio\\\/asesoramiento-laboral\\\/\"}},{\"@type\":\"Offer\",\"itemOffered\":{\"@type\":\"Service\",\"name\":\"Derecho procesal\",\"url\":\"https:\\\/\\\/www.welex.es\\\/es\\\/servicio\\\/derecho-procesal\\\/\"}},{\"@type\":\"Offer\",\"itemOffered\":{\"@type\":\"Service\",\"name\":\"Adquisici\u00f3n de inmuebles para personas no residentes en Espa\u00f1a\",\"url\":\"https:\\\/\\\/www.welex.es\\\/es\\\/servicio\\\/adquisicion-de-inmuebles-para-personas-no-residentes-en-espana\\\/\"}},{\"@type\":\"Offer\",\"itemOffered\":{\"@type\":\"Service\",\"name\":\"Obligaciones fiscales de una sociedad SL\",\"url\":\"https:\\\/\\\/www.welex.es\\\/es\\\/servicio\\\/obligaciones-fiscales-de-una-sociedad-sl\\\/\"}},{\"@type\":\"Offer\",\"itemOffered\":{\"@type\":\"Service\",\"name\":\"Obligaciones Mercantiles de una sociedad SL\",\"url\":\"https:\\\/\\\/www.welex.es\\\/es\\\/servicio\\\/obligaciones-mercantiles-de-una-sociedad-sl\\\/\"}},{\"@type\":\"Offer\",\"itemOffered\":{\"@type\":\"Service\",\"name\":\"Revisi\u00f3n de estados financieros contables\",\"url\":\"https:\\\/\\\/www.welex.es\\\/es\\\/servicio\\\/revision-de-estados-financieros-contables\\\/\"}},{\"@type\":\"Offer\",\"itemOffered\":{\"@type\":\"Service\",\"name\":\"Impuestos\",\"url\":\"https:\\\/\\\/www.welex.es\\\/es\\\/servicio\\\/impuestos\\\/\"}},{\"@type\":\"Offer\",\"itemOffered\":{\"@type\":\"Service\",\"name\":\"Tr\u00e1mites destacados\",\"url\":\"https:\\\/\\\/www.welex.es\\\/es\\\/servicio\\\/tramites-destacados\\\/\"}}]}},{\"@type\":\"Person\",\"@id\":\"https:\\\/\\\/www.welex.es\\\/es\\\/#\\\/schema\\\/person\\\/fe98500e4b874772cfdbd1417c913f57\",\"name\":\"Welex Lawyers Accountants Wim\",\"image\":{\"@type\":\"ImageObject\",\"inLanguage\":\"es\",\"@id\":\"https:\\\/\\\/secure.gravatar.com\\\/avatar\\\/?s=96&d=mm&r=g\",\"url\":\"https:\\\/\\\/secure.gravatar.com\\\/avatar\\\/?s=96&d=mm&r=g\",\"contentUrl\":\"https:\\\/\\\/secure.gravatar.com\\\/avatar\\\/?s=96&d=mm&r=g\",\"caption\":\"Welex Lawyers Accountants Wim\"}}]}<\/script>\n<!-- \/ Yoast SEO Premium plugin. -->","yoast_head_json":{"title":"Visita Genaguacil, el \u00fanico pueblo-museo del mundo - Welex","description":"Genaguacil es un espacio \u00fanico donde m\u00e1s de 120 obras est\u00e1n repartidas por sus calles. Desde frescos en las paredes, esculturas, carteles...","robots":{"index":"index","follow":"follow","max-snippet":"max-snippet:-1","max-image-preview":"max-image-preview:large","max-video-preview":"max-video-preview:-1"},"canonical":"https:\/\/www.welex.es\/es\/visita-genaguacil-pueblo-museo-del-mundo\/","og_locale":"es_ES","og_type":"article","og_title":"Visita Genaguacil, el \u00fanico pueblo-museo del mundo","og_description":"Genaguacil es un espacio \u00fanico donde m\u00e1s de 120 obras est\u00e1n repartidas por sus calles. Desde frescos en las paredes, esculturas, carteles...","og_url":"https:\/\/www.welex.es\/es\/visita-genaguacil-pueblo-museo-del-mundo\/","og_site_name":"Welex","article_publisher":"https:\/\/www.facebook.com\/WelexLawyersAccountants\/","article_published_time":"2018-01-22T07:00:27+00:00","article_modified_time":"2025-09-09T07:19:05+00:00","og_image":[{"width":600,"height":402,"url":"https:\/\/www.welex.es\/wp-content\/uploads\/2018\/01\/genuaguacil-fuente.png","type":"image\/png"}],"author":"Welex Lawyers Accountants Wim","twitter_card":"summary_large_image","twitter_misc":{"Escrito por":"Welex Lawyers Accountants Wim","Tiempo de lectura":"2 minutos"},"schema":{"@context":"https:\/\/schema.org","@graph":[{"@type":"Article","@id":"https:\/\/www.welex.es\/es\/visita-genaguacil-pueblo-museo-del-mundo\/#article","isPartOf":{"@id":"https:\/\/www.welex.es\/es\/visita-genaguacil-pueblo-museo-del-mundo\/"},"author":{"name":"Welex Lawyers Accountants Wim","@id":"https:\/\/www.welex.es\/es\/#\/schema\/person\/fe98500e4b874772cfdbd1417c913f57"},"headline":"Visita Genaguacil, el \u00fanico pueblo-museo del mundo","datePublished":"2018-01-22T07:00:27+00:00","dateModified":"2025-09-09T07:19:05+00:00","mainEntityOfPage":{"@id":"https:\/\/www.welex.es\/es\/visita-genaguacil-pueblo-museo-del-mundo\/"},"wordCount":445,"publisher":{"@id":"https:\/\/www.welex.es\/#organization"},"image":{"@id":"https:\/\/www.welex.es\/es\/visita-genaguacil-pueblo-museo-del-mundo\/#primaryimage"},"thumbnailUrl":"https:\/\/www.welex.es\/wp-content\/uploads\/2018\/01\/genuaguacil-fuente.png","keywords":["abogados en Genaguacil","Asesores fiscales en Genaguacil","contables en Genaguacil","Despacho de abogados en Genaguacil","Economistas Genaguacil","Especialistas en herencias en Genaguacil","Impuesto sobre sucesiones en Genaguacil","Testamentos en Genaguacil","abogado en Genaguacil"],"articleSection":["Turismo y Cultura en Espa\u00f1a"],"inLanguage":"es"},{"@type":"WebPage","@id":"https:\/\/www.welex.es\/es\/visita-genaguacil-pueblo-museo-del-mundo\/","url":"https:\/\/www.welex.es\/es\/visita-genaguacil-pueblo-museo-del-mundo\/","name":"Visita Genaguacil, el \u00fanico pueblo-museo del mundo - Welex","isPartOf":{"@id":"https:\/\/www.welex.es\/es\/#website"},"primaryImageOfPage":{"@id":"https:\/\/www.welex.es\/es\/visita-genaguacil-pueblo-museo-del-mundo\/#primaryimage"},"image":{"@id":"https:\/\/www.welex.es\/es\/visita-genaguacil-pueblo-museo-del-mundo\/#primaryimage"},"thumbnailUrl":"https:\/\/www.welex.es\/wp-content\/uploads\/2018\/01\/genuaguacil-fuente.png","datePublished":"2018-01-22T07:00:27+00:00","dateModified":"2025-09-09T07:19:05+00:00","description":"Genaguacil es un espacio \u00fanico donde m\u00e1s de 120 obras est\u00e1n repartidas por sus calles. Desde frescos en las paredes, esculturas, carteles...","breadcrumb":{"@id":"https:\/\/www.welex.es\/es\/visita-genaguacil-pueblo-museo-del-mundo\/#breadcrumb"},"inLanguage":"es","potentialAction":[{"@type":"ReadAction","target":["https:\/\/www.welex.es\/es\/visita-genaguacil-pueblo-museo-del-mundo\/"]}]},{"@type":"ImageObject","inLanguage":"es","@id":"https:\/\/www.welex.es\/es\/visita-genaguacil-pueblo-museo-del-mundo\/#primaryimage","url":"https:\/\/www.welex.es\/wp-content\/uploads\/2018\/01\/genuaguacil-fuente.png","contentUrl":"https:\/\/www.welex.es\/wp-content\/uploads\/2018\/01\/genuaguacil-fuente.png","width":600,"height":402,"caption":"genuaguacil fuente"},{"@type":"BreadcrumbList","@id":"https:\/\/www.welex.es\/es\/visita-genaguacil-pueblo-museo-del-mundo\/#breadcrumb","itemListElement":[{"@type":"ListItem","position":1,"name":"Home","item":"https:\/\/www.welex.es\/es\/"},{"@type":"ListItem","position":2,"name":"Visita Genaguacil, el \u00fanico pueblo-museo del mundo"}]},{"@type":"WebSite","@id":"https:\/\/www.welex.es\/es\/#website","url":"https:\/\/www.welex.es\/es\/","name":"Welex","description":"","publisher":{"@id":"https:\/\/www.welex.es\/#organization"},"potentialAction":[{"@type":"SearchAction","target":{"@type":"EntryPoint","urlTemplate":"https:\/\/www.welex.es\/es\/?s={search_term_string}"},"query-input":{"@type":"PropertyValueSpecification","valueRequired":true,"valueName":"search_term_string"}}],"inLanguage":"es"},{"@type":["Organization","LegalService"],"@id":"https:\/\/www.welex.es\/#organization","name":"Welex","url":"https:\/\/www.welex.es\/","logo":{"@type":"ImageObject","inLanguage":"es","@id":"https:\/\/www.welex.es\/#\/schema\/logo\/image\/","url":"https:\/\/www.welex.es\/wp-content\/uploads\/2025\/05\/LOGOWELEXCORRECTO.png","contentUrl":"https:\/\/www.welex.es\/wp-content\/uploads\/2025\/05\/LOGOWELEXCORRECTO.png","width":2147,"height":771,"caption":"Welex"},"image":{"@id":"https:\/\/www.welex.es\/#\/schema\/logo\/image\/"},"sameAs":["https:\/\/www.facebook.com\/WelexLawyersAccountants\/","https:\/\/www.linkedin.com\/company\/welex\/","https:\/\/www.instagram.com\/welex.lawyers\/","https:\/\/www.tiktok.com\/@welex_lawyers_marbella","https:\/\/lawyerscostadelsol.com\/","https:\/\/www.accountant-spain.com\/","https:\/\/welex-solicitors.com\/"],"description":"Law firm in Marbella providing legal, tax, labour and accounting advice to individuals and companies in Spain, with over 20 years of experience.","email":"info@welex.es","telephone":"+34952775521","legalName":"Tr\u00e1mites Costa, S.L.","numberOfEmployees":{"@type":"QuantitativeValue","minValue":"11","maxValue":"50"},"address":{"@type":"PostalAddress","streetAddress":"Calle Ram\u00f3n G\u00f3mez de la Serna 23, Local 7","addressLocality":"Marbella","addressRegion":"M\u00e1laga","postalCode":"29602","addressCountry":"ES"},"geo":{"@type":"GeoCoordinates","latitude":36.5095366,"longitude":-4.8985745},"hasMap":"https:\/\/www.google.com\/maps\/search\/?api=1&query=Welex+Marbella","openingHoursSpecification":[{"@type":"OpeningHoursSpecification","dayOfWeek":["Monday","Tuesday","Wednesday","Thursday"],"opens":"08:30","closes":"17:00"},{"@type":"OpeningHoursSpecification","dayOfWeek":"Friday","opens":"08:30","closes":"14:30"}],"areaServed":[{"@type":"Country","name":"Spain"},{"@type":"AdministrativeArea","name":"Costa del Sol"},{"@type":"City","name":"Marbella"}],"knowsLanguage":["es","en","nl","fr"],"currenciesAccepted":"EUR","priceRange":"$$","slogan":"Seguridad jur\u00eddica. Claridad fiscal. Asesoramiento de confianza.","contactPoint":[{"@type":"ContactPoint","telephone":"+34952775521","email":"info@welex.es","contactType":"customer service","availableLanguage":["English","Spanish","Dutch","French"],"areaServed":"ES"}],"hasOfferCatalog":{"@type":"OfferCatalog","name":"Servicios legales, fiscales y contables en Espa\u00f1a","itemListElement":[{"@type":"Offer","itemOffered":{"@type":"Service","name":"Abogados especializados en derecho inmobiliario en Marbella: Compra y venta de inmuebles en Espa\u00f1a","url":"https:\/\/www.welex.es\/es\/servicio\/compra-y-venta-de-inmuebles-en-espana\/"}},{"@type":"Offer","itemOffered":{"@type":"Service","name":"Abogados expertos en Herencias y Testamentos en Marbella","url":"https:\/\/www.welex.es\/es\/servicio\/testamentos-y-herencias-en-espana\/"}},{"@type":"Offer","itemOffered":{"@type":"Service","name":"Empresas y sociedades","url":"https:\/\/www.welex.es\/es\/servicio\/empresas-y-sociedades\/"}},{"@type":"Offer","itemOffered":{"@type":"Service","name":"Asesoramiento laboral","url":"https:\/\/www.welex.es\/es\/servicio\/asesoramiento-laboral\/"}},{"@type":"Offer","itemOffered":{"@type":"Service","name":"Derecho procesal","url":"https:\/\/www.welex.es\/es\/servicio\/derecho-procesal\/"}},{"@type":"Offer","itemOffered":{"@type":"Service","name":"Adquisici\u00f3n de inmuebles para personas no residentes en Espa\u00f1a","url":"https:\/\/www.welex.es\/es\/servicio\/adquisicion-de-inmuebles-para-personas-no-residentes-en-espana\/"}},{"@type":"Offer","itemOffered":{"@type":"Service","name":"Obligaciones fiscales de una sociedad SL","url":"https:\/\/www.welex.es\/es\/servicio\/obligaciones-fiscales-de-una-sociedad-sl\/"}},{"@type":"Offer","itemOffered":{"@type":"Service","name":"Obligaciones Mercantiles de una sociedad SL","url":"https:\/\/www.welex.es\/es\/servicio\/obligaciones-mercantiles-de-una-sociedad-sl\/"}},{"@type":"Offer","itemOffered":{"@type":"Service","name":"Revisi\u00f3n de estados financieros contables","url":"https:\/\/www.welex.es\/es\/servicio\/revision-de-estados-financieros-contables\/"}},{"@type":"Offer","itemOffered":{"@type":"Service","name":"Impuestos","url":"https:\/\/www.welex.es\/es\/servicio\/impuestos\/"}},{"@type":"Offer","itemOffered":{"@type":"Service","name":"Tr\u00e1mites destacados","url":"https:\/\/www.welex.es\/es\/servicio\/tramites-destacados\/"}}]}},{"@type":"Person","@id":"https:\/\/www.welex.es\/es\/#\/schema\/person\/fe98500e4b874772cfdbd1417c913f57","name":"Welex Lawyers Accountants Wim","image":{"@type":"ImageObject","inLanguage":"es","@id":"https:\/\/secure.gravatar.com\/avatar\/?s=96&d=mm&r=g","url":"https:\/\/secure.gravatar.com\/avatar\/?s=96&d=mm&r=g","contentUrl":"https:\/\/secure.gravatar.com\/avatar\/?s=96&d=mm&r=g","caption":"Welex Lawyers Accountants Wim"}}]}},"_links":{"self":[{"href":"https:\/\/www.welex.es\/es\/wp-json\/wp\/v2\/posts\/10852","targetHints":{"allow":["GET"]}}],"collection":[{"href":"https:\/\/www.welex.es\/es\/wp-json\/wp\/v2\/posts"}],"about":[{"href":"https:\/\/www.welex.es\/es\/wp-json\/wp\/v2\/types\/post"}],"author":[{"embeddable":true,"href":"https:\/\/www.welex.es\/es\/wp-json\/wp\/v2\/users\/4"}],"replies":[{"embeddable":true,"href":"https:\/\/www.welex.es\/es\/wp-json\/wp\/v2\/comments?post=10852"}],"version-history":[{"count":0,"href":"https:\/\/www.welex.es\/es\/wp-json\/wp\/v2\/posts\/10852\/revisions"}],"wp:featuredmedia":[{"embeddable":true,"href":"https:\/\/www.welex.es\/es\/wp-json\/wp\/v2\/media\/10853"}],"wp:attachment":[{"href":"https:\/\/www.welex.es\/es\/wp-json\/wp\/v2\/media?parent=10852"}],"wp:term":[{"taxonomy":"category","embeddable":true,"href":"https:\/\/www.welex.es\/es\/wp-json\/wp\/v2\/categories?post=10852"},{"taxonomy":"post_tag","embeddable":true,"href":"https:\/\/www.welex.es\/es\/wp-json\/wp\/v2\/tags?post=10852"}],"curies":[{"name":"wp","href":"https:\/\/api.w.org\/{rel}","templated":true}]}}