{"id":10904,"date":"2017-09-08T08:00:38","date_gmt":"2017-09-08T07:00:38","guid":{"rendered":"https:\/\/www.welex.es\/?p=10904\/"},"modified":"2025-09-09T07:30:49","modified_gmt":"2025-09-09T07:30:49","slug":"fiesta-de-la-vendimia-en-mollina","status":"publish","type":"post","link":"https:\/\/www.welex.es\/es\/fiesta-de-la-vendimia-en-mollina\/","title":{"rendered":"Fiesta de la Vendimia en Mollina"},"content":{"rendered":"<p><img decoding=\"async\" class=\"alignright wp-image-10905 \" title=\"law firm in Mollina\" src=\"https:\/\/www.welex.es\/wp-content\/uploads\/2018\/01\/VENDIMIA-UVA-300x231.png\" alt=\"law firm in Mollina\" width=\"243\" height=\"187\" \/>La tradicional Feria de la Vendimia tiene lugar cada a\u00f1o en la localidad malague\u00f1a de Mollina. Una celebraci\u00f3n que rinde homenaje al mundo vin\u00edcola y que comienza el segundo fin de semana de septiembre. La fiesta se remonta a hace 70 a\u00f1os cuando se celebraba con motivo del equinoccio bajo el nombre \u00abferia del barrio alto\u00bb.<\/p>\n<p>A ra\u00edz del impulso que sufri\u00f3 el cultivo de la vid en la tierra, en 1987 gan\u00f3 fuerza la celebraci\u00f3n y se empez\u00f3 a conocer como Feria de la Vendimia. Miles de personas visitan cada a\u00f1o esta localidad para disfrutar del buen vino, de las catas y otras actividades amenizadas con grupos de cante y baile.<\/p>\n<p><img decoding=\"async\" class=\"alignleft wp-image-10907\" title=\"law firm in Mollina\" src=\"https:\/\/www.welex.es\/wp-content\/uploads\/2018\/01\/VENDIMIA-LOGO-SABOR-MALAGA-300x225.png\" alt=\"law firm in Mollina\" width=\"228\" height=\"171\" \/>Denominada Fiesta de Singularidad Tur\u00edstica Provincial, es el momento id\u00f3neo para degustar los vinos de la Denominaci\u00f3n de Origen M\u00e1laga y Sierras de M\u00e1laga. Y es que Mollina puede presumir de ser la \u00fanica localidad de la provincia que produce m\u00e1s del 80% del vino con dicha denominaci\u00f3n de origen, adem\u00e1s de elaborar sus propios caldos.<\/p>\n<p>La fiesta da comienzo con el preg\u00f3n inaugural donde destacadas personalidades del mundo de la cultura han sido los encargados de dar el pistoletazo de salida a este multitudinario evento, donde se resalta la labor que realizan los hombres y mujeres que trabajan estas tierras y que celebran la recolecci\u00f3n de la cosecha de la uva, culminando con todo un a\u00f1o dedicado a la misma.<\/p>\n<p>Adem\u00e1s del preg\u00f3n hay que destacar el Certamen po\u00e9tico Mollina, color de vino, las catas de vino maridadas, el paseo urbano en bicicleta con adornos alusivos a la vendimia, la carrera de cintas a caballo, la feria de d\u00eda y las verbenas nocturnas.<\/p>\n<p>La celebraci\u00f3n incluye una serie de actividades l\u00fadicas y de ocio entre las que destacan un paseo en bicicleta por las calles de Mollina en el que suelen participar m\u00e1s de 500 personas de todas las edades. La particularidad de esta actividad es que todas las bicicletas van con adornos alusivos a la vid (p\u00e1mpanas, racimos&#8230;) Al final se entrega un premio a la m\u00e1s original.<\/p>\n<p>Otro de los atractivos de esta fiesta es una exhibici\u00f3n ecuestre, una verbena popular, animaci\u00f3n de calle y una feria de d\u00eda en el ambiente ideal para degustar un buen vino acompa\u00f1ado de la gastronom\u00eda tradicional de la zona y amenizada por grupos rocieros y charangas.\u00a0<img fetchpriority=\"high\" decoding=\"async\" class=\"alignright wp-image-10906 size-medium\" title=\"law firm in Mollina\" src=\"https:\/\/www.welex.es\/wp-content\/uploads\/2018\/01\/VENDIMIA-VINO-300x200.png\" alt=\"law firm in Mollina\" width=\"300\" height=\"200\" \/><\/p>\n<p>Asimismo, todo aquel que viste este evento podr\u00e1 asistir a una macrocata de vinos, en la que participan m\u00e1s de 200 personas cada a\u00f1o, as\u00ed como un taller de ensamblaje, un taller de los sentidos y un taller de iniciaci\u00f3n a la cata.<\/p>\n<p>\u00a1Si eres amante del vino esta es tu fiesta!<\/p>\n<p>&nbsp;<\/p>\n<p>Este blog ha sido publicado por\u00a0<a href=\"https:\/\/www.welex.es\/es\/\">Welex, su abogado y economista en Marbella<\/a>, M\u00e1laga.<\/p>\n<p>En \u201cWelex\u201d proporcionamos asesoramiento jur\u00eddico, laboral, fiscal y contable, a fin de ofrecer seguridad jur\u00eddica a nuestros clientes, desde la experiencia y profesionalidad. Somos un grupo de abogados, economistas, contables y graduados sociales preparados para\u00a0<a href=\"https:\/\/www.welex.es\/es\/contacto\/\">resolver sus dudas y defender sus intereses<\/a>.<\/p>\n","protected":false},"excerpt":{"rendered":"<p>La tradicional Feria de la Vendimia tiene lugar cada a\u00f1o en la localidad malague\u00f1a de Mollina. Una celebraci\u00f3n que rinde homenaje al mundo vin\u00edcola y que comienza el segundo fin de semana de septiembre. La fiesta se remonta a hace 70 a\u00f1os cuando se celebraba con motivo del equinoccio bajo el nombre \u00abferia del barrio [&hellip;]<\/p>\n","protected":false},"author":4,"featured_media":10905,"comment_status":"closed","ping_status":"closed","sticky":false,"template":"","format":"standard","meta":{"_acf_changed":false,"footnotes":""},"categories":[233],"tags":[2983,2984,2985,2986,2987,2988,2989,3149,3173],"class_list":["post-10904","post","type-post","status-publish","format-standard","has-post-thumbnail","hentry","category-turismo-y-cultura-en-espana","tag-abogado-en-mollina","tag-abogados-en-mollina","tag-asesores-fiscales-en-mollina","tag-contables-en-mollina","tag-despacho-de-abogados-en-mollina","tag-economistas-mollina","tag-especialistas-en-herencias-en-mollina","tag-testamentos-en-mollina-2","tag-impuesto-sobre-sucesiones-en-mollina-2"],"acf":[],"yoast_head":"<!-- This site is optimized with the Yoast SEO Premium plugin v27.9 (Yoast SEO v27.9) - https:\/\/yoast.com\/product\/yoast-seo-premium-wordpress\/ -->\n<title>Fiesta de la Vendimia en Mollina - Welex<\/title>\n<meta name=\"description\" content=\"Miles de personas visitan cada a\u00f1o esta localidad para disfrutar del buen vino, de las catas y otras actividades amenizadas con grupos de cante y baile.\" \/>\n<meta name=\"robots\" content=\"index, follow, max-snippet:-1, max-image-preview:large, max-video-preview:-1\" \/>\n<link rel=\"canonical\" href=\"https:\/\/www.welex.es\/es\/fiesta-de-la-vendimia-en-mollina\/\" \/>\n<meta property=\"og:locale\" content=\"es_ES\" \/>\n<meta property=\"og:type\" content=\"article\" \/>\n<meta property=\"og:title\" content=\"Fiesta de la Vendimia en Mollina\" \/>\n<meta property=\"og:description\" content=\"Miles de personas visitan cada a\u00f1o esta localidad para disfrutar del buen vino, de las catas y otras actividades amenizadas con grupos de cante y baile.\" \/>\n<meta property=\"og:url\" content=\"https:\/\/www.welex.es\/es\/fiesta-de-la-vendimia-en-mollina\/\" \/>\n<meta property=\"og:site_name\" content=\"Welex\" \/>\n<meta property=\"article:publisher\" content=\"https:\/\/www.facebook.com\/WelexLawyersAccountants\/\" \/>\n<meta property=\"article:published_time\" content=\"2017-09-08T07:00:38+00:00\" \/>\n<meta property=\"article:modified_time\" content=\"2025-09-09T07:30:49+00:00\" \/>\n<meta property=\"og:image\" content=\"https:\/\/www.welex.es\/wp-content\/uploads\/2018\/01\/VENDIMIA-UVA.png\" \/>\n\t<meta property=\"og:image:width\" content=\"600\" \/>\n\t<meta property=\"og:image:height\" content=\"462\" \/>\n\t<meta property=\"og:image:type\" content=\"image\/png\" \/>\n<meta name=\"author\" content=\"Welex Lawyers Accountants Wim\" \/>\n<meta name=\"twitter:card\" content=\"summary_large_image\" \/>\n<meta name=\"twitter:label1\" content=\"Escrito por\" \/>\n\t<meta name=\"twitter:data1\" content=\"Welex Lawyers Accountants Wim\" \/>\n\t<meta name=\"twitter:label2\" content=\"Tiempo de lectura\" \/>\n\t<meta name=\"twitter:data2\" content=\"3 minutos\" \/>\n<script type=\"application\/ld+json\" class=\"yoast-schema-graph\">{\"@context\":\"https:\\\/\\\/schema.org\",\"@graph\":[{\"@type\":\"Article\",\"@id\":\"https:\\\/\\\/www.welex.es\\\/es\\\/fiesta-de-la-vendimia-en-mollina\\\/#article\",\"isPartOf\":{\"@id\":\"https:\\\/\\\/www.welex.es\\\/es\\\/fiesta-de-la-vendimia-en-mollina\\\/\"},\"author\":{\"name\":\"Welex Lawyers Accountants Wim\",\"@id\":\"https:\\\/\\\/www.welex.es\\\/es\\\/#\\\/schema\\\/person\\\/fe98500e4b874772cfdbd1417c913f57\"},\"headline\":\"Fiesta de la Vendimia en Mollina\",\"datePublished\":\"2017-09-08T07:00:38+00:00\",\"dateModified\":\"2025-09-09T07:30:49+00:00\",\"mainEntityOfPage\":{\"@id\":\"https:\\\/\\\/www.welex.es\\\/es\\\/fiesta-de-la-vendimia-en-mollina\\\/\"},\"wordCount\":537,\"publisher\":{\"@id\":\"https:\\\/\\\/www.welex.es\\\/#organization\"},\"image\":{\"@id\":\"https:\\\/\\\/www.welex.es\\\/es\\\/fiesta-de-la-vendimia-en-mollina\\\/#primaryimage\"},\"thumbnailUrl\":\"https:\\\/\\\/www.welex.es\\\/wp-content\\\/uploads\\\/2018\\\/01\\\/VENDIMIA-UVA.png\",\"keywords\":[\"abogado en Mollina\",\"abogados en Mollina\",\"Asesores fiscales en Mollina\",\"contables en Mollina\",\"Despacho de abogados en Mollina\",\"Economistas Mollina\",\"Especialistas en herencias en Mollina\",\"Testamentos en Mollina\",\"Impuesto sobre sucesiones en Mollina\"],\"articleSection\":[\"Turismo y Cultura en Espa\u00f1a\"],\"inLanguage\":\"es\"},{\"@type\":\"WebPage\",\"@id\":\"https:\\\/\\\/www.welex.es\\\/es\\\/fiesta-de-la-vendimia-en-mollina\\\/\",\"url\":\"https:\\\/\\\/www.welex.es\\\/es\\\/fiesta-de-la-vendimia-en-mollina\\\/\",\"name\":\"Fiesta de la Vendimia en Mollina - Welex\",\"isPartOf\":{\"@id\":\"https:\\\/\\\/www.welex.es\\\/es\\\/#website\"},\"primaryImageOfPage\":{\"@id\":\"https:\\\/\\\/www.welex.es\\\/es\\\/fiesta-de-la-vendimia-en-mollina\\\/#primaryimage\"},\"image\":{\"@id\":\"https:\\\/\\\/www.welex.es\\\/es\\\/fiesta-de-la-vendimia-en-mollina\\\/#primaryimage\"},\"thumbnailUrl\":\"https:\\\/\\\/www.welex.es\\\/wp-content\\\/uploads\\\/2018\\\/01\\\/VENDIMIA-UVA.png\",\"datePublished\":\"2017-09-08T07:00:38+00:00\",\"dateModified\":\"2025-09-09T07:30:49+00:00\",\"description\":\"Miles de personas visitan cada a\u00f1o esta localidad para disfrutar del buen vino, de las catas y otras actividades amenizadas con grupos de cante y baile.\",\"breadcrumb\":{\"@id\":\"https:\\\/\\\/www.welex.es\\\/es\\\/fiesta-de-la-vendimia-en-mollina\\\/#breadcrumb\"},\"inLanguage\":\"es\",\"potentialAction\":[{\"@type\":\"ReadAction\",\"target\":[\"https:\\\/\\\/www.welex.es\\\/es\\\/fiesta-de-la-vendimia-en-mollina\\\/\"]}]},{\"@type\":\"ImageObject\",\"inLanguage\":\"es\",\"@id\":\"https:\\\/\\\/www.welex.es\\\/es\\\/fiesta-de-la-vendimia-en-mollina\\\/#primaryimage\",\"url\":\"https:\\\/\\\/www.welex.es\\\/wp-content\\\/uploads\\\/2018\\\/01\\\/VENDIMIA-UVA.png\",\"contentUrl\":\"https:\\\/\\\/www.welex.es\\\/wp-content\\\/uploads\\\/2018\\\/01\\\/VENDIMIA-UVA.png\",\"width\":600,\"height\":462,\"caption\":\"VENDIMIA UVA\"},{\"@type\":\"BreadcrumbList\",\"@id\":\"https:\\\/\\\/www.welex.es\\\/es\\\/fiesta-de-la-vendimia-en-mollina\\\/#breadcrumb\",\"itemListElement\":[{\"@type\":\"ListItem\",\"position\":1,\"name\":\"Home\",\"item\":\"https:\\\/\\\/www.welex.es\\\/es\\\/\"},{\"@type\":\"ListItem\",\"position\":2,\"name\":\"Fiesta de la Vendimia en Mollina\"}]},{\"@type\":\"WebSite\",\"@id\":\"https:\\\/\\\/www.welex.es\\\/es\\\/#website\",\"url\":\"https:\\\/\\\/www.welex.es\\\/es\\\/\",\"name\":\"Welex\",\"description\":\"\",\"publisher\":{\"@id\":\"https:\\\/\\\/www.welex.es\\\/#organization\"},\"potentialAction\":[{\"@type\":\"SearchAction\",\"target\":{\"@type\":\"EntryPoint\",\"urlTemplate\":\"https:\\\/\\\/www.welex.es\\\/es\\\/?s={search_term_string}\"},\"query-input\":{\"@type\":\"PropertyValueSpecification\",\"valueRequired\":true,\"valueName\":\"search_term_string\"}}],\"inLanguage\":\"es\"},{\"@type\":[\"Organization\",\"LegalService\"],\"@id\":\"https:\\\/\\\/www.welex.es\\\/#organization\",\"name\":\"Welex\",\"url\":\"https:\\\/\\\/www.welex.es\\\/\",\"logo\":{\"@type\":\"ImageObject\",\"inLanguage\":\"es\",\"@id\":\"https:\\\/\\\/www.welex.es\\\/#\\\/schema\\\/logo\\\/image\\\/\",\"url\":\"https:\\\/\\\/www.welex.es\\\/wp-content\\\/uploads\\\/2025\\\/05\\\/LOGOWELEXCORRECTO.png\",\"contentUrl\":\"https:\\\/\\\/www.welex.es\\\/wp-content\\\/uploads\\\/2025\\\/05\\\/LOGOWELEXCORRECTO.png\",\"width\":2147,\"height\":771,\"caption\":\"Welex\"},\"image\":{\"@id\":\"https:\\\/\\\/www.welex.es\\\/#\\\/schema\\\/logo\\\/image\\\/\"},\"sameAs\":[\"https:\\\/\\\/www.facebook.com\\\/WelexLawyersAccountants\\\/\",\"https:\\\/\\\/www.linkedin.com\\\/company\\\/welex\\\/\",\"https:\\\/\\\/www.instagram.com\\\/welex.lawyers\\\/\",\"https:\\\/\\\/www.tiktok.com\\\/@welex_lawyers_marbella\",\"https:\\\/\\\/lawyerscostadelsol.com\\\/\",\"https:\\\/\\\/www.accountant-spain.com\\\/\",\"https:\\\/\\\/welex-solicitors.com\\\/\"],\"description\":\"Law firm in Marbella providing legal, tax, labour and accounting advice to individuals and companies in Spain, with over 20 years of experience.\",\"email\":\"info@welex.es\",\"telephone\":\"+34952775521\",\"legalName\":\"Tr\u00e1mites Costa, S.L.\",\"numberOfEmployees\":{\"@type\":\"QuantitativeValue\",\"minValue\":\"11\",\"maxValue\":\"50\"},\"address\":{\"@type\":\"PostalAddress\",\"streetAddress\":\"Calle Ram\u00f3n G\u00f3mez de la Serna 23, Local 7\",\"addressLocality\":\"Marbella\",\"addressRegion\":\"M\u00e1laga\",\"postalCode\":\"29602\",\"addressCountry\":\"ES\"},\"geo\":{\"@type\":\"GeoCoordinates\",\"latitude\":36.5095366,\"longitude\":-4.8985745},\"hasMap\":\"https:\\\/\\\/www.google.com\\\/maps\\\/search\\\/?api=1&query=Welex+Marbella\",\"openingHoursSpecification\":[{\"@type\":\"OpeningHoursSpecification\",\"dayOfWeek\":[\"Monday\",\"Tuesday\",\"Wednesday\",\"Thursday\"],\"opens\":\"08:30\",\"closes\":\"17:00\"},{\"@type\":\"OpeningHoursSpecification\",\"dayOfWeek\":\"Friday\",\"opens\":\"08:30\",\"closes\":\"14:30\"}],\"areaServed\":[{\"@type\":\"Country\",\"name\":\"Spain\"},{\"@type\":\"AdministrativeArea\",\"name\":\"Costa del Sol\"},{\"@type\":\"City\",\"name\":\"Marbella\"}],\"knowsLanguage\":[\"es\",\"en\",\"nl\",\"fr\"],\"currenciesAccepted\":\"EUR\",\"priceRange\":\"$$\",\"slogan\":\"Seguridad jur\u00eddica. Claridad fiscal. Asesoramiento de confianza.\",\"contactPoint\":[{\"@type\":\"ContactPoint\",\"telephone\":\"+34952775521\",\"email\":\"info@welex.es\",\"contactType\":\"customer service\",\"availableLanguage\":[\"English\",\"Spanish\",\"Dutch\",\"French\"],\"areaServed\":\"ES\"}],\"hasOfferCatalog\":{\"@type\":\"OfferCatalog\",\"name\":\"Servicios legales, fiscales y contables en Espa\u00f1a\",\"itemListElement\":[{\"@type\":\"Offer\",\"itemOffered\":{\"@type\":\"Service\",\"name\":\"Abogados especializados en derecho inmobiliario en Marbella: Compra y venta de inmuebles en Espa\u00f1a\",\"url\":\"https:\\\/\\\/www.welex.es\\\/es\\\/servicio\\\/compra-y-venta-de-inmuebles-en-espana\\\/\"}},{\"@type\":\"Offer\",\"itemOffered\":{\"@type\":\"Service\",\"name\":\"Abogados expertos en Herencias y Testamentos en Marbella\",\"url\":\"https:\\\/\\\/www.welex.es\\\/es\\\/servicio\\\/testamentos-y-herencias-en-espana\\\/\"}},{\"@type\":\"Offer\",\"itemOffered\":{\"@type\":\"Service\",\"name\":\"Empresas y sociedades\",\"url\":\"https:\\\/\\\/www.welex.es\\\/es\\\/servicio\\\/empresas-y-sociedades\\\/\"}},{\"@type\":\"Offer\",\"itemOffered\":{\"@type\":\"Service\",\"name\":\"Asesoramiento laboral\",\"url\":\"https:\\\/\\\/www.welex.es\\\/es\\\/servicio\\\/asesoramiento-laboral\\\/\"}},{\"@type\":\"Offer\",\"itemOffered\":{\"@type\":\"Service\",\"name\":\"Derecho procesal\",\"url\":\"https:\\\/\\\/www.welex.es\\\/es\\\/servicio\\\/derecho-procesal\\\/\"}},{\"@type\":\"Offer\",\"itemOffered\":{\"@type\":\"Service\",\"name\":\"Adquisici\u00f3n de inmuebles para personas no residentes en Espa\u00f1a\",\"url\":\"https:\\\/\\\/www.welex.es\\\/es\\\/servicio\\\/adquisicion-de-inmuebles-para-personas-no-residentes-en-espana\\\/\"}},{\"@type\":\"Offer\",\"itemOffered\":{\"@type\":\"Service\",\"name\":\"Obligaciones fiscales de una sociedad SL\",\"url\":\"https:\\\/\\\/www.welex.es\\\/es\\\/servicio\\\/obligaciones-fiscales-de-una-sociedad-sl\\\/\"}},{\"@type\":\"Offer\",\"itemOffered\":{\"@type\":\"Service\",\"name\":\"Obligaciones Mercantiles de una sociedad SL\",\"url\":\"https:\\\/\\\/www.welex.es\\\/es\\\/servicio\\\/obligaciones-mercantiles-de-una-sociedad-sl\\\/\"}},{\"@type\":\"Offer\",\"itemOffered\":{\"@type\":\"Service\",\"name\":\"Revisi\u00f3n de estados financieros contables\",\"url\":\"https:\\\/\\\/www.welex.es\\\/es\\\/servicio\\\/revision-de-estados-financieros-contables\\\/\"}},{\"@type\":\"Offer\",\"itemOffered\":{\"@type\":\"Service\",\"name\":\"Impuestos\",\"url\":\"https:\\\/\\\/www.welex.es\\\/es\\\/servicio\\\/impuestos\\\/\"}},{\"@type\":\"Offer\",\"itemOffered\":{\"@type\":\"Service\",\"name\":\"Tr\u00e1mites destacados\",\"url\":\"https:\\\/\\\/www.welex.es\\\/es\\\/servicio\\\/tramites-destacados\\\/\"}}]}},{\"@type\":\"Person\",\"@id\":\"https:\\\/\\\/www.welex.es\\\/es\\\/#\\\/schema\\\/person\\\/fe98500e4b874772cfdbd1417c913f57\",\"name\":\"Welex Lawyers Accountants Wim\",\"image\":{\"@type\":\"ImageObject\",\"inLanguage\":\"es\",\"@id\":\"https:\\\/\\\/secure.gravatar.com\\\/avatar\\\/?s=96&d=mm&r=g\",\"url\":\"https:\\\/\\\/secure.gravatar.com\\\/avatar\\\/?s=96&d=mm&r=g\",\"contentUrl\":\"https:\\\/\\\/secure.gravatar.com\\\/avatar\\\/?s=96&d=mm&r=g\",\"caption\":\"Welex Lawyers Accountants Wim\"}}]}<\/script>\n<!-- \/ Yoast SEO Premium plugin. -->","yoast_head_json":{"title":"Fiesta de la Vendimia en Mollina - Welex","description":"Miles de personas visitan cada a\u00f1o esta localidad para disfrutar del buen vino, de las catas y otras actividades amenizadas con grupos de cante y baile.","robots":{"index":"index","follow":"follow","max-snippet":"max-snippet:-1","max-image-preview":"max-image-preview:large","max-video-preview":"max-video-preview:-1"},"canonical":"https:\/\/www.welex.es\/es\/fiesta-de-la-vendimia-en-mollina\/","og_locale":"es_ES","og_type":"article","og_title":"Fiesta de la Vendimia en Mollina","og_description":"Miles de personas visitan cada a\u00f1o esta localidad para disfrutar del buen vino, de las catas y otras actividades amenizadas con grupos de cante y baile.","og_url":"https:\/\/www.welex.es\/es\/fiesta-de-la-vendimia-en-mollina\/","og_site_name":"Welex","article_publisher":"https:\/\/www.facebook.com\/WelexLawyersAccountants\/","article_published_time":"2017-09-08T07:00:38+00:00","article_modified_time":"2025-09-09T07:30:49+00:00","og_image":[{"width":600,"height":462,"url":"https:\/\/www.welex.es\/wp-content\/uploads\/2018\/01\/VENDIMIA-UVA.png","type":"image\/png"}],"author":"Welex Lawyers Accountants Wim","twitter_card":"summary_large_image","twitter_misc":{"Escrito por":"Welex Lawyers Accountants Wim","Tiempo de lectura":"3 minutos"},"schema":{"@context":"https:\/\/schema.org","@graph":[{"@type":"Article","@id":"https:\/\/www.welex.es\/es\/fiesta-de-la-vendimia-en-mollina\/#article","isPartOf":{"@id":"https:\/\/www.welex.es\/es\/fiesta-de-la-vendimia-en-mollina\/"},"author":{"name":"Welex Lawyers Accountants Wim","@id":"https:\/\/www.welex.es\/es\/#\/schema\/person\/fe98500e4b874772cfdbd1417c913f57"},"headline":"Fiesta de la Vendimia en Mollina","datePublished":"2017-09-08T07:00:38+00:00","dateModified":"2025-09-09T07:30:49+00:00","mainEntityOfPage":{"@id":"https:\/\/www.welex.es\/es\/fiesta-de-la-vendimia-en-mollina\/"},"wordCount":537,"publisher":{"@id":"https:\/\/www.welex.es\/#organization"},"image":{"@id":"https:\/\/www.welex.es\/es\/fiesta-de-la-vendimia-en-mollina\/#primaryimage"},"thumbnailUrl":"https:\/\/www.welex.es\/wp-content\/uploads\/2018\/01\/VENDIMIA-UVA.png","keywords":["abogado en Mollina","abogados en Mollina","Asesores fiscales en Mollina","contables en Mollina","Despacho de abogados en Mollina","Economistas Mollina","Especialistas en herencias en Mollina","Testamentos en Mollina","Impuesto sobre sucesiones en Mollina"],"articleSection":["Turismo y Cultura en Espa\u00f1a"],"inLanguage":"es"},{"@type":"WebPage","@id":"https:\/\/www.welex.es\/es\/fiesta-de-la-vendimia-en-mollina\/","url":"https:\/\/www.welex.es\/es\/fiesta-de-la-vendimia-en-mollina\/","name":"Fiesta de la Vendimia en Mollina - Welex","isPartOf":{"@id":"https:\/\/www.welex.es\/es\/#website"},"primaryImageOfPage":{"@id":"https:\/\/www.welex.es\/es\/fiesta-de-la-vendimia-en-mollina\/#primaryimage"},"image":{"@id":"https:\/\/www.welex.es\/es\/fiesta-de-la-vendimia-en-mollina\/#primaryimage"},"thumbnailUrl":"https:\/\/www.welex.es\/wp-content\/uploads\/2018\/01\/VENDIMIA-UVA.png","datePublished":"2017-09-08T07:00:38+00:00","dateModified":"2025-09-09T07:30:49+00:00","description":"Miles de personas visitan cada a\u00f1o esta localidad para disfrutar del buen vino, de las catas y otras actividades amenizadas con grupos de cante y baile.","breadcrumb":{"@id":"https:\/\/www.welex.es\/es\/fiesta-de-la-vendimia-en-mollina\/#breadcrumb"},"inLanguage":"es","potentialAction":[{"@type":"ReadAction","target":["https:\/\/www.welex.es\/es\/fiesta-de-la-vendimia-en-mollina\/"]}]},{"@type":"ImageObject","inLanguage":"es","@id":"https:\/\/www.welex.es\/es\/fiesta-de-la-vendimia-en-mollina\/#primaryimage","url":"https:\/\/www.welex.es\/wp-content\/uploads\/2018\/01\/VENDIMIA-UVA.png","contentUrl":"https:\/\/www.welex.es\/wp-content\/uploads\/2018\/01\/VENDIMIA-UVA.png","width":600,"height":462,"caption":"VENDIMIA UVA"},{"@type":"BreadcrumbList","@id":"https:\/\/www.welex.es\/es\/fiesta-de-la-vendimia-en-mollina\/#breadcrumb","itemListElement":[{"@type":"ListItem","position":1,"name":"Home","item":"https:\/\/www.welex.es\/es\/"},{"@type":"ListItem","position":2,"name":"Fiesta de la Vendimia en Mollina"}]},{"@type":"WebSite","@id":"https:\/\/www.welex.es\/es\/#website","url":"https:\/\/www.welex.es\/es\/","name":"Welex","description":"","publisher":{"@id":"https:\/\/www.welex.es\/#organization"},"potentialAction":[{"@type":"SearchAction","target":{"@type":"EntryPoint","urlTemplate":"https:\/\/www.welex.es\/es\/?s={search_term_string}"},"query-input":{"@type":"PropertyValueSpecification","valueRequired":true,"valueName":"search_term_string"}}],"inLanguage":"es"},{"@type":["Organization","LegalService"],"@id":"https:\/\/www.welex.es\/#organization","name":"Welex","url":"https:\/\/www.welex.es\/","logo":{"@type":"ImageObject","inLanguage":"es","@id":"https:\/\/www.welex.es\/#\/schema\/logo\/image\/","url":"https:\/\/www.welex.es\/wp-content\/uploads\/2025\/05\/LOGOWELEXCORRECTO.png","contentUrl":"https:\/\/www.welex.es\/wp-content\/uploads\/2025\/05\/LOGOWELEXCORRECTO.png","width":2147,"height":771,"caption":"Welex"},"image":{"@id":"https:\/\/www.welex.es\/#\/schema\/logo\/image\/"},"sameAs":["https:\/\/www.facebook.com\/WelexLawyersAccountants\/","https:\/\/www.linkedin.com\/company\/welex\/","https:\/\/www.instagram.com\/welex.lawyers\/","https:\/\/www.tiktok.com\/@welex_lawyers_marbella","https:\/\/lawyerscostadelsol.com\/","https:\/\/www.accountant-spain.com\/","https:\/\/welex-solicitors.com\/"],"description":"Law firm in Marbella providing legal, tax, labour and accounting advice to individuals and companies in Spain, with over 20 years of experience.","email":"info@welex.es","telephone":"+34952775521","legalName":"Tr\u00e1mites Costa, S.L.","numberOfEmployees":{"@type":"QuantitativeValue","minValue":"11","maxValue":"50"},"address":{"@type":"PostalAddress","streetAddress":"Calle Ram\u00f3n G\u00f3mez de la Serna 23, Local 7","addressLocality":"Marbella","addressRegion":"M\u00e1laga","postalCode":"29602","addressCountry":"ES"},"geo":{"@type":"GeoCoordinates","latitude":36.5095366,"longitude":-4.8985745},"hasMap":"https:\/\/www.google.com\/maps\/search\/?api=1&query=Welex+Marbella","openingHoursSpecification":[{"@type":"OpeningHoursSpecification","dayOfWeek":["Monday","Tuesday","Wednesday","Thursday"],"opens":"08:30","closes":"17:00"},{"@type":"OpeningHoursSpecification","dayOfWeek":"Friday","opens":"08:30","closes":"14:30"}],"areaServed":[{"@type":"Country","name":"Spain"},{"@type":"AdministrativeArea","name":"Costa del Sol"},{"@type":"City","name":"Marbella"}],"knowsLanguage":["es","en","nl","fr"],"currenciesAccepted":"EUR","priceRange":"$$","slogan":"Seguridad jur\u00eddica. Claridad fiscal. Asesoramiento de confianza.","contactPoint":[{"@type":"ContactPoint","telephone":"+34952775521","email":"info@welex.es","contactType":"customer service","availableLanguage":["English","Spanish","Dutch","French"],"areaServed":"ES"}],"hasOfferCatalog":{"@type":"OfferCatalog","name":"Servicios legales, fiscales y contables en Espa\u00f1a","itemListElement":[{"@type":"Offer","itemOffered":{"@type":"Service","name":"Abogados especializados en derecho inmobiliario en Marbella: Compra y venta de inmuebles en Espa\u00f1a","url":"https:\/\/www.welex.es\/es\/servicio\/compra-y-venta-de-inmuebles-en-espana\/"}},{"@type":"Offer","itemOffered":{"@type":"Service","name":"Abogados expertos en Herencias y Testamentos en Marbella","url":"https:\/\/www.welex.es\/es\/servicio\/testamentos-y-herencias-en-espana\/"}},{"@type":"Offer","itemOffered":{"@type":"Service","name":"Empresas y sociedades","url":"https:\/\/www.welex.es\/es\/servicio\/empresas-y-sociedades\/"}},{"@type":"Offer","itemOffered":{"@type":"Service","name":"Asesoramiento laboral","url":"https:\/\/www.welex.es\/es\/servicio\/asesoramiento-laboral\/"}},{"@type":"Offer","itemOffered":{"@type":"Service","name":"Derecho procesal","url":"https:\/\/www.welex.es\/es\/servicio\/derecho-procesal\/"}},{"@type":"Offer","itemOffered":{"@type":"Service","name":"Adquisici\u00f3n de inmuebles para personas no residentes en Espa\u00f1a","url":"https:\/\/www.welex.es\/es\/servicio\/adquisicion-de-inmuebles-para-personas-no-residentes-en-espana\/"}},{"@type":"Offer","itemOffered":{"@type":"Service","name":"Obligaciones fiscales de una sociedad SL","url":"https:\/\/www.welex.es\/es\/servicio\/obligaciones-fiscales-de-una-sociedad-sl\/"}},{"@type":"Offer","itemOffered":{"@type":"Service","name":"Obligaciones Mercantiles de una sociedad SL","url":"https:\/\/www.welex.es\/es\/servicio\/obligaciones-mercantiles-de-una-sociedad-sl\/"}},{"@type":"Offer","itemOffered":{"@type":"Service","name":"Revisi\u00f3n de estados financieros contables","url":"https:\/\/www.welex.es\/es\/servicio\/revision-de-estados-financieros-contables\/"}},{"@type":"Offer","itemOffered":{"@type":"Service","name":"Impuestos","url":"https:\/\/www.welex.es\/es\/servicio\/impuestos\/"}},{"@type":"Offer","itemOffered":{"@type":"Service","name":"Tr\u00e1mites destacados","url":"https:\/\/www.welex.es\/es\/servicio\/tramites-destacados\/"}}]}},{"@type":"Person","@id":"https:\/\/www.welex.es\/es\/#\/schema\/person\/fe98500e4b874772cfdbd1417c913f57","name":"Welex Lawyers Accountants Wim","image":{"@type":"ImageObject","inLanguage":"es","@id":"https:\/\/secure.gravatar.com\/avatar\/?s=96&d=mm&r=g","url":"https:\/\/secure.gravatar.com\/avatar\/?s=96&d=mm&r=g","contentUrl":"https:\/\/secure.gravatar.com\/avatar\/?s=96&d=mm&r=g","caption":"Welex Lawyers Accountants Wim"}}]}},"_links":{"self":[{"href":"https:\/\/www.welex.es\/es\/wp-json\/wp\/v2\/posts\/10904","targetHints":{"allow":["GET"]}}],"collection":[{"href":"https:\/\/www.welex.es\/es\/wp-json\/wp\/v2\/posts"}],"about":[{"href":"https:\/\/www.welex.es\/es\/wp-json\/wp\/v2\/types\/post"}],"author":[{"embeddable":true,"href":"https:\/\/www.welex.es\/es\/wp-json\/wp\/v2\/users\/4"}],"replies":[{"embeddable":true,"href":"https:\/\/www.welex.es\/es\/wp-json\/wp\/v2\/comments?post=10904"}],"version-history":[{"count":0,"href":"https:\/\/www.welex.es\/es\/wp-json\/wp\/v2\/posts\/10904\/revisions"}],"wp:featuredmedia":[{"embeddable":true,"href":"https:\/\/www.welex.es\/es\/wp-json\/wp\/v2\/media\/10905"}],"wp:attachment":[{"href":"https:\/\/www.welex.es\/es\/wp-json\/wp\/v2\/media?parent=10904"}],"wp:term":[{"taxonomy":"category","embeddable":true,"href":"https:\/\/www.welex.es\/es\/wp-json\/wp\/v2\/categories?post=10904"},{"taxonomy":"post_tag","embeddable":true,"href":"https:\/\/www.welex.es\/es\/wp-json\/wp\/v2\/tags?post=10904"}],"curies":[{"name":"wp","href":"https:\/\/api.w.org\/{rel}","templated":true}]}}