{"id":13413,"date":"2019-11-18T09:00:52","date_gmt":"2019-11-18T09:00:52","guid":{"rendered":"https:\/\/www.welex.es\/?p=13413\/"},"modified":"2025-09-09T07:19:45","modified_gmt":"2025-09-09T07:19:45","slug":"ciudad-sonada-ronda","status":"publish","type":"post","link":"https:\/\/www.welex.es\/es\/ciudad-sonada-ronda\/","title":{"rendered":"La ciudad so\u00f1ada, Ronda"},"content":{"rendered":"<p>Por Welex, abogados y economistas en Marbella.<\/p>\n<p>Un lugar con encanto sin duda es la \u00a0Serran\u00eda de Ronda, un lugar donde se aspira aire puro. Se dice que es la ciudad so\u00f1ada. El casco hist\u00f3rico de Ronda tiene rincones que te enamoran como:<\/p>\n<p>\u201c<strong>La casa del Rey Moro\u201d <\/strong>fue residencia del rey <strong>Almonated, <\/strong>sus jardines, declarado bien de inter\u00e9s cultural en 1943, fueron dise\u00f1ados Jean <strong>Claud Nicolas Forestier<\/strong><\/p>\n<figure id=\"attachment_13399\" aria-describedby=\"caption-attachment-13399\" style=\"width: 300px\" class=\"wp-caption aligncenter\"><img fetchpriority=\"high\" decoding=\"async\" class=\"Ronda, Espa\u00f1a wp-image-13399 size-medium\" title=\"Ronda, Espa\u00f1a\" src=\"https:\/\/www.welex.es\/wp-content\/uploads\/2019\/11\/Ronda-1-2-300x185.jpg\" alt=\"Ronda, Espa\u00f1a\" width=\"300\" height=\"185\" \/><figcaption id=\"caption-attachment-13399\" class=\"wp-caption-text\"><em><strong>Casa del Rey Moro<\/strong><\/em><\/figcaption><\/figure>\n<p>&nbsp;<\/p>\n<p><strong>\u201c\u00c1rabes\u201d <\/strong>se construyeron a finales del siglo XIII, tambi\u00e9n conocidos como Los ba\u00f1os \u00e1rabes de San Miguel. Bien de Inter\u00e9s Cultural, Patrimonio Hist\u00f3rico de Espa\u00f1a.<\/p>\n<p>\u201c<strong>La Casa Mondrag\u00f3n\u201d <\/strong>tambi\u00e9n conocido como<strong> el Palacio del Marqu\u00e9s de Villasierra. <\/strong>Fue construida en 1314 por el Rey Abomelik. En la actualidad el palacio alberga el Museo Municipal de Ronda, situado en el casco antiguo de la ciudad.<\/p>\n<p>\u201c<strong>El Tajo<\/strong>\u201do Puente Nuevo, construido entre 1751 y 1793, una garganta profunda excavada por el rio Guadalev\u00edn.<\/p>\n<p><strong>\u00a0\u201cLas murallas del barrio San Francisco\u201d <\/strong>llamada<strong> Puerta de Almoc\u00e1bar , <\/strong>muralla \u00e1rabe<strong>, siglo XIII. <\/strong>Su nombre proviene del \u00e1rabe <strong>Al- maqabir.<\/strong><\/p>\n<figure id=\"attachment_13400\" aria-describedby=\"caption-attachment-13400\" style=\"width: 260px\" class=\"wp-caption aligncenter\"><img decoding=\"async\" class=\"Ronda, Espa\u00f1a wp-image-13400 size-full\" title=\"Ronda, Espa\u00f1a\" src=\"https:\/\/www.welex.es\/wp-content\/uploads\/2019\/11\/Ronda-2-2.jpg\" alt=\"Ronda, Espa\u00f1a\" width=\"260\" height=\"194\" \/><figcaption id=\"caption-attachment-13400\" class=\"wp-caption-text\"><em><strong>Murallas del barrio San Francisco<\/strong><\/em><\/figcaption><\/figure>\n<p>&nbsp;<\/p>\n<p><strong>\u201cLa Plaza de Toros de Ronda<\/strong>\u201d una de las m\u00e1s antiguas, propiedad de la <strong>Real Maestranza de Caballer\u00eda de Ronda<\/strong> que se fund\u00f3 en <strong>1572 por Felipe II.<\/strong><\/p>\n<p>Ronda es un lugar que tiene mucha afluencia tur\u00edstica tanto en invierno como en verano. En el mes de Septiembre se celebra la feria de Pedro Romero. Las calles se visten de farolillos y el buen ambiente est\u00e1 garantizado. Los festejos taurinos no pueden faltar ya que forma parte de esta fiesta de <strong>inter\u00e9s tur\u00edstico nacional de<\/strong> <strong>Andalucia.<\/strong> La gran <strong>corrida Goyesca<\/strong> se celebra en honor al torero <strong>Pedro Romero,<\/strong> as\u00ed como el tradicional concurso de exhibici\u00f3n de Enganches de Ronda.<\/p>\n<figure id=\"attachment_13401\" aria-describedby=\"caption-attachment-13401\" style=\"width: 299px\" class=\"wp-caption aligncenter\"><img decoding=\"async\" class=\"Ronda, Espa\u00f1a wp-image-13401 size-full\" title=\"Ronda, Espa\u00f1a\" src=\"https:\/\/www.welex.es\/wp-content\/uploads\/2019\/11\/Ronda-3-2.jpg\" alt=\"Ronda, Espa\u00f1a\" width=\"299\" height=\"169\" \/><figcaption id=\"caption-attachment-13401\" class=\"wp-caption-text\"><em><strong>Goyesca bullfight<\/strong><\/em><\/figcaption><\/figure>\n<p>&nbsp;<\/p>\n<p>Otras de las fiestas que atrae a cantidad de p\u00fablico es <strong>Ronda Rom\u00e1ntica<\/strong>, se celebra en el mes de mayo. Ronda se transforma al <strong>siglo XVI.<\/strong> La mayor\u00eda de los habitantes de Ronda se visten de la \u00e9poca, podr\u00e1s disfrutar de los pasacalles, de las exhibiciones ecuestres, representaciones de numerosas recreaciones hist\u00f3ricas, bandoleros, soldados franceses de la \u00e9poca, ganado y \u00a0productos emblem\u00e1ticos de la zona.\u00a0 A esta fiesta cada a\u00f1o se han unido cada vez m\u00e1s pueblos de la serran\u00eda que participan tanto en los pasacalles como con sus productos t\u00edpicos. Sin duda alguna una fiesta para no olvidar y con un escenario \u00fanico como es esta ciudad.<\/p>\n<figure id=\"attachment_13402\" aria-describedby=\"caption-attachment-13402\" style=\"width: 270px\" class=\"wp-caption aligncenter\"><img loading=\"lazy\" decoding=\"async\" class=\"Ronda, Espa\u00f1a wp-image-13402 size-full\" title=\"Ronda, Espa\u00f1a\" src=\"https:\/\/www.welex.es\/wp-content\/uploads\/2019\/11\/Ronda-4-2.jpg\" alt=\"Ronda, Espa\u00f1a\" width=\"270\" height=\"186\" \/><figcaption id=\"caption-attachment-13402\" class=\"wp-caption-text\"><em><strong>Ronde\u00f1as<\/strong><\/em><\/figcaption><\/figure>\n<p>&nbsp;<\/p>\n<p>Algo de lo que tambi\u00e9n puedes disfrutar en Ronda es su gastronom\u00eda. Sus platos t\u00edpicos como las calabazas Ronde\u00f1as, las migas con chorizo, las gachas, habas con tomate, jud\u00edas con morcilla, sopa de almendras y alcachofas, queso de cabra, morcilla ronde\u00f1a entre otros.<\/p>\n<p>Si visitas Ronda no te olvides de probar las famosas yemas del Tajo \u00a0y visitar a las Hermanas Carmelitas del Convento de la Merced de Ronda donde elaboran variedad de dulces exquisitos como tortas de aceite, roscos de vino, pastitas de almendras, magdalenas, ga\u00f1otes y otros.<\/p>\n<p>Otra forma estupenda de descubrir Ronda es hacer turismo desde el cielo con <a href=\"http:\/\/flymarbella.com\">Fly Marbella<\/a>, si lo que busca es vivir una experiencia de alta adrenalina&#8230; \u00a1no se la pierda!<\/p>\n<p>Este blog ha sido escrito por Welex, su abogado en Marbella y economista en Espa\u00f1a.<\/p>\n<blockquote><p>Para m\u00e1s informaci\u00f3n de \u00edndole jur\u00eddica, fiscal, contable o laboral, no dude en <a href=\"https:\/\/www.welex.es\/es\/contacto\/\"><em><strong>contactar con Welex<\/strong><\/em><\/a>, su abogado en Marbella.<\/p><\/blockquote>\n<p>&nbsp;<\/p>\n","protected":false},"excerpt":{"rendered":"<p>Por Welex, abogados y economistas en Marbella. Un lugar con encanto sin duda es la \u00a0Serran\u00eda de Ronda, un lugar donde se aspira aire puro. Se dice que es la ciudad so\u00f1ada. El casco hist\u00f3rico de Ronda tiene rincones que te enamoran como: \u201cLa casa del Rey Moro\u201d fue residencia del rey Almonated, sus jardines, [&hellip;]<\/p>\n","protected":false},"author":4,"featured_media":13406,"comment_status":"closed","ping_status":"closed","sticky":false,"template":"","format":"standard","meta":{"_acf_changed":false,"footnotes":""},"categories":[233],"tags":[288,714,1773,1774,1775,1776,1777,1778,268],"class_list":["post-13413","post","type-post","status-publish","format-standard","has-post-thumbnail","hentry","category-turismo-y-cultura-en-espana","tag-lawyer-in-marbella-es","tag-abogado-en-marbella-2","tag-abogado-en-ronda","tag-abogados-en-ronda","tag-contables-en-ronda","tag-despacho-de-abogados-en-ronda","tag-economistas-en-ronda","tag-impuestos-en-ronda","tag-property-in-spain-es"],"acf":[],"yoast_head":"<!-- This site is optimized with the Yoast SEO Premium plugin v27.9 (Yoast SEO v27.9) - https:\/\/yoast.com\/product\/yoast-seo-premium-wordpress\/ -->\n<title>La ciudad so\u00f1ada, Ronda - Welex<\/title>\n<meta name=\"description\" content=\"Un lugar con encanto sin duda es la Serran\u00eda de Ronda, un lugar donde se aspira aire puro. Se dice que es la ciudad so\u00f1ada.\" \/>\n<meta name=\"robots\" content=\"index, follow, max-snippet:-1, max-image-preview:large, max-video-preview:-1\" \/>\n<link rel=\"canonical\" href=\"https:\/\/www.welex.es\/es\/ciudad-sonada-ronda\/\" \/>\n<meta property=\"og:locale\" content=\"es_ES\" \/>\n<meta property=\"og:type\" content=\"article\" \/>\n<meta property=\"og:title\" content=\"La ciudad so\u00f1ada, Ronda\" \/>\n<meta property=\"og:description\" content=\"Un lugar con encanto sin duda es la Serran\u00eda de Ronda, un lugar donde se aspira aire puro. Se dice que es la ciudad so\u00f1ada.\" \/>\n<meta property=\"og:url\" content=\"https:\/\/www.welex.es\/es\/ciudad-sonada-ronda\/\" \/>\n<meta property=\"og:site_name\" content=\"Welex\" \/>\n<meta property=\"article:publisher\" content=\"https:\/\/www.facebook.com\/WelexLawyersAccountants\/\" \/>\n<meta property=\"article:published_time\" content=\"2019-11-18T09:00:52+00:00\" \/>\n<meta property=\"article:modified_time\" content=\"2025-09-09T07:19:45+00:00\" \/>\n<meta property=\"og:image\" content=\"https:\/\/www.welex.es\/wp-content\/uploads\/2019\/11\/Ronda-6-2-scaled.jpeg\" \/>\n\t<meta property=\"og:image:width\" content=\"2560\" \/>\n\t<meta property=\"og:image:height\" content=\"1708\" \/>\n\t<meta property=\"og:image:type\" content=\"image\/jpeg\" \/>\n<meta name=\"author\" content=\"Welex Lawyers Accountants Wim\" \/>\n<meta name=\"twitter:card\" content=\"summary_large_image\" \/>\n<meta name=\"twitter:label1\" content=\"Escrito por\" \/>\n\t<meta name=\"twitter:data1\" content=\"Welex Lawyers Accountants Wim\" \/>\n\t<meta name=\"twitter:label2\" content=\"Tiempo de lectura\" \/>\n\t<meta name=\"twitter:data2\" content=\"4 minutos\" \/>\n<script type=\"application\/ld+json\" class=\"yoast-schema-graph\">{\"@context\":\"https:\\\/\\\/schema.org\",\"@graph\":[{\"@type\":\"Article\",\"@id\":\"https:\\\/\\\/www.welex.es\\\/es\\\/ciudad-sonada-ronda\\\/#article\",\"isPartOf\":{\"@id\":\"https:\\\/\\\/www.welex.es\\\/es\\\/ciudad-sonada-ronda\\\/\"},\"author\":{\"name\":\"Welex Lawyers Accountants Wim\",\"@id\":\"https:\\\/\\\/www.welex.es\\\/es\\\/#\\\/schema\\\/person\\\/fe98500e4b874772cfdbd1417c913f57\"},\"headline\":\"La ciudad so\u00f1ada, Ronda\",\"datePublished\":\"2019-11-18T09:00:52+00:00\",\"dateModified\":\"2025-09-09T07:19:45+00:00\",\"mainEntityOfPage\":{\"@id\":\"https:\\\/\\\/www.welex.es\\\/es\\\/ciudad-sonada-ronda\\\/\"},\"wordCount\":630,\"publisher\":{\"@id\":\"https:\\\/\\\/www.welex.es\\\/#organization\"},\"image\":{\"@id\":\"https:\\\/\\\/www.welex.es\\\/es\\\/ciudad-sonada-ronda\\\/#primaryimage\"},\"thumbnailUrl\":\"https:\\\/\\\/www.welex.es\\\/wp-content\\\/uploads\\\/2019\\\/11\\\/Ronda-6-2-scaled.jpeg\",\"keywords\":[\"lawyer in Marbella\",\"abogado en marbella\",\"abogado en Ronda\",\"abogados en Ronda\",\"contables en Ronda\",\"Despacho de abogados en Ronda\",\"Economistas en Ronda\",\"impuestos en Ronda\",\"property in spain\"],\"articleSection\":[\"Turismo y Cultura en Espa\u00f1a\"],\"inLanguage\":\"es\"},{\"@type\":\"WebPage\",\"@id\":\"https:\\\/\\\/www.welex.es\\\/es\\\/ciudad-sonada-ronda\\\/\",\"url\":\"https:\\\/\\\/www.welex.es\\\/es\\\/ciudad-sonada-ronda\\\/\",\"name\":\"La ciudad so\u00f1ada, Ronda - Welex\",\"isPartOf\":{\"@id\":\"https:\\\/\\\/www.welex.es\\\/es\\\/#website\"},\"primaryImageOfPage\":{\"@id\":\"https:\\\/\\\/www.welex.es\\\/es\\\/ciudad-sonada-ronda\\\/#primaryimage\"},\"image\":{\"@id\":\"https:\\\/\\\/www.welex.es\\\/es\\\/ciudad-sonada-ronda\\\/#primaryimage\"},\"thumbnailUrl\":\"https:\\\/\\\/www.welex.es\\\/wp-content\\\/uploads\\\/2019\\\/11\\\/Ronda-6-2-scaled.jpeg\",\"datePublished\":\"2019-11-18T09:00:52+00:00\",\"dateModified\":\"2025-09-09T07:19:45+00:00\",\"description\":\"Un lugar con encanto sin duda es la Serran\u00eda de Ronda, un lugar donde se aspira aire puro. Se dice que es la ciudad so\u00f1ada.\",\"breadcrumb\":{\"@id\":\"https:\\\/\\\/www.welex.es\\\/es\\\/ciudad-sonada-ronda\\\/#breadcrumb\"},\"inLanguage\":\"es\",\"potentialAction\":[{\"@type\":\"ReadAction\",\"target\":[\"https:\\\/\\\/www.welex.es\\\/es\\\/ciudad-sonada-ronda\\\/\"]}]},{\"@type\":\"ImageObject\",\"inLanguage\":\"es\",\"@id\":\"https:\\\/\\\/www.welex.es\\\/es\\\/ciudad-sonada-ronda\\\/#primaryimage\",\"url\":\"https:\\\/\\\/www.welex.es\\\/wp-content\\\/uploads\\\/2019\\\/11\\\/Ronda-6-2-scaled.jpeg\",\"contentUrl\":\"https:\\\/\\\/www.welex.es\\\/wp-content\\\/uploads\\\/2019\\\/11\\\/Ronda-6-2-scaled.jpeg\",\"width\":2560,\"height\":1708,\"caption\":\"Ronda 6 2 scaled\"},{\"@type\":\"BreadcrumbList\",\"@id\":\"https:\\\/\\\/www.welex.es\\\/es\\\/ciudad-sonada-ronda\\\/#breadcrumb\",\"itemListElement\":[{\"@type\":\"ListItem\",\"position\":1,\"name\":\"Home\",\"item\":\"https:\\\/\\\/www.welex.es\\\/es\\\/\"},{\"@type\":\"ListItem\",\"position\":2,\"name\":\"La ciudad so\u00f1ada, Ronda\"}]},{\"@type\":\"WebSite\",\"@id\":\"https:\\\/\\\/www.welex.es\\\/es\\\/#website\",\"url\":\"https:\\\/\\\/www.welex.es\\\/es\\\/\",\"name\":\"Welex\",\"description\":\"\",\"publisher\":{\"@id\":\"https:\\\/\\\/www.welex.es\\\/#organization\"},\"potentialAction\":[{\"@type\":\"SearchAction\",\"target\":{\"@type\":\"EntryPoint\",\"urlTemplate\":\"https:\\\/\\\/www.welex.es\\\/es\\\/?s={search_term_string}\"},\"query-input\":{\"@type\":\"PropertyValueSpecification\",\"valueRequired\":true,\"valueName\":\"search_term_string\"}}],\"inLanguage\":\"es\"},{\"@type\":[\"Organization\",\"LegalService\"],\"@id\":\"https:\\\/\\\/www.welex.es\\\/#organization\",\"name\":\"Welex\",\"url\":\"https:\\\/\\\/www.welex.es\\\/\",\"logo\":{\"@type\":\"ImageObject\",\"inLanguage\":\"es\",\"@id\":\"https:\\\/\\\/www.welex.es\\\/#\\\/schema\\\/logo\\\/image\\\/\",\"url\":\"https:\\\/\\\/www.welex.es\\\/wp-content\\\/uploads\\\/2025\\\/05\\\/LOGOWELEXCORRECTO.png\",\"contentUrl\":\"https:\\\/\\\/www.welex.es\\\/wp-content\\\/uploads\\\/2025\\\/05\\\/LOGOWELEXCORRECTO.png\",\"width\":2147,\"height\":771,\"caption\":\"Welex\"},\"image\":{\"@id\":\"https:\\\/\\\/www.welex.es\\\/#\\\/schema\\\/logo\\\/image\\\/\"},\"sameAs\":[\"https:\\\/\\\/www.facebook.com\\\/WelexLawyersAccountants\\\/\",\"https:\\\/\\\/www.linkedin.com\\\/company\\\/welex\\\/\",\"https:\\\/\\\/www.instagram.com\\\/welex.lawyers\\\/\",\"https:\\\/\\\/www.tiktok.com\\\/@welex_lawyers_marbella\",\"https:\\\/\\\/lawyerscostadelsol.com\\\/\",\"https:\\\/\\\/www.accountant-spain.com\\\/\",\"https:\\\/\\\/welex-solicitors.com\\\/\"],\"description\":\"Law firm in Marbella providing legal, tax, labour and accounting advice to individuals and companies in Spain, with over 20 years of experience.\",\"email\":\"info@welex.es\",\"telephone\":\"+34952775521\",\"legalName\":\"Tr\u00e1mites Costa, S.L.\",\"numberOfEmployees\":{\"@type\":\"QuantitativeValue\",\"minValue\":\"11\",\"maxValue\":\"50\"},\"address\":{\"@type\":\"PostalAddress\",\"streetAddress\":\"Calle Ram\u00f3n G\u00f3mez de la Serna 23, Local 7\",\"addressLocality\":\"Marbella\",\"addressRegion\":\"M\u00e1laga\",\"postalCode\":\"29602\",\"addressCountry\":\"ES\"},\"geo\":{\"@type\":\"GeoCoordinates\",\"latitude\":36.5095366,\"longitude\":-4.8985745},\"hasMap\":\"https:\\\/\\\/www.google.com\\\/maps\\\/search\\\/?api=1&query=Welex+Marbella\",\"openingHoursSpecification\":[{\"@type\":\"OpeningHoursSpecification\",\"dayOfWeek\":[\"Monday\",\"Tuesday\",\"Wednesday\",\"Thursday\"],\"opens\":\"08:30\",\"closes\":\"17:00\"},{\"@type\":\"OpeningHoursSpecification\",\"dayOfWeek\":\"Friday\",\"opens\":\"08:30\",\"closes\":\"14:30\"}],\"areaServed\":[{\"@type\":\"Country\",\"name\":\"Spain\"},{\"@type\":\"AdministrativeArea\",\"name\":\"Costa del Sol\"},{\"@type\":\"City\",\"name\":\"Marbella\"}],\"knowsLanguage\":[\"es\",\"en\",\"nl\",\"fr\"],\"currenciesAccepted\":\"EUR\",\"priceRange\":\"$$\",\"slogan\":\"Seguridad jur\u00eddica. Claridad fiscal. Asesoramiento de confianza.\",\"contactPoint\":[{\"@type\":\"ContactPoint\",\"telephone\":\"+34952775521\",\"email\":\"info@welex.es\",\"contactType\":\"customer service\",\"availableLanguage\":[\"English\",\"Spanish\",\"Dutch\",\"French\"],\"areaServed\":\"ES\"}],\"hasOfferCatalog\":{\"@type\":\"OfferCatalog\",\"name\":\"Servicios legales, fiscales y contables en Espa\u00f1a\",\"itemListElement\":[{\"@type\":\"Offer\",\"itemOffered\":{\"@type\":\"Service\",\"name\":\"Abogados especializados en derecho inmobiliario en Marbella: Compra y venta de inmuebles en Espa\u00f1a\",\"url\":\"https:\\\/\\\/www.welex.es\\\/es\\\/servicio\\\/compra-y-venta-de-inmuebles-en-espana\\\/\"}},{\"@type\":\"Offer\",\"itemOffered\":{\"@type\":\"Service\",\"name\":\"Abogados expertos en Herencias y Testamentos en Marbella\",\"url\":\"https:\\\/\\\/www.welex.es\\\/es\\\/servicio\\\/testamentos-y-herencias-en-espana\\\/\"}},{\"@type\":\"Offer\",\"itemOffered\":{\"@type\":\"Service\",\"name\":\"Empresas y sociedades\",\"url\":\"https:\\\/\\\/www.welex.es\\\/es\\\/servicio\\\/empresas-y-sociedades\\\/\"}},{\"@type\":\"Offer\",\"itemOffered\":{\"@type\":\"Service\",\"name\":\"Asesoramiento laboral\",\"url\":\"https:\\\/\\\/www.welex.es\\\/es\\\/servicio\\\/asesoramiento-laboral\\\/\"}},{\"@type\":\"Offer\",\"itemOffered\":{\"@type\":\"Service\",\"name\":\"Derecho procesal\",\"url\":\"https:\\\/\\\/www.welex.es\\\/es\\\/servicio\\\/derecho-procesal\\\/\"}},{\"@type\":\"Offer\",\"itemOffered\":{\"@type\":\"Service\",\"name\":\"Adquisici\u00f3n de inmuebles para personas no residentes en Espa\u00f1a\",\"url\":\"https:\\\/\\\/www.welex.es\\\/es\\\/servicio\\\/adquisicion-de-inmuebles-para-personas-no-residentes-en-espana\\\/\"}},{\"@type\":\"Offer\",\"itemOffered\":{\"@type\":\"Service\",\"name\":\"Obligaciones fiscales de una sociedad SL\",\"url\":\"https:\\\/\\\/www.welex.es\\\/es\\\/servicio\\\/obligaciones-fiscales-de-una-sociedad-sl\\\/\"}},{\"@type\":\"Offer\",\"itemOffered\":{\"@type\":\"Service\",\"name\":\"Obligaciones Mercantiles de una sociedad SL\",\"url\":\"https:\\\/\\\/www.welex.es\\\/es\\\/servicio\\\/obligaciones-mercantiles-de-una-sociedad-sl\\\/\"}},{\"@type\":\"Offer\",\"itemOffered\":{\"@type\":\"Service\",\"name\":\"Revisi\u00f3n de estados financieros contables\",\"url\":\"https:\\\/\\\/www.welex.es\\\/es\\\/servicio\\\/revision-de-estados-financieros-contables\\\/\"}},{\"@type\":\"Offer\",\"itemOffered\":{\"@type\":\"Service\",\"name\":\"Impuestos\",\"url\":\"https:\\\/\\\/www.welex.es\\\/es\\\/servicio\\\/impuestos\\\/\"}},{\"@type\":\"Offer\",\"itemOffered\":{\"@type\":\"Service\",\"name\":\"Tr\u00e1mites destacados\",\"url\":\"https:\\\/\\\/www.welex.es\\\/es\\\/servicio\\\/tramites-destacados\\\/\"}}]}},{\"@type\":\"Person\",\"@id\":\"https:\\\/\\\/www.welex.es\\\/es\\\/#\\\/schema\\\/person\\\/fe98500e4b874772cfdbd1417c913f57\",\"name\":\"Welex Lawyers Accountants Wim\",\"image\":{\"@type\":\"ImageObject\",\"inLanguage\":\"es\",\"@id\":\"https:\\\/\\\/secure.gravatar.com\\\/avatar\\\/?s=96&d=mm&r=g\",\"url\":\"https:\\\/\\\/secure.gravatar.com\\\/avatar\\\/?s=96&d=mm&r=g\",\"contentUrl\":\"https:\\\/\\\/secure.gravatar.com\\\/avatar\\\/?s=96&d=mm&r=g\",\"caption\":\"Welex Lawyers Accountants Wim\"}}]}<\/script>\n<!-- \/ Yoast SEO Premium plugin. -->","yoast_head_json":{"title":"La ciudad so\u00f1ada, Ronda - Welex","description":"Un lugar con encanto sin duda es la Serran\u00eda de Ronda, un lugar donde se aspira aire puro. Se dice que es la ciudad so\u00f1ada.","robots":{"index":"index","follow":"follow","max-snippet":"max-snippet:-1","max-image-preview":"max-image-preview:large","max-video-preview":"max-video-preview:-1"},"canonical":"https:\/\/www.welex.es\/es\/ciudad-sonada-ronda\/","og_locale":"es_ES","og_type":"article","og_title":"La ciudad so\u00f1ada, Ronda","og_description":"Un lugar con encanto sin duda es la Serran\u00eda de Ronda, un lugar donde se aspira aire puro. Se dice que es la ciudad so\u00f1ada.","og_url":"https:\/\/www.welex.es\/es\/ciudad-sonada-ronda\/","og_site_name":"Welex","article_publisher":"https:\/\/www.facebook.com\/WelexLawyersAccountants\/","article_published_time":"2019-11-18T09:00:52+00:00","article_modified_time":"2025-09-09T07:19:45+00:00","og_image":[{"width":2560,"height":1708,"url":"https:\/\/www.welex.es\/wp-content\/uploads\/2019\/11\/Ronda-6-2-scaled.jpeg","type":"image\/jpeg"}],"author":"Welex Lawyers Accountants Wim","twitter_card":"summary_large_image","twitter_misc":{"Escrito por":"Welex Lawyers Accountants Wim","Tiempo de lectura":"4 minutos"},"schema":{"@context":"https:\/\/schema.org","@graph":[{"@type":"Article","@id":"https:\/\/www.welex.es\/es\/ciudad-sonada-ronda\/#article","isPartOf":{"@id":"https:\/\/www.welex.es\/es\/ciudad-sonada-ronda\/"},"author":{"name":"Welex Lawyers Accountants Wim","@id":"https:\/\/www.welex.es\/es\/#\/schema\/person\/fe98500e4b874772cfdbd1417c913f57"},"headline":"La ciudad so\u00f1ada, Ronda","datePublished":"2019-11-18T09:00:52+00:00","dateModified":"2025-09-09T07:19:45+00:00","mainEntityOfPage":{"@id":"https:\/\/www.welex.es\/es\/ciudad-sonada-ronda\/"},"wordCount":630,"publisher":{"@id":"https:\/\/www.welex.es\/#organization"},"image":{"@id":"https:\/\/www.welex.es\/es\/ciudad-sonada-ronda\/#primaryimage"},"thumbnailUrl":"https:\/\/www.welex.es\/wp-content\/uploads\/2019\/11\/Ronda-6-2-scaled.jpeg","keywords":["lawyer in Marbella","abogado en marbella","abogado en Ronda","abogados en Ronda","contables en Ronda","Despacho de abogados en Ronda","Economistas en Ronda","impuestos en Ronda","property in spain"],"articleSection":["Turismo y Cultura en Espa\u00f1a"],"inLanguage":"es"},{"@type":"WebPage","@id":"https:\/\/www.welex.es\/es\/ciudad-sonada-ronda\/","url":"https:\/\/www.welex.es\/es\/ciudad-sonada-ronda\/","name":"La ciudad so\u00f1ada, Ronda - Welex","isPartOf":{"@id":"https:\/\/www.welex.es\/es\/#website"},"primaryImageOfPage":{"@id":"https:\/\/www.welex.es\/es\/ciudad-sonada-ronda\/#primaryimage"},"image":{"@id":"https:\/\/www.welex.es\/es\/ciudad-sonada-ronda\/#primaryimage"},"thumbnailUrl":"https:\/\/www.welex.es\/wp-content\/uploads\/2019\/11\/Ronda-6-2-scaled.jpeg","datePublished":"2019-11-18T09:00:52+00:00","dateModified":"2025-09-09T07:19:45+00:00","description":"Un lugar con encanto sin duda es la Serran\u00eda de Ronda, un lugar donde se aspira aire puro. Se dice que es la ciudad so\u00f1ada.","breadcrumb":{"@id":"https:\/\/www.welex.es\/es\/ciudad-sonada-ronda\/#breadcrumb"},"inLanguage":"es","potentialAction":[{"@type":"ReadAction","target":["https:\/\/www.welex.es\/es\/ciudad-sonada-ronda\/"]}]},{"@type":"ImageObject","inLanguage":"es","@id":"https:\/\/www.welex.es\/es\/ciudad-sonada-ronda\/#primaryimage","url":"https:\/\/www.welex.es\/wp-content\/uploads\/2019\/11\/Ronda-6-2-scaled.jpeg","contentUrl":"https:\/\/www.welex.es\/wp-content\/uploads\/2019\/11\/Ronda-6-2-scaled.jpeg","width":2560,"height":1708,"caption":"Ronda 6 2 scaled"},{"@type":"BreadcrumbList","@id":"https:\/\/www.welex.es\/es\/ciudad-sonada-ronda\/#breadcrumb","itemListElement":[{"@type":"ListItem","position":1,"name":"Home","item":"https:\/\/www.welex.es\/es\/"},{"@type":"ListItem","position":2,"name":"La ciudad so\u00f1ada, Ronda"}]},{"@type":"WebSite","@id":"https:\/\/www.welex.es\/es\/#website","url":"https:\/\/www.welex.es\/es\/","name":"Welex","description":"","publisher":{"@id":"https:\/\/www.welex.es\/#organization"},"potentialAction":[{"@type":"SearchAction","target":{"@type":"EntryPoint","urlTemplate":"https:\/\/www.welex.es\/es\/?s={search_term_string}"},"query-input":{"@type":"PropertyValueSpecification","valueRequired":true,"valueName":"search_term_string"}}],"inLanguage":"es"},{"@type":["Organization","LegalService"],"@id":"https:\/\/www.welex.es\/#organization","name":"Welex","url":"https:\/\/www.welex.es\/","logo":{"@type":"ImageObject","inLanguage":"es","@id":"https:\/\/www.welex.es\/#\/schema\/logo\/image\/","url":"https:\/\/www.welex.es\/wp-content\/uploads\/2025\/05\/LOGOWELEXCORRECTO.png","contentUrl":"https:\/\/www.welex.es\/wp-content\/uploads\/2025\/05\/LOGOWELEXCORRECTO.png","width":2147,"height":771,"caption":"Welex"},"image":{"@id":"https:\/\/www.welex.es\/#\/schema\/logo\/image\/"},"sameAs":["https:\/\/www.facebook.com\/WelexLawyersAccountants\/","https:\/\/www.linkedin.com\/company\/welex\/","https:\/\/www.instagram.com\/welex.lawyers\/","https:\/\/www.tiktok.com\/@welex_lawyers_marbella","https:\/\/lawyerscostadelsol.com\/","https:\/\/www.accountant-spain.com\/","https:\/\/welex-solicitors.com\/"],"description":"Law firm in Marbella providing legal, tax, labour and accounting advice to individuals and companies in Spain, with over 20 years of experience.","email":"info@welex.es","telephone":"+34952775521","legalName":"Tr\u00e1mites Costa, S.L.","numberOfEmployees":{"@type":"QuantitativeValue","minValue":"11","maxValue":"50"},"address":{"@type":"PostalAddress","streetAddress":"Calle Ram\u00f3n G\u00f3mez de la Serna 23, Local 7","addressLocality":"Marbella","addressRegion":"M\u00e1laga","postalCode":"29602","addressCountry":"ES"},"geo":{"@type":"GeoCoordinates","latitude":36.5095366,"longitude":-4.8985745},"hasMap":"https:\/\/www.google.com\/maps\/search\/?api=1&query=Welex+Marbella","openingHoursSpecification":[{"@type":"OpeningHoursSpecification","dayOfWeek":["Monday","Tuesday","Wednesday","Thursday"],"opens":"08:30","closes":"17:00"},{"@type":"OpeningHoursSpecification","dayOfWeek":"Friday","opens":"08:30","closes":"14:30"}],"areaServed":[{"@type":"Country","name":"Spain"},{"@type":"AdministrativeArea","name":"Costa del Sol"},{"@type":"City","name":"Marbella"}],"knowsLanguage":["es","en","nl","fr"],"currenciesAccepted":"EUR","priceRange":"$$","slogan":"Seguridad jur\u00eddica. Claridad fiscal. Asesoramiento de confianza.","contactPoint":[{"@type":"ContactPoint","telephone":"+34952775521","email":"info@welex.es","contactType":"customer service","availableLanguage":["English","Spanish","Dutch","French"],"areaServed":"ES"}],"hasOfferCatalog":{"@type":"OfferCatalog","name":"Servicios legales, fiscales y contables en Espa\u00f1a","itemListElement":[{"@type":"Offer","itemOffered":{"@type":"Service","name":"Abogados especializados en derecho inmobiliario en Marbella: Compra y venta de inmuebles en Espa\u00f1a","url":"https:\/\/www.welex.es\/es\/servicio\/compra-y-venta-de-inmuebles-en-espana\/"}},{"@type":"Offer","itemOffered":{"@type":"Service","name":"Abogados expertos en Herencias y Testamentos en Marbella","url":"https:\/\/www.welex.es\/es\/servicio\/testamentos-y-herencias-en-espana\/"}},{"@type":"Offer","itemOffered":{"@type":"Service","name":"Empresas y sociedades","url":"https:\/\/www.welex.es\/es\/servicio\/empresas-y-sociedades\/"}},{"@type":"Offer","itemOffered":{"@type":"Service","name":"Asesoramiento laboral","url":"https:\/\/www.welex.es\/es\/servicio\/asesoramiento-laboral\/"}},{"@type":"Offer","itemOffered":{"@type":"Service","name":"Derecho procesal","url":"https:\/\/www.welex.es\/es\/servicio\/derecho-procesal\/"}},{"@type":"Offer","itemOffered":{"@type":"Service","name":"Adquisici\u00f3n de inmuebles para personas no residentes en Espa\u00f1a","url":"https:\/\/www.welex.es\/es\/servicio\/adquisicion-de-inmuebles-para-personas-no-residentes-en-espana\/"}},{"@type":"Offer","itemOffered":{"@type":"Service","name":"Obligaciones fiscales de una sociedad SL","url":"https:\/\/www.welex.es\/es\/servicio\/obligaciones-fiscales-de-una-sociedad-sl\/"}},{"@type":"Offer","itemOffered":{"@type":"Service","name":"Obligaciones Mercantiles de una sociedad SL","url":"https:\/\/www.welex.es\/es\/servicio\/obligaciones-mercantiles-de-una-sociedad-sl\/"}},{"@type":"Offer","itemOffered":{"@type":"Service","name":"Revisi\u00f3n de estados financieros contables","url":"https:\/\/www.welex.es\/es\/servicio\/revision-de-estados-financieros-contables\/"}},{"@type":"Offer","itemOffered":{"@type":"Service","name":"Impuestos","url":"https:\/\/www.welex.es\/es\/servicio\/impuestos\/"}},{"@type":"Offer","itemOffered":{"@type":"Service","name":"Tr\u00e1mites destacados","url":"https:\/\/www.welex.es\/es\/servicio\/tramites-destacados\/"}}]}},{"@type":"Person","@id":"https:\/\/www.welex.es\/es\/#\/schema\/person\/fe98500e4b874772cfdbd1417c913f57","name":"Welex Lawyers Accountants Wim","image":{"@type":"ImageObject","inLanguage":"es","@id":"https:\/\/secure.gravatar.com\/avatar\/?s=96&d=mm&r=g","url":"https:\/\/secure.gravatar.com\/avatar\/?s=96&d=mm&r=g","contentUrl":"https:\/\/secure.gravatar.com\/avatar\/?s=96&d=mm&r=g","caption":"Welex Lawyers Accountants Wim"}}]}},"_links":{"self":[{"href":"https:\/\/www.welex.es\/es\/wp-json\/wp\/v2\/posts\/13413","targetHints":{"allow":["GET"]}}],"collection":[{"href":"https:\/\/www.welex.es\/es\/wp-json\/wp\/v2\/posts"}],"about":[{"href":"https:\/\/www.welex.es\/es\/wp-json\/wp\/v2\/types\/post"}],"author":[{"embeddable":true,"href":"https:\/\/www.welex.es\/es\/wp-json\/wp\/v2\/users\/4"}],"replies":[{"embeddable":true,"href":"https:\/\/www.welex.es\/es\/wp-json\/wp\/v2\/comments?post=13413"}],"version-history":[{"count":0,"href":"https:\/\/www.welex.es\/es\/wp-json\/wp\/v2\/posts\/13413\/revisions"}],"wp:featuredmedia":[{"embeddable":true,"href":"https:\/\/www.welex.es\/es\/wp-json\/wp\/v2\/media\/13406"}],"wp:attachment":[{"href":"https:\/\/www.welex.es\/es\/wp-json\/wp\/v2\/media?parent=13413"}],"wp:term":[{"taxonomy":"category","embeddable":true,"href":"https:\/\/www.welex.es\/es\/wp-json\/wp\/v2\/categories?post=13413"},{"taxonomy":"post_tag","embeddable":true,"href":"https:\/\/www.welex.es\/es\/wp-json\/wp\/v2\/tags?post=13413"}],"curies":[{"name":"wp","href":"https:\/\/api.w.org\/{rel}","templated":true}]}}