{"id":16260,"date":"2020-08-12T08:00:52","date_gmt":"2020-08-12T07:00:52","guid":{"rendered":"https:\/\/www.welex.es\/?p=16260\/"},"modified":"2025-09-09T07:20:21","modified_gmt":"2025-09-09T07:20:21","slug":"torneo-de-golf-solidario-por-debra-piel-de-mariposa-welex","status":"publish","type":"post","link":"https:\/\/www.welex.es\/es\/torneo-de-golf-solidario-por-debra-piel-de-mariposa-welex\/","title":{"rendered":"Torneo de Golf Solidario por Debra Piel de Mariposa | WELEX"},"content":{"rendered":"<h2><strong>Desde <a href=\"https:\/\/www.welex.es\/es\/\" target=\"_blank\" rel=\"noopener noreferrer\">Welex, despacho de abogados y economistas en Marbella<\/a>, tenemos el placer de anunciar la celebraci\u00f3n de un maravilloso torneo de golf solidario de la mano de Debra Piel de Mariposa, que tendr\u00e1 lugar los d\u00edas 19 y 21 de agosto de 2020.<\/strong><\/h2>\n<p>&nbsp;<\/p>\n<p>Dicho torneo de golf solidario, al que <strong>ya se han apuntado cerca de un centenar de jugadores<\/strong> entre los que se incluyen directivos de Madrid, Pa\u00eds Vasco y empresarios internacionales,<strong> tendr\u00e1 lugar en el Real Club de Golf Guadalmina, Marbella, a partir de las 8:30h del mi\u00e9rcoles 19 de agosto.<\/strong><\/p>\n<p>&nbsp;<\/p>\n<p>En \u00e9l, adem\u00e1s de disfrutar de una excitante competici\u00f3n en la que se dar\u00e1n<strong> 3 premios por equipo y uno al drive m\u00e1s largo<\/strong>, se har\u00e1 <strong>un c\u00f3ctel de entrega de premios y muchas m\u00e1s sorpresas.<\/strong><\/p>\n<p>&nbsp;<\/p>\n<p>\u00a1Pero esto no es todo!<\/p>\n<p>&nbsp;<\/p>\n<p><strong>Adem\u00e1s, el viernes 21 de agosto, el Beach Club Dantonelas, en Guadalmina, ser\u00e1 testigo de la exquisita cena solidaria que Debra Piel de Mariposa ha organizado.<\/strong><\/p>\n<p>&nbsp;<\/p>\n<p>All\u00ed se dar\u00e1n cita los jugadores del torneo de golf solidario, as\u00ed como todos los colaboradores que quieran colaborar para disfrutar de la m\u00fasica, el vino y fabulosos regalos.<\/p>\n<p>&nbsp;<\/p>\n<p><strong>El uso de mascarilla en ambos eventos es obligatorio.<\/strong><\/p>\n<p>&nbsp;<\/p>\n<p><strong>Reservas:<\/strong> <a href=\"http:\/\/www.golfpieldemariposa.es\">www.golfpieldemariposa.es<\/a><\/p>\n<p><strong>M\u00e1s informaci\u00f3n: +34 619 505 180<\/strong><\/p>\n<p>&nbsp;<\/p>\n<p><strong>Desde Welex, abogados y economistas en Marbella, animamos a todos nuestros lectores a participar en este magn\u00edfico <a href=\"https:\/\/www.pieldemariposa.es\/xvii-torneo-de-golf-piel-de-mariposa\/\" target=\"_blank\" rel=\"noopener noreferrer\">evento solidario<\/a> que organiza Debra Piel de Mariposa.<\/strong><\/p>\n<p>&nbsp;<\/p>\n<p><img fetchpriority=\"high\" decoding=\"async\" class=\"alignnone  wp-image-16261\" src=\"https:\/\/www.welex.es\/wp-content\/uploads\/2020\/08\/Captura-de-pantalla-2020-08-07-a-las-11.54.55-2-300x208.png\" alt=\"Debra Piel de Mariposa dossier\" width=\"617\" height=\"428\" \/> <img decoding=\"async\" class=\"alignnone  wp-image-16262\" src=\"https:\/\/www.welex.es\/wp-content\/uploads\/2020\/08\/Captura-de-pantalla-2020-08-07-a-las-11.55.03-2-300x206.png\" alt=\"Debra Piel de Mariposa dossier\" width=\"622\" height=\"427\" \/> <img decoding=\"async\" class=\"alignnone  wp-image-16263\" src=\"https:\/\/www.welex.es\/wp-content\/uploads\/2020\/08\/Captura-de-pantalla-2020-08-07-a-las-11.55.08-2-300x207.png\" alt=\"Debra Piel de Mariposa dossier\" width=\"616\" height=\"425\" \/> <img loading=\"lazy\" decoding=\"async\" class=\"alignnone  wp-image-16264\" src=\"https:\/\/www.welex.es\/wp-content\/uploads\/2020\/08\/Captura-de-pantalla-2020-08-07-a-las-11.55.13-2-300x208.png\" alt=\"Debra Piel de Mariposa dossier\" width=\"609\" height=\"422\" \/> <img loading=\"lazy\" decoding=\"async\" class=\"alignnone  wp-image-16265\" src=\"https:\/\/www.welex.es\/wp-content\/uploads\/2020\/08\/Captura-de-pantalla-2020-08-07-a-las-11.55.20-2-300x209.png\" alt=\"Debra Piel de Mariposa dossier\" width=\"602\" height=\"419\" \/><\/p>\n","protected":false},"excerpt":{"rendered":"<p>Desde Welex, despacho de abogados y economistas en Marbella, tenemos el placer de anunciar la celebraci\u00f3n de un maravilloso torneo de golf solidario de la mano de Debra Piel de Mariposa, que tendr\u00e1 lugar los d\u00edas 19 y 21 de agosto de 2020. &nbsp; Dicho torneo de golf solidario, al que ya se han apuntado [&hellip;]<\/p>\n","protected":false},"author":2,"featured_media":16271,"comment_status":"closed","ping_status":"closed","sticky":false,"template":"","format":"standard","meta":{"_acf_changed":false,"footnotes":""},"categories":[233],"tags":[1497,1498,1499,2026,2047],"class_list":["post-16260","post","type-post","status-publish","format-standard","has-post-thumbnail","hentry","category-turismo-y-cultura-en-espana","tag-cultura-en-espana","tag-cultura-en-marbella","tag-evento-solidario-marbella","tag-torneo-solidario-marbella-2","tag-piel-de-mariposa-2"],"acf":[],"yoast_head":"<!-- This site is optimized with the Yoast SEO Premium plugin v27.9 (Yoast SEO v27.9) - https:\/\/yoast.com\/product\/yoast-seo-premium-wordpress\/ -->\n<title>Torneo de Golf Solidario por Debra Piel de Mariposa | WELEX - Welex<\/title>\n<meta name=\"description\" content=\"Desde Welex queremos darle difusi\u00f3n a esta maravillosa iniciativa de un torneo de golf solidario organizado por Debra Piel de Mariposa.\" \/>\n<meta name=\"robots\" content=\"index, follow, max-snippet:-1, max-image-preview:large, max-video-preview:-1\" \/>\n<link rel=\"canonical\" href=\"https:\/\/www.welex.es\/es\/torneo-de-golf-solidario-por-debra-piel-de-mariposa-welex\/\" \/>\n<meta property=\"og:locale\" content=\"es_ES\" \/>\n<meta property=\"og:type\" content=\"article\" \/>\n<meta property=\"og:title\" content=\"Torneo de Golf Solidario por Debra Piel de Mariposa | WELEX\" \/>\n<meta property=\"og:description\" content=\"Desde Welex queremos darle difusi\u00f3n a esta maravillosa iniciativa de un torneo de golf solidario organizado por Debra Piel de Mariposa.\" \/>\n<meta property=\"og:url\" content=\"https:\/\/www.welex.es\/es\/torneo-de-golf-solidario-por-debra-piel-de-mariposa-welex\/\" \/>\n<meta property=\"og:site_name\" content=\"Welex\" \/>\n<meta property=\"article:publisher\" content=\"https:\/\/www.facebook.com\/WelexLawyersAccountants\/\" \/>\n<meta property=\"article:published_time\" content=\"2020-08-12T07:00:52+00:00\" \/>\n<meta property=\"article:modified_time\" content=\"2025-09-09T07:20:21+00:00\" \/>\n<meta property=\"og:image\" content=\"https:\/\/www.welex.es\/wp-content\/uploads\/2020\/08\/BLOG-DEBRA-PIEL-DE-MARIPOSA.png\" \/>\n\t<meta property=\"og:image:width\" content=\"940\" \/>\n\t<meta property=\"og:image:height\" content=\"788\" \/>\n\t<meta property=\"og:image:type\" content=\"image\/png\" \/>\n<meta name=\"author\" content=\"Noelia\" \/>\n<meta name=\"twitter:card\" content=\"summary_large_image\" \/>\n<meta name=\"twitter:label1\" content=\"Escrito por\" \/>\n\t<meta name=\"twitter:data1\" content=\"Noelia\" \/>\n\t<meta name=\"twitter:label2\" content=\"Tiempo de lectura\" \/>\n\t<meta name=\"twitter:data2\" content=\"1 minuto\" \/>\n<script type=\"application\/ld+json\" class=\"yoast-schema-graph\">{\"@context\":\"https:\\\/\\\/schema.org\",\"@graph\":[{\"@type\":\"Article\",\"@id\":\"https:\\\/\\\/www.welex.es\\\/es\\\/torneo-de-golf-solidario-por-debra-piel-de-mariposa-welex\\\/#article\",\"isPartOf\":{\"@id\":\"https:\\\/\\\/www.welex.es\\\/es\\\/torneo-de-golf-solidario-por-debra-piel-de-mariposa-welex\\\/\"},\"author\":{\"name\":\"Noelia\",\"@id\":\"https:\\\/\\\/www.welex.es\\\/es\\\/#\\\/schema\\\/person\\\/a63d0e9ba5ab8e6903606fc509960d03\"},\"headline\":\"Torneo de Golf Solidario por Debra Piel de Mariposa | WELEX\",\"datePublished\":\"2020-08-12T07:00:52+00:00\",\"dateModified\":\"2025-09-09T07:20:21+00:00\",\"mainEntityOfPage\":{\"@id\":\"https:\\\/\\\/www.welex.es\\\/es\\\/torneo-de-golf-solidario-por-debra-piel-de-mariposa-welex\\\/\"},\"wordCount\":258,\"publisher\":{\"@id\":\"https:\\\/\\\/www.welex.es\\\/#organization\"},\"image\":{\"@id\":\"https:\\\/\\\/www.welex.es\\\/es\\\/torneo-de-golf-solidario-por-debra-piel-de-mariposa-welex\\\/#primaryimage\"},\"thumbnailUrl\":\"https:\\\/\\\/www.welex.es\\\/wp-content\\\/uploads\\\/2020\\\/08\\\/BLOG-DEBRA-PIEL-DE-MARIPOSA.png\",\"keywords\":[\"cultura en espa\u00f1a\",\"cultura en marbella\",\"evento solidario marbella\",\"torneo solidario marbella\",\"piel de mariposa\"],\"articleSection\":[\"Turismo y Cultura en Espa\u00f1a\"],\"inLanguage\":\"es\"},{\"@type\":\"WebPage\",\"@id\":\"https:\\\/\\\/www.welex.es\\\/es\\\/torneo-de-golf-solidario-por-debra-piel-de-mariposa-welex\\\/\",\"url\":\"https:\\\/\\\/www.welex.es\\\/es\\\/torneo-de-golf-solidario-por-debra-piel-de-mariposa-welex\\\/\",\"name\":\"Torneo de Golf Solidario por Debra Piel de Mariposa | WELEX - Welex\",\"isPartOf\":{\"@id\":\"https:\\\/\\\/www.welex.es\\\/es\\\/#website\"},\"primaryImageOfPage\":{\"@id\":\"https:\\\/\\\/www.welex.es\\\/es\\\/torneo-de-golf-solidario-por-debra-piel-de-mariposa-welex\\\/#primaryimage\"},\"image\":{\"@id\":\"https:\\\/\\\/www.welex.es\\\/es\\\/torneo-de-golf-solidario-por-debra-piel-de-mariposa-welex\\\/#primaryimage\"},\"thumbnailUrl\":\"https:\\\/\\\/www.welex.es\\\/wp-content\\\/uploads\\\/2020\\\/08\\\/BLOG-DEBRA-PIEL-DE-MARIPOSA.png\",\"datePublished\":\"2020-08-12T07:00:52+00:00\",\"dateModified\":\"2025-09-09T07:20:21+00:00\",\"description\":\"Desde Welex queremos darle difusi\u00f3n a esta maravillosa iniciativa de un torneo de golf solidario organizado por Debra Piel de Mariposa.\",\"breadcrumb\":{\"@id\":\"https:\\\/\\\/www.welex.es\\\/es\\\/torneo-de-golf-solidario-por-debra-piel-de-mariposa-welex\\\/#breadcrumb\"},\"inLanguage\":\"es\",\"potentialAction\":[{\"@type\":\"ReadAction\",\"target\":[\"https:\\\/\\\/www.welex.es\\\/es\\\/torneo-de-golf-solidario-por-debra-piel-de-mariposa-welex\\\/\"]}]},{\"@type\":\"ImageObject\",\"inLanguage\":\"es\",\"@id\":\"https:\\\/\\\/www.welex.es\\\/es\\\/torneo-de-golf-solidario-por-debra-piel-de-mariposa-welex\\\/#primaryimage\",\"url\":\"https:\\\/\\\/www.welex.es\\\/wp-content\\\/uploads\\\/2020\\\/08\\\/BLOG-DEBRA-PIEL-DE-MARIPOSA.png\",\"contentUrl\":\"https:\\\/\\\/www.welex.es\\\/wp-content\\\/uploads\\\/2020\\\/08\\\/BLOG-DEBRA-PIEL-DE-MARIPOSA.png\",\"width\":940,\"height\":788,\"caption\":\"BLOG DEBRA PIEL DE MARIPOSA\"},{\"@type\":\"BreadcrumbList\",\"@id\":\"https:\\\/\\\/www.welex.es\\\/es\\\/torneo-de-golf-solidario-por-debra-piel-de-mariposa-welex\\\/#breadcrumb\",\"itemListElement\":[{\"@type\":\"ListItem\",\"position\":1,\"name\":\"Home\",\"item\":\"https:\\\/\\\/www.welex.es\\\/es\\\/\"},{\"@type\":\"ListItem\",\"position\":2,\"name\":\"Torneo de Golf Solidario por Debra Piel de Mariposa | WELEX\"}]},{\"@type\":\"WebSite\",\"@id\":\"https:\\\/\\\/www.welex.es\\\/es\\\/#website\",\"url\":\"https:\\\/\\\/www.welex.es\\\/es\\\/\",\"name\":\"Welex\",\"description\":\"\",\"publisher\":{\"@id\":\"https:\\\/\\\/www.welex.es\\\/#organization\"},\"potentialAction\":[{\"@type\":\"SearchAction\",\"target\":{\"@type\":\"EntryPoint\",\"urlTemplate\":\"https:\\\/\\\/www.welex.es\\\/es\\\/?s={search_term_string}\"},\"query-input\":{\"@type\":\"PropertyValueSpecification\",\"valueRequired\":true,\"valueName\":\"search_term_string\"}}],\"inLanguage\":\"es\"},{\"@type\":[\"Organization\",\"LegalService\"],\"@id\":\"https:\\\/\\\/www.welex.es\\\/#organization\",\"name\":\"Welex\",\"url\":\"https:\\\/\\\/www.welex.es\\\/\",\"logo\":{\"@type\":\"ImageObject\",\"inLanguage\":\"es\",\"@id\":\"https:\\\/\\\/www.welex.es\\\/#\\\/schema\\\/logo\\\/image\\\/\",\"url\":\"https:\\\/\\\/www.welex.es\\\/wp-content\\\/uploads\\\/2025\\\/05\\\/LOGOWELEXCORRECTO.png\",\"contentUrl\":\"https:\\\/\\\/www.welex.es\\\/wp-content\\\/uploads\\\/2025\\\/05\\\/LOGOWELEXCORRECTO.png\",\"width\":2147,\"height\":771,\"caption\":\"Welex\"},\"image\":{\"@id\":\"https:\\\/\\\/www.welex.es\\\/#\\\/schema\\\/logo\\\/image\\\/\"},\"sameAs\":[\"https:\\\/\\\/www.facebook.com\\\/WelexLawyersAccountants\\\/\",\"https:\\\/\\\/www.linkedin.com\\\/company\\\/welex\\\/\",\"https:\\\/\\\/www.instagram.com\\\/welex.lawyers\\\/\",\"https:\\\/\\\/www.tiktok.com\\\/@welex_lawyers_marbella\",\"https:\\\/\\\/lawyerscostadelsol.com\\\/\",\"https:\\\/\\\/www.accountant-spain.com\\\/\",\"https:\\\/\\\/welex-solicitors.com\\\/\"],\"description\":\"Law firm in Marbella providing legal, tax, labour and accounting advice to individuals and companies in Spain, with over 20 years of experience.\",\"email\":\"info@welex.es\",\"telephone\":\"+34952775521\",\"legalName\":\"Tr\u00e1mites Costa, S.L.\",\"numberOfEmployees\":{\"@type\":\"QuantitativeValue\",\"minValue\":\"11\",\"maxValue\":\"50\"},\"address\":{\"@type\":\"PostalAddress\",\"streetAddress\":\"Calle Ram\u00f3n G\u00f3mez de la Serna 23, Local 7\",\"addressLocality\":\"Marbella\",\"addressRegion\":\"M\u00e1laga\",\"postalCode\":\"29602\",\"addressCountry\":\"ES\"},\"geo\":{\"@type\":\"GeoCoordinates\",\"latitude\":36.5095366,\"longitude\":-4.8985745},\"hasMap\":\"https:\\\/\\\/www.google.com\\\/maps\\\/search\\\/?api=1&query=Welex+Marbella\",\"openingHoursSpecification\":[{\"@type\":\"OpeningHoursSpecification\",\"dayOfWeek\":[\"Monday\",\"Tuesday\",\"Wednesday\",\"Thursday\"],\"opens\":\"08:30\",\"closes\":\"17:00\"},{\"@type\":\"OpeningHoursSpecification\",\"dayOfWeek\":\"Friday\",\"opens\":\"08:30\",\"closes\":\"14:30\"}],\"areaServed\":[{\"@type\":\"Country\",\"name\":\"Spain\"},{\"@type\":\"AdministrativeArea\",\"name\":\"Costa del Sol\"},{\"@type\":\"City\",\"name\":\"Marbella\"}],\"knowsLanguage\":[\"es\",\"en\",\"nl\",\"fr\"],\"currenciesAccepted\":\"EUR\",\"priceRange\":\"$$\",\"slogan\":\"Seguridad jur\u00eddica. Claridad fiscal. Asesoramiento de confianza.\",\"contactPoint\":[{\"@type\":\"ContactPoint\",\"telephone\":\"+34952775521\",\"email\":\"info@welex.es\",\"contactType\":\"customer service\",\"availableLanguage\":[\"English\",\"Spanish\",\"Dutch\",\"French\"],\"areaServed\":\"ES\"}],\"hasOfferCatalog\":{\"@type\":\"OfferCatalog\",\"name\":\"Servicios legales, fiscales y contables en Espa\u00f1a\",\"itemListElement\":[{\"@type\":\"Offer\",\"itemOffered\":{\"@type\":\"Service\",\"name\":\"Abogados especializados en derecho inmobiliario en Marbella: Compra y venta de inmuebles en Espa\u00f1a\",\"url\":\"https:\\\/\\\/www.welex.es\\\/es\\\/servicio\\\/compra-y-venta-de-inmuebles-en-espana\\\/\"}},{\"@type\":\"Offer\",\"itemOffered\":{\"@type\":\"Service\",\"name\":\"Abogados expertos en Herencias y Testamentos en Marbella\",\"url\":\"https:\\\/\\\/www.welex.es\\\/es\\\/servicio\\\/testamentos-y-herencias-en-espana\\\/\"}},{\"@type\":\"Offer\",\"itemOffered\":{\"@type\":\"Service\",\"name\":\"Empresas y sociedades\",\"url\":\"https:\\\/\\\/www.welex.es\\\/es\\\/servicio\\\/empresas-y-sociedades\\\/\"}},{\"@type\":\"Offer\",\"itemOffered\":{\"@type\":\"Service\",\"name\":\"Asesoramiento laboral\",\"url\":\"https:\\\/\\\/www.welex.es\\\/es\\\/servicio\\\/asesoramiento-laboral\\\/\"}},{\"@type\":\"Offer\",\"itemOffered\":{\"@type\":\"Service\",\"name\":\"Derecho procesal\",\"url\":\"https:\\\/\\\/www.welex.es\\\/es\\\/servicio\\\/derecho-procesal\\\/\"}},{\"@type\":\"Offer\",\"itemOffered\":{\"@type\":\"Service\",\"name\":\"Adquisici\u00f3n de inmuebles para personas no residentes en Espa\u00f1a\",\"url\":\"https:\\\/\\\/www.welex.es\\\/es\\\/servicio\\\/adquisicion-de-inmuebles-para-personas-no-residentes-en-espana\\\/\"}},{\"@type\":\"Offer\",\"itemOffered\":{\"@type\":\"Service\",\"name\":\"Obligaciones fiscales de una sociedad SL\",\"url\":\"https:\\\/\\\/www.welex.es\\\/es\\\/servicio\\\/obligaciones-fiscales-de-una-sociedad-sl\\\/\"}},{\"@type\":\"Offer\",\"itemOffered\":{\"@type\":\"Service\",\"name\":\"Obligaciones Mercantiles de una sociedad SL\",\"url\":\"https:\\\/\\\/www.welex.es\\\/es\\\/servicio\\\/obligaciones-mercantiles-de-una-sociedad-sl\\\/\"}},{\"@type\":\"Offer\",\"itemOffered\":{\"@type\":\"Service\",\"name\":\"Revisi\u00f3n de estados financieros contables\",\"url\":\"https:\\\/\\\/www.welex.es\\\/es\\\/servicio\\\/revision-de-estados-financieros-contables\\\/\"}},{\"@type\":\"Offer\",\"itemOffered\":{\"@type\":\"Service\",\"name\":\"Impuestos\",\"url\":\"https:\\\/\\\/www.welex.es\\\/es\\\/servicio\\\/impuestos\\\/\"}},{\"@type\":\"Offer\",\"itemOffered\":{\"@type\":\"Service\",\"name\":\"Tr\u00e1mites destacados\",\"url\":\"https:\\\/\\\/www.welex.es\\\/es\\\/servicio\\\/tramites-destacados\\\/\"}}]}},{\"@type\":\"Person\",\"@id\":\"https:\\\/\\\/www.welex.es\\\/es\\\/#\\\/schema\\\/person\\\/a63d0e9ba5ab8e6903606fc509960d03\",\"name\":\"Noelia\",\"image\":{\"@type\":\"ImageObject\",\"inLanguage\":\"es\",\"@id\":\"https:\\\/\\\/secure.gravatar.com\\\/avatar\\\/347f4755252771b373551cdfd69b8ff13bf2c1d64cd80997b4502c4224a6c3f1?s=96&d=mm&r=g\",\"url\":\"https:\\\/\\\/secure.gravatar.com\\\/avatar\\\/347f4755252771b373551cdfd69b8ff13bf2c1d64cd80997b4502c4224a6c3f1?s=96&d=mm&r=g\",\"contentUrl\":\"https:\\\/\\\/secure.gravatar.com\\\/avatar\\\/347f4755252771b373551cdfd69b8ff13bf2c1d64cd80997b4502c4224a6c3f1?s=96&d=mm&r=g\",\"caption\":\"Noelia\"}}]}<\/script>\n<!-- \/ Yoast SEO Premium plugin. -->","yoast_head_json":{"title":"Torneo de Golf Solidario por Debra Piel de Mariposa | WELEX - Welex","description":"Desde Welex queremos darle difusi\u00f3n a esta maravillosa iniciativa de un torneo de golf solidario organizado por Debra Piel de Mariposa.","robots":{"index":"index","follow":"follow","max-snippet":"max-snippet:-1","max-image-preview":"max-image-preview:large","max-video-preview":"max-video-preview:-1"},"canonical":"https:\/\/www.welex.es\/es\/torneo-de-golf-solidario-por-debra-piel-de-mariposa-welex\/","og_locale":"es_ES","og_type":"article","og_title":"Torneo de Golf Solidario por Debra Piel de Mariposa | WELEX","og_description":"Desde Welex queremos darle difusi\u00f3n a esta maravillosa iniciativa de un torneo de golf solidario organizado por Debra Piel de Mariposa.","og_url":"https:\/\/www.welex.es\/es\/torneo-de-golf-solidario-por-debra-piel-de-mariposa-welex\/","og_site_name":"Welex","article_publisher":"https:\/\/www.facebook.com\/WelexLawyersAccountants\/","article_published_time":"2020-08-12T07:00:52+00:00","article_modified_time":"2025-09-09T07:20:21+00:00","og_image":[{"width":940,"height":788,"url":"https:\/\/www.welex.es\/wp-content\/uploads\/2020\/08\/BLOG-DEBRA-PIEL-DE-MARIPOSA.png","type":"image\/png"}],"author":"Noelia","twitter_card":"summary_large_image","twitter_misc":{"Escrito por":"Noelia","Tiempo de lectura":"1 minuto"},"schema":{"@context":"https:\/\/schema.org","@graph":[{"@type":"Article","@id":"https:\/\/www.welex.es\/es\/torneo-de-golf-solidario-por-debra-piel-de-mariposa-welex\/#article","isPartOf":{"@id":"https:\/\/www.welex.es\/es\/torneo-de-golf-solidario-por-debra-piel-de-mariposa-welex\/"},"author":{"name":"Noelia","@id":"https:\/\/www.welex.es\/es\/#\/schema\/person\/a63d0e9ba5ab8e6903606fc509960d03"},"headline":"Torneo de Golf Solidario por Debra Piel de Mariposa | WELEX","datePublished":"2020-08-12T07:00:52+00:00","dateModified":"2025-09-09T07:20:21+00:00","mainEntityOfPage":{"@id":"https:\/\/www.welex.es\/es\/torneo-de-golf-solidario-por-debra-piel-de-mariposa-welex\/"},"wordCount":258,"publisher":{"@id":"https:\/\/www.welex.es\/#organization"},"image":{"@id":"https:\/\/www.welex.es\/es\/torneo-de-golf-solidario-por-debra-piel-de-mariposa-welex\/#primaryimage"},"thumbnailUrl":"https:\/\/www.welex.es\/wp-content\/uploads\/2020\/08\/BLOG-DEBRA-PIEL-DE-MARIPOSA.png","keywords":["cultura en espa\u00f1a","cultura en marbella","evento solidario marbella","torneo solidario marbella","piel de mariposa"],"articleSection":["Turismo y Cultura en Espa\u00f1a"],"inLanguage":"es"},{"@type":"WebPage","@id":"https:\/\/www.welex.es\/es\/torneo-de-golf-solidario-por-debra-piel-de-mariposa-welex\/","url":"https:\/\/www.welex.es\/es\/torneo-de-golf-solidario-por-debra-piel-de-mariposa-welex\/","name":"Torneo de Golf Solidario por Debra Piel de Mariposa | WELEX - Welex","isPartOf":{"@id":"https:\/\/www.welex.es\/es\/#website"},"primaryImageOfPage":{"@id":"https:\/\/www.welex.es\/es\/torneo-de-golf-solidario-por-debra-piel-de-mariposa-welex\/#primaryimage"},"image":{"@id":"https:\/\/www.welex.es\/es\/torneo-de-golf-solidario-por-debra-piel-de-mariposa-welex\/#primaryimage"},"thumbnailUrl":"https:\/\/www.welex.es\/wp-content\/uploads\/2020\/08\/BLOG-DEBRA-PIEL-DE-MARIPOSA.png","datePublished":"2020-08-12T07:00:52+00:00","dateModified":"2025-09-09T07:20:21+00:00","description":"Desde Welex queremos darle difusi\u00f3n a esta maravillosa iniciativa de un torneo de golf solidario organizado por Debra Piel de Mariposa.","breadcrumb":{"@id":"https:\/\/www.welex.es\/es\/torneo-de-golf-solidario-por-debra-piel-de-mariposa-welex\/#breadcrumb"},"inLanguage":"es","potentialAction":[{"@type":"ReadAction","target":["https:\/\/www.welex.es\/es\/torneo-de-golf-solidario-por-debra-piel-de-mariposa-welex\/"]}]},{"@type":"ImageObject","inLanguage":"es","@id":"https:\/\/www.welex.es\/es\/torneo-de-golf-solidario-por-debra-piel-de-mariposa-welex\/#primaryimage","url":"https:\/\/www.welex.es\/wp-content\/uploads\/2020\/08\/BLOG-DEBRA-PIEL-DE-MARIPOSA.png","contentUrl":"https:\/\/www.welex.es\/wp-content\/uploads\/2020\/08\/BLOG-DEBRA-PIEL-DE-MARIPOSA.png","width":940,"height":788,"caption":"BLOG DEBRA PIEL DE MARIPOSA"},{"@type":"BreadcrumbList","@id":"https:\/\/www.welex.es\/es\/torneo-de-golf-solidario-por-debra-piel-de-mariposa-welex\/#breadcrumb","itemListElement":[{"@type":"ListItem","position":1,"name":"Home","item":"https:\/\/www.welex.es\/es\/"},{"@type":"ListItem","position":2,"name":"Torneo de Golf Solidario por Debra Piel de Mariposa | WELEX"}]},{"@type":"WebSite","@id":"https:\/\/www.welex.es\/es\/#website","url":"https:\/\/www.welex.es\/es\/","name":"Welex","description":"","publisher":{"@id":"https:\/\/www.welex.es\/#organization"},"potentialAction":[{"@type":"SearchAction","target":{"@type":"EntryPoint","urlTemplate":"https:\/\/www.welex.es\/es\/?s={search_term_string}"},"query-input":{"@type":"PropertyValueSpecification","valueRequired":true,"valueName":"search_term_string"}}],"inLanguage":"es"},{"@type":["Organization","LegalService"],"@id":"https:\/\/www.welex.es\/#organization","name":"Welex","url":"https:\/\/www.welex.es\/","logo":{"@type":"ImageObject","inLanguage":"es","@id":"https:\/\/www.welex.es\/#\/schema\/logo\/image\/","url":"https:\/\/www.welex.es\/wp-content\/uploads\/2025\/05\/LOGOWELEXCORRECTO.png","contentUrl":"https:\/\/www.welex.es\/wp-content\/uploads\/2025\/05\/LOGOWELEXCORRECTO.png","width":2147,"height":771,"caption":"Welex"},"image":{"@id":"https:\/\/www.welex.es\/#\/schema\/logo\/image\/"},"sameAs":["https:\/\/www.facebook.com\/WelexLawyersAccountants\/","https:\/\/www.linkedin.com\/company\/welex\/","https:\/\/www.instagram.com\/welex.lawyers\/","https:\/\/www.tiktok.com\/@welex_lawyers_marbella","https:\/\/lawyerscostadelsol.com\/","https:\/\/www.accountant-spain.com\/","https:\/\/welex-solicitors.com\/"],"description":"Law firm in Marbella providing legal, tax, labour and accounting advice to individuals and companies in Spain, with over 20 years of experience.","email":"info@welex.es","telephone":"+34952775521","legalName":"Tr\u00e1mites Costa, S.L.","numberOfEmployees":{"@type":"QuantitativeValue","minValue":"11","maxValue":"50"},"address":{"@type":"PostalAddress","streetAddress":"Calle Ram\u00f3n G\u00f3mez de la Serna 23, Local 7","addressLocality":"Marbella","addressRegion":"M\u00e1laga","postalCode":"29602","addressCountry":"ES"},"geo":{"@type":"GeoCoordinates","latitude":36.5095366,"longitude":-4.8985745},"hasMap":"https:\/\/www.google.com\/maps\/search\/?api=1&query=Welex+Marbella","openingHoursSpecification":[{"@type":"OpeningHoursSpecification","dayOfWeek":["Monday","Tuesday","Wednesday","Thursday"],"opens":"08:30","closes":"17:00"},{"@type":"OpeningHoursSpecification","dayOfWeek":"Friday","opens":"08:30","closes":"14:30"}],"areaServed":[{"@type":"Country","name":"Spain"},{"@type":"AdministrativeArea","name":"Costa del Sol"},{"@type":"City","name":"Marbella"}],"knowsLanguage":["es","en","nl","fr"],"currenciesAccepted":"EUR","priceRange":"$$","slogan":"Seguridad jur\u00eddica. Claridad fiscal. Asesoramiento de confianza.","contactPoint":[{"@type":"ContactPoint","telephone":"+34952775521","email":"info@welex.es","contactType":"customer service","availableLanguage":["English","Spanish","Dutch","French"],"areaServed":"ES"}],"hasOfferCatalog":{"@type":"OfferCatalog","name":"Servicios legales, fiscales y contables en Espa\u00f1a","itemListElement":[{"@type":"Offer","itemOffered":{"@type":"Service","name":"Abogados especializados en derecho inmobiliario en Marbella: Compra y venta de inmuebles en Espa\u00f1a","url":"https:\/\/www.welex.es\/es\/servicio\/compra-y-venta-de-inmuebles-en-espana\/"}},{"@type":"Offer","itemOffered":{"@type":"Service","name":"Abogados expertos en Herencias y Testamentos en Marbella","url":"https:\/\/www.welex.es\/es\/servicio\/testamentos-y-herencias-en-espana\/"}},{"@type":"Offer","itemOffered":{"@type":"Service","name":"Empresas y sociedades","url":"https:\/\/www.welex.es\/es\/servicio\/empresas-y-sociedades\/"}},{"@type":"Offer","itemOffered":{"@type":"Service","name":"Asesoramiento laboral","url":"https:\/\/www.welex.es\/es\/servicio\/asesoramiento-laboral\/"}},{"@type":"Offer","itemOffered":{"@type":"Service","name":"Derecho procesal","url":"https:\/\/www.welex.es\/es\/servicio\/derecho-procesal\/"}},{"@type":"Offer","itemOffered":{"@type":"Service","name":"Adquisici\u00f3n de inmuebles para personas no residentes en Espa\u00f1a","url":"https:\/\/www.welex.es\/es\/servicio\/adquisicion-de-inmuebles-para-personas-no-residentes-en-espana\/"}},{"@type":"Offer","itemOffered":{"@type":"Service","name":"Obligaciones fiscales de una sociedad SL","url":"https:\/\/www.welex.es\/es\/servicio\/obligaciones-fiscales-de-una-sociedad-sl\/"}},{"@type":"Offer","itemOffered":{"@type":"Service","name":"Obligaciones Mercantiles de una sociedad SL","url":"https:\/\/www.welex.es\/es\/servicio\/obligaciones-mercantiles-de-una-sociedad-sl\/"}},{"@type":"Offer","itemOffered":{"@type":"Service","name":"Revisi\u00f3n de estados financieros contables","url":"https:\/\/www.welex.es\/es\/servicio\/revision-de-estados-financieros-contables\/"}},{"@type":"Offer","itemOffered":{"@type":"Service","name":"Impuestos","url":"https:\/\/www.welex.es\/es\/servicio\/impuestos\/"}},{"@type":"Offer","itemOffered":{"@type":"Service","name":"Tr\u00e1mites destacados","url":"https:\/\/www.welex.es\/es\/servicio\/tramites-destacados\/"}}]}},{"@type":"Person","@id":"https:\/\/www.welex.es\/es\/#\/schema\/person\/a63d0e9ba5ab8e6903606fc509960d03","name":"Noelia","image":{"@type":"ImageObject","inLanguage":"es","@id":"https:\/\/secure.gravatar.com\/avatar\/347f4755252771b373551cdfd69b8ff13bf2c1d64cd80997b4502c4224a6c3f1?s=96&d=mm&r=g","url":"https:\/\/secure.gravatar.com\/avatar\/347f4755252771b373551cdfd69b8ff13bf2c1d64cd80997b4502c4224a6c3f1?s=96&d=mm&r=g","contentUrl":"https:\/\/secure.gravatar.com\/avatar\/347f4755252771b373551cdfd69b8ff13bf2c1d64cd80997b4502c4224a6c3f1?s=96&d=mm&r=g","caption":"Noelia"}}]}},"_links":{"self":[{"href":"https:\/\/www.welex.es\/es\/wp-json\/wp\/v2\/posts\/16260","targetHints":{"allow":["GET"]}}],"collection":[{"href":"https:\/\/www.welex.es\/es\/wp-json\/wp\/v2\/posts"}],"about":[{"href":"https:\/\/www.welex.es\/es\/wp-json\/wp\/v2\/types\/post"}],"author":[{"embeddable":true,"href":"https:\/\/www.welex.es\/es\/wp-json\/wp\/v2\/users\/2"}],"replies":[{"embeddable":true,"href":"https:\/\/www.welex.es\/es\/wp-json\/wp\/v2\/comments?post=16260"}],"version-history":[{"count":0,"href":"https:\/\/www.welex.es\/es\/wp-json\/wp\/v2\/posts\/16260\/revisions"}],"wp:featuredmedia":[{"embeddable":true,"href":"https:\/\/www.welex.es\/es\/wp-json\/wp\/v2\/media\/16271"}],"wp:attachment":[{"href":"https:\/\/www.welex.es\/es\/wp-json\/wp\/v2\/media?parent=16260"}],"wp:term":[{"taxonomy":"category","embeddable":true,"href":"https:\/\/www.welex.es\/es\/wp-json\/wp\/v2\/categories?post=16260"},{"taxonomy":"post_tag","embeddable":true,"href":"https:\/\/www.welex.es\/es\/wp-json\/wp\/v2\/tags?post=16260"}],"curies":[{"name":"wp","href":"https:\/\/api.w.org\/{rel}","templated":true}]}}