{"id":18365,"date":"2022-06-28T09:12:30","date_gmt":"2022-06-28T08:12:30","guid":{"rendered":"https:\/\/www.welex.es\/?p=18365\/"},"modified":"2025-09-09T06:44:27","modified_gmt":"2025-09-09T06:44:27","slug":"la-fiesta-del-arenque-en-marbella-2022","status":"publish","type":"post","link":"https:\/\/www.welex.es\/es\/la-fiesta-del-arenque-en-marbella-2022\/","title":{"rendered":"La fiesta del arenque en Marbella 2022"},"content":{"rendered":"<p>Welex, <strong>abogados y economistas en Marbella<\/strong>, celebra el regreso del famoso y gran <strong>evento holand\u00e9s en la Costa del Sol<\/strong><\/p>\n<p><strong>\u00a0<\/strong><\/p>\n<p>La fiesta del arenque, se celebra todos los a\u00f1os en Holanda en torno a finales de junio, como celebraci\u00f3n de la llegada del nuevo arenque procedente de Holanda. Se trata de un evento cultural en los Pa\u00edses Bajos, que el <a href=\"https:\/\/marbelladutchbusinessclub.nl\/\">Marbella Dutch Business Club<\/a> y sus socios organiza todos los a\u00f1os para mantener esta tradici\u00f3n entre la <strong>comunidad holandesa en la Costal de Sol<\/strong>. Es un evento donde se aprovecha para recaudar fondos para donar a una ONG, y donde <strong>el tesorero del Club, Eduard Megens,<\/strong> realiza una gran labor de aportaci\u00f3n y apoyo a este magnifico evento.<\/p>\n<p>&nbsp;<\/p>\n<p>Tras dos a\u00f1os de pandemia, en los cuales la celebraci\u00f3n de este evento se vio limitada, El Dutch Business Club (MDBC) organiz\u00f3 el pasado junio, la esperada Haring Party en Marbella. Alrededor de 180 personas pudieron reunirse de nuevo para celebrar la famosa <strong>fiesta internacional en la Costa del Sol<\/strong> de la jet set holandesa que cont\u00f3 con invitados de 9 nacionalidades distintas, y en la cual, Welex <strong>abogados y economistas en Marbella<\/strong>, participo como asistente y patrocinador.<\/p>\n<p>&nbsp;<\/p>\n<p>Este a\u00f1o, el evento tuvo lugar en el coraz\u00f3n de Divot, un restaurante gastro grill para los que realmente quieren vivir una experiencia gastron\u00f3mica a los pies de <strong>Puerto Ban\u00fas, Marbella.<\/strong><\/p>\n<p>&nbsp;<\/p>\n<p><img fetchpriority=\"high\" decoding=\"async\" class=\"alignnone wp-image-18368\" src=\"https:\/\/www.welex.es\/wp-content\/uploads\/2025\/09\/70170932_2498130957085855_1814356625788502016_n.jpg\" alt=\"\" width=\"599\" height=\"399\" \/><\/p>\n<p><strong>\u00a0<\/strong><\/p>\n<p>Rodeados por el magnifico <strong>campo de golf de Puerto Ban\u00fas<\/strong>, los invitados conversaban y degustaban el famoso aperitivo \u00abHollandse Nieuwe\u00bb, un sabroso arenque servido en sus distintas versiones y para todos los gustos, acompa\u00f1ada de una inmejorable selecci\u00f3n de vinos y el famoso Gin Holand\u00e9s. El evento continuo con la m\u00fasica de Ger Vos, que otro a\u00f1o mas, consigui\u00f3 acercar a todos los invitados a la pista de baile. Despu\u00e9s del aperitivo, se sirvi\u00f3 una selecci\u00f3n de tapas espa\u00f1olas gourmet que enamoro a todos los asistentes.<\/p>\n<p>&nbsp;<\/p>\n<h2><strong>El Premio Arenque de Oro<\/strong><\/h2>\n<p>Charo Van Hulst, tuvo el honor de recibir este a\u00f1o la famosa estatuilla de oro, un galard\u00f3n que se entrega todos los a\u00f1os en esta fiesta con la finalidad de premiar el esfuerzo por integrar la cultura holandesa en la Costal del Sol. Charo, aparte de su gran esfuerzo en fomentar la cultura, tambi\u00e9n ha llevado a cabo muchas <strong>obras de caridad en la Costal del Sol<\/strong>.<\/p>\n<p>&nbsp;<\/p>\n<h2><strong>El Sombrero mas bonito<\/strong><\/h2>\n<p>Como todos los a\u00f1os, el premio a la pamela mas bonita de la fiesta, se convierte en el centro de atenci\u00f3n de todas las invitadas, una tradici\u00f3n mas que no pudo faltar en esta edici\u00f3n de la <strong>Haring Party 2022 en Marbella<\/strong>. Marrianne de Wit y su elegante pamela en color crema, con finos detalles de distintos colores que daban a su tocado formas de p\u00e9talo de rosa, fue la ganadora de una cena para dos en el Restaurante Divot de Puerto Ban\u00fas donde se celebraba el evento.<\/p>\n<p>&nbsp;<\/p>\n<p><img decoding=\"async\" class=\"alignnone wp-image-18367\" src=\"https:\/\/www.welex.es\/wp-content\/uploads\/2025\/09\/WhatsApp-Image-2022-06-22-at-7.10.02-PM.webp\" alt=\"\" width=\"334\" height=\"445\" \/><\/p>\n<p>&nbsp;<\/p>\n<h2><strong>Fundaci\u00f3n Cudeca<\/strong><\/h2>\n<p>Como es tradici\u00f3n todos los a\u00f1os con la organizaci\u00f3n de este <strong>evento en Marbella<\/strong>, el MDBC da su apoyo a una causa solidaria. Se ha colaborado a\u00f1os anteriores con asociaciones como Free a Girl o Fundaci\u00f3n Debra, y este, con <a href=\"https:\/\/www.cudeca.org\/\">Fundaci\u00f3n Cudeca<\/a>. Cudeca se encarga de ofrecer el mejor servicio, asistencia y calidad en cuidados paliativos para pacientes con c\u00e1ncer y otras enfermedades en fase avanzada y terminal en M\u00e1laga, por lo que <strong>Dutch Business Club en Marbella<\/strong> y sus principales patrocinadores, consiguieron recaudar un porcentaje de la venta de entradas para donarlo a esta importante causa.<\/p>\n<p>&nbsp;<\/p>\n<p><strong>Welex abogados en Marbella<\/strong>, patrocinadores del Dutch Business Club, ofrecemos<strong> servicios contables y jur\u00eddicos en Marbella. <\/strong>Contacta con nosotros si desea un asesoramiento m\u00e1s personalizado.<\/p>\n<p>&nbsp;<\/p>\n","protected":false},"excerpt":{"rendered":"<p>Welex, abogados y economistas en Marbella, celebra el regreso del famoso y gran evento holand\u00e9s en la Costa del Sol \u00a0 La fiesta del arenque, se celebra todos los a\u00f1os en Holanda en torno a finales de junio, como celebraci\u00f3n de la llegada del nuevo arenque procedente de Holanda. Se trata de un evento cultural [&hellip;]<\/p>\n","protected":false},"author":2,"featured_media":18366,"comment_status":"closed","ping_status":"closed","sticky":false,"template":"","format":"standard","meta":{"_acf_changed":false,"footnotes":""},"categories":[233],"tags":[],"class_list":["post-18365","post","type-post","status-publish","format-standard","has-post-thumbnail","hentry","category-turismo-y-cultura-en-espana"],"acf":[],"yoast_head":"<!-- This site is optimized with the Yoast SEO Premium plugin v27.9 (Yoast SEO v27.9) - https:\/\/yoast.com\/product\/yoast-seo-premium-wordpress\/ -->\n<title>La fiesta Holandesa del Arenque en Marbella 2022<\/title>\n<meta name=\"description\" content=\"La fiesta del arenque, se celebra todos los a\u00f1os en Holanda a finales de junio, como celebraci\u00f3n de la llegada del nuevo arenque procedente de Holanda.\" \/>\n<meta name=\"robots\" content=\"index, follow, max-snippet:-1, max-image-preview:large, max-video-preview:-1\" \/>\n<link rel=\"canonical\" href=\"https:\/\/www.welex.es\/es\/la-fiesta-del-arenque-en-marbella-2022\/\" \/>\n<meta property=\"og:locale\" content=\"es_ES\" \/>\n<meta property=\"og:type\" content=\"article\" \/>\n<meta property=\"og:title\" content=\"La fiesta del arenque en Marbella 2022\" \/>\n<meta property=\"og:description\" content=\"La fiesta del arenque, se celebra todos los a\u00f1os en Holanda a finales de junio, como celebraci\u00f3n de la llegada del nuevo arenque procedente de Holanda.\" \/>\n<meta property=\"og:url\" content=\"https:\/\/www.welex.es\/es\/la-fiesta-del-arenque-en-marbella-2022\/\" \/>\n<meta property=\"og:site_name\" content=\"Welex\" \/>\n<meta property=\"article:publisher\" content=\"https:\/\/www.facebook.com\/WelexLawyersAccountants\/\" \/>\n<meta property=\"article:published_time\" content=\"2022-06-28T08:12:30+00:00\" \/>\n<meta property=\"article:modified_time\" content=\"2025-09-09T06:44:27+00:00\" \/>\n<meta property=\"og:image\" content=\"https:\/\/www.welex.es\/wp-content\/uploads\/2022\/06\/Captura-de-pantalla-2022-06-28-a-las-9.41.57.png\" \/>\n\t<meta property=\"og:image:width\" content=\"1178\" \/>\n\t<meta property=\"og:image:height\" content=\"1144\" \/>\n\t<meta property=\"og:image:type\" content=\"image\/png\" \/>\n<meta name=\"author\" content=\"Noelia\" \/>\n<meta name=\"twitter:card\" content=\"summary_large_image\" \/>\n<meta name=\"twitter:label1\" content=\"Escrito por\" \/>\n\t<meta name=\"twitter:data1\" content=\"Noelia\" \/>\n\t<meta name=\"twitter:label2\" content=\"Tiempo de lectura\" \/>\n\t<meta name=\"twitter:data2\" content=\"4 minutos\" \/>\n<script type=\"application\/ld+json\" class=\"yoast-schema-graph\">{\"@context\":\"https:\\\/\\\/schema.org\",\"@graph\":[{\"@type\":\"Article\",\"@id\":\"https:\\\/\\\/www.welex.es\\\/es\\\/la-fiesta-del-arenque-en-marbella-2022\\\/#article\",\"isPartOf\":{\"@id\":\"https:\\\/\\\/www.welex.es\\\/es\\\/la-fiesta-del-arenque-en-marbella-2022\\\/\"},\"author\":{\"name\":\"Noelia\",\"@id\":\"https:\\\/\\\/www.welex.es\\\/es\\\/#\\\/schema\\\/person\\\/a63d0e9ba5ab8e6903606fc509960d03\"},\"headline\":\"La fiesta del arenque en Marbella 2022\",\"datePublished\":\"2022-06-28T08:12:30+00:00\",\"dateModified\":\"2025-09-09T06:44:27+00:00\",\"mainEntityOfPage\":{\"@id\":\"https:\\\/\\\/www.welex.es\\\/es\\\/la-fiesta-del-arenque-en-marbella-2022\\\/\"},\"wordCount\":656,\"publisher\":{\"@id\":\"https:\\\/\\\/www.welex.es\\\/#organization\"},\"image\":{\"@id\":\"https:\\\/\\\/www.welex.es\\\/es\\\/la-fiesta-del-arenque-en-marbella-2022\\\/#primaryimage\"},\"thumbnailUrl\":\"https:\\\/\\\/www.welex.es\\\/wp-content\\\/uploads\\\/2022\\\/06\\\/Captura-de-pantalla-2022-06-28-a-las-9.41.57.png\",\"articleSection\":[\"Turismo y Cultura en Espa\u00f1a\"],\"inLanguage\":\"es\"},{\"@type\":\"WebPage\",\"@id\":\"https:\\\/\\\/www.welex.es\\\/es\\\/la-fiesta-del-arenque-en-marbella-2022\\\/\",\"url\":\"https:\\\/\\\/www.welex.es\\\/es\\\/la-fiesta-del-arenque-en-marbella-2022\\\/\",\"name\":\"La fiesta Holandesa del Arenque en Marbella 2022\",\"isPartOf\":{\"@id\":\"https:\\\/\\\/www.welex.es\\\/es\\\/#website\"},\"primaryImageOfPage\":{\"@id\":\"https:\\\/\\\/www.welex.es\\\/es\\\/la-fiesta-del-arenque-en-marbella-2022\\\/#primaryimage\"},\"image\":{\"@id\":\"https:\\\/\\\/www.welex.es\\\/es\\\/la-fiesta-del-arenque-en-marbella-2022\\\/#primaryimage\"},\"thumbnailUrl\":\"https:\\\/\\\/www.welex.es\\\/wp-content\\\/uploads\\\/2022\\\/06\\\/Captura-de-pantalla-2022-06-28-a-las-9.41.57.png\",\"datePublished\":\"2022-06-28T08:12:30+00:00\",\"dateModified\":\"2025-09-09T06:44:27+00:00\",\"description\":\"La fiesta del arenque, se celebra todos los a\u00f1os en Holanda a finales de junio, como celebraci\u00f3n de la llegada del nuevo arenque procedente de Holanda.\",\"breadcrumb\":{\"@id\":\"https:\\\/\\\/www.welex.es\\\/es\\\/la-fiesta-del-arenque-en-marbella-2022\\\/#breadcrumb\"},\"inLanguage\":\"es\",\"potentialAction\":[{\"@type\":\"ReadAction\",\"target\":[\"https:\\\/\\\/www.welex.es\\\/es\\\/la-fiesta-del-arenque-en-marbella-2022\\\/\"]}]},{\"@type\":\"ImageObject\",\"inLanguage\":\"es\",\"@id\":\"https:\\\/\\\/www.welex.es\\\/es\\\/la-fiesta-del-arenque-en-marbella-2022\\\/#primaryimage\",\"url\":\"https:\\\/\\\/www.welex.es\\\/wp-content\\\/uploads\\\/2022\\\/06\\\/Captura-de-pantalla-2022-06-28-a-las-9.41.57.png\",\"contentUrl\":\"https:\\\/\\\/www.welex.es\\\/wp-content\\\/uploads\\\/2022\\\/06\\\/Captura-de-pantalla-2022-06-28-a-las-9.41.57.png\",\"width\":1178,\"height\":1144},{\"@type\":\"BreadcrumbList\",\"@id\":\"https:\\\/\\\/www.welex.es\\\/es\\\/la-fiesta-del-arenque-en-marbella-2022\\\/#breadcrumb\",\"itemListElement\":[{\"@type\":\"ListItem\",\"position\":1,\"name\":\"Home\",\"item\":\"https:\\\/\\\/www.welex.es\\\/es\\\/\"},{\"@type\":\"ListItem\",\"position\":2,\"name\":\"La fiesta del arenque en Marbella 2022\"}]},{\"@type\":\"WebSite\",\"@id\":\"https:\\\/\\\/www.welex.es\\\/es\\\/#website\",\"url\":\"https:\\\/\\\/www.welex.es\\\/es\\\/\",\"name\":\"Welex\",\"description\":\"\",\"publisher\":{\"@id\":\"https:\\\/\\\/www.welex.es\\\/#organization\"},\"potentialAction\":[{\"@type\":\"SearchAction\",\"target\":{\"@type\":\"EntryPoint\",\"urlTemplate\":\"https:\\\/\\\/www.welex.es\\\/es\\\/?s={search_term_string}\"},\"query-input\":{\"@type\":\"PropertyValueSpecification\",\"valueRequired\":true,\"valueName\":\"search_term_string\"}}],\"inLanguage\":\"es\"},{\"@type\":[\"Organization\",\"LegalService\"],\"@id\":\"https:\\\/\\\/www.welex.es\\\/#organization\",\"name\":\"Welex\",\"url\":\"https:\\\/\\\/www.welex.es\\\/\",\"logo\":{\"@type\":\"ImageObject\",\"inLanguage\":\"es\",\"@id\":\"https:\\\/\\\/www.welex.es\\\/#\\\/schema\\\/logo\\\/image\\\/\",\"url\":\"https:\\\/\\\/www.welex.es\\\/wp-content\\\/uploads\\\/2025\\\/05\\\/LOGOWELEXCORRECTO.png\",\"contentUrl\":\"https:\\\/\\\/www.welex.es\\\/wp-content\\\/uploads\\\/2025\\\/05\\\/LOGOWELEXCORRECTO.png\",\"width\":2147,\"height\":771,\"caption\":\"Welex\"},\"image\":{\"@id\":\"https:\\\/\\\/www.welex.es\\\/#\\\/schema\\\/logo\\\/image\\\/\"},\"sameAs\":[\"https:\\\/\\\/www.facebook.com\\\/WelexLawyersAccountants\\\/\",\"https:\\\/\\\/www.linkedin.com\\\/company\\\/welex\\\/\",\"https:\\\/\\\/www.instagram.com\\\/welex.lawyers\\\/\",\"https:\\\/\\\/www.tiktok.com\\\/@welex_lawyers_marbella\",\"https:\\\/\\\/lawyerscostadelsol.com\\\/\",\"https:\\\/\\\/www.accountant-spain.com\\\/\",\"https:\\\/\\\/welex-solicitors.com\\\/\"],\"description\":\"Law firm in Marbella providing legal, tax, labour and accounting advice to individuals and companies in Spain, with over 20 years of experience.\",\"email\":\"info@welex.es\",\"telephone\":\"+34952775521\",\"legalName\":\"Tr\u00e1mites Costa, S.L.\",\"numberOfEmployees\":{\"@type\":\"QuantitativeValue\",\"minValue\":\"11\",\"maxValue\":\"50\"},\"address\":{\"@type\":\"PostalAddress\",\"streetAddress\":\"Calle Ram\u00f3n G\u00f3mez de la Serna 23, Local 7\",\"addressLocality\":\"Marbella\",\"addressRegion\":\"M\u00e1laga\",\"postalCode\":\"29602\",\"addressCountry\":\"ES\"},\"geo\":{\"@type\":\"GeoCoordinates\",\"latitude\":36.5095366,\"longitude\":-4.8985745},\"hasMap\":\"https:\\\/\\\/www.google.com\\\/maps\\\/search\\\/?api=1&query=Welex+Marbella\",\"openingHoursSpecification\":[{\"@type\":\"OpeningHoursSpecification\",\"dayOfWeek\":[\"Monday\",\"Tuesday\",\"Wednesday\",\"Thursday\"],\"opens\":\"08:30\",\"closes\":\"17:00\"},{\"@type\":\"OpeningHoursSpecification\",\"dayOfWeek\":\"Friday\",\"opens\":\"08:30\",\"closes\":\"14:30\"}],\"areaServed\":[{\"@type\":\"Country\",\"name\":\"Spain\"},{\"@type\":\"AdministrativeArea\",\"name\":\"Costa del Sol\"},{\"@type\":\"City\",\"name\":\"Marbella\"}],\"knowsLanguage\":[\"es\",\"en\",\"nl\",\"fr\"],\"currenciesAccepted\":\"EUR\",\"priceRange\":\"$$\",\"slogan\":\"Seguridad jur\u00eddica. Claridad fiscal. Asesoramiento de confianza.\",\"contactPoint\":[{\"@type\":\"ContactPoint\",\"telephone\":\"+34952775521\",\"email\":\"info@welex.es\",\"contactType\":\"customer service\",\"availableLanguage\":[\"English\",\"Spanish\",\"Dutch\",\"French\"],\"areaServed\":\"ES\"}],\"hasOfferCatalog\":{\"@type\":\"OfferCatalog\",\"name\":\"Servicios legales, fiscales y contables en Espa\u00f1a\",\"itemListElement\":[{\"@type\":\"Offer\",\"itemOffered\":{\"@type\":\"Service\",\"name\":\"Abogados especializados en derecho inmobiliario en Marbella: Compra y venta de inmuebles en Espa\u00f1a\",\"url\":\"https:\\\/\\\/www.welex.es\\\/es\\\/servicio\\\/compra-y-venta-de-inmuebles-en-espana\\\/\"}},{\"@type\":\"Offer\",\"itemOffered\":{\"@type\":\"Service\",\"name\":\"Abogados expertos en Herencias y Testamentos en Marbella\",\"url\":\"https:\\\/\\\/www.welex.es\\\/es\\\/servicio\\\/testamentos-y-herencias-en-espana\\\/\"}},{\"@type\":\"Offer\",\"itemOffered\":{\"@type\":\"Service\",\"name\":\"Empresas y sociedades\",\"url\":\"https:\\\/\\\/www.welex.es\\\/es\\\/servicio\\\/empresas-y-sociedades\\\/\"}},{\"@type\":\"Offer\",\"itemOffered\":{\"@type\":\"Service\",\"name\":\"Asesoramiento laboral\",\"url\":\"https:\\\/\\\/www.welex.es\\\/es\\\/servicio\\\/asesoramiento-laboral\\\/\"}},{\"@type\":\"Offer\",\"itemOffered\":{\"@type\":\"Service\",\"name\":\"Derecho procesal\",\"url\":\"https:\\\/\\\/www.welex.es\\\/es\\\/servicio\\\/derecho-procesal\\\/\"}},{\"@type\":\"Offer\",\"itemOffered\":{\"@type\":\"Service\",\"name\":\"Adquisici\u00f3n de inmuebles para personas no residentes en Espa\u00f1a\",\"url\":\"https:\\\/\\\/www.welex.es\\\/es\\\/servicio\\\/adquisicion-de-inmuebles-para-personas-no-residentes-en-espana\\\/\"}},{\"@type\":\"Offer\",\"itemOffered\":{\"@type\":\"Service\",\"name\":\"Obligaciones fiscales de una sociedad SL\",\"url\":\"https:\\\/\\\/www.welex.es\\\/es\\\/servicio\\\/obligaciones-fiscales-de-una-sociedad-sl\\\/\"}},{\"@type\":\"Offer\",\"itemOffered\":{\"@type\":\"Service\",\"name\":\"Obligaciones Mercantiles de una sociedad SL\",\"url\":\"https:\\\/\\\/www.welex.es\\\/es\\\/servicio\\\/obligaciones-mercantiles-de-una-sociedad-sl\\\/\"}},{\"@type\":\"Offer\",\"itemOffered\":{\"@type\":\"Service\",\"name\":\"Revisi\u00f3n de estados financieros contables\",\"url\":\"https:\\\/\\\/www.welex.es\\\/es\\\/servicio\\\/revision-de-estados-financieros-contables\\\/\"}},{\"@type\":\"Offer\",\"itemOffered\":{\"@type\":\"Service\",\"name\":\"Impuestos\",\"url\":\"https:\\\/\\\/www.welex.es\\\/es\\\/servicio\\\/impuestos\\\/\"}},{\"@type\":\"Offer\",\"itemOffered\":{\"@type\":\"Service\",\"name\":\"Tr\u00e1mites destacados\",\"url\":\"https:\\\/\\\/www.welex.es\\\/es\\\/servicio\\\/tramites-destacados\\\/\"}}]}},{\"@type\":\"Person\",\"@id\":\"https:\\\/\\\/www.welex.es\\\/es\\\/#\\\/schema\\\/person\\\/a63d0e9ba5ab8e6903606fc509960d03\",\"name\":\"Noelia\",\"image\":{\"@type\":\"ImageObject\",\"inLanguage\":\"es\",\"@id\":\"https:\\\/\\\/secure.gravatar.com\\\/avatar\\\/347f4755252771b373551cdfd69b8ff13bf2c1d64cd80997b4502c4224a6c3f1?s=96&d=mm&r=g\",\"url\":\"https:\\\/\\\/secure.gravatar.com\\\/avatar\\\/347f4755252771b373551cdfd69b8ff13bf2c1d64cd80997b4502c4224a6c3f1?s=96&d=mm&r=g\",\"contentUrl\":\"https:\\\/\\\/secure.gravatar.com\\\/avatar\\\/347f4755252771b373551cdfd69b8ff13bf2c1d64cd80997b4502c4224a6c3f1?s=96&d=mm&r=g\",\"caption\":\"Noelia\"}}]}<\/script>\n<!-- \/ Yoast SEO Premium plugin. -->","yoast_head_json":{"title":"La fiesta Holandesa del Arenque en Marbella 2022","description":"La fiesta del arenque, se celebra todos los a\u00f1os en Holanda a finales de junio, como celebraci\u00f3n de la llegada del nuevo arenque procedente de Holanda.","robots":{"index":"index","follow":"follow","max-snippet":"max-snippet:-1","max-image-preview":"max-image-preview:large","max-video-preview":"max-video-preview:-1"},"canonical":"https:\/\/www.welex.es\/es\/la-fiesta-del-arenque-en-marbella-2022\/","og_locale":"es_ES","og_type":"article","og_title":"La fiesta del arenque en Marbella 2022","og_description":"La fiesta del arenque, se celebra todos los a\u00f1os en Holanda a finales de junio, como celebraci\u00f3n de la llegada del nuevo arenque procedente de Holanda.","og_url":"https:\/\/www.welex.es\/es\/la-fiesta-del-arenque-en-marbella-2022\/","og_site_name":"Welex","article_publisher":"https:\/\/www.facebook.com\/WelexLawyersAccountants\/","article_published_time":"2022-06-28T08:12:30+00:00","article_modified_time":"2025-09-09T06:44:27+00:00","og_image":[{"width":1178,"height":1144,"url":"https:\/\/www.welex.es\/wp-content\/uploads\/2022\/06\/Captura-de-pantalla-2022-06-28-a-las-9.41.57.png","type":"image\/png"}],"author":"Noelia","twitter_card":"summary_large_image","twitter_misc":{"Escrito por":"Noelia","Tiempo de lectura":"4 minutos"},"schema":{"@context":"https:\/\/schema.org","@graph":[{"@type":"Article","@id":"https:\/\/www.welex.es\/es\/la-fiesta-del-arenque-en-marbella-2022\/#article","isPartOf":{"@id":"https:\/\/www.welex.es\/es\/la-fiesta-del-arenque-en-marbella-2022\/"},"author":{"name":"Noelia","@id":"https:\/\/www.welex.es\/es\/#\/schema\/person\/a63d0e9ba5ab8e6903606fc509960d03"},"headline":"La fiesta del arenque en Marbella 2022","datePublished":"2022-06-28T08:12:30+00:00","dateModified":"2025-09-09T06:44:27+00:00","mainEntityOfPage":{"@id":"https:\/\/www.welex.es\/es\/la-fiesta-del-arenque-en-marbella-2022\/"},"wordCount":656,"publisher":{"@id":"https:\/\/www.welex.es\/#organization"},"image":{"@id":"https:\/\/www.welex.es\/es\/la-fiesta-del-arenque-en-marbella-2022\/#primaryimage"},"thumbnailUrl":"https:\/\/www.welex.es\/wp-content\/uploads\/2022\/06\/Captura-de-pantalla-2022-06-28-a-las-9.41.57.png","articleSection":["Turismo y Cultura en Espa\u00f1a"],"inLanguage":"es"},{"@type":"WebPage","@id":"https:\/\/www.welex.es\/es\/la-fiesta-del-arenque-en-marbella-2022\/","url":"https:\/\/www.welex.es\/es\/la-fiesta-del-arenque-en-marbella-2022\/","name":"La fiesta Holandesa del Arenque en Marbella 2022","isPartOf":{"@id":"https:\/\/www.welex.es\/es\/#website"},"primaryImageOfPage":{"@id":"https:\/\/www.welex.es\/es\/la-fiesta-del-arenque-en-marbella-2022\/#primaryimage"},"image":{"@id":"https:\/\/www.welex.es\/es\/la-fiesta-del-arenque-en-marbella-2022\/#primaryimage"},"thumbnailUrl":"https:\/\/www.welex.es\/wp-content\/uploads\/2022\/06\/Captura-de-pantalla-2022-06-28-a-las-9.41.57.png","datePublished":"2022-06-28T08:12:30+00:00","dateModified":"2025-09-09T06:44:27+00:00","description":"La fiesta del arenque, se celebra todos los a\u00f1os en Holanda a finales de junio, como celebraci\u00f3n de la llegada del nuevo arenque procedente de Holanda.","breadcrumb":{"@id":"https:\/\/www.welex.es\/es\/la-fiesta-del-arenque-en-marbella-2022\/#breadcrumb"},"inLanguage":"es","potentialAction":[{"@type":"ReadAction","target":["https:\/\/www.welex.es\/es\/la-fiesta-del-arenque-en-marbella-2022\/"]}]},{"@type":"ImageObject","inLanguage":"es","@id":"https:\/\/www.welex.es\/es\/la-fiesta-del-arenque-en-marbella-2022\/#primaryimage","url":"https:\/\/www.welex.es\/wp-content\/uploads\/2022\/06\/Captura-de-pantalla-2022-06-28-a-las-9.41.57.png","contentUrl":"https:\/\/www.welex.es\/wp-content\/uploads\/2022\/06\/Captura-de-pantalla-2022-06-28-a-las-9.41.57.png","width":1178,"height":1144},{"@type":"BreadcrumbList","@id":"https:\/\/www.welex.es\/es\/la-fiesta-del-arenque-en-marbella-2022\/#breadcrumb","itemListElement":[{"@type":"ListItem","position":1,"name":"Home","item":"https:\/\/www.welex.es\/es\/"},{"@type":"ListItem","position":2,"name":"La fiesta del arenque en Marbella 2022"}]},{"@type":"WebSite","@id":"https:\/\/www.welex.es\/es\/#website","url":"https:\/\/www.welex.es\/es\/","name":"Welex","description":"","publisher":{"@id":"https:\/\/www.welex.es\/#organization"},"potentialAction":[{"@type":"SearchAction","target":{"@type":"EntryPoint","urlTemplate":"https:\/\/www.welex.es\/es\/?s={search_term_string}"},"query-input":{"@type":"PropertyValueSpecification","valueRequired":true,"valueName":"search_term_string"}}],"inLanguage":"es"},{"@type":["Organization","LegalService"],"@id":"https:\/\/www.welex.es\/#organization","name":"Welex","url":"https:\/\/www.welex.es\/","logo":{"@type":"ImageObject","inLanguage":"es","@id":"https:\/\/www.welex.es\/#\/schema\/logo\/image\/","url":"https:\/\/www.welex.es\/wp-content\/uploads\/2025\/05\/LOGOWELEXCORRECTO.png","contentUrl":"https:\/\/www.welex.es\/wp-content\/uploads\/2025\/05\/LOGOWELEXCORRECTO.png","width":2147,"height":771,"caption":"Welex"},"image":{"@id":"https:\/\/www.welex.es\/#\/schema\/logo\/image\/"},"sameAs":["https:\/\/www.facebook.com\/WelexLawyersAccountants\/","https:\/\/www.linkedin.com\/company\/welex\/","https:\/\/www.instagram.com\/welex.lawyers\/","https:\/\/www.tiktok.com\/@welex_lawyers_marbella","https:\/\/lawyerscostadelsol.com\/","https:\/\/www.accountant-spain.com\/","https:\/\/welex-solicitors.com\/"],"description":"Law firm in Marbella providing legal, tax, labour and accounting advice to individuals and companies in Spain, with over 20 years of experience.","email":"info@welex.es","telephone":"+34952775521","legalName":"Tr\u00e1mites Costa, S.L.","numberOfEmployees":{"@type":"QuantitativeValue","minValue":"11","maxValue":"50"},"address":{"@type":"PostalAddress","streetAddress":"Calle Ram\u00f3n G\u00f3mez de la Serna 23, Local 7","addressLocality":"Marbella","addressRegion":"M\u00e1laga","postalCode":"29602","addressCountry":"ES"},"geo":{"@type":"GeoCoordinates","latitude":36.5095366,"longitude":-4.8985745},"hasMap":"https:\/\/www.google.com\/maps\/search\/?api=1&query=Welex+Marbella","openingHoursSpecification":[{"@type":"OpeningHoursSpecification","dayOfWeek":["Monday","Tuesday","Wednesday","Thursday"],"opens":"08:30","closes":"17:00"},{"@type":"OpeningHoursSpecification","dayOfWeek":"Friday","opens":"08:30","closes":"14:30"}],"areaServed":[{"@type":"Country","name":"Spain"},{"@type":"AdministrativeArea","name":"Costa del Sol"},{"@type":"City","name":"Marbella"}],"knowsLanguage":["es","en","nl","fr"],"currenciesAccepted":"EUR","priceRange":"$$","slogan":"Seguridad jur\u00eddica. Claridad fiscal. Asesoramiento de confianza.","contactPoint":[{"@type":"ContactPoint","telephone":"+34952775521","email":"info@welex.es","contactType":"customer service","availableLanguage":["English","Spanish","Dutch","French"],"areaServed":"ES"}],"hasOfferCatalog":{"@type":"OfferCatalog","name":"Servicios legales, fiscales y contables en Espa\u00f1a","itemListElement":[{"@type":"Offer","itemOffered":{"@type":"Service","name":"Abogados especializados en derecho inmobiliario en Marbella: Compra y venta de inmuebles en Espa\u00f1a","url":"https:\/\/www.welex.es\/es\/servicio\/compra-y-venta-de-inmuebles-en-espana\/"}},{"@type":"Offer","itemOffered":{"@type":"Service","name":"Abogados expertos en Herencias y Testamentos en Marbella","url":"https:\/\/www.welex.es\/es\/servicio\/testamentos-y-herencias-en-espana\/"}},{"@type":"Offer","itemOffered":{"@type":"Service","name":"Empresas y sociedades","url":"https:\/\/www.welex.es\/es\/servicio\/empresas-y-sociedades\/"}},{"@type":"Offer","itemOffered":{"@type":"Service","name":"Asesoramiento laboral","url":"https:\/\/www.welex.es\/es\/servicio\/asesoramiento-laboral\/"}},{"@type":"Offer","itemOffered":{"@type":"Service","name":"Derecho procesal","url":"https:\/\/www.welex.es\/es\/servicio\/derecho-procesal\/"}},{"@type":"Offer","itemOffered":{"@type":"Service","name":"Adquisici\u00f3n de inmuebles para personas no residentes en Espa\u00f1a","url":"https:\/\/www.welex.es\/es\/servicio\/adquisicion-de-inmuebles-para-personas-no-residentes-en-espana\/"}},{"@type":"Offer","itemOffered":{"@type":"Service","name":"Obligaciones fiscales de una sociedad SL","url":"https:\/\/www.welex.es\/es\/servicio\/obligaciones-fiscales-de-una-sociedad-sl\/"}},{"@type":"Offer","itemOffered":{"@type":"Service","name":"Obligaciones Mercantiles de una sociedad SL","url":"https:\/\/www.welex.es\/es\/servicio\/obligaciones-mercantiles-de-una-sociedad-sl\/"}},{"@type":"Offer","itemOffered":{"@type":"Service","name":"Revisi\u00f3n de estados financieros contables","url":"https:\/\/www.welex.es\/es\/servicio\/revision-de-estados-financieros-contables\/"}},{"@type":"Offer","itemOffered":{"@type":"Service","name":"Impuestos","url":"https:\/\/www.welex.es\/es\/servicio\/impuestos\/"}},{"@type":"Offer","itemOffered":{"@type":"Service","name":"Tr\u00e1mites destacados","url":"https:\/\/www.welex.es\/es\/servicio\/tramites-destacados\/"}}]}},{"@type":"Person","@id":"https:\/\/www.welex.es\/es\/#\/schema\/person\/a63d0e9ba5ab8e6903606fc509960d03","name":"Noelia","image":{"@type":"ImageObject","inLanguage":"es","@id":"https:\/\/secure.gravatar.com\/avatar\/347f4755252771b373551cdfd69b8ff13bf2c1d64cd80997b4502c4224a6c3f1?s=96&d=mm&r=g","url":"https:\/\/secure.gravatar.com\/avatar\/347f4755252771b373551cdfd69b8ff13bf2c1d64cd80997b4502c4224a6c3f1?s=96&d=mm&r=g","contentUrl":"https:\/\/secure.gravatar.com\/avatar\/347f4755252771b373551cdfd69b8ff13bf2c1d64cd80997b4502c4224a6c3f1?s=96&d=mm&r=g","caption":"Noelia"}}]}},"_links":{"self":[{"href":"https:\/\/www.welex.es\/es\/wp-json\/wp\/v2\/posts\/18365","targetHints":{"allow":["GET"]}}],"collection":[{"href":"https:\/\/www.welex.es\/es\/wp-json\/wp\/v2\/posts"}],"about":[{"href":"https:\/\/www.welex.es\/es\/wp-json\/wp\/v2\/types\/post"}],"author":[{"embeddable":true,"href":"https:\/\/www.welex.es\/es\/wp-json\/wp\/v2\/users\/2"}],"replies":[{"embeddable":true,"href":"https:\/\/www.welex.es\/es\/wp-json\/wp\/v2\/comments?post=18365"}],"version-history":[{"count":0,"href":"https:\/\/www.welex.es\/es\/wp-json\/wp\/v2\/posts\/18365\/revisions"}],"wp:featuredmedia":[{"embeddable":true,"href":"https:\/\/www.welex.es\/es\/wp-json\/wp\/v2\/media\/18366"}],"wp:attachment":[{"href":"https:\/\/www.welex.es\/es\/wp-json\/wp\/v2\/media?parent=18365"}],"wp:term":[{"taxonomy":"category","embeddable":true,"href":"https:\/\/www.welex.es\/es\/wp-json\/wp\/v2\/categories?post=18365"},{"taxonomy":"post_tag","embeddable":true,"href":"https:\/\/www.welex.es\/es\/wp-json\/wp\/v2\/tags?post=18365"}],"curies":[{"name":"wp","href":"https:\/\/api.w.org\/{rel}","templated":true}]}}