{"id":19240,"date":"2023-07-03T11:27:11","date_gmt":"2023-07-03T11:27:11","guid":{"rendered":"https:\/\/www.welex.es\/?p=19240\/"},"modified":"2025-09-09T06:25:00","modified_gmt":"2025-09-09T06:25:00","slug":"fiesta-haring-2023","status":"publish","type":"post","link":"https:\/\/www.welex.es\/es\/fiesta-haring-2023\/","title":{"rendered":"FIESTA HARING 2023"},"content":{"rendered":"<p>El pasado 17 de junio, el <a href=\"https:\/\/marbelladutchbusinessclub.nl\/\">Marbella Dutch Business Club (MDBC)<\/a> conmemor\u00f3 su vig\u00e9simo aniversario con una bonita celebraci\u00f3n conocida como la Fiesta Haring. El evento atrajo a un amplio n\u00famero de personas, con cerca de 250 asistentes. Entre los distinguidos invitados se encontraba <a href=\"https:\/\/www.welex.es\/es\/\"><strong>Welex<\/strong><\/a>, destacada firma de abogados y contables con sede en Marbella, que no s\u00f3lo particip\u00f3 como invitado de honor, sino que tambi\u00e9n tuvo el privilegio de patrocinar el evento.<\/p>\n<div style=\"width: 800px;\" class=\"wp-video\"><video class=\"wp-video-shortcode\" id=\"video-19240-1\" width=\"800\" height=\"453\" preload=\"metadata\" controls=\"controls\"><source type=\"video\/mp4\" src=\"https:\/\/www.welex.es\/wp-content\/uploads\/2023\/07\/VIDEO-2023-06-22-11-52-49-1.mp4?_=1\" \/><a href=\"https:\/\/www.welex.es\/wp-content\/uploads\/2023\/07\/VIDEO-2023-06-22-11-52-49-1.mp4\">https:\/\/www.welex.es\/wp-content\/uploads\/2023\/07\/VIDEO-2023-06-22-11-52-49-1.mp4<\/a><\/video><\/div>\n<p>La Fiesta Haring en Marbella, celebrada por el Marbella Dutch Business Club, es un destacado encuentro social que re\u00fane a miembros de la comunidad empresarial holandesa en Marbella, Espa\u00f1a. Este exclusivo evento sirve de plataforma para establecer contactos, fomentar las conexiones y promover las relaciones empresariales en un ambiente festivo.<\/p>\n<p>La Haring Party es un homenaje a las tradiciones holandesas, en particular al pescado haring (arenque), que tiene un significado cultural en los Pa\u00edses Bajos. Los invitados tienen la oportunidad de deleitarse con las mejores delicias de arenque, acompa\u00f1adas de bebidas y platos tradicionales holandeses.<\/p>\n<p>M\u00e1s all\u00e1 de sus elementos culturales, la Haring Party es tambi\u00e9n un evento orientado a los negocios. Entre los asistentes hay empresarios, profesionales y personas influyentes, lo que crea un ambiente propicio para establecer conexiones valiosas y explorar posibles colaboraciones.<\/p>\n<p>El evento se caracteriza por su ambiente animado, con actuaciones musicales en directo, y actos de entretenimiento que crean una experiencia atractiva para los asistentes. Sirve de plataforma para celebrar la cultura holandesa, estrechar lazos empresariales y disfrutar de la vibrante escena social de Marbella.<\/p>\n<p>La Haring Party es una ocasi\u00f3n en la que los negocios y el placer se entrelazan a la perfecci\u00f3n, dejando a los asistentes buenos recuerdos y fomentando un sentimiento de comunidad entre la sociedad empresarial holandesa de Marbella.<\/p>\n<p>La caridad es muy importante para el Marbella Dutch Business Club. Los fondos recaudados entre los miembros se destinan cada dos a\u00f1os a una organizaci\u00f3n ben\u00e9fica de Andaluc\u00eda. Este a\u00f1o Cudeca es la organizaci\u00f3n ben\u00e9fica del club. Anteriormente fueron Debra, Free a girl, y Bancosol (banco de alimentos).<\/p>\n<p>Como es habitual, el premio al sombrero m\u00e1s bonito acapara la atenci\u00f3n en la Fiesta Haring de Marbella, cautivando la atenci\u00f3n de todos los asistentes. Esta apreciada tradici\u00f3n sigue vigente en la edici\u00f3n 2023 del evento, a\u00f1adiendo un toque extra de elegancia y encanto a la fiesta. Cada a\u00f1o, los mejores sombreros son exhibidos y admirados por su estilo y artesan\u00eda. La competici\u00f3n por el sombrero de pamela m\u00e1s bonita crea un ambiente de emoci\u00f3n, ya que los participantes se esfuerzan por cautivar a los jueces y a los dem\u00e1s asistentes a la fiesta. Es una parte importante de la Fiesta Haring, que realza a\u00fan m\u00e1s el agradable ambiente y proporciona un espect\u00e1culo encantador para que todos disfruten.<\/p>\n<p><strong>El Premio Arenque de Oro<\/strong><\/p>\n<p>Este a\u00f1o, Mr. Kasper Huijsman fue galardonado con la prestigiosa estatuilla dorada en el evento, en reconocimiento a su notable dedicaci\u00f3n para acoger y promover la cultura holandesa en la Costa del Sol. Este premio, que se concede anualmente, sirve de homenaje a las personas que han realizado esfuerzos excepcionales para integrar las influencias culturales holandesas en la regi\u00f3n.<\/p>\n","protected":false},"excerpt":{"rendered":"<p>El pasado 17 de junio, el Marbella Dutch Business Club (MDBC) conmemor\u00f3 su vig\u00e9simo aniversario con una bonita celebraci\u00f3n conocida como la Fiesta Haring. El evento atrajo a un amplio n\u00famero de personas, con cerca de 250 asistentes. Entre los distinguidos invitados se encontraba Welex, destacada firma de abogados y contables con sede en Marbella, [&hellip;]<\/p>\n","protected":false},"author":2,"featured_media":19242,"comment_status":"closed","ping_status":"closed","sticky":false,"template":"","format":"standard","meta":{"_acf_changed":false,"footnotes":""},"categories":[233],"tags":[643,796,642],"class_list":["post-19240","post","type-post","status-publish","format-standard","has-post-thumbnail","hentry","category-turismo-y-cultura-en-espana","tag-fiesta-harng-2023","tag-haring-party-2023-2","tag-fiesta-haring"],"acf":[],"yoast_head":"<!-- This site is optimized with the Yoast SEO Premium plugin v27.9 (Yoast SEO v27.9) - https:\/\/yoast.com\/product\/yoast-seo-premium-wordpress\/ -->\n<title>Fiesta Haring 2023 | Welex abogados y economistas<\/title>\n<meta name=\"description\" content=\"El pasado 17 de junio, el Marbella Dutch Business Club (MDBC) conmemor\u00f3 su vig\u00e9simo aniversario con una bonita celebraci\u00f3n conocida como la Fiesta Haring.\" \/>\n<meta name=\"robots\" content=\"index, follow, max-snippet:-1, max-image-preview:large, max-video-preview:-1\" \/>\n<link rel=\"canonical\" href=\"https:\/\/www.welex.es\/es\/fiesta-haring-2023\/\" \/>\n<meta property=\"og:locale\" content=\"es_ES\" \/>\n<meta property=\"og:type\" content=\"article\" \/>\n<meta property=\"og:title\" content=\"FIESTA HARING 2023\" \/>\n<meta property=\"og:description\" content=\"El pasado 17 de junio, el Marbella Dutch Business Club (MDBC) conmemor\u00f3 su vig\u00e9simo aniversario con una bonita celebraci\u00f3n conocida como la Fiesta Haring.\" \/>\n<meta property=\"og:url\" content=\"https:\/\/www.welex.es\/es\/fiesta-haring-2023\/\" \/>\n<meta property=\"og:site_name\" content=\"Welex\" \/>\n<meta property=\"article:publisher\" content=\"https:\/\/www.facebook.com\/WelexLawyersAccountants\/\" \/>\n<meta property=\"article:published_time\" content=\"2023-07-03T11:27:11+00:00\" \/>\n<meta property=\"article:modified_time\" content=\"2025-09-09T06:25:00+00:00\" \/>\n<meta property=\"og:image\" content=\"https:\/\/www.welex.es\/wp-content\/uploads\/2023\/07\/Facebooklinkedinblogs-Welex-29.png\" \/>\n\t<meta property=\"og:image:width\" content=\"1024\" \/>\n\t<meta property=\"og:image:height\" content=\"768\" \/>\n\t<meta property=\"og:image:type\" content=\"image\/png\" \/>\n<meta name=\"author\" content=\"Noelia\" \/>\n<meta name=\"twitter:card\" content=\"summary_large_image\" \/>\n<meta name=\"twitter:label1\" content=\"Escrito por\" \/>\n\t<meta name=\"twitter:data1\" content=\"Noelia\" \/>\n\t<meta name=\"twitter:label2\" content=\"Tiempo de lectura\" \/>\n\t<meta name=\"twitter:data2\" content=\"3 minutos\" \/>\n<script type=\"application\/ld+json\" class=\"yoast-schema-graph\">{\"@context\":\"https:\\\/\\\/schema.org\",\"@graph\":[{\"@type\":\"Article\",\"@id\":\"https:\\\/\\\/www.welex.es\\\/es\\\/fiesta-haring-2023\\\/#article\",\"isPartOf\":{\"@id\":\"https:\\\/\\\/www.welex.es\\\/es\\\/fiesta-haring-2023\\\/\"},\"author\":{\"name\":\"Noelia\",\"@id\":\"https:\\\/\\\/www.welex.es\\\/es\\\/#\\\/schema\\\/person\\\/a63d0e9ba5ab8e6903606fc509960d03\"},\"headline\":\"FIESTA HARING 2023\",\"datePublished\":\"2023-07-03T11:27:11+00:00\",\"dateModified\":\"2025-09-09T06:25:00+00:00\",\"mainEntityOfPage\":{\"@id\":\"https:\\\/\\\/www.welex.es\\\/es\\\/fiesta-haring-2023\\\/\"},\"wordCount\":577,\"publisher\":{\"@id\":\"https:\\\/\\\/www.welex.es\\\/#organization\"},\"image\":{\"@id\":\"https:\\\/\\\/www.welex.es\\\/es\\\/fiesta-haring-2023\\\/#primaryimage\"},\"thumbnailUrl\":\"https:\\\/\\\/www.welex.es\\\/wp-content\\\/uploads\\\/2023\\\/07\\\/Facebooklinkedinblogs-Welex-29.png\",\"keywords\":[\"FIESTA HARNG 2023\",\"haring party 2023\",\"fiesta haring\"],\"articleSection\":[\"Turismo y Cultura en Espa\u00f1a\"],\"inLanguage\":\"es\"},{\"@type\":\"WebPage\",\"@id\":\"https:\\\/\\\/www.welex.es\\\/es\\\/fiesta-haring-2023\\\/\",\"url\":\"https:\\\/\\\/www.welex.es\\\/es\\\/fiesta-haring-2023\\\/\",\"name\":\"Fiesta Haring 2023 | Welex abogados y economistas\",\"isPartOf\":{\"@id\":\"https:\\\/\\\/www.welex.es\\\/es\\\/#website\"},\"primaryImageOfPage\":{\"@id\":\"https:\\\/\\\/www.welex.es\\\/es\\\/fiesta-haring-2023\\\/#primaryimage\"},\"image\":{\"@id\":\"https:\\\/\\\/www.welex.es\\\/es\\\/fiesta-haring-2023\\\/#primaryimage\"},\"thumbnailUrl\":\"https:\\\/\\\/www.welex.es\\\/wp-content\\\/uploads\\\/2023\\\/07\\\/Facebooklinkedinblogs-Welex-29.png\",\"datePublished\":\"2023-07-03T11:27:11+00:00\",\"dateModified\":\"2025-09-09T06:25:00+00:00\",\"description\":\"El pasado 17 de junio, el Marbella Dutch Business Club (MDBC) conmemor\u00f3 su vig\u00e9simo aniversario con una bonita celebraci\u00f3n conocida como la Fiesta Haring.\",\"breadcrumb\":{\"@id\":\"https:\\\/\\\/www.welex.es\\\/es\\\/fiesta-haring-2023\\\/#breadcrumb\"},\"inLanguage\":\"es\",\"potentialAction\":[{\"@type\":\"ReadAction\",\"target\":[\"https:\\\/\\\/www.welex.es\\\/es\\\/fiesta-haring-2023\\\/\"]}]},{\"@type\":\"ImageObject\",\"inLanguage\":\"es\",\"@id\":\"https:\\\/\\\/www.welex.es\\\/es\\\/fiesta-haring-2023\\\/#primaryimage\",\"url\":\"https:\\\/\\\/www.welex.es\\\/wp-content\\\/uploads\\\/2023\\\/07\\\/Facebooklinkedinblogs-Welex-29.png\",\"contentUrl\":\"https:\\\/\\\/www.welex.es\\\/wp-content\\\/uploads\\\/2023\\\/07\\\/Facebooklinkedinblogs-Welex-29.png\",\"width\":1024,\"height\":768},{\"@type\":\"BreadcrumbList\",\"@id\":\"https:\\\/\\\/www.welex.es\\\/es\\\/fiesta-haring-2023\\\/#breadcrumb\",\"itemListElement\":[{\"@type\":\"ListItem\",\"position\":1,\"name\":\"Home\",\"item\":\"https:\\\/\\\/www.welex.es\\\/es\\\/\"},{\"@type\":\"ListItem\",\"position\":2,\"name\":\"FIESTA HARING 2023\"}]},{\"@type\":\"WebSite\",\"@id\":\"https:\\\/\\\/www.welex.es\\\/es\\\/#website\",\"url\":\"https:\\\/\\\/www.welex.es\\\/es\\\/\",\"name\":\"Welex\",\"description\":\"\",\"publisher\":{\"@id\":\"https:\\\/\\\/www.welex.es\\\/#organization\"},\"potentialAction\":[{\"@type\":\"SearchAction\",\"target\":{\"@type\":\"EntryPoint\",\"urlTemplate\":\"https:\\\/\\\/www.welex.es\\\/es\\\/?s={search_term_string}\"},\"query-input\":{\"@type\":\"PropertyValueSpecification\",\"valueRequired\":true,\"valueName\":\"search_term_string\"}}],\"inLanguage\":\"es\"},{\"@type\":[\"Organization\",\"LegalService\"],\"@id\":\"https:\\\/\\\/www.welex.es\\\/#organization\",\"name\":\"Welex\",\"url\":\"https:\\\/\\\/www.welex.es\\\/\",\"logo\":{\"@type\":\"ImageObject\",\"inLanguage\":\"es\",\"@id\":\"https:\\\/\\\/www.welex.es\\\/#\\\/schema\\\/logo\\\/image\\\/\",\"url\":\"https:\\\/\\\/www.welex.es\\\/wp-content\\\/uploads\\\/2025\\\/05\\\/LOGOWELEXCORRECTO.png\",\"contentUrl\":\"https:\\\/\\\/www.welex.es\\\/wp-content\\\/uploads\\\/2025\\\/05\\\/LOGOWELEXCORRECTO.png\",\"width\":2147,\"height\":771,\"caption\":\"Welex\"},\"image\":{\"@id\":\"https:\\\/\\\/www.welex.es\\\/#\\\/schema\\\/logo\\\/image\\\/\"},\"sameAs\":[\"https:\\\/\\\/www.facebook.com\\\/WelexLawyersAccountants\\\/\",\"https:\\\/\\\/www.linkedin.com\\\/company\\\/welex\\\/\",\"https:\\\/\\\/www.instagram.com\\\/welex.lawyers\\\/\",\"https:\\\/\\\/www.tiktok.com\\\/@welex_lawyers_marbella\",\"https:\\\/\\\/lawyerscostadelsol.com\\\/\",\"https:\\\/\\\/www.accountant-spain.com\\\/\",\"https:\\\/\\\/welex-solicitors.com\\\/\"],\"description\":\"Law firm in Marbella providing legal, tax, labour and accounting advice to individuals and companies in Spain, with over 20 years of experience.\",\"email\":\"info@welex.es\",\"telephone\":\"+34952775521\",\"legalName\":\"Tr\u00e1mites Costa, S.L.\",\"numberOfEmployees\":{\"@type\":\"QuantitativeValue\",\"minValue\":\"11\",\"maxValue\":\"50\"},\"address\":{\"@type\":\"PostalAddress\",\"streetAddress\":\"Calle Ram\u00f3n G\u00f3mez de la Serna 23, Local 7\",\"addressLocality\":\"Marbella\",\"addressRegion\":\"M\u00e1laga\",\"postalCode\":\"29602\",\"addressCountry\":\"ES\"},\"geo\":{\"@type\":\"GeoCoordinates\",\"latitude\":36.5095366,\"longitude\":-4.8985745},\"hasMap\":\"https:\\\/\\\/www.google.com\\\/maps\\\/search\\\/?api=1&query=Welex+Marbella\",\"openingHoursSpecification\":[{\"@type\":\"OpeningHoursSpecification\",\"dayOfWeek\":[\"Monday\",\"Tuesday\",\"Wednesday\",\"Thursday\"],\"opens\":\"08:30\",\"closes\":\"17:00\"},{\"@type\":\"OpeningHoursSpecification\",\"dayOfWeek\":\"Friday\",\"opens\":\"08:30\",\"closes\":\"14:30\"}],\"areaServed\":[{\"@type\":\"Country\",\"name\":\"Spain\"},{\"@type\":\"AdministrativeArea\",\"name\":\"Costa del Sol\"},{\"@type\":\"City\",\"name\":\"Marbella\"}],\"knowsLanguage\":[\"es\",\"en\",\"nl\",\"fr\"],\"currenciesAccepted\":\"EUR\",\"priceRange\":\"$$\",\"slogan\":\"Seguridad jur\u00eddica. Claridad fiscal. Asesoramiento de confianza.\",\"contactPoint\":[{\"@type\":\"ContactPoint\",\"telephone\":\"+34952775521\",\"email\":\"info@welex.es\",\"contactType\":\"customer service\",\"availableLanguage\":[\"English\",\"Spanish\",\"Dutch\",\"French\"],\"areaServed\":\"ES\"}],\"hasOfferCatalog\":{\"@type\":\"OfferCatalog\",\"name\":\"Servicios legales, fiscales y contables en Espa\u00f1a\",\"itemListElement\":[{\"@type\":\"Offer\",\"itemOffered\":{\"@type\":\"Service\",\"name\":\"Abogados especializados en derecho inmobiliario en Marbella: Compra y venta de inmuebles en Espa\u00f1a\",\"url\":\"https:\\\/\\\/www.welex.es\\\/es\\\/servicio\\\/compra-y-venta-de-inmuebles-en-espana\\\/\"}},{\"@type\":\"Offer\",\"itemOffered\":{\"@type\":\"Service\",\"name\":\"Abogados expertos en Herencias y Testamentos en Marbella\",\"url\":\"https:\\\/\\\/www.welex.es\\\/es\\\/servicio\\\/testamentos-y-herencias-en-espana\\\/\"}},{\"@type\":\"Offer\",\"itemOffered\":{\"@type\":\"Service\",\"name\":\"Empresas y sociedades\",\"url\":\"https:\\\/\\\/www.welex.es\\\/es\\\/servicio\\\/empresas-y-sociedades\\\/\"}},{\"@type\":\"Offer\",\"itemOffered\":{\"@type\":\"Service\",\"name\":\"Asesoramiento laboral\",\"url\":\"https:\\\/\\\/www.welex.es\\\/es\\\/servicio\\\/asesoramiento-laboral\\\/\"}},{\"@type\":\"Offer\",\"itemOffered\":{\"@type\":\"Service\",\"name\":\"Derecho procesal\",\"url\":\"https:\\\/\\\/www.welex.es\\\/es\\\/servicio\\\/derecho-procesal\\\/\"}},{\"@type\":\"Offer\",\"itemOffered\":{\"@type\":\"Service\",\"name\":\"Adquisici\u00f3n de inmuebles para personas no residentes en Espa\u00f1a\",\"url\":\"https:\\\/\\\/www.welex.es\\\/es\\\/servicio\\\/adquisicion-de-inmuebles-para-personas-no-residentes-en-espana\\\/\"}},{\"@type\":\"Offer\",\"itemOffered\":{\"@type\":\"Service\",\"name\":\"Obligaciones fiscales de una sociedad SL\",\"url\":\"https:\\\/\\\/www.welex.es\\\/es\\\/servicio\\\/obligaciones-fiscales-de-una-sociedad-sl\\\/\"}},{\"@type\":\"Offer\",\"itemOffered\":{\"@type\":\"Service\",\"name\":\"Obligaciones Mercantiles de una sociedad SL\",\"url\":\"https:\\\/\\\/www.welex.es\\\/es\\\/servicio\\\/obligaciones-mercantiles-de-una-sociedad-sl\\\/\"}},{\"@type\":\"Offer\",\"itemOffered\":{\"@type\":\"Service\",\"name\":\"Revisi\u00f3n de estados financieros contables\",\"url\":\"https:\\\/\\\/www.welex.es\\\/es\\\/servicio\\\/revision-de-estados-financieros-contables\\\/\"}},{\"@type\":\"Offer\",\"itemOffered\":{\"@type\":\"Service\",\"name\":\"Impuestos\",\"url\":\"https:\\\/\\\/www.welex.es\\\/es\\\/servicio\\\/impuestos\\\/\"}},{\"@type\":\"Offer\",\"itemOffered\":{\"@type\":\"Service\",\"name\":\"Tr\u00e1mites destacados\",\"url\":\"https:\\\/\\\/www.welex.es\\\/es\\\/servicio\\\/tramites-destacados\\\/\"}}]}},{\"@type\":\"Person\",\"@id\":\"https:\\\/\\\/www.welex.es\\\/es\\\/#\\\/schema\\\/person\\\/a63d0e9ba5ab8e6903606fc509960d03\",\"name\":\"Noelia\",\"image\":{\"@type\":\"ImageObject\",\"inLanguage\":\"es\",\"@id\":\"https:\\\/\\\/secure.gravatar.com\\\/avatar\\\/347f4755252771b373551cdfd69b8ff13bf2c1d64cd80997b4502c4224a6c3f1?s=96&d=mm&r=g\",\"url\":\"https:\\\/\\\/secure.gravatar.com\\\/avatar\\\/347f4755252771b373551cdfd69b8ff13bf2c1d64cd80997b4502c4224a6c3f1?s=96&d=mm&r=g\",\"contentUrl\":\"https:\\\/\\\/secure.gravatar.com\\\/avatar\\\/347f4755252771b373551cdfd69b8ff13bf2c1d64cd80997b4502c4224a6c3f1?s=96&d=mm&r=g\",\"caption\":\"Noelia\"}}]}<\/script>\n<!-- \/ Yoast SEO Premium plugin. -->","yoast_head_json":{"title":"Fiesta Haring 2023 | Welex abogados y economistas","description":"El pasado 17 de junio, el Marbella Dutch Business Club (MDBC) conmemor\u00f3 su vig\u00e9simo aniversario con una bonita celebraci\u00f3n conocida como la Fiesta Haring.","robots":{"index":"index","follow":"follow","max-snippet":"max-snippet:-1","max-image-preview":"max-image-preview:large","max-video-preview":"max-video-preview:-1"},"canonical":"https:\/\/www.welex.es\/es\/fiesta-haring-2023\/","og_locale":"es_ES","og_type":"article","og_title":"FIESTA HARING 2023","og_description":"El pasado 17 de junio, el Marbella Dutch Business Club (MDBC) conmemor\u00f3 su vig\u00e9simo aniversario con una bonita celebraci\u00f3n conocida como la Fiesta Haring.","og_url":"https:\/\/www.welex.es\/es\/fiesta-haring-2023\/","og_site_name":"Welex","article_publisher":"https:\/\/www.facebook.com\/WelexLawyersAccountants\/","article_published_time":"2023-07-03T11:27:11+00:00","article_modified_time":"2025-09-09T06:25:00+00:00","og_image":[{"width":1024,"height":768,"url":"https:\/\/www.welex.es\/wp-content\/uploads\/2023\/07\/Facebooklinkedinblogs-Welex-29.png","type":"image\/png"}],"author":"Noelia","twitter_card":"summary_large_image","twitter_misc":{"Escrito por":"Noelia","Tiempo de lectura":"3 minutos"},"schema":{"@context":"https:\/\/schema.org","@graph":[{"@type":"Article","@id":"https:\/\/www.welex.es\/es\/fiesta-haring-2023\/#article","isPartOf":{"@id":"https:\/\/www.welex.es\/es\/fiesta-haring-2023\/"},"author":{"name":"Noelia","@id":"https:\/\/www.welex.es\/es\/#\/schema\/person\/a63d0e9ba5ab8e6903606fc509960d03"},"headline":"FIESTA HARING 2023","datePublished":"2023-07-03T11:27:11+00:00","dateModified":"2025-09-09T06:25:00+00:00","mainEntityOfPage":{"@id":"https:\/\/www.welex.es\/es\/fiesta-haring-2023\/"},"wordCount":577,"publisher":{"@id":"https:\/\/www.welex.es\/#organization"},"image":{"@id":"https:\/\/www.welex.es\/es\/fiesta-haring-2023\/#primaryimage"},"thumbnailUrl":"https:\/\/www.welex.es\/wp-content\/uploads\/2023\/07\/Facebooklinkedinblogs-Welex-29.png","keywords":["FIESTA HARNG 2023","haring party 2023","fiesta haring"],"articleSection":["Turismo y Cultura en Espa\u00f1a"],"inLanguage":"es"},{"@type":"WebPage","@id":"https:\/\/www.welex.es\/es\/fiesta-haring-2023\/","url":"https:\/\/www.welex.es\/es\/fiesta-haring-2023\/","name":"Fiesta Haring 2023 | Welex abogados y economistas","isPartOf":{"@id":"https:\/\/www.welex.es\/es\/#website"},"primaryImageOfPage":{"@id":"https:\/\/www.welex.es\/es\/fiesta-haring-2023\/#primaryimage"},"image":{"@id":"https:\/\/www.welex.es\/es\/fiesta-haring-2023\/#primaryimage"},"thumbnailUrl":"https:\/\/www.welex.es\/wp-content\/uploads\/2023\/07\/Facebooklinkedinblogs-Welex-29.png","datePublished":"2023-07-03T11:27:11+00:00","dateModified":"2025-09-09T06:25:00+00:00","description":"El pasado 17 de junio, el Marbella Dutch Business Club (MDBC) conmemor\u00f3 su vig\u00e9simo aniversario con una bonita celebraci\u00f3n conocida como la Fiesta Haring.","breadcrumb":{"@id":"https:\/\/www.welex.es\/es\/fiesta-haring-2023\/#breadcrumb"},"inLanguage":"es","potentialAction":[{"@type":"ReadAction","target":["https:\/\/www.welex.es\/es\/fiesta-haring-2023\/"]}]},{"@type":"ImageObject","inLanguage":"es","@id":"https:\/\/www.welex.es\/es\/fiesta-haring-2023\/#primaryimage","url":"https:\/\/www.welex.es\/wp-content\/uploads\/2023\/07\/Facebooklinkedinblogs-Welex-29.png","contentUrl":"https:\/\/www.welex.es\/wp-content\/uploads\/2023\/07\/Facebooklinkedinblogs-Welex-29.png","width":1024,"height":768},{"@type":"BreadcrumbList","@id":"https:\/\/www.welex.es\/es\/fiesta-haring-2023\/#breadcrumb","itemListElement":[{"@type":"ListItem","position":1,"name":"Home","item":"https:\/\/www.welex.es\/es\/"},{"@type":"ListItem","position":2,"name":"FIESTA HARING 2023"}]},{"@type":"WebSite","@id":"https:\/\/www.welex.es\/es\/#website","url":"https:\/\/www.welex.es\/es\/","name":"Welex","description":"","publisher":{"@id":"https:\/\/www.welex.es\/#organization"},"potentialAction":[{"@type":"SearchAction","target":{"@type":"EntryPoint","urlTemplate":"https:\/\/www.welex.es\/es\/?s={search_term_string}"},"query-input":{"@type":"PropertyValueSpecification","valueRequired":true,"valueName":"search_term_string"}}],"inLanguage":"es"},{"@type":["Organization","LegalService"],"@id":"https:\/\/www.welex.es\/#organization","name":"Welex","url":"https:\/\/www.welex.es\/","logo":{"@type":"ImageObject","inLanguage":"es","@id":"https:\/\/www.welex.es\/#\/schema\/logo\/image\/","url":"https:\/\/www.welex.es\/wp-content\/uploads\/2025\/05\/LOGOWELEXCORRECTO.png","contentUrl":"https:\/\/www.welex.es\/wp-content\/uploads\/2025\/05\/LOGOWELEXCORRECTO.png","width":2147,"height":771,"caption":"Welex"},"image":{"@id":"https:\/\/www.welex.es\/#\/schema\/logo\/image\/"},"sameAs":["https:\/\/www.facebook.com\/WelexLawyersAccountants\/","https:\/\/www.linkedin.com\/company\/welex\/","https:\/\/www.instagram.com\/welex.lawyers\/","https:\/\/www.tiktok.com\/@welex_lawyers_marbella","https:\/\/lawyerscostadelsol.com\/","https:\/\/www.accountant-spain.com\/","https:\/\/welex-solicitors.com\/"],"description":"Law firm in Marbella providing legal, tax, labour and accounting advice to individuals and companies in Spain, with over 20 years of experience.","email":"info@welex.es","telephone":"+34952775521","legalName":"Tr\u00e1mites Costa, S.L.","numberOfEmployees":{"@type":"QuantitativeValue","minValue":"11","maxValue":"50"},"address":{"@type":"PostalAddress","streetAddress":"Calle Ram\u00f3n G\u00f3mez de la Serna 23, Local 7","addressLocality":"Marbella","addressRegion":"M\u00e1laga","postalCode":"29602","addressCountry":"ES"},"geo":{"@type":"GeoCoordinates","latitude":36.5095366,"longitude":-4.8985745},"hasMap":"https:\/\/www.google.com\/maps\/search\/?api=1&query=Welex+Marbella","openingHoursSpecification":[{"@type":"OpeningHoursSpecification","dayOfWeek":["Monday","Tuesday","Wednesday","Thursday"],"opens":"08:30","closes":"17:00"},{"@type":"OpeningHoursSpecification","dayOfWeek":"Friday","opens":"08:30","closes":"14:30"}],"areaServed":[{"@type":"Country","name":"Spain"},{"@type":"AdministrativeArea","name":"Costa del Sol"},{"@type":"City","name":"Marbella"}],"knowsLanguage":["es","en","nl","fr"],"currenciesAccepted":"EUR","priceRange":"$$","slogan":"Seguridad jur\u00eddica. Claridad fiscal. Asesoramiento de confianza.","contactPoint":[{"@type":"ContactPoint","telephone":"+34952775521","email":"info@welex.es","contactType":"customer service","availableLanguage":["English","Spanish","Dutch","French"],"areaServed":"ES"}],"hasOfferCatalog":{"@type":"OfferCatalog","name":"Servicios legales, fiscales y contables en Espa\u00f1a","itemListElement":[{"@type":"Offer","itemOffered":{"@type":"Service","name":"Abogados especializados en derecho inmobiliario en Marbella: Compra y venta de inmuebles en Espa\u00f1a","url":"https:\/\/www.welex.es\/es\/servicio\/compra-y-venta-de-inmuebles-en-espana\/"}},{"@type":"Offer","itemOffered":{"@type":"Service","name":"Abogados expertos en Herencias y Testamentos en Marbella","url":"https:\/\/www.welex.es\/es\/servicio\/testamentos-y-herencias-en-espana\/"}},{"@type":"Offer","itemOffered":{"@type":"Service","name":"Empresas y sociedades","url":"https:\/\/www.welex.es\/es\/servicio\/empresas-y-sociedades\/"}},{"@type":"Offer","itemOffered":{"@type":"Service","name":"Asesoramiento laboral","url":"https:\/\/www.welex.es\/es\/servicio\/asesoramiento-laboral\/"}},{"@type":"Offer","itemOffered":{"@type":"Service","name":"Derecho procesal","url":"https:\/\/www.welex.es\/es\/servicio\/derecho-procesal\/"}},{"@type":"Offer","itemOffered":{"@type":"Service","name":"Adquisici\u00f3n de inmuebles para personas no residentes en Espa\u00f1a","url":"https:\/\/www.welex.es\/es\/servicio\/adquisicion-de-inmuebles-para-personas-no-residentes-en-espana\/"}},{"@type":"Offer","itemOffered":{"@type":"Service","name":"Obligaciones fiscales de una sociedad SL","url":"https:\/\/www.welex.es\/es\/servicio\/obligaciones-fiscales-de-una-sociedad-sl\/"}},{"@type":"Offer","itemOffered":{"@type":"Service","name":"Obligaciones Mercantiles de una sociedad SL","url":"https:\/\/www.welex.es\/es\/servicio\/obligaciones-mercantiles-de-una-sociedad-sl\/"}},{"@type":"Offer","itemOffered":{"@type":"Service","name":"Revisi\u00f3n de estados financieros contables","url":"https:\/\/www.welex.es\/es\/servicio\/revision-de-estados-financieros-contables\/"}},{"@type":"Offer","itemOffered":{"@type":"Service","name":"Impuestos","url":"https:\/\/www.welex.es\/es\/servicio\/impuestos\/"}},{"@type":"Offer","itemOffered":{"@type":"Service","name":"Tr\u00e1mites destacados","url":"https:\/\/www.welex.es\/es\/servicio\/tramites-destacados\/"}}]}},{"@type":"Person","@id":"https:\/\/www.welex.es\/es\/#\/schema\/person\/a63d0e9ba5ab8e6903606fc509960d03","name":"Noelia","image":{"@type":"ImageObject","inLanguage":"es","@id":"https:\/\/secure.gravatar.com\/avatar\/347f4755252771b373551cdfd69b8ff13bf2c1d64cd80997b4502c4224a6c3f1?s=96&d=mm&r=g","url":"https:\/\/secure.gravatar.com\/avatar\/347f4755252771b373551cdfd69b8ff13bf2c1d64cd80997b4502c4224a6c3f1?s=96&d=mm&r=g","contentUrl":"https:\/\/secure.gravatar.com\/avatar\/347f4755252771b373551cdfd69b8ff13bf2c1d64cd80997b4502c4224a6c3f1?s=96&d=mm&r=g","caption":"Noelia"}}]}},"_links":{"self":[{"href":"https:\/\/www.welex.es\/es\/wp-json\/wp\/v2\/posts\/19240","targetHints":{"allow":["GET"]}}],"collection":[{"href":"https:\/\/www.welex.es\/es\/wp-json\/wp\/v2\/posts"}],"about":[{"href":"https:\/\/www.welex.es\/es\/wp-json\/wp\/v2\/types\/post"}],"author":[{"embeddable":true,"href":"https:\/\/www.welex.es\/es\/wp-json\/wp\/v2\/users\/2"}],"replies":[{"embeddable":true,"href":"https:\/\/www.welex.es\/es\/wp-json\/wp\/v2\/comments?post=19240"}],"version-history":[{"count":0,"href":"https:\/\/www.welex.es\/es\/wp-json\/wp\/v2\/posts\/19240\/revisions"}],"wp:featuredmedia":[{"embeddable":true,"href":"https:\/\/www.welex.es\/es\/wp-json\/wp\/v2\/media\/19242"}],"wp:attachment":[{"href":"https:\/\/www.welex.es\/es\/wp-json\/wp\/v2\/media?parent=19240"}],"wp:term":[{"taxonomy":"category","embeddable":true,"href":"https:\/\/www.welex.es\/es\/wp-json\/wp\/v2\/categories?post=19240"},{"taxonomy":"post_tag","embeddable":true,"href":"https:\/\/www.welex.es\/es\/wp-json\/wp\/v2\/tags?post=19240"}],"curies":[{"name":"wp","href":"https:\/\/api.w.org\/{rel}","templated":true}]}}