{"id":30602,"date":"2026-06-01T08:00:38","date_gmt":"2026-06-01T08:00:38","guid":{"rendered":"https:\/\/www.welex.es\/?p=30602"},"modified":"2026-08-28T09:45:49","modified_gmt":"2026-08-28T09:45:49","slug":"alquilar-propiedad-legalmente-andalucia-espana","status":"publish","type":"post","link":"https:\/\/www.welex.es\/es\/alquilar-propiedad-legalmente-andalucia-espana\/","title":{"rendered":"C\u00f3mo alquilar legalmente tu propiedad en Espa\u00f1a (Andaluc\u00eda): requisitos clave"},"content":{"rendered":"<p>En Welex ayudamos a propietarios que quieren <a href=\"https:\/\/www.welex.es\/es\/diferentes-tipos-alquiler-andalucia\/\">alquilar con seguridad<\/a>, tranquilidad y total cumplimiento legal, sin perder tiempo en tr\u00e1mites complejos.<\/p>\n<p>Si est\u00e1s empezando o ya alquilas como Vivienda de Uso Tur\u00edstico (VUT \/ VFT), necesitas conocer bien las normas para evitar sanciones y problemas.<\/p>\n<p>Si tienes una propiedad en Espa\u00f1a y quieres ofrecerla como alquiler tur\u00edstico en Andaluc\u00eda \u2014especialmente en plataformas online\u2014 debes cumplir varios requisitos antes de publicar tu anuncio.<\/p>\n<p>En este art\u00edculo te explicamos qu\u00e9 debes hacer, en qu\u00e9 debes fijarte y c\u00f3mo evitar errores para alquilar de forma legal y sin complicaciones.<\/p>\n<h3><\/h3>\n<h3><strong>1. Obt\u00e9n la licencia tur\u00edstica en Andaluc\u00eda (VFT)<\/strong><\/h3>\n<p>Empieza registrando tu vivienda en el Registro de Turismo de Andaluc\u00eda (RTA).<\/p>\n<p>Cuando completes el tr\u00e1mite, recibir\u00e1s un n\u00famero de registro como este:<\/p>\n<p>VFT\/XX\/00000<\/p>\n<p>Necesitas este n\u00famero para anunciar y <a href=\"https:\/\/www.welex.es\/es\/viviendas-turisticas-en-andalucia-espana\/\">alquilar tu propiedad legalmente<\/a>.<\/p>\n<p>Adem\u00e1s, aseg\u00farate de que la vivienda cumple con los requisitos m\u00ednimos que exige la normativa tur\u00edstica andaluza.<\/p>\n<p>Autorizaci\u00f3n de la comunidad de propietarios (novedad 2025)<\/p>\n<p>Antes de solicitar la licencia, comprueba:<\/p>\n<ul>\n<li>Que los estatutos de la comunidad permiten el alquiler tur\u00edstico<\/li>\n<li>Si la comunidad lo exige, solicita un certificado que lo confirme<\/li>\n<\/ul>\n<p><em>Obt\u00e9n m\u00e1s informaci\u00f3n aqu\u00ed sobre <a href=\"https:\/\/www.welex.es\/es\/nueva-regulacion-alquileres-turisticos\/\">la nueva regulaci\u00f3n de alquileres t\u00faristicos<\/a>.<\/em><\/p>\n<p>&nbsp;<\/p>\n<h3><strong>2. Registra a todos tus hu\u00e9spedes<\/strong><\/h3>\n<p>La ley te obliga a identificar y registrar a cada persona que se aloje en tu propiedad.<\/p>\n<p>Para cumplir con este requisito:<\/p>\n<ul>\n<li>Recoge los datos de identificaci\u00f3n de los hu\u00e9spedes<\/li>\n<li>Env\u00eda esa informaci\u00f3n a la Polic\u00eda o Guardia Civil<\/li>\n<\/ul>\n<p>Muchos propietarios delegan esta gesti\u00f3n en profesionales para ahorrar tiempo y evitar errores.<\/p>\n<p><img fetchpriority=\"high\" decoding=\"async\" class=\"alignleft wp-image-30611 \" src=\"https:\/\/www.welex.es\/wp-content\/uploads\/2026\/05\/Registrar-huespedes-1-300x300.png\" alt=\"La ley te obliga a identificar y registrar a cada persona que se aloje en tu propiedad\" width=\"492\" height=\"492\" srcset=\"https:\/\/www.welex.es\/wp-content\/uploads\/2026\/05\/Registrar-huespedes-1-300x300.png 300w, https:\/\/www.welex.es\/wp-content\/uploads\/2026\/05\/Registrar-huespedes-1-1024x1024.png 1024w, https:\/\/www.welex.es\/wp-content\/uploads\/2026\/05\/Registrar-huespedes-1-150x150.png 150w, https:\/\/www.welex.es\/wp-content\/uploads\/2026\/05\/Registrar-huespedes-1-768x768.png 768w, https:\/\/www.welex.es\/wp-content\/uploads\/2026\/05\/Registrar-huespedes-1.png 1200w\" sizes=\"(max-width: 492px) 100vw, 492px\" \/><\/p>\n<p>&nbsp;<\/p>\n<h3><strong>3. Gestiona correctamente tus impuestos<\/strong><\/h3>\n<p>Si gestionas bien tus obligaciones fiscales:<\/p>\n<ul>\n<li>Evitas sanciones<\/li>\n<li>Mejoras la rentabilidad de tu alquiler<\/li>\n<\/ul>\n<p>En Welex nos ocupamos de todo:<\/p>\n<ul>\n<li>Registro tur\u00edstico<\/li>\n<li>Gesti\u00f3n fiscal completa<\/li>\n<\/ul>\n<p>T\u00fa te centras en tus hu\u00e9spedes. Nosotros nos encargamos del resto.<\/p>\n<p>Si necesitas asesoramiento, nuestro equipo de asesores fiscales y abogados especializados en propiedad en Marbella de <strong>Welex<\/strong> puede acompa\u00f1arte durante todo el proceso. <a href=\"https:\/\/www.welex.es\/es\/contacto\/\">Puedes contactarnos<\/a> para recibir asesoramiento personalizado.<\/p>\n<p>&nbsp;<\/p>\n<p><em><strong>Esta contribuci\u00f3n es obra de Ruth Rivas, quien en Welex asiste a los clientes en materia de ingresos por alquiler, impuesto de solidaridad y patrimonio.<\/strong><\/em><\/p>\n","protected":false},"excerpt":{"rendered":"<p>En Welex ayudamos a propietarios que quieren alquilar con seguridad, tranquilidad y total cumplimiento legal, sin perder tiempo en tr\u00e1mites complejos. Si est\u00e1s empezando o ya alquilas como Vivienda de Uso Tur\u00edstico (VUT \/ VFT), necesitas conocer bien las normas para evitar sanciones y problemas. Si tienes una propiedad en Espa\u00f1a y quieres ofrecerla como [&hellip;]<\/p>\n","protected":false},"author":2,"featured_media":30617,"comment_status":"closed","ping_status":"closed","sticky":false,"template":"","format":"standard","meta":{"_acf_changed":false,"footnotes":""},"categories":[249],"tags":[3659,3660,3661,3662,3663,3664,3528,3656,3657,3658],"class_list":["post-30602","post","type-post","status-publish","format-standard","has-post-thumbnail","hentry","category-propiedades-en-espana","tag-licencia-turistica","tag-registro-turismo-andalucia","tag-impuestos-alquiler-espana","tag-propiedad-espana","tag-alquiler-corto-plazo","tag-registro-huespedes","tag-normativa-alquiler-andalucia","tag-alquiler-turistico","tag-andalucia","tag-alquiler-legal-espana"],"acf":[],"yoast_head":"<!-- This site is optimized with the Yoast SEO Premium plugin v27.9 (Yoast SEO v27.9) - https:\/\/yoast.com\/product\/yoast-seo-premium-wordpress\/ -->\n<title>C\u00f3mo alquilar legalmente tu propiedad en Espa\u00f1a (Andaluc\u00eda): requisitos clave - Welex<\/title>\n<meta name=\"description\" content=\"Descubre c\u00f3mo alquilar tu propiedad legalmente en Andaluc\u00eda. Requisitos clave, licencia VFT, registro NRUA y obligaciones fiscales.\" \/>\n<meta name=\"robots\" content=\"index, follow, max-snippet:-1, max-image-preview:large, max-video-preview:-1\" \/>\n<link rel=\"canonical\" href=\"https:\/\/www.welex.es\/es\/alquilar-propiedad-legalmente-andalucia-espana\/\" \/>\n<meta property=\"og:locale\" content=\"es_ES\" \/>\n<meta property=\"og:type\" content=\"article\" \/>\n<meta property=\"og:title\" content=\"C\u00f3mo alquilar legalmente tu propiedad en Andaluc\u00eda (Gu\u00eda 2025)\" \/>\n<meta property=\"og:description\" content=\"Aprende paso a paso c\u00f3mo alquilar tu propiedad en Andaluc\u00eda cumpliendo la normativa: licencia VFT, registro de hu\u00e9spedes, NRUA e impuestos. Evita sanciones y alquila con tranquilidad.\" \/>\n<meta property=\"og:url\" content=\"https:\/\/www.welex.es\/es\/alquilar-propiedad-legalmente-andalucia-espana\/\" \/>\n<meta property=\"og:site_name\" content=\"Welex\" \/>\n<meta property=\"article:publisher\" content=\"https:\/\/www.facebook.com\/WelexLawyersAccountants\/\" \/>\n<meta property=\"article:published_time\" content=\"2026-06-01T08:00:38+00:00\" \/>\n<meta property=\"article:modified_time\" content=\"2026-08-28T09:45:49+00:00\" \/>\n<meta property=\"og:image\" content=\"https:\/\/www.welex.es\/wp-content\/uploads\/2026\/05\/Como-alquilar-legalmente-tu-propiedad-en-Espana-Andalucia-requisitos-clave.png\" \/>\n\t<meta property=\"og:image:width\" content=\"1200\" \/>\n\t<meta property=\"og:image:height\" content=\"900\" \/>\n\t<meta property=\"og:image:type\" content=\"image\/png\" \/>\n<meta name=\"author\" content=\"Noelia\" \/>\n<meta name=\"twitter:card\" content=\"summary_large_image\" \/>\n<meta name=\"twitter:title\" content=\"C\u00f3mo alquilar legalmente tu propiedad en Espa\u00f1a (Andaluc\u00eda): requisitos clave\" \/>\n<meta name=\"twitter:label1\" content=\"Escrito por\" \/>\n\t<meta name=\"twitter:data1\" content=\"Noelia\" \/>\n\t<meta name=\"twitter:label2\" content=\"Tiempo de lectura\" \/>\n\t<meta name=\"twitter:data2\" content=\"3 minutos\" \/>\n<script type=\"application\/ld+json\" class=\"yoast-schema-graph\">{\"@context\":\"https:\\\/\\\/schema.org\",\"@graph\":[{\"@type\":\"Article\",\"@id\":\"https:\\\/\\\/www.welex.es\\\/es\\\/alquilar-propiedad-legalmente-andalucia-espana\\\/#article\",\"isPartOf\":{\"@id\":\"https:\\\/\\\/www.welex.es\\\/es\\\/alquilar-propiedad-legalmente-andalucia-espana\\\/\"},\"author\":{\"name\":\"Noelia\",\"@id\":\"https:\\\/\\\/www.welex.es\\\/es\\\/#\\\/schema\\\/person\\\/a63d0e9ba5ab8e6903606fc509960d03\"},\"headline\":\"C\u00f3mo alquilar legalmente tu propiedad en Espa\u00f1a (Andaluc\u00eda): requisitos clave\",\"datePublished\":\"2026-06-01T08:00:38+00:00\",\"dateModified\":\"2026-08-28T09:45:49+00:00\",\"mainEntityOfPage\":{\"@id\":\"https:\\\/\\\/www.welex.es\\\/es\\\/alquilar-propiedad-legalmente-andalucia-espana\\\/\"},\"wordCount\":405,\"publisher\":{\"@id\":\"https:\\\/\\\/www.welex.es\\\/#organization\"},\"image\":{\"@id\":\"https:\\\/\\\/www.welex.es\\\/es\\\/alquilar-propiedad-legalmente-andalucia-espana\\\/#primaryimage\"},\"thumbnailUrl\":\"https:\\\/\\\/www.welex.es\\\/wp-content\\\/uploads\\\/2026\\\/05\\\/Como-alquilar-legalmente-tu-propiedad-en-Espana-Andalucia-requisitos-clave.png\",\"keywords\":[\"licencia tur\u00edstica\",\"registro turismo Andaluc\u00eda\",\"impuestos alquiler Espa\u00f1a\",\"propiedad Espa\u00f1a\",\"alquiler corto plazo\",\"registro hu\u00e9spedes\",\"normativa alquiler Andaluc\u00eda\",\"alquiler tur\u00edstico\",\"Andaluc\u00eda\",\"alquiler legal Espa\u00f1a\"],\"articleSection\":[\"Propiedades en Espa\u00f1a\"],\"inLanguage\":\"es\"},{\"@type\":\"WebPage\",\"@id\":\"https:\\\/\\\/www.welex.es\\\/es\\\/alquilar-propiedad-legalmente-andalucia-espana\\\/\",\"url\":\"https:\\\/\\\/www.welex.es\\\/es\\\/alquilar-propiedad-legalmente-andalucia-espana\\\/\",\"name\":\"C\u00f3mo alquilar legalmente tu propiedad en Espa\u00f1a (Andaluc\u00eda): requisitos clave - Welex\",\"isPartOf\":{\"@id\":\"https:\\\/\\\/www.welex.es\\\/es\\\/#website\"},\"primaryImageOfPage\":{\"@id\":\"https:\\\/\\\/www.welex.es\\\/es\\\/alquilar-propiedad-legalmente-andalucia-espana\\\/#primaryimage\"},\"image\":{\"@id\":\"https:\\\/\\\/www.welex.es\\\/es\\\/alquilar-propiedad-legalmente-andalucia-espana\\\/#primaryimage\"},\"thumbnailUrl\":\"https:\\\/\\\/www.welex.es\\\/wp-content\\\/uploads\\\/2026\\\/05\\\/Como-alquilar-legalmente-tu-propiedad-en-Espana-Andalucia-requisitos-clave.png\",\"datePublished\":\"2026-06-01T08:00:38+00:00\",\"dateModified\":\"2026-08-28T09:45:49+00:00\",\"description\":\"Descubre c\u00f3mo alquilar tu propiedad legalmente en Andaluc\u00eda. Requisitos clave, licencia VFT, registro NRUA y obligaciones fiscales.\",\"breadcrumb\":{\"@id\":\"https:\\\/\\\/www.welex.es\\\/es\\\/alquilar-propiedad-legalmente-andalucia-espana\\\/#breadcrumb\"},\"inLanguage\":\"es\",\"potentialAction\":[{\"@type\":\"ReadAction\",\"target\":[\"https:\\\/\\\/www.welex.es\\\/es\\\/alquilar-propiedad-legalmente-andalucia-espana\\\/\"]}]},{\"@type\":\"ImageObject\",\"inLanguage\":\"es\",\"@id\":\"https:\\\/\\\/www.welex.es\\\/es\\\/alquilar-propiedad-legalmente-andalucia-espana\\\/#primaryimage\",\"url\":\"https:\\\/\\\/www.welex.es\\\/wp-content\\\/uploads\\\/2026\\\/05\\\/Como-alquilar-legalmente-tu-propiedad-en-Espana-Andalucia-requisitos-clave.png\",\"contentUrl\":\"https:\\\/\\\/www.welex.es\\\/wp-content\\\/uploads\\\/2026\\\/05\\\/Como-alquilar-legalmente-tu-propiedad-en-Espana-Andalucia-requisitos-clave.png\",\"width\":1200,\"height\":900},{\"@type\":\"BreadcrumbList\",\"@id\":\"https:\\\/\\\/www.welex.es\\\/es\\\/alquilar-propiedad-legalmente-andalucia-espana\\\/#breadcrumb\",\"itemListElement\":[{\"@type\":\"ListItem\",\"position\":1,\"name\":\"Home\",\"item\":\"https:\\\/\\\/www.welex.es\\\/es\\\/\"},{\"@type\":\"ListItem\",\"position\":2,\"name\":\"C\u00f3mo alquilar legalmente tu propiedad en Espa\u00f1a (Andaluc\u00eda): requisitos clave\"}]},{\"@type\":\"WebSite\",\"@id\":\"https:\\\/\\\/www.welex.es\\\/es\\\/#website\",\"url\":\"https:\\\/\\\/www.welex.es\\\/es\\\/\",\"name\":\"Welex\",\"description\":\"\",\"publisher\":{\"@id\":\"https:\\\/\\\/www.welex.es\\\/#organization\"},\"potentialAction\":[{\"@type\":\"SearchAction\",\"target\":{\"@type\":\"EntryPoint\",\"urlTemplate\":\"https:\\\/\\\/www.welex.es\\\/es\\\/?s={search_term_string}\"},\"query-input\":{\"@type\":\"PropertyValueSpecification\",\"valueRequired\":true,\"valueName\":\"search_term_string\"}}],\"inLanguage\":\"es\"},{\"@type\":[\"Organization\",\"LegalService\"],\"@id\":\"https:\\\/\\\/www.welex.es\\\/#organization\",\"name\":\"Welex\",\"url\":\"https:\\\/\\\/www.welex.es\\\/\",\"logo\":{\"@type\":\"ImageObject\",\"inLanguage\":\"es\",\"@id\":\"https:\\\/\\\/www.welex.es\\\/#\\\/schema\\\/logo\\\/image\\\/\",\"url\":\"https:\\\/\\\/www.welex.es\\\/wp-content\\\/uploads\\\/2025\\\/05\\\/LOGOWELEXCORRECTO.png\",\"contentUrl\":\"https:\\\/\\\/www.welex.es\\\/wp-content\\\/uploads\\\/2025\\\/05\\\/LOGOWELEXCORRECTO.png\",\"width\":2147,\"height\":771,\"caption\":\"Welex\"},\"image\":{\"@id\":\"https:\\\/\\\/www.welex.es\\\/#\\\/schema\\\/logo\\\/image\\\/\"},\"sameAs\":[\"https:\\\/\\\/www.facebook.com\\\/WelexLawyersAccountants\\\/\",\"https:\\\/\\\/www.linkedin.com\\\/company\\\/welex\\\/\",\"https:\\\/\\\/www.instagram.com\\\/welex.lawyers\\\/\",\"https:\\\/\\\/www.tiktok.com\\\/@welex_lawyers_marbella\",\"https:\\\/\\\/lawyerscostadelsol.com\\\/\",\"https:\\\/\\\/www.accountant-spain.com\\\/\",\"https:\\\/\\\/welex-solicitors.com\\\/\"],\"description\":\"Law firm in Marbella providing legal, tax, labour and accounting advice to individuals and companies in Spain, with over 20 years of experience.\",\"email\":\"info@welex.es\",\"telephone\":\"+34952775521\",\"legalName\":\"Tr\u00e1mites Costa, S.L.\",\"numberOfEmployees\":{\"@type\":\"QuantitativeValue\",\"minValue\":\"11\",\"maxValue\":\"50\"},\"address\":{\"@type\":\"PostalAddress\",\"streetAddress\":\"Calle Ram\u00f3n G\u00f3mez de la Serna 23, Local 7\",\"addressLocality\":\"Marbella\",\"addressRegion\":\"M\u00e1laga\",\"postalCode\":\"29602\",\"addressCountry\":\"ES\"},\"geo\":{\"@type\":\"GeoCoordinates\",\"latitude\":36.5095366,\"longitude\":-4.8985745},\"hasMap\":\"https:\\\/\\\/www.google.com\\\/maps\\\/search\\\/?api=1&query=Welex+Marbella\",\"openingHoursSpecification\":[{\"@type\":\"OpeningHoursSpecification\",\"dayOfWeek\":[\"Monday\",\"Tuesday\",\"Wednesday\",\"Thursday\"],\"opens\":\"08:30\",\"closes\":\"17:00\"},{\"@type\":\"OpeningHoursSpecification\",\"dayOfWeek\":\"Friday\",\"opens\":\"08:30\",\"closes\":\"14:30\"}],\"areaServed\":[{\"@type\":\"Country\",\"name\":\"Spain\"},{\"@type\":\"AdministrativeArea\",\"name\":\"Costa del Sol\"},{\"@type\":\"City\",\"name\":\"Marbella\"}],\"knowsLanguage\":[\"es\",\"en\",\"nl\",\"fr\"],\"currenciesAccepted\":\"EUR\",\"priceRange\":\"$$\",\"slogan\":\"Seguridad jur\u00eddica. Claridad fiscal. Asesoramiento de confianza.\",\"contactPoint\":[{\"@type\":\"ContactPoint\",\"telephone\":\"+34952775521\",\"email\":\"info@welex.es\",\"contactType\":\"customer service\",\"availableLanguage\":[\"English\",\"Spanish\",\"Dutch\",\"French\"],\"areaServed\":\"ES\"}],\"hasOfferCatalog\":{\"@type\":\"OfferCatalog\",\"name\":\"Servicios legales, fiscales y contables en Espa\u00f1a\",\"itemListElement\":[{\"@type\":\"Offer\",\"itemOffered\":{\"@type\":\"Service\",\"name\":\"Abogados especializados en derecho inmobiliario en Marbella: Compra y venta de inmuebles en Espa\u00f1a\",\"url\":\"https:\\\/\\\/www.welex.es\\\/es\\\/servicio\\\/compra-y-venta-de-inmuebles-en-espana\\\/\"}},{\"@type\":\"Offer\",\"itemOffered\":{\"@type\":\"Service\",\"name\":\"Abogados expertos en Herencias y Testamentos en Marbella\",\"url\":\"https:\\\/\\\/www.welex.es\\\/es\\\/servicio\\\/testamentos-y-herencias-en-espana\\\/\"}},{\"@type\":\"Offer\",\"itemOffered\":{\"@type\":\"Service\",\"name\":\"Empresas y sociedades\",\"url\":\"https:\\\/\\\/www.welex.es\\\/es\\\/servicio\\\/empresas-y-sociedades\\\/\"}},{\"@type\":\"Offer\",\"itemOffered\":{\"@type\":\"Service\",\"name\":\"Asesoramiento laboral\",\"url\":\"https:\\\/\\\/www.welex.es\\\/es\\\/servicio\\\/asesoramiento-laboral\\\/\"}},{\"@type\":\"Offer\",\"itemOffered\":{\"@type\":\"Service\",\"name\":\"Derecho procesal\",\"url\":\"https:\\\/\\\/www.welex.es\\\/es\\\/servicio\\\/derecho-procesal\\\/\"}},{\"@type\":\"Offer\",\"itemOffered\":{\"@type\":\"Service\",\"name\":\"Adquisici\u00f3n de inmuebles para personas no residentes en Espa\u00f1a\",\"url\":\"https:\\\/\\\/www.welex.es\\\/es\\\/servicio\\\/adquisicion-de-inmuebles-para-personas-no-residentes-en-espana\\\/\"}},{\"@type\":\"Offer\",\"itemOffered\":{\"@type\":\"Service\",\"name\":\"Obligaciones fiscales de una sociedad SL\",\"url\":\"https:\\\/\\\/www.welex.es\\\/es\\\/servicio\\\/obligaciones-fiscales-de-una-sociedad-sl\\\/\"}},{\"@type\":\"Offer\",\"itemOffered\":{\"@type\":\"Service\",\"name\":\"Obligaciones Mercantiles de una sociedad SL\",\"url\":\"https:\\\/\\\/www.welex.es\\\/es\\\/servicio\\\/obligaciones-mercantiles-de-una-sociedad-sl\\\/\"}},{\"@type\":\"Offer\",\"itemOffered\":{\"@type\":\"Service\",\"name\":\"Revisi\u00f3n de estados financieros contables\",\"url\":\"https:\\\/\\\/www.welex.es\\\/es\\\/servicio\\\/revision-de-estados-financieros-contables\\\/\"}},{\"@type\":\"Offer\",\"itemOffered\":{\"@type\":\"Service\",\"name\":\"Impuestos\",\"url\":\"https:\\\/\\\/www.welex.es\\\/es\\\/servicio\\\/impuestos\\\/\"}},{\"@type\":\"Offer\",\"itemOffered\":{\"@type\":\"Service\",\"name\":\"Tr\u00e1mites destacados\",\"url\":\"https:\\\/\\\/www.welex.es\\\/es\\\/servicio\\\/tramites-destacados\\\/\"}}]}},{\"@type\":\"Person\",\"@id\":\"https:\\\/\\\/www.welex.es\\\/es\\\/#\\\/schema\\\/person\\\/a63d0e9ba5ab8e6903606fc509960d03\",\"name\":\"Noelia\",\"image\":{\"@type\":\"ImageObject\",\"inLanguage\":\"es\",\"@id\":\"https:\\\/\\\/secure.gravatar.com\\\/avatar\\\/347f4755252771b373551cdfd69b8ff13bf2c1d64cd80997b4502c4224a6c3f1?s=96&d=mm&r=g\",\"url\":\"https:\\\/\\\/secure.gravatar.com\\\/avatar\\\/347f4755252771b373551cdfd69b8ff13bf2c1d64cd80997b4502c4224a6c3f1?s=96&d=mm&r=g\",\"contentUrl\":\"https:\\\/\\\/secure.gravatar.com\\\/avatar\\\/347f4755252771b373551cdfd69b8ff13bf2c1d64cd80997b4502c4224a6c3f1?s=96&d=mm&r=g\",\"caption\":\"Noelia\"}}]}<\/script>\n<!-- \/ Yoast SEO Premium plugin. -->","yoast_head_json":{"title":"C\u00f3mo alquilar legalmente tu propiedad en Espa\u00f1a (Andaluc\u00eda): requisitos clave - Welex","description":"Descubre c\u00f3mo alquilar tu propiedad legalmente en Andaluc\u00eda. Requisitos clave, licencia VFT, registro NRUA y obligaciones fiscales.","robots":{"index":"index","follow":"follow","max-snippet":"max-snippet:-1","max-image-preview":"max-image-preview:large","max-video-preview":"max-video-preview:-1"},"canonical":"https:\/\/www.welex.es\/es\/alquilar-propiedad-legalmente-andalucia-espana\/","og_locale":"es_ES","og_type":"article","og_title":"C\u00f3mo alquilar legalmente tu propiedad en Andaluc\u00eda (Gu\u00eda 2025)","og_description":"Aprende paso a paso c\u00f3mo alquilar tu propiedad en Andaluc\u00eda cumpliendo la normativa: licencia VFT, registro de hu\u00e9spedes, NRUA e impuestos. Evita sanciones y alquila con tranquilidad.","og_url":"https:\/\/www.welex.es\/es\/alquilar-propiedad-legalmente-andalucia-espana\/","og_site_name":"Welex","article_publisher":"https:\/\/www.facebook.com\/WelexLawyersAccountants\/","article_published_time":"2026-06-01T08:00:38+00:00","article_modified_time":"2026-08-28T09:45:49+00:00","og_image":[{"width":1200,"height":900,"url":"https:\/\/www.welex.es\/wp-content\/uploads\/2026\/05\/Como-alquilar-legalmente-tu-propiedad-en-Espana-Andalucia-requisitos-clave.png","type":"image\/png"}],"author":"Noelia","twitter_card":"summary_large_image","twitter_title":"C\u00f3mo alquilar legalmente tu propiedad en Espa\u00f1a (Andaluc\u00eda): requisitos clave","twitter_misc":{"Escrito por":"Noelia","Tiempo de lectura":"3 minutos"},"schema":{"@context":"https:\/\/schema.org","@graph":[{"@type":"Article","@id":"https:\/\/www.welex.es\/es\/alquilar-propiedad-legalmente-andalucia-espana\/#article","isPartOf":{"@id":"https:\/\/www.welex.es\/es\/alquilar-propiedad-legalmente-andalucia-espana\/"},"author":{"name":"Noelia","@id":"https:\/\/www.welex.es\/es\/#\/schema\/person\/a63d0e9ba5ab8e6903606fc509960d03"},"headline":"C\u00f3mo alquilar legalmente tu propiedad en Espa\u00f1a (Andaluc\u00eda): requisitos clave","datePublished":"2026-06-01T08:00:38+00:00","dateModified":"2026-08-28T09:45:49+00:00","mainEntityOfPage":{"@id":"https:\/\/www.welex.es\/es\/alquilar-propiedad-legalmente-andalucia-espana\/"},"wordCount":405,"publisher":{"@id":"https:\/\/www.welex.es\/#organization"},"image":{"@id":"https:\/\/www.welex.es\/es\/alquilar-propiedad-legalmente-andalucia-espana\/#primaryimage"},"thumbnailUrl":"https:\/\/www.welex.es\/wp-content\/uploads\/2026\/05\/Como-alquilar-legalmente-tu-propiedad-en-Espana-Andalucia-requisitos-clave.png","keywords":["licencia tur\u00edstica","registro turismo Andaluc\u00eda","impuestos alquiler Espa\u00f1a","propiedad Espa\u00f1a","alquiler corto plazo","registro hu\u00e9spedes","normativa alquiler Andaluc\u00eda","alquiler tur\u00edstico","Andaluc\u00eda","alquiler legal Espa\u00f1a"],"articleSection":["Propiedades en Espa\u00f1a"],"inLanguage":"es"},{"@type":"WebPage","@id":"https:\/\/www.welex.es\/es\/alquilar-propiedad-legalmente-andalucia-espana\/","url":"https:\/\/www.welex.es\/es\/alquilar-propiedad-legalmente-andalucia-espana\/","name":"C\u00f3mo alquilar legalmente tu propiedad en Espa\u00f1a (Andaluc\u00eda): requisitos clave - Welex","isPartOf":{"@id":"https:\/\/www.welex.es\/es\/#website"},"primaryImageOfPage":{"@id":"https:\/\/www.welex.es\/es\/alquilar-propiedad-legalmente-andalucia-espana\/#primaryimage"},"image":{"@id":"https:\/\/www.welex.es\/es\/alquilar-propiedad-legalmente-andalucia-espana\/#primaryimage"},"thumbnailUrl":"https:\/\/www.welex.es\/wp-content\/uploads\/2026\/05\/Como-alquilar-legalmente-tu-propiedad-en-Espana-Andalucia-requisitos-clave.png","datePublished":"2026-06-01T08:00:38+00:00","dateModified":"2026-08-28T09:45:49+00:00","description":"Descubre c\u00f3mo alquilar tu propiedad legalmente en Andaluc\u00eda. Requisitos clave, licencia VFT, registro NRUA y obligaciones fiscales.","breadcrumb":{"@id":"https:\/\/www.welex.es\/es\/alquilar-propiedad-legalmente-andalucia-espana\/#breadcrumb"},"inLanguage":"es","potentialAction":[{"@type":"ReadAction","target":["https:\/\/www.welex.es\/es\/alquilar-propiedad-legalmente-andalucia-espana\/"]}]},{"@type":"ImageObject","inLanguage":"es","@id":"https:\/\/www.welex.es\/es\/alquilar-propiedad-legalmente-andalucia-espana\/#primaryimage","url":"https:\/\/www.welex.es\/wp-content\/uploads\/2026\/05\/Como-alquilar-legalmente-tu-propiedad-en-Espana-Andalucia-requisitos-clave.png","contentUrl":"https:\/\/www.welex.es\/wp-content\/uploads\/2026\/05\/Como-alquilar-legalmente-tu-propiedad-en-Espana-Andalucia-requisitos-clave.png","width":1200,"height":900},{"@type":"BreadcrumbList","@id":"https:\/\/www.welex.es\/es\/alquilar-propiedad-legalmente-andalucia-espana\/#breadcrumb","itemListElement":[{"@type":"ListItem","position":1,"name":"Home","item":"https:\/\/www.welex.es\/es\/"},{"@type":"ListItem","position":2,"name":"C\u00f3mo alquilar legalmente tu propiedad en Espa\u00f1a (Andaluc\u00eda): requisitos clave"}]},{"@type":"WebSite","@id":"https:\/\/www.welex.es\/es\/#website","url":"https:\/\/www.welex.es\/es\/","name":"Welex","description":"","publisher":{"@id":"https:\/\/www.welex.es\/#organization"},"potentialAction":[{"@type":"SearchAction","target":{"@type":"EntryPoint","urlTemplate":"https:\/\/www.welex.es\/es\/?s={search_term_string}"},"query-input":{"@type":"PropertyValueSpecification","valueRequired":true,"valueName":"search_term_string"}}],"inLanguage":"es"},{"@type":["Organization","LegalService"],"@id":"https:\/\/www.welex.es\/#organization","name":"Welex","url":"https:\/\/www.welex.es\/","logo":{"@type":"ImageObject","inLanguage":"es","@id":"https:\/\/www.welex.es\/#\/schema\/logo\/image\/","url":"https:\/\/www.welex.es\/wp-content\/uploads\/2025\/05\/LOGOWELEXCORRECTO.png","contentUrl":"https:\/\/www.welex.es\/wp-content\/uploads\/2025\/05\/LOGOWELEXCORRECTO.png","width":2147,"height":771,"caption":"Welex"},"image":{"@id":"https:\/\/www.welex.es\/#\/schema\/logo\/image\/"},"sameAs":["https:\/\/www.facebook.com\/WelexLawyersAccountants\/","https:\/\/www.linkedin.com\/company\/welex\/","https:\/\/www.instagram.com\/welex.lawyers\/","https:\/\/www.tiktok.com\/@welex_lawyers_marbella","https:\/\/lawyerscostadelsol.com\/","https:\/\/www.accountant-spain.com\/","https:\/\/welex-solicitors.com\/"],"description":"Law firm in Marbella providing legal, tax, labour and accounting advice to individuals and companies in Spain, with over 20 years of experience.","email":"info@welex.es","telephone":"+34952775521","legalName":"Tr\u00e1mites Costa, S.L.","numberOfEmployees":{"@type":"QuantitativeValue","minValue":"11","maxValue":"50"},"address":{"@type":"PostalAddress","streetAddress":"Calle Ram\u00f3n G\u00f3mez de la Serna 23, Local 7","addressLocality":"Marbella","addressRegion":"M\u00e1laga","postalCode":"29602","addressCountry":"ES"},"geo":{"@type":"GeoCoordinates","latitude":36.5095366,"longitude":-4.8985745},"hasMap":"https:\/\/www.google.com\/maps\/search\/?api=1&query=Welex+Marbella","openingHoursSpecification":[{"@type":"OpeningHoursSpecification","dayOfWeek":["Monday","Tuesday","Wednesday","Thursday"],"opens":"08:30","closes":"17:00"},{"@type":"OpeningHoursSpecification","dayOfWeek":"Friday","opens":"08:30","closes":"14:30"}],"areaServed":[{"@type":"Country","name":"Spain"},{"@type":"AdministrativeArea","name":"Costa del Sol"},{"@type":"City","name":"Marbella"}],"knowsLanguage":["es","en","nl","fr"],"currenciesAccepted":"EUR","priceRange":"$$","slogan":"Seguridad jur\u00eddica. Claridad fiscal. Asesoramiento de confianza.","contactPoint":[{"@type":"ContactPoint","telephone":"+34952775521","email":"info@welex.es","contactType":"customer service","availableLanguage":["English","Spanish","Dutch","French"],"areaServed":"ES"}],"hasOfferCatalog":{"@type":"OfferCatalog","name":"Servicios legales, fiscales y contables en Espa\u00f1a","itemListElement":[{"@type":"Offer","itemOffered":{"@type":"Service","name":"Abogados especializados en derecho inmobiliario en Marbella: Compra y venta de inmuebles en Espa\u00f1a","url":"https:\/\/www.welex.es\/es\/servicio\/compra-y-venta-de-inmuebles-en-espana\/"}},{"@type":"Offer","itemOffered":{"@type":"Service","name":"Abogados expertos en Herencias y Testamentos en Marbella","url":"https:\/\/www.welex.es\/es\/servicio\/testamentos-y-herencias-en-espana\/"}},{"@type":"Offer","itemOffered":{"@type":"Service","name":"Empresas y sociedades","url":"https:\/\/www.welex.es\/es\/servicio\/empresas-y-sociedades\/"}},{"@type":"Offer","itemOffered":{"@type":"Service","name":"Asesoramiento laboral","url":"https:\/\/www.welex.es\/es\/servicio\/asesoramiento-laboral\/"}},{"@type":"Offer","itemOffered":{"@type":"Service","name":"Derecho procesal","url":"https:\/\/www.welex.es\/es\/servicio\/derecho-procesal\/"}},{"@type":"Offer","itemOffered":{"@type":"Service","name":"Adquisici\u00f3n de inmuebles para personas no residentes en Espa\u00f1a","url":"https:\/\/www.welex.es\/es\/servicio\/adquisicion-de-inmuebles-para-personas-no-residentes-en-espana\/"}},{"@type":"Offer","itemOffered":{"@type":"Service","name":"Obligaciones fiscales de una sociedad SL","url":"https:\/\/www.welex.es\/es\/servicio\/obligaciones-fiscales-de-una-sociedad-sl\/"}},{"@type":"Offer","itemOffered":{"@type":"Service","name":"Obligaciones Mercantiles de una sociedad SL","url":"https:\/\/www.welex.es\/es\/servicio\/obligaciones-mercantiles-de-una-sociedad-sl\/"}},{"@type":"Offer","itemOffered":{"@type":"Service","name":"Revisi\u00f3n de estados financieros contables","url":"https:\/\/www.welex.es\/es\/servicio\/revision-de-estados-financieros-contables\/"}},{"@type":"Offer","itemOffered":{"@type":"Service","name":"Impuestos","url":"https:\/\/www.welex.es\/es\/servicio\/impuestos\/"}},{"@type":"Offer","itemOffered":{"@type":"Service","name":"Tr\u00e1mites destacados","url":"https:\/\/www.welex.es\/es\/servicio\/tramites-destacados\/"}}]}},{"@type":"Person","@id":"https:\/\/www.welex.es\/es\/#\/schema\/person\/a63d0e9ba5ab8e6903606fc509960d03","name":"Noelia","image":{"@type":"ImageObject","inLanguage":"es","@id":"https:\/\/secure.gravatar.com\/avatar\/347f4755252771b373551cdfd69b8ff13bf2c1d64cd80997b4502c4224a6c3f1?s=96&d=mm&r=g","url":"https:\/\/secure.gravatar.com\/avatar\/347f4755252771b373551cdfd69b8ff13bf2c1d64cd80997b4502c4224a6c3f1?s=96&d=mm&r=g","contentUrl":"https:\/\/secure.gravatar.com\/avatar\/347f4755252771b373551cdfd69b8ff13bf2c1d64cd80997b4502c4224a6c3f1?s=96&d=mm&r=g","caption":"Noelia"}}]}},"_links":{"self":[{"href":"https:\/\/www.welex.es\/es\/wp-json\/wp\/v2\/posts\/30602","targetHints":{"allow":["GET"]}}],"collection":[{"href":"https:\/\/www.welex.es\/es\/wp-json\/wp\/v2\/posts"}],"about":[{"href":"https:\/\/www.welex.es\/es\/wp-json\/wp\/v2\/types\/post"}],"author":[{"embeddable":true,"href":"https:\/\/www.welex.es\/es\/wp-json\/wp\/v2\/users\/2"}],"replies":[{"embeddable":true,"href":"https:\/\/www.welex.es\/es\/wp-json\/wp\/v2\/comments?post=30602"}],"version-history":[{"count":8,"href":"https:\/\/www.welex.es\/es\/wp-json\/wp\/v2\/posts\/30602\/revisions"}],"predecessor-version":[{"id":32063,"href":"https:\/\/www.welex.es\/es\/wp-json\/wp\/v2\/posts\/30602\/revisions\/32063"}],"wp:featuredmedia":[{"embeddable":true,"href":"https:\/\/www.welex.es\/es\/wp-json\/wp\/v2\/media\/30617"}],"wp:attachment":[{"href":"https:\/\/www.welex.es\/es\/wp-json\/wp\/v2\/media?parent=30602"}],"wp:term":[{"taxonomy":"category","embeddable":true,"href":"https:\/\/www.welex.es\/es\/wp-json\/wp\/v2\/categories?post=30602"},{"taxonomy":"post_tag","embeddable":true,"href":"https:\/\/www.welex.es\/es\/wp-json\/wp\/v2\/tags?post=30602"}],"curies":[{"name":"wp","href":"https:\/\/api.w.org\/{rel}","templated":true}]}}