{"id":8238,"date":"2017-05-01T08:01:14","date_gmt":"2017-05-01T07:01:14","guid":{"rendered":"https:\/\/www.welex.es\/?p=8238\/"},"modified":"2025-09-09T07:30:14","modified_gmt":"2025-09-09T07:30:14","slug":"ruta-de-la-pasa-turismo-por-la-axarquia","status":"publish","type":"post","link":"https:\/\/www.welex.es\/es\/ruta-de-la-pasa-turismo-por-la-axarquia\/","title":{"rendered":"Ruta de la pasa, turismo por la Axarqu\u00eda"},"content":{"rendered":"<p>La <strong>ruta de la pasa<\/strong> en la zona de la Axarqu\u00eda es una de las <strong>rutas tur\u00edsticas m\u00e1s demandadas en la costa del sol<\/strong>. Desde hace mucho tiempo, desde la \u00e9poca de los \u00e1rabes en la pen\u00ednsula, ya era conocida la zona, por ofrecer las mejores pasas que podr\u00edan encontrarse, y a d\u00eda de hoy, sigue siendo la zona europea m\u00e1s importante donde degustar las mejores pasas.<\/p>\n<p>Aunque si no eres un apasionado de las pasas da igual, porque la gu\u00eda tur\u00edstica que te proponemos en el post de hoy, es tan recomendable para conocer pueblos bell\u00edsimos de Andaluc\u00eda que compensa hacerla, aunque sea solo por eso.<\/p>\n<h2>Los or\u00edgenes de la ruta de la pasa en la costa del sol<\/h2>\n<p>Como hemos comentado anteriormente desde la \u00e9poca ar\u00e1bica en la pen\u00ednsula ya se comerciaba en la zona, exportando las pasas a diferentes zonas de las latitudes de Oriente. Sus perfectas tierras f\u00e9rtiles, unido al clima hacen que los vi\u00f1edos de la zona crezcan en unas condiciones inigualables, y el resultado claro est\u00e1 es un producto excelente.<\/p>\n<p>A d\u00eda de hoy, todos los pueblos de zona conservan algunas t\u00e9cnicas de cultivo de anta\u00f1o, por lo que su visita es un verdadero lujo.<\/p>\n<p>Para situarnos, recordar que la ruta de la pasa lo forman municipios como son <strong>Total\u00e1n, C\u00fatar, Comares, Alm\u00e1char, El Borge y Moclinejo<\/strong>, conocidos como la zona de la Axarqu\u00eda. En total son 62 kil\u00f3metros de ruta tur\u00edstica, por lo que es ideal para visitar por ejemplo en una escapada de fin de semana, y ponerse las botas de pasas de calidad.<\/p>\n<p><img fetchpriority=\"high\" decoding=\"async\" class=\"aligncenter wp-image-10056 size-full\" title=\"Gu\u00eda tur\u00edstica por la ruta de la pasa en la costa del sol\" src=\"https:\/\/www.welex.es\/wp-content\/uploads\/2025\/09\/ruta-de-la-pasa-2.jpg\" alt=\"\" width=\"642\" height=\"407\" \/><\/p>\n<h2>Gu\u00eda tur\u00edstica para no perderte nada en la ruta de la pasa<\/h2>\n<p>Ahora que ya nos hemos ubicado un poco m\u00e1s, con sus or\u00edgenes y las zonas que componen la <strong>ruta de la pasa en la Axarqu\u00eda<\/strong>, vamos a ver algunas recomendaciones en este post a modo de gu\u00eda tur\u00edstica. \u00bfArrancamos? \u00a1Venga que nos vamos!<\/p>\n<h3>V\u00e9lez en M\u00e1laga<\/h3>\n<p>Una buena zona para empezar nuestra ruta por la pasa es en V\u00e9lez, M\u00e1laga, donde podr\u00e1s empezar a introducirte en el mundo de los vi\u00f1edos, del vino y por supuesto, \u00a1de las pasas! Es un pueblo t\u00edpico andaluz, con casitas blancas en las laderas de valles, calles peatonales estrechas\u2026<\/p>\n<h3>El Borge<\/h3>\n<p>Tras una vuelta por V\u00e9lez, podemos coger el coche y hacer otra bonita parada en El Borge, que lo tenemos tan solo a unos siete minutos del punto anterior, vamos que est\u00e1 al lado.<\/p>\n<p>El Borge tiene fama por que es donde se dice se consiguen <strong>las mejores pasas de la zona<\/strong>, todo el pueblo gira en torno a este producto, por los comercios especializados en pasas como por sus esculturas. Aparte de las pasas, tambi\u00e9n podr\u00e1s disfrutar de unos deliciosos higos ba\u00f1ados en chocolate.<\/p>\n<h3>C\u00fatar<\/h3>\n<p>Despu\u00e9s de conocer Borges, la siguiente parada obligatoria en nuestra ruta tur\u00edstica por la ruta de la pasa es en C\u00fatar.<\/p>\n<p>Este precioso pueblo andaluz conserva en la est\u00e9tica en sus construcciones su tradici\u00f3n \u00e1rabe, aqu\u00ed podr\u00e9is, aparte de degustar sus pasas, <strong>adquirir uno de los mejores aceites de oliva<\/strong>, que es casi tan conocido como las exquisitas pasas.<\/p>\n<p>No obstante, si te gusta el vino dulce, encontrar\u00e1s en diferentes comercios locales vinos propios elaborados con los vi\u00f1edos de la zona. Y para los m\u00e1s golosos, recomendar sus tortas de leche que puedes adquirir en cualquier puesto a pie de calle.<\/p>\n<h3>Molinejo<\/h3>\n<p>Entramos ahora en Molinejo por los restos de muralla \u00e1rabe que adornan las entradas al municipio.<\/p>\n<p>Aqu\u00ed podremos empaparnos bien de toda la tradici\u00f3n en el cultivo de pasas y la historia de la ruta a lo largo de los siglos ya que cuenta con el <strong>Centro de Estudios de las pasas y el Vino<\/strong>, imagina cu\u00e1les son los productos estrella de este encantador pueblo de la Anxarqu\u00eda.<\/p>\n<h2>Comares<\/h2>\n<p>Comares es un pueblo que est\u00e1 en plena monta\u00f1a, lo cual hace que las vistas sean espectaculares tanto mientras llegas hasta el c\u00f3mo cuando paras en alguno de los miradores de la zona.<\/p>\n<p>Tambi\u00e9n te recomendamos un paseo por las calles de este bonito municipio de est\u00e9tica \u00e1rabe, y comprar alguna botella de su tradicional y antiguo vino dulce, uno de los principales reclamos, junto con las espl\u00e9ndidas pasas.<\/p>\n<h3>Tatol\u00e1n<\/h3>\n<p>Vamos llegando al final de nuestra gu\u00eda tur\u00edstica por la zona de la Anxarqu\u00eda, nos movemos ahora a Tatol\u00e1n, un peque\u00f1o pueblo que se funde con la monta\u00f1a. No es f\u00e1cil su acceso, pero merece la pena, la carreta es de monta\u00f1a, as\u00ed que ya sabes, con calma y precauci\u00f3n.<\/p>\n<p>Aparte de degustar el producto estrella de este art\u00edculo, te recomendamos que en Tatol\u00e1n tambi\u00e9n hagas un poco de turismo y andes hasta el <strong>dolmen del Cerro de la Corona<\/strong>.<\/p>\n<h3>Torre del Mar<\/h3>\n<p>Tras unas jornadas pro la ruta de la pasa, llega el final y no se nos ocurre nada mejor que terminar nuestra ruta tur\u00edstica en la Torre del Mar.<\/p>\n<p>Dejando las monta\u00f1as atr\u00e1s llegamos a la zona de playa, donde podremos descansar y recuperar fuerzas en los chiringuitos a pie de mar y degustar sus maravillosos espetos. \u00a1No todo van a ser pasas!<\/p>\n<p>Hasta aqu\u00ed <strong>nuestra gu\u00eda tur\u00edstica de la ruta de la pasa<\/strong>, esperamos que hayas disfrutado de la zona de Anxarqu\u00eda, una de las m\u00e1s bellas y recomendables de la costa del sol.<\/p>\n<p>Este blog ha sido presentado por gentileza de Welex, su abogado y economista bajo un mismo techo!. Busca un abogado en la Axarqu\u00eda? Necesita un contable o asesor fiscal en la Axarqu\u00eda? No dude en contactar nuestro despacho de abogados que prestan sus servicios en la Axarqu\u00eda para cualquier tipo de consulta de \u00edndole fiscal, jur\u00eddico y contable.<\/p>\n","protected":false},"excerpt":{"rendered":"<p>La ruta de la pasa en la zona de la Axarqu\u00eda es una de las rutas tur\u00edsticas m\u00e1s demandadas en la costa del sol. Desde hace mucho tiempo, desde la \u00e9poca de los \u00e1rabes en la pen\u00ednsula, ya era conocida la zona, por ofrecer las mejores pasas que podr\u00edan encontrarse, y a d\u00eda de hoy, [&hellip;]<\/p>\n","protected":false},"author":4,"featured_media":10057,"comment_status":"closed","ping_status":"closed","sticky":false,"template":"","format":"standard","meta":{"_acf_changed":false,"footnotes":""},"categories":[233],"tags":[2475,2476,2477,2478,2479,2480,2481,3153],"class_list":["post-8238","post","type-post","status-publish","format-standard","has-post-thumbnail","hentry","category-turismo-y-cultura-en-espana","tag-abogado-axarquia","tag-anxarquia","tag-despacho-abogado-axarquia","tag-economista-axarquia","tag-guia-turistica","tag-impuestos-axarquia","tag-ruta-de-la-pasa","tag-costa-del-sol-3"],"acf":[],"yoast_head":"<!-- This site is optimized with the Yoast SEO Premium plugin v27.9 (Yoast SEO v27.9) - https:\/\/yoast.com\/product\/yoast-seo-premium-wordpress\/ -->\n<title>Ruta de la pasa, turismo por la Axarqu\u00eda - Welex<\/title>\n<meta name=\"description\" content=\": Te presentamos una completa gu\u00eda tur\u00edstica por la ruta de la pasa y los diferentes pueblos de la zona de la Axarqu\u00eda. \u00a1Un viaje incre\u00edble!\" \/>\n<meta name=\"robots\" content=\"index, follow, max-snippet:-1, max-image-preview:large, max-video-preview:-1\" \/>\n<link rel=\"canonical\" href=\"https:\/\/www.welex.es\/es\/ruta-de-la-pasa-turismo-por-la-axarquia\/\" \/>\n<meta property=\"og:locale\" content=\"es_ES\" \/>\n<meta property=\"og:type\" content=\"article\" \/>\n<meta property=\"og:title\" content=\"Ruta de la pasa, turismo por la Axarqu\u00eda\" \/>\n<meta property=\"og:description\" content=\": Te presentamos una completa gu\u00eda tur\u00edstica por la ruta de la pasa y los diferentes pueblos de la zona de la Axarqu\u00eda. \u00a1Un viaje incre\u00edble!\" \/>\n<meta property=\"og:url\" content=\"https:\/\/www.welex.es\/es\/ruta-de-la-pasa-turismo-por-la-axarquia\/\" \/>\n<meta property=\"og:site_name\" content=\"Welex\" \/>\n<meta property=\"article:publisher\" content=\"https:\/\/www.facebook.com\/WelexLawyersAccountants\/\" \/>\n<meta property=\"article:published_time\" content=\"2017-05-01T07:01:14+00:00\" \/>\n<meta property=\"article:modified_time\" content=\"2025-09-09T07:30:14+00:00\" \/>\n<meta property=\"og:image\" content=\"https:\/\/www.welex.es\/wp-content\/uploads\/2017\/05\/ruta-de-la-pasa.jpg\" \/>\n\t<meta property=\"og:image:width\" content=\"600\" \/>\n\t<meta property=\"og:image:height\" content=\"400\" \/>\n\t<meta property=\"og:image:type\" content=\"image\/jpeg\" \/>\n<meta name=\"author\" content=\"Welex Lawyers Accountants Wim\" \/>\n<meta name=\"twitter:card\" content=\"summary_large_image\" \/>\n<meta name=\"twitter:label1\" content=\"Escrito por\" \/>\n\t<meta name=\"twitter:data1\" content=\"Welex Lawyers Accountants Wim\" \/>\n\t<meta name=\"twitter:label2\" content=\"Tiempo de lectura\" \/>\n\t<meta name=\"twitter:data2\" content=\"5 minutos\" \/>\n<script type=\"application\/ld+json\" class=\"yoast-schema-graph\">{\"@context\":\"https:\\\/\\\/schema.org\",\"@graph\":[{\"@type\":\"Article\",\"@id\":\"https:\\\/\\\/www.welex.es\\\/es\\\/ruta-de-la-pasa-turismo-por-la-axarquia\\\/#article\",\"isPartOf\":{\"@id\":\"https:\\\/\\\/www.welex.es\\\/es\\\/ruta-de-la-pasa-turismo-por-la-axarquia\\\/\"},\"author\":{\"name\":\"Welex Lawyers Accountants Wim\",\"@id\":\"https:\\\/\\\/www.welex.es\\\/es\\\/#\\\/schema\\\/person\\\/fe98500e4b874772cfdbd1417c913f57\"},\"headline\":\"Ruta de la pasa, turismo por la Axarqu\u00eda\",\"datePublished\":\"2017-05-01T07:01:14+00:00\",\"dateModified\":\"2025-09-09T07:30:14+00:00\",\"mainEntityOfPage\":{\"@id\":\"https:\\\/\\\/www.welex.es\\\/es\\\/ruta-de-la-pasa-turismo-por-la-axarquia\\\/\"},\"wordCount\":1027,\"publisher\":{\"@id\":\"https:\\\/\\\/www.welex.es\\\/#organization\"},\"image\":{\"@id\":\"https:\\\/\\\/www.welex.es\\\/es\\\/ruta-de-la-pasa-turismo-por-la-axarquia\\\/#primaryimage\"},\"thumbnailUrl\":\"https:\\\/\\\/www.welex.es\\\/wp-content\\\/uploads\\\/2017\\\/05\\\/ruta-de-la-pasa.jpg\",\"keywords\":[\"abogado axarquia\",\"anxarquia\",\"despacho abogado axarquia\",\"economista axarquia\",\"gu\u00eda tur\u00edstica\",\"impuestos axarquia\",\"ruta de la pasa\",\"costa del sol\"],\"articleSection\":[\"Turismo y Cultura en Espa\u00f1a\"],\"inLanguage\":\"es\"},{\"@type\":\"WebPage\",\"@id\":\"https:\\\/\\\/www.welex.es\\\/es\\\/ruta-de-la-pasa-turismo-por-la-axarquia\\\/\",\"url\":\"https:\\\/\\\/www.welex.es\\\/es\\\/ruta-de-la-pasa-turismo-por-la-axarquia\\\/\",\"name\":\"Ruta de la pasa, turismo por la Axarqu\u00eda - Welex\",\"isPartOf\":{\"@id\":\"https:\\\/\\\/www.welex.es\\\/es\\\/#website\"},\"primaryImageOfPage\":{\"@id\":\"https:\\\/\\\/www.welex.es\\\/es\\\/ruta-de-la-pasa-turismo-por-la-axarquia\\\/#primaryimage\"},\"image\":{\"@id\":\"https:\\\/\\\/www.welex.es\\\/es\\\/ruta-de-la-pasa-turismo-por-la-axarquia\\\/#primaryimage\"},\"thumbnailUrl\":\"https:\\\/\\\/www.welex.es\\\/wp-content\\\/uploads\\\/2017\\\/05\\\/ruta-de-la-pasa.jpg\",\"datePublished\":\"2017-05-01T07:01:14+00:00\",\"dateModified\":\"2025-09-09T07:30:14+00:00\",\"description\":\": Te presentamos una completa gu\u00eda tur\u00edstica por la ruta de la pasa y los diferentes pueblos de la zona de la Axarqu\u00eda. \u00a1Un viaje incre\u00edble!\",\"breadcrumb\":{\"@id\":\"https:\\\/\\\/www.welex.es\\\/es\\\/ruta-de-la-pasa-turismo-por-la-axarquia\\\/#breadcrumb\"},\"inLanguage\":\"es\",\"potentialAction\":[{\"@type\":\"ReadAction\",\"target\":[\"https:\\\/\\\/www.welex.es\\\/es\\\/ruta-de-la-pasa-turismo-por-la-axarquia\\\/\"]}]},{\"@type\":\"ImageObject\",\"inLanguage\":\"es\",\"@id\":\"https:\\\/\\\/www.welex.es\\\/es\\\/ruta-de-la-pasa-turismo-por-la-axarquia\\\/#primaryimage\",\"url\":\"https:\\\/\\\/www.welex.es\\\/wp-content\\\/uploads\\\/2017\\\/05\\\/ruta-de-la-pasa.jpg\",\"contentUrl\":\"https:\\\/\\\/www.welex.es\\\/wp-content\\\/uploads\\\/2017\\\/05\\\/ruta-de-la-pasa.jpg\",\"width\":600,\"height\":400,\"caption\":\"ruta de la pasa\"},{\"@type\":\"BreadcrumbList\",\"@id\":\"https:\\\/\\\/www.welex.es\\\/es\\\/ruta-de-la-pasa-turismo-por-la-axarquia\\\/#breadcrumb\",\"itemListElement\":[{\"@type\":\"ListItem\",\"position\":1,\"name\":\"Home\",\"item\":\"https:\\\/\\\/www.welex.es\\\/es\\\/\"},{\"@type\":\"ListItem\",\"position\":2,\"name\":\"Ruta de la pasa, turismo por la Axarqu\u00eda\"}]},{\"@type\":\"WebSite\",\"@id\":\"https:\\\/\\\/www.welex.es\\\/es\\\/#website\",\"url\":\"https:\\\/\\\/www.welex.es\\\/es\\\/\",\"name\":\"Welex\",\"description\":\"\",\"publisher\":{\"@id\":\"https:\\\/\\\/www.welex.es\\\/#organization\"},\"potentialAction\":[{\"@type\":\"SearchAction\",\"target\":{\"@type\":\"EntryPoint\",\"urlTemplate\":\"https:\\\/\\\/www.welex.es\\\/es\\\/?s={search_term_string}\"},\"query-input\":{\"@type\":\"PropertyValueSpecification\",\"valueRequired\":true,\"valueName\":\"search_term_string\"}}],\"inLanguage\":\"es\"},{\"@type\":[\"Organization\",\"LegalService\"],\"@id\":\"https:\\\/\\\/www.welex.es\\\/#organization\",\"name\":\"Welex\",\"url\":\"https:\\\/\\\/www.welex.es\\\/\",\"logo\":{\"@type\":\"ImageObject\",\"inLanguage\":\"es\",\"@id\":\"https:\\\/\\\/www.welex.es\\\/#\\\/schema\\\/logo\\\/image\\\/\",\"url\":\"https:\\\/\\\/www.welex.es\\\/wp-content\\\/uploads\\\/2025\\\/05\\\/LOGOWELEXCORRECTO.png\",\"contentUrl\":\"https:\\\/\\\/www.welex.es\\\/wp-content\\\/uploads\\\/2025\\\/05\\\/LOGOWELEXCORRECTO.png\",\"width\":2147,\"height\":771,\"caption\":\"Welex\"},\"image\":{\"@id\":\"https:\\\/\\\/www.welex.es\\\/#\\\/schema\\\/logo\\\/image\\\/\"},\"sameAs\":[\"https:\\\/\\\/www.facebook.com\\\/WelexLawyersAccountants\\\/\",\"https:\\\/\\\/www.linkedin.com\\\/company\\\/welex\\\/\",\"https:\\\/\\\/www.instagram.com\\\/welex.lawyers\\\/\",\"https:\\\/\\\/www.tiktok.com\\\/@welex_lawyers_marbella\",\"https:\\\/\\\/lawyerscostadelsol.com\\\/\",\"https:\\\/\\\/www.accountant-spain.com\\\/\",\"https:\\\/\\\/welex-solicitors.com\\\/\"],\"description\":\"Law firm in Marbella providing legal, tax, labour and accounting advice to individuals and companies in Spain, with over 20 years of experience.\",\"email\":\"info@welex.es\",\"telephone\":\"+34952775521\",\"legalName\":\"Tr\u00e1mites Costa, S.L.\",\"numberOfEmployees\":{\"@type\":\"QuantitativeValue\",\"minValue\":\"11\",\"maxValue\":\"50\"},\"address\":{\"@type\":\"PostalAddress\",\"streetAddress\":\"Calle Ram\u00f3n G\u00f3mez de la Serna 23, Local 7\",\"addressLocality\":\"Marbella\",\"addressRegion\":\"M\u00e1laga\",\"postalCode\":\"29602\",\"addressCountry\":\"ES\"},\"geo\":{\"@type\":\"GeoCoordinates\",\"latitude\":36.5095366,\"longitude\":-4.8985745},\"hasMap\":\"https:\\\/\\\/www.google.com\\\/maps\\\/search\\\/?api=1&query=Welex+Marbella\",\"openingHoursSpecification\":[{\"@type\":\"OpeningHoursSpecification\",\"dayOfWeek\":[\"Monday\",\"Tuesday\",\"Wednesday\",\"Thursday\"],\"opens\":\"08:30\",\"closes\":\"17:00\"},{\"@type\":\"OpeningHoursSpecification\",\"dayOfWeek\":\"Friday\",\"opens\":\"08:30\",\"closes\":\"14:30\"}],\"areaServed\":[{\"@type\":\"Country\",\"name\":\"Spain\"},{\"@type\":\"AdministrativeArea\",\"name\":\"Costa del Sol\"},{\"@type\":\"City\",\"name\":\"Marbella\"}],\"knowsLanguage\":[\"es\",\"en\",\"nl\",\"fr\"],\"currenciesAccepted\":\"EUR\",\"priceRange\":\"$$\",\"slogan\":\"Seguridad jur\u00eddica. Claridad fiscal. Asesoramiento de confianza.\",\"contactPoint\":[{\"@type\":\"ContactPoint\",\"telephone\":\"+34952775521\",\"email\":\"info@welex.es\",\"contactType\":\"customer service\",\"availableLanguage\":[\"English\",\"Spanish\",\"Dutch\",\"French\"],\"areaServed\":\"ES\"}],\"hasOfferCatalog\":{\"@type\":\"OfferCatalog\",\"name\":\"Servicios legales, fiscales y contables en Espa\u00f1a\",\"itemListElement\":[{\"@type\":\"Offer\",\"itemOffered\":{\"@type\":\"Service\",\"name\":\"Abogados especializados en derecho inmobiliario en Marbella: Compra y venta de inmuebles en Espa\u00f1a\",\"url\":\"https:\\\/\\\/www.welex.es\\\/es\\\/servicio\\\/compra-y-venta-de-inmuebles-en-espana\\\/\"}},{\"@type\":\"Offer\",\"itemOffered\":{\"@type\":\"Service\",\"name\":\"Abogados expertos en Herencias y Testamentos en Marbella\",\"url\":\"https:\\\/\\\/www.welex.es\\\/es\\\/servicio\\\/testamentos-y-herencias-en-espana\\\/\"}},{\"@type\":\"Offer\",\"itemOffered\":{\"@type\":\"Service\",\"name\":\"Empresas y sociedades\",\"url\":\"https:\\\/\\\/www.welex.es\\\/es\\\/servicio\\\/empresas-y-sociedades\\\/\"}},{\"@type\":\"Offer\",\"itemOffered\":{\"@type\":\"Service\",\"name\":\"Asesoramiento laboral\",\"url\":\"https:\\\/\\\/www.welex.es\\\/es\\\/servicio\\\/asesoramiento-laboral\\\/\"}},{\"@type\":\"Offer\",\"itemOffered\":{\"@type\":\"Service\",\"name\":\"Derecho procesal\",\"url\":\"https:\\\/\\\/www.welex.es\\\/es\\\/servicio\\\/derecho-procesal\\\/\"}},{\"@type\":\"Offer\",\"itemOffered\":{\"@type\":\"Service\",\"name\":\"Adquisici\u00f3n de inmuebles para personas no residentes en Espa\u00f1a\",\"url\":\"https:\\\/\\\/www.welex.es\\\/es\\\/servicio\\\/adquisicion-de-inmuebles-para-personas-no-residentes-en-espana\\\/\"}},{\"@type\":\"Offer\",\"itemOffered\":{\"@type\":\"Service\",\"name\":\"Obligaciones fiscales de una sociedad SL\",\"url\":\"https:\\\/\\\/www.welex.es\\\/es\\\/servicio\\\/obligaciones-fiscales-de-una-sociedad-sl\\\/\"}},{\"@type\":\"Offer\",\"itemOffered\":{\"@type\":\"Service\",\"name\":\"Obligaciones Mercantiles de una sociedad SL\",\"url\":\"https:\\\/\\\/www.welex.es\\\/es\\\/servicio\\\/obligaciones-mercantiles-de-una-sociedad-sl\\\/\"}},{\"@type\":\"Offer\",\"itemOffered\":{\"@type\":\"Service\",\"name\":\"Revisi\u00f3n de estados financieros contables\",\"url\":\"https:\\\/\\\/www.welex.es\\\/es\\\/servicio\\\/revision-de-estados-financieros-contables\\\/\"}},{\"@type\":\"Offer\",\"itemOffered\":{\"@type\":\"Service\",\"name\":\"Impuestos\",\"url\":\"https:\\\/\\\/www.welex.es\\\/es\\\/servicio\\\/impuestos\\\/\"}},{\"@type\":\"Offer\",\"itemOffered\":{\"@type\":\"Service\",\"name\":\"Tr\u00e1mites destacados\",\"url\":\"https:\\\/\\\/www.welex.es\\\/es\\\/servicio\\\/tramites-destacados\\\/\"}}]}},{\"@type\":\"Person\",\"@id\":\"https:\\\/\\\/www.welex.es\\\/es\\\/#\\\/schema\\\/person\\\/fe98500e4b874772cfdbd1417c913f57\",\"name\":\"Welex Lawyers Accountants Wim\",\"image\":{\"@type\":\"ImageObject\",\"inLanguage\":\"es\",\"@id\":\"https:\\\/\\\/secure.gravatar.com\\\/avatar\\\/?s=96&d=mm&r=g\",\"url\":\"https:\\\/\\\/secure.gravatar.com\\\/avatar\\\/?s=96&d=mm&r=g\",\"contentUrl\":\"https:\\\/\\\/secure.gravatar.com\\\/avatar\\\/?s=96&d=mm&r=g\",\"caption\":\"Welex Lawyers Accountants Wim\"}}]}<\/script>\n<!-- \/ Yoast SEO Premium plugin. -->","yoast_head_json":{"title":"Ruta de la pasa, turismo por la Axarqu\u00eda - Welex","description":": Te presentamos una completa gu\u00eda tur\u00edstica por la ruta de la pasa y los diferentes pueblos de la zona de la Axarqu\u00eda. \u00a1Un viaje incre\u00edble!","robots":{"index":"index","follow":"follow","max-snippet":"max-snippet:-1","max-image-preview":"max-image-preview:large","max-video-preview":"max-video-preview:-1"},"canonical":"https:\/\/www.welex.es\/es\/ruta-de-la-pasa-turismo-por-la-axarquia\/","og_locale":"es_ES","og_type":"article","og_title":"Ruta de la pasa, turismo por la Axarqu\u00eda","og_description":": Te presentamos una completa gu\u00eda tur\u00edstica por la ruta de la pasa y los diferentes pueblos de la zona de la Axarqu\u00eda. \u00a1Un viaje incre\u00edble!","og_url":"https:\/\/www.welex.es\/es\/ruta-de-la-pasa-turismo-por-la-axarquia\/","og_site_name":"Welex","article_publisher":"https:\/\/www.facebook.com\/WelexLawyersAccountants\/","article_published_time":"2017-05-01T07:01:14+00:00","article_modified_time":"2025-09-09T07:30:14+00:00","og_image":[{"width":600,"height":400,"url":"https:\/\/www.welex.es\/wp-content\/uploads\/2017\/05\/ruta-de-la-pasa.jpg","type":"image\/jpeg"}],"author":"Welex Lawyers Accountants Wim","twitter_card":"summary_large_image","twitter_misc":{"Escrito por":"Welex Lawyers Accountants Wim","Tiempo de lectura":"5 minutos"},"schema":{"@context":"https:\/\/schema.org","@graph":[{"@type":"Article","@id":"https:\/\/www.welex.es\/es\/ruta-de-la-pasa-turismo-por-la-axarquia\/#article","isPartOf":{"@id":"https:\/\/www.welex.es\/es\/ruta-de-la-pasa-turismo-por-la-axarquia\/"},"author":{"name":"Welex Lawyers Accountants Wim","@id":"https:\/\/www.welex.es\/es\/#\/schema\/person\/fe98500e4b874772cfdbd1417c913f57"},"headline":"Ruta de la pasa, turismo por la Axarqu\u00eda","datePublished":"2017-05-01T07:01:14+00:00","dateModified":"2025-09-09T07:30:14+00:00","mainEntityOfPage":{"@id":"https:\/\/www.welex.es\/es\/ruta-de-la-pasa-turismo-por-la-axarquia\/"},"wordCount":1027,"publisher":{"@id":"https:\/\/www.welex.es\/#organization"},"image":{"@id":"https:\/\/www.welex.es\/es\/ruta-de-la-pasa-turismo-por-la-axarquia\/#primaryimage"},"thumbnailUrl":"https:\/\/www.welex.es\/wp-content\/uploads\/2017\/05\/ruta-de-la-pasa.jpg","keywords":["abogado axarquia","anxarquia","despacho abogado axarquia","economista axarquia","gu\u00eda tur\u00edstica","impuestos axarquia","ruta de la pasa","costa del sol"],"articleSection":["Turismo y Cultura en Espa\u00f1a"],"inLanguage":"es"},{"@type":"WebPage","@id":"https:\/\/www.welex.es\/es\/ruta-de-la-pasa-turismo-por-la-axarquia\/","url":"https:\/\/www.welex.es\/es\/ruta-de-la-pasa-turismo-por-la-axarquia\/","name":"Ruta de la pasa, turismo por la Axarqu\u00eda - Welex","isPartOf":{"@id":"https:\/\/www.welex.es\/es\/#website"},"primaryImageOfPage":{"@id":"https:\/\/www.welex.es\/es\/ruta-de-la-pasa-turismo-por-la-axarquia\/#primaryimage"},"image":{"@id":"https:\/\/www.welex.es\/es\/ruta-de-la-pasa-turismo-por-la-axarquia\/#primaryimage"},"thumbnailUrl":"https:\/\/www.welex.es\/wp-content\/uploads\/2017\/05\/ruta-de-la-pasa.jpg","datePublished":"2017-05-01T07:01:14+00:00","dateModified":"2025-09-09T07:30:14+00:00","description":": Te presentamos una completa gu\u00eda tur\u00edstica por la ruta de la pasa y los diferentes pueblos de la zona de la Axarqu\u00eda. \u00a1Un viaje incre\u00edble!","breadcrumb":{"@id":"https:\/\/www.welex.es\/es\/ruta-de-la-pasa-turismo-por-la-axarquia\/#breadcrumb"},"inLanguage":"es","potentialAction":[{"@type":"ReadAction","target":["https:\/\/www.welex.es\/es\/ruta-de-la-pasa-turismo-por-la-axarquia\/"]}]},{"@type":"ImageObject","inLanguage":"es","@id":"https:\/\/www.welex.es\/es\/ruta-de-la-pasa-turismo-por-la-axarquia\/#primaryimage","url":"https:\/\/www.welex.es\/wp-content\/uploads\/2017\/05\/ruta-de-la-pasa.jpg","contentUrl":"https:\/\/www.welex.es\/wp-content\/uploads\/2017\/05\/ruta-de-la-pasa.jpg","width":600,"height":400,"caption":"ruta de la pasa"},{"@type":"BreadcrumbList","@id":"https:\/\/www.welex.es\/es\/ruta-de-la-pasa-turismo-por-la-axarquia\/#breadcrumb","itemListElement":[{"@type":"ListItem","position":1,"name":"Home","item":"https:\/\/www.welex.es\/es\/"},{"@type":"ListItem","position":2,"name":"Ruta de la pasa, turismo por la Axarqu\u00eda"}]},{"@type":"WebSite","@id":"https:\/\/www.welex.es\/es\/#website","url":"https:\/\/www.welex.es\/es\/","name":"Welex","description":"","publisher":{"@id":"https:\/\/www.welex.es\/#organization"},"potentialAction":[{"@type":"SearchAction","target":{"@type":"EntryPoint","urlTemplate":"https:\/\/www.welex.es\/es\/?s={search_term_string}"},"query-input":{"@type":"PropertyValueSpecification","valueRequired":true,"valueName":"search_term_string"}}],"inLanguage":"es"},{"@type":["Organization","LegalService"],"@id":"https:\/\/www.welex.es\/#organization","name":"Welex","url":"https:\/\/www.welex.es\/","logo":{"@type":"ImageObject","inLanguage":"es","@id":"https:\/\/www.welex.es\/#\/schema\/logo\/image\/","url":"https:\/\/www.welex.es\/wp-content\/uploads\/2025\/05\/LOGOWELEXCORRECTO.png","contentUrl":"https:\/\/www.welex.es\/wp-content\/uploads\/2025\/05\/LOGOWELEXCORRECTO.png","width":2147,"height":771,"caption":"Welex"},"image":{"@id":"https:\/\/www.welex.es\/#\/schema\/logo\/image\/"},"sameAs":["https:\/\/www.facebook.com\/WelexLawyersAccountants\/","https:\/\/www.linkedin.com\/company\/welex\/","https:\/\/www.instagram.com\/welex.lawyers\/","https:\/\/www.tiktok.com\/@welex_lawyers_marbella","https:\/\/lawyerscostadelsol.com\/","https:\/\/www.accountant-spain.com\/","https:\/\/welex-solicitors.com\/"],"description":"Law firm in Marbella providing legal, tax, labour and accounting advice to individuals and companies in Spain, with over 20 years of experience.","email":"info@welex.es","telephone":"+34952775521","legalName":"Tr\u00e1mites Costa, S.L.","numberOfEmployees":{"@type":"QuantitativeValue","minValue":"11","maxValue":"50"},"address":{"@type":"PostalAddress","streetAddress":"Calle Ram\u00f3n G\u00f3mez de la Serna 23, Local 7","addressLocality":"Marbella","addressRegion":"M\u00e1laga","postalCode":"29602","addressCountry":"ES"},"geo":{"@type":"GeoCoordinates","latitude":36.5095366,"longitude":-4.8985745},"hasMap":"https:\/\/www.google.com\/maps\/search\/?api=1&query=Welex+Marbella","openingHoursSpecification":[{"@type":"OpeningHoursSpecification","dayOfWeek":["Monday","Tuesday","Wednesday","Thursday"],"opens":"08:30","closes":"17:00"},{"@type":"OpeningHoursSpecification","dayOfWeek":"Friday","opens":"08:30","closes":"14:30"}],"areaServed":[{"@type":"Country","name":"Spain"},{"@type":"AdministrativeArea","name":"Costa del Sol"},{"@type":"City","name":"Marbella"}],"knowsLanguage":["es","en","nl","fr"],"currenciesAccepted":"EUR","priceRange":"$$","slogan":"Seguridad jur\u00eddica. Claridad fiscal. Asesoramiento de confianza.","contactPoint":[{"@type":"ContactPoint","telephone":"+34952775521","email":"info@welex.es","contactType":"customer service","availableLanguage":["English","Spanish","Dutch","French"],"areaServed":"ES"}],"hasOfferCatalog":{"@type":"OfferCatalog","name":"Servicios legales, fiscales y contables en Espa\u00f1a","itemListElement":[{"@type":"Offer","itemOffered":{"@type":"Service","name":"Abogados especializados en derecho inmobiliario en Marbella: Compra y venta de inmuebles en Espa\u00f1a","url":"https:\/\/www.welex.es\/es\/servicio\/compra-y-venta-de-inmuebles-en-espana\/"}},{"@type":"Offer","itemOffered":{"@type":"Service","name":"Abogados expertos en Herencias y Testamentos en Marbella","url":"https:\/\/www.welex.es\/es\/servicio\/testamentos-y-herencias-en-espana\/"}},{"@type":"Offer","itemOffered":{"@type":"Service","name":"Empresas y sociedades","url":"https:\/\/www.welex.es\/es\/servicio\/empresas-y-sociedades\/"}},{"@type":"Offer","itemOffered":{"@type":"Service","name":"Asesoramiento laboral","url":"https:\/\/www.welex.es\/es\/servicio\/asesoramiento-laboral\/"}},{"@type":"Offer","itemOffered":{"@type":"Service","name":"Derecho procesal","url":"https:\/\/www.welex.es\/es\/servicio\/derecho-procesal\/"}},{"@type":"Offer","itemOffered":{"@type":"Service","name":"Adquisici\u00f3n de inmuebles para personas no residentes en Espa\u00f1a","url":"https:\/\/www.welex.es\/es\/servicio\/adquisicion-de-inmuebles-para-personas-no-residentes-en-espana\/"}},{"@type":"Offer","itemOffered":{"@type":"Service","name":"Obligaciones fiscales de una sociedad SL","url":"https:\/\/www.welex.es\/es\/servicio\/obligaciones-fiscales-de-una-sociedad-sl\/"}},{"@type":"Offer","itemOffered":{"@type":"Service","name":"Obligaciones Mercantiles de una sociedad SL","url":"https:\/\/www.welex.es\/es\/servicio\/obligaciones-mercantiles-de-una-sociedad-sl\/"}},{"@type":"Offer","itemOffered":{"@type":"Service","name":"Revisi\u00f3n de estados financieros contables","url":"https:\/\/www.welex.es\/es\/servicio\/revision-de-estados-financieros-contables\/"}},{"@type":"Offer","itemOffered":{"@type":"Service","name":"Impuestos","url":"https:\/\/www.welex.es\/es\/servicio\/impuestos\/"}},{"@type":"Offer","itemOffered":{"@type":"Service","name":"Tr\u00e1mites destacados","url":"https:\/\/www.welex.es\/es\/servicio\/tramites-destacados\/"}}]}},{"@type":"Person","@id":"https:\/\/www.welex.es\/es\/#\/schema\/person\/fe98500e4b874772cfdbd1417c913f57","name":"Welex Lawyers Accountants Wim","image":{"@type":"ImageObject","inLanguage":"es","@id":"https:\/\/secure.gravatar.com\/avatar\/?s=96&d=mm&r=g","url":"https:\/\/secure.gravatar.com\/avatar\/?s=96&d=mm&r=g","contentUrl":"https:\/\/secure.gravatar.com\/avatar\/?s=96&d=mm&r=g","caption":"Welex Lawyers Accountants Wim"}}]}},"_links":{"self":[{"href":"https:\/\/www.welex.es\/es\/wp-json\/wp\/v2\/posts\/8238","targetHints":{"allow":["GET"]}}],"collection":[{"href":"https:\/\/www.welex.es\/es\/wp-json\/wp\/v2\/posts"}],"about":[{"href":"https:\/\/www.welex.es\/es\/wp-json\/wp\/v2\/types\/post"}],"author":[{"embeddable":true,"href":"https:\/\/www.welex.es\/es\/wp-json\/wp\/v2\/users\/4"}],"replies":[{"embeddable":true,"href":"https:\/\/www.welex.es\/es\/wp-json\/wp\/v2\/comments?post=8238"}],"version-history":[{"count":0,"href":"https:\/\/www.welex.es\/es\/wp-json\/wp\/v2\/posts\/8238\/revisions"}],"wp:featuredmedia":[{"embeddable":true,"href":"https:\/\/www.welex.es\/es\/wp-json\/wp\/v2\/media\/10057"}],"wp:attachment":[{"href":"https:\/\/www.welex.es\/es\/wp-json\/wp\/v2\/media?parent=8238"}],"wp:term":[{"taxonomy":"category","embeddable":true,"href":"https:\/\/www.welex.es\/es\/wp-json\/wp\/v2\/categories?post=8238"},{"taxonomy":"post_tag","embeddable":true,"href":"https:\/\/www.welex.es\/es\/wp-json\/wp\/v2\/tags?post=8238"}],"curies":[{"name":"wp","href":"https:\/\/api.w.org\/{rel}","templated":true}]}}