{"id":8242,"date":"2017-05-08T08:01:27","date_gmt":"2017-05-08T07:01:27","guid":{"rendered":"https:\/\/www.welex.es\/?p=8242\/"},"modified":"2025-09-09T07:30:14","modified_gmt":"2025-09-09T07:30:14","slug":"un-recorrido-para-conocer-fondo-torremolinos","status":"publish","type":"post","link":"https:\/\/www.welex.es\/es\/un-recorrido-para-conocer-fondo-torremolinos\/","title":{"rendered":"Un recorrido para conocer a fondo Torremolinos."},"content":{"rendered":"<p>Torremolinos se presenta hoy como un destino tur\u00edstico indiscutible debido a su variada oferta de ocio y cultura, adem\u00e1s de la costa y el incre\u00edble clima que brinda el litoral mediterr\u00e1neo.<\/p>\n<p>A continuaci\u00f3n, te mostramos en esta <strong>gu\u00eda tur\u00edstica<\/strong> un recorrido para no perderte nada y para que conozcas este fascinante enclave de la costa malague\u00f1a.<\/p>\n<p>Unas pinceladas de Torremolinos y su historia.<\/p>\n<p>Este municipio andaluz de la costa del sol occidental cuenta con asentamientos de las m\u00e1s antiguas civilizaciones del Mediterr\u00e1neo.De la edad antigua son los restos de asentamientos de fenicios, griegos y romanos. M\u00e1s recientes, son los vestigios nazar\u00edes de la dinast\u00eda musulmana que rein\u00f3 en M\u00e1laga en la edad media, como <strong>La Torre de los Molinos<\/strong>, m\u00e1s tarde denominada <strong>Pimentel<\/strong>como tambi\u00e9n se la denomina, en honor al conde que ayudo a los Reyes Cat\u00f3licos en la toma de Granada y M\u00e1laga.<\/p>\n<p><img fetchpriority=\"high\" decoding=\"async\" class=\"aligncenter wp-image-10048 size-full\" title=\"visita a Torremolinos\" src=\"https:\/\/www.welex.es\/wp-content\/uploads\/2025\/09\/torremolinos-2.jpg\" alt=\"\" width=\"600\" height=\"260\" \/><\/p>\n<p>Ya en la d\u00e9cada de los 50 y 60,algunas de las celebridades que en buscaron refugio en el entonces pueblo pesquero de Torremolinos, fueronGrace Kelly, Orson Welles o Frank Sinatra.<\/p>\n<p>Era la \u00e9poca de las grandes superproducciones de Hollywood en Espa\u00f1a y los complejos tur\u00edsticos con <strong>hoteles <\/strong>tanm\u00edticos como el <strong>Pez Espada<\/strong>,hicieron del <strong>turismo en la costa del sol un referente<\/strong>. El efecto domin\u00f3 en otros municipios cercanos como Mijas, Marbella o Fuengirola,convirtieron a la <strong>costa del sol en centro de glamour y vanguardia internacional<\/strong>.<\/p>\n<p>Actualmentela poblaci\u00f3n extranjera est\u00e1 en torno a un 26 % de los <strong>residentes empadronadosen Torremolino<\/strong>s, siendo la mayor\u00eda de pa\u00edses europeos como Reino Unido, Pa\u00edses Bajos, Alemania, Francia y Escandinavia. Torremolinos goza de ser uno de los t\u00e9rminos municipales m\u00e1s cosmopolitas de Andaluc\u00eda,pues su estilo de vida unido al mar enamora. Est\u00e1 siendo sin duda la opci\u00f3n de muchos como lugar de residencia vacacional, pero tambi\u00e9nde residenciapermanente.<\/p>\n<h2>Recorrido para no perderte nada:<\/h2>\n<p>Comenzamos el recorrido por el casco antiguo, concretamente por la <strong>calle San Miguel<\/strong>. Se trata de la calle comercial por excelencia, donde puedes comer e ir de compras. Al final de la calle se encuentra la <strong>parroquia de San Miguel,<\/strong> y muy cerca la<strong> Torre de Los Molinos<\/strong>antes mencionada<strong>, <\/strong>de donde coge el nombre el municipio.<\/p>\n<p>Tampoco puedes perderte la <strong>plaza de la Costa del Sol<\/strong>, que tras su peatonalizaci\u00f3n se ha convertido en un referente en arte urbano, y puedes ver bell\u00edsimas exposiciones callejeras.<\/p>\n<p>Adem\u00e1s, siguiendo en la l\u00ednea cultural, cabe se\u00f1alar el <strong>centro cultural Pablo Ruiz Picasso, <\/strong>declarado Bien de Inter\u00e9s Cultural.<\/p>\n<p>Otro de los monumentos arquitect\u00f3nicos a destacar, es la <strong>Casa de los Navajos,<\/strong> un palacio de estilo neomud\u00e9jar, considerado de Bien de Inter\u00e9s cultural e hist\u00f3rico, cuyo interior esta remodelado e inspirado en la Alhambra de Granada.<\/p>\n<p>Otros lugares de inter\u00e9s est\u00e1n situadosen el <strong>barrio de Carihuela<\/strong>, donde adem\u00e1s de su playa, hay que nombrar la <strong>Iglesia de la Virgen del Carmen<\/strong>. En Julio se celebra la <strong>Feria del Carmen<\/strong> en honor a su virgen que sale de procesi\u00f3n. Se trata de un barrio de pescadores donde puedes disfrutar de su gastronom\u00eda t\u00edpica, gazpachos, sardinas, marisco\u2026y es f\u00e1cil encontrarrestaurantes de \u201cpescaito frito\u201d.<\/p>\n<p>El <strong>barrio del Calvario<\/strong> es otro de los sitios que conservan el sabor tradicional de Torremolinos, donde encontramos tiendas de suvenires y comestibles, adem\u00e1s del <strong>mercadillo en el recinto ferial cada jueves<\/strong>.<\/p>\n<h2>Las playas de Torremolinos:<\/h2>\n<p>Desde el <strong>paseo mar\u00edtimo<\/strong>, eje del sector hostelero y tur\u00edstico, podemos acceder a sus playas principales: las de <strong>Bajondillo<\/strong>, <strong>La<\/strong>\u00a0<strong>Carihuela<\/strong>,\u00a0<strong>Los \u00c1lamos<\/strong>\u00a0o\u00a0<strong>Playamar<\/strong>son algunas de ellas<strong>. <\/strong>Se trata de esplendidas playas urbanas, bien equipadas, con todas las infraestructuras y los servicios necesarios, de arena oscura y oleaje moderado. Las playas de Bajondillo y Carihuela son las m\u00e1s populares al encontrarse m\u00e1s cerca del centro urbano.<\/p>\n<h2>En oferta de Ocio podemos encontrar:<\/h2>\n<p>Si quieres unos <strong>planes familiares<\/strong> puedes ir a<strong>Aqualand<\/strong>, un parque acu\u00e1tico de 70000 metros cuadrados;Cercana a la milla de oro, est\u00e1 el <strong>cocodrile Park<\/strong>, donde podr\u00e1s contemplar multitud de especies de reptiles enuna ex\u00f3tica visita guiada por el parque.<\/p>\n<p>Torremolinos tambi\u00e9n es conocido por su <strong>ocio nocturno<\/strong>. Discotecas y Pubs se hallan repartidos en el <strong>barrio de Carihuela y los paseos mar\u00edtimos<\/strong>. Tambi\u00e9n cabe destacar el turismo gay<strong>,<\/strong>siendo Torremolinos un punto<strong> gay-friendly,<\/strong>cuyos locales se hayan principalmente concentrados en la <strong>plaza de la Nolguera.<\/strong><\/p>\n<p><strong>Este blog se publica por gentileza de Welex, abogados y economistas en Torremolinos. No dude en <a href=\"https:\/\/www.welex.es\/es\/contacto\/\">contactar<\/a> nuestro despacho de abogados en Torremolinos para cualquier consulta de \u00edndole fiscal y contable<\/strong><\/p>\n","protected":false},"excerpt":{"rendered":"<p>Torremolinos se presenta hoy como un destino tur\u00edstico indiscutible debido a su variada oferta de ocio y cultura, adem\u00e1s de la costa y el incre\u00edble clima que brinda el litoral mediterr\u00e1neo. A continuaci\u00f3n, te mostramos en esta gu\u00eda tur\u00edstica un recorrido para no perderte nada y para que conozcas este fascinante enclave de la costa [&hellip;]<\/p>\n","protected":false},"author":4,"featured_media":10049,"comment_status":"closed","ping_status":"closed","sticky":false,"template":"","format":"standard","meta":{"_acf_changed":false,"footnotes":""},"categories":[233],"tags":[2479,2482,2483,2484,2485,3100,3153],"class_list":["post-8242","post","type-post","status-publish","format-standard","has-post-thumbnail","hentry","category-turismo-y-cultura-en-espana","tag-guia-turistica","tag-abogado-en-torremolinos","tag-asesor-fiscal-en-torremolinos-impuestos-en-torremolinos","tag-contable-en-torremolinos","tag-economista-en-torremolinos","tag-turismo-en-torremolinos-2","tag-costa-del-sol-3"],"acf":[],"yoast_head":"<!-- This site is optimized with the Yoast SEO Premium plugin v27.9 (Yoast SEO v27.9) - https:\/\/yoast.com\/product\/yoast-seo-premium-wordpress\/ -->\n<title>Un recorrido para conocer a fondo Torremolinos. - Welex<\/title>\n<meta name=\"description\" content=\"Si viene a M\u00e1laga, descubre en esta gu\u00eda los lugares m\u00e1s relevantes de Torremolinos y los rincones de este pueblo de la costa del sol.\" \/>\n<meta name=\"robots\" content=\"index, follow, max-snippet:-1, max-image-preview:large, max-video-preview:-1\" \/>\n<link rel=\"canonical\" href=\"https:\/\/www.welex.es\/es\/un-recorrido-para-conocer-fondo-torremolinos\/\" \/>\n<meta property=\"og:locale\" content=\"es_ES\" \/>\n<meta property=\"og:type\" content=\"article\" \/>\n<meta property=\"og:title\" content=\"Un recorrido para conocer a fondo Torremolinos.\" \/>\n<meta property=\"og:description\" content=\"Si viene a M\u00e1laga, descubre en esta gu\u00eda los lugares m\u00e1s relevantes de Torremolinos y los rincones de este pueblo de la costa del sol.\" \/>\n<meta property=\"og:url\" content=\"https:\/\/www.welex.es\/es\/un-recorrido-para-conocer-fondo-torremolinos\/\" \/>\n<meta property=\"og:site_name\" content=\"Welex\" \/>\n<meta property=\"article:publisher\" content=\"https:\/\/www.facebook.com\/WelexLawyersAccountants\/\" \/>\n<meta property=\"article:published_time\" content=\"2017-05-08T07:01:27+00:00\" \/>\n<meta property=\"article:modified_time\" content=\"2025-09-09T07:30:14+00:00\" \/>\n<meta property=\"og:image\" content=\"https:\/\/www.welex.es\/wp-content\/uploads\/2017\/05\/torremolinos.jpg\" \/>\n\t<meta property=\"og:image:width\" content=\"600\" \/>\n\t<meta property=\"og:image:height\" content=\"399\" \/>\n\t<meta property=\"og:image:type\" content=\"image\/jpeg\" \/>\n<meta name=\"author\" content=\"Welex Lawyers Accountants Wim\" \/>\n<meta name=\"twitter:card\" content=\"summary_large_image\" \/>\n<meta name=\"twitter:label1\" content=\"Escrito por\" \/>\n\t<meta name=\"twitter:data1\" content=\"Welex Lawyers Accountants Wim\" \/>\n\t<meta name=\"twitter:label2\" content=\"Tiempo de lectura\" \/>\n\t<meta name=\"twitter:data2\" content=\"4 minutos\" \/>\n<script type=\"application\/ld+json\" class=\"yoast-schema-graph\">{\"@context\":\"https:\\\/\\\/schema.org\",\"@graph\":[{\"@type\":\"Article\",\"@id\":\"https:\\\/\\\/www.welex.es\\\/es\\\/un-recorrido-para-conocer-fondo-torremolinos\\\/#article\",\"isPartOf\":{\"@id\":\"https:\\\/\\\/www.welex.es\\\/es\\\/un-recorrido-para-conocer-fondo-torremolinos\\\/\"},\"author\":{\"name\":\"Welex Lawyers Accountants Wim\",\"@id\":\"https:\\\/\\\/www.welex.es\\\/es\\\/#\\\/schema\\\/person\\\/fe98500e4b874772cfdbd1417c913f57\"},\"headline\":\"Un recorrido para conocer a fondo Torremolinos.\",\"datePublished\":\"2017-05-08T07:01:27+00:00\",\"dateModified\":\"2025-09-09T07:30:14+00:00\",\"mainEntityOfPage\":{\"@id\":\"https:\\\/\\\/www.welex.es\\\/es\\\/un-recorrido-para-conocer-fondo-torremolinos\\\/\"},\"wordCount\":800,\"publisher\":{\"@id\":\"https:\\\/\\\/www.welex.es\\\/#organization\"},\"image\":{\"@id\":\"https:\\\/\\\/www.welex.es\\\/es\\\/un-recorrido-para-conocer-fondo-torremolinos\\\/#primaryimage\"},\"thumbnailUrl\":\"https:\\\/\\\/www.welex.es\\\/wp-content\\\/uploads\\\/2017\\\/05\\\/torremolinos.jpg\",\"keywords\":[\"gu\u00eda tur\u00edstica\",\"abogado en Torremolinos\",\"asesor fiscal en Torremolinos. Impuestos en Torremolinos\",\"contable en Torremolinos\",\"economista en Torremolinos\",\"turismo en Torremolinos\",\"costa del sol\"],\"articleSection\":[\"Turismo y Cultura en Espa\u00f1a\"],\"inLanguage\":\"es\"},{\"@type\":\"WebPage\",\"@id\":\"https:\\\/\\\/www.welex.es\\\/es\\\/un-recorrido-para-conocer-fondo-torremolinos\\\/\",\"url\":\"https:\\\/\\\/www.welex.es\\\/es\\\/un-recorrido-para-conocer-fondo-torremolinos\\\/\",\"name\":\"Un recorrido para conocer a fondo Torremolinos. - Welex\",\"isPartOf\":{\"@id\":\"https:\\\/\\\/www.welex.es\\\/es\\\/#website\"},\"primaryImageOfPage\":{\"@id\":\"https:\\\/\\\/www.welex.es\\\/es\\\/un-recorrido-para-conocer-fondo-torremolinos\\\/#primaryimage\"},\"image\":{\"@id\":\"https:\\\/\\\/www.welex.es\\\/es\\\/un-recorrido-para-conocer-fondo-torremolinos\\\/#primaryimage\"},\"thumbnailUrl\":\"https:\\\/\\\/www.welex.es\\\/wp-content\\\/uploads\\\/2017\\\/05\\\/torremolinos.jpg\",\"datePublished\":\"2017-05-08T07:01:27+00:00\",\"dateModified\":\"2025-09-09T07:30:14+00:00\",\"description\":\"Si viene a M\u00e1laga, descubre en esta gu\u00eda los lugares m\u00e1s relevantes de Torremolinos y los rincones de este pueblo de la costa del sol.\",\"breadcrumb\":{\"@id\":\"https:\\\/\\\/www.welex.es\\\/es\\\/un-recorrido-para-conocer-fondo-torremolinos\\\/#breadcrumb\"},\"inLanguage\":\"es\",\"potentialAction\":[{\"@type\":\"ReadAction\",\"target\":[\"https:\\\/\\\/www.welex.es\\\/es\\\/un-recorrido-para-conocer-fondo-torremolinos\\\/\"]}]},{\"@type\":\"ImageObject\",\"inLanguage\":\"es\",\"@id\":\"https:\\\/\\\/www.welex.es\\\/es\\\/un-recorrido-para-conocer-fondo-torremolinos\\\/#primaryimage\",\"url\":\"https:\\\/\\\/www.welex.es\\\/wp-content\\\/uploads\\\/2017\\\/05\\\/torremolinos.jpg\",\"contentUrl\":\"https:\\\/\\\/www.welex.es\\\/wp-content\\\/uploads\\\/2017\\\/05\\\/torremolinos.jpg\",\"width\":600,\"height\":399,\"caption\":\"torremolinos\"},{\"@type\":\"BreadcrumbList\",\"@id\":\"https:\\\/\\\/www.welex.es\\\/es\\\/un-recorrido-para-conocer-fondo-torremolinos\\\/#breadcrumb\",\"itemListElement\":[{\"@type\":\"ListItem\",\"position\":1,\"name\":\"Home\",\"item\":\"https:\\\/\\\/www.welex.es\\\/es\\\/\"},{\"@type\":\"ListItem\",\"position\":2,\"name\":\"Un recorrido para conocer a fondo Torremolinos.\"}]},{\"@type\":\"WebSite\",\"@id\":\"https:\\\/\\\/www.welex.es\\\/es\\\/#website\",\"url\":\"https:\\\/\\\/www.welex.es\\\/es\\\/\",\"name\":\"Welex\",\"description\":\"\",\"publisher\":{\"@id\":\"https:\\\/\\\/www.welex.es\\\/#organization\"},\"potentialAction\":[{\"@type\":\"SearchAction\",\"target\":{\"@type\":\"EntryPoint\",\"urlTemplate\":\"https:\\\/\\\/www.welex.es\\\/es\\\/?s={search_term_string}\"},\"query-input\":{\"@type\":\"PropertyValueSpecification\",\"valueRequired\":true,\"valueName\":\"search_term_string\"}}],\"inLanguage\":\"es\"},{\"@type\":[\"Organization\",\"LegalService\"],\"@id\":\"https:\\\/\\\/www.welex.es\\\/#organization\",\"name\":\"Welex\",\"url\":\"https:\\\/\\\/www.welex.es\\\/\",\"logo\":{\"@type\":\"ImageObject\",\"inLanguage\":\"es\",\"@id\":\"https:\\\/\\\/www.welex.es\\\/#\\\/schema\\\/logo\\\/image\\\/\",\"url\":\"https:\\\/\\\/www.welex.es\\\/wp-content\\\/uploads\\\/2025\\\/05\\\/LOGOWELEXCORRECTO.png\",\"contentUrl\":\"https:\\\/\\\/www.welex.es\\\/wp-content\\\/uploads\\\/2025\\\/05\\\/LOGOWELEXCORRECTO.png\",\"width\":2147,\"height\":771,\"caption\":\"Welex\"},\"image\":{\"@id\":\"https:\\\/\\\/www.welex.es\\\/#\\\/schema\\\/logo\\\/image\\\/\"},\"sameAs\":[\"https:\\\/\\\/www.facebook.com\\\/WelexLawyersAccountants\\\/\",\"https:\\\/\\\/www.linkedin.com\\\/company\\\/welex\\\/\",\"https:\\\/\\\/www.instagram.com\\\/welex.lawyers\\\/\",\"https:\\\/\\\/www.tiktok.com\\\/@welex_lawyers_marbella\",\"https:\\\/\\\/lawyerscostadelsol.com\\\/\",\"https:\\\/\\\/www.accountant-spain.com\\\/\",\"https:\\\/\\\/welex-solicitors.com\\\/\"],\"description\":\"Law firm in Marbella providing legal, tax, labour and accounting advice to individuals and companies in Spain, with over 20 years of experience.\",\"email\":\"info@welex.es\",\"telephone\":\"+34952775521\",\"legalName\":\"Tr\u00e1mites Costa, S.L.\",\"numberOfEmployees\":{\"@type\":\"QuantitativeValue\",\"minValue\":\"11\",\"maxValue\":\"50\"},\"address\":{\"@type\":\"PostalAddress\",\"streetAddress\":\"Calle Ram\u00f3n G\u00f3mez de la Serna 23, Local 7\",\"addressLocality\":\"Marbella\",\"addressRegion\":\"M\u00e1laga\",\"postalCode\":\"29602\",\"addressCountry\":\"ES\"},\"geo\":{\"@type\":\"GeoCoordinates\",\"latitude\":36.5095366,\"longitude\":-4.8985745},\"hasMap\":\"https:\\\/\\\/www.google.com\\\/maps\\\/search\\\/?api=1&query=Welex+Marbella\",\"openingHoursSpecification\":[{\"@type\":\"OpeningHoursSpecification\",\"dayOfWeek\":[\"Monday\",\"Tuesday\",\"Wednesday\",\"Thursday\"],\"opens\":\"08:30\",\"closes\":\"17:00\"},{\"@type\":\"OpeningHoursSpecification\",\"dayOfWeek\":\"Friday\",\"opens\":\"08:30\",\"closes\":\"14:30\"}],\"areaServed\":[{\"@type\":\"Country\",\"name\":\"Spain\"},{\"@type\":\"AdministrativeArea\",\"name\":\"Costa del Sol\"},{\"@type\":\"City\",\"name\":\"Marbella\"}],\"knowsLanguage\":[\"es\",\"en\",\"nl\",\"fr\"],\"currenciesAccepted\":\"EUR\",\"priceRange\":\"$$\",\"slogan\":\"Seguridad jur\u00eddica. Claridad fiscal. Asesoramiento de confianza.\",\"contactPoint\":[{\"@type\":\"ContactPoint\",\"telephone\":\"+34952775521\",\"email\":\"info@welex.es\",\"contactType\":\"customer service\",\"availableLanguage\":[\"English\",\"Spanish\",\"Dutch\",\"French\"],\"areaServed\":\"ES\"}],\"hasOfferCatalog\":{\"@type\":\"OfferCatalog\",\"name\":\"Servicios legales, fiscales y contables en Espa\u00f1a\",\"itemListElement\":[{\"@type\":\"Offer\",\"itemOffered\":{\"@type\":\"Service\",\"name\":\"Abogados especializados en derecho inmobiliario en Marbella: Compra y venta de inmuebles en Espa\u00f1a\",\"url\":\"https:\\\/\\\/www.welex.es\\\/es\\\/servicio\\\/compra-y-venta-de-inmuebles-en-espana\\\/\"}},{\"@type\":\"Offer\",\"itemOffered\":{\"@type\":\"Service\",\"name\":\"Abogados expertos en Herencias y Testamentos en Marbella\",\"url\":\"https:\\\/\\\/www.welex.es\\\/es\\\/servicio\\\/testamentos-y-herencias-en-espana\\\/\"}},{\"@type\":\"Offer\",\"itemOffered\":{\"@type\":\"Service\",\"name\":\"Empresas y sociedades\",\"url\":\"https:\\\/\\\/www.welex.es\\\/es\\\/servicio\\\/empresas-y-sociedades\\\/\"}},{\"@type\":\"Offer\",\"itemOffered\":{\"@type\":\"Service\",\"name\":\"Asesoramiento laboral\",\"url\":\"https:\\\/\\\/www.welex.es\\\/es\\\/servicio\\\/asesoramiento-laboral\\\/\"}},{\"@type\":\"Offer\",\"itemOffered\":{\"@type\":\"Service\",\"name\":\"Derecho procesal\",\"url\":\"https:\\\/\\\/www.welex.es\\\/es\\\/servicio\\\/derecho-procesal\\\/\"}},{\"@type\":\"Offer\",\"itemOffered\":{\"@type\":\"Service\",\"name\":\"Adquisici\u00f3n de inmuebles para personas no residentes en Espa\u00f1a\",\"url\":\"https:\\\/\\\/www.welex.es\\\/es\\\/servicio\\\/adquisicion-de-inmuebles-para-personas-no-residentes-en-espana\\\/\"}},{\"@type\":\"Offer\",\"itemOffered\":{\"@type\":\"Service\",\"name\":\"Obligaciones fiscales de una sociedad SL\",\"url\":\"https:\\\/\\\/www.welex.es\\\/es\\\/servicio\\\/obligaciones-fiscales-de-una-sociedad-sl\\\/\"}},{\"@type\":\"Offer\",\"itemOffered\":{\"@type\":\"Service\",\"name\":\"Obligaciones Mercantiles de una sociedad SL\",\"url\":\"https:\\\/\\\/www.welex.es\\\/es\\\/servicio\\\/obligaciones-mercantiles-de-una-sociedad-sl\\\/\"}},{\"@type\":\"Offer\",\"itemOffered\":{\"@type\":\"Service\",\"name\":\"Revisi\u00f3n de estados financieros contables\",\"url\":\"https:\\\/\\\/www.welex.es\\\/es\\\/servicio\\\/revision-de-estados-financieros-contables\\\/\"}},{\"@type\":\"Offer\",\"itemOffered\":{\"@type\":\"Service\",\"name\":\"Impuestos\",\"url\":\"https:\\\/\\\/www.welex.es\\\/es\\\/servicio\\\/impuestos\\\/\"}},{\"@type\":\"Offer\",\"itemOffered\":{\"@type\":\"Service\",\"name\":\"Tr\u00e1mites destacados\",\"url\":\"https:\\\/\\\/www.welex.es\\\/es\\\/servicio\\\/tramites-destacados\\\/\"}}]}},{\"@type\":\"Person\",\"@id\":\"https:\\\/\\\/www.welex.es\\\/es\\\/#\\\/schema\\\/person\\\/fe98500e4b874772cfdbd1417c913f57\",\"name\":\"Welex Lawyers Accountants Wim\",\"image\":{\"@type\":\"ImageObject\",\"inLanguage\":\"es\",\"@id\":\"https:\\\/\\\/secure.gravatar.com\\\/avatar\\\/?s=96&d=mm&r=g\",\"url\":\"https:\\\/\\\/secure.gravatar.com\\\/avatar\\\/?s=96&d=mm&r=g\",\"contentUrl\":\"https:\\\/\\\/secure.gravatar.com\\\/avatar\\\/?s=96&d=mm&r=g\",\"caption\":\"Welex Lawyers Accountants Wim\"}}]}<\/script>\n<!-- \/ Yoast SEO Premium plugin. -->","yoast_head_json":{"title":"Un recorrido para conocer a fondo Torremolinos. - Welex","description":"Si viene a M\u00e1laga, descubre en esta gu\u00eda los lugares m\u00e1s relevantes de Torremolinos y los rincones de este pueblo de la costa del sol.","robots":{"index":"index","follow":"follow","max-snippet":"max-snippet:-1","max-image-preview":"max-image-preview:large","max-video-preview":"max-video-preview:-1"},"canonical":"https:\/\/www.welex.es\/es\/un-recorrido-para-conocer-fondo-torremolinos\/","og_locale":"es_ES","og_type":"article","og_title":"Un recorrido para conocer a fondo Torremolinos.","og_description":"Si viene a M\u00e1laga, descubre en esta gu\u00eda los lugares m\u00e1s relevantes de Torremolinos y los rincones de este pueblo de la costa del sol.","og_url":"https:\/\/www.welex.es\/es\/un-recorrido-para-conocer-fondo-torremolinos\/","og_site_name":"Welex","article_publisher":"https:\/\/www.facebook.com\/WelexLawyersAccountants\/","article_published_time":"2017-05-08T07:01:27+00:00","article_modified_time":"2025-09-09T07:30:14+00:00","og_image":[{"width":600,"height":399,"url":"https:\/\/www.welex.es\/wp-content\/uploads\/2017\/05\/torremolinos.jpg","type":"image\/jpeg"}],"author":"Welex Lawyers Accountants Wim","twitter_card":"summary_large_image","twitter_misc":{"Escrito por":"Welex Lawyers Accountants Wim","Tiempo de lectura":"4 minutos"},"schema":{"@context":"https:\/\/schema.org","@graph":[{"@type":"Article","@id":"https:\/\/www.welex.es\/es\/un-recorrido-para-conocer-fondo-torremolinos\/#article","isPartOf":{"@id":"https:\/\/www.welex.es\/es\/un-recorrido-para-conocer-fondo-torremolinos\/"},"author":{"name":"Welex Lawyers Accountants Wim","@id":"https:\/\/www.welex.es\/es\/#\/schema\/person\/fe98500e4b874772cfdbd1417c913f57"},"headline":"Un recorrido para conocer a fondo Torremolinos.","datePublished":"2017-05-08T07:01:27+00:00","dateModified":"2025-09-09T07:30:14+00:00","mainEntityOfPage":{"@id":"https:\/\/www.welex.es\/es\/un-recorrido-para-conocer-fondo-torremolinos\/"},"wordCount":800,"publisher":{"@id":"https:\/\/www.welex.es\/#organization"},"image":{"@id":"https:\/\/www.welex.es\/es\/un-recorrido-para-conocer-fondo-torremolinos\/#primaryimage"},"thumbnailUrl":"https:\/\/www.welex.es\/wp-content\/uploads\/2017\/05\/torremolinos.jpg","keywords":["gu\u00eda tur\u00edstica","abogado en Torremolinos","asesor fiscal en Torremolinos. Impuestos en Torremolinos","contable en Torremolinos","economista en Torremolinos","turismo en Torremolinos","costa del sol"],"articleSection":["Turismo y Cultura en Espa\u00f1a"],"inLanguage":"es"},{"@type":"WebPage","@id":"https:\/\/www.welex.es\/es\/un-recorrido-para-conocer-fondo-torremolinos\/","url":"https:\/\/www.welex.es\/es\/un-recorrido-para-conocer-fondo-torremolinos\/","name":"Un recorrido para conocer a fondo Torremolinos. - Welex","isPartOf":{"@id":"https:\/\/www.welex.es\/es\/#website"},"primaryImageOfPage":{"@id":"https:\/\/www.welex.es\/es\/un-recorrido-para-conocer-fondo-torremolinos\/#primaryimage"},"image":{"@id":"https:\/\/www.welex.es\/es\/un-recorrido-para-conocer-fondo-torremolinos\/#primaryimage"},"thumbnailUrl":"https:\/\/www.welex.es\/wp-content\/uploads\/2017\/05\/torremolinos.jpg","datePublished":"2017-05-08T07:01:27+00:00","dateModified":"2025-09-09T07:30:14+00:00","description":"Si viene a M\u00e1laga, descubre en esta gu\u00eda los lugares m\u00e1s relevantes de Torremolinos y los rincones de este pueblo de la costa del sol.","breadcrumb":{"@id":"https:\/\/www.welex.es\/es\/un-recorrido-para-conocer-fondo-torremolinos\/#breadcrumb"},"inLanguage":"es","potentialAction":[{"@type":"ReadAction","target":["https:\/\/www.welex.es\/es\/un-recorrido-para-conocer-fondo-torremolinos\/"]}]},{"@type":"ImageObject","inLanguage":"es","@id":"https:\/\/www.welex.es\/es\/un-recorrido-para-conocer-fondo-torremolinos\/#primaryimage","url":"https:\/\/www.welex.es\/wp-content\/uploads\/2017\/05\/torremolinos.jpg","contentUrl":"https:\/\/www.welex.es\/wp-content\/uploads\/2017\/05\/torremolinos.jpg","width":600,"height":399,"caption":"torremolinos"},{"@type":"BreadcrumbList","@id":"https:\/\/www.welex.es\/es\/un-recorrido-para-conocer-fondo-torremolinos\/#breadcrumb","itemListElement":[{"@type":"ListItem","position":1,"name":"Home","item":"https:\/\/www.welex.es\/es\/"},{"@type":"ListItem","position":2,"name":"Un recorrido para conocer a fondo Torremolinos."}]},{"@type":"WebSite","@id":"https:\/\/www.welex.es\/es\/#website","url":"https:\/\/www.welex.es\/es\/","name":"Welex","description":"","publisher":{"@id":"https:\/\/www.welex.es\/#organization"},"potentialAction":[{"@type":"SearchAction","target":{"@type":"EntryPoint","urlTemplate":"https:\/\/www.welex.es\/es\/?s={search_term_string}"},"query-input":{"@type":"PropertyValueSpecification","valueRequired":true,"valueName":"search_term_string"}}],"inLanguage":"es"},{"@type":["Organization","LegalService"],"@id":"https:\/\/www.welex.es\/#organization","name":"Welex","url":"https:\/\/www.welex.es\/","logo":{"@type":"ImageObject","inLanguage":"es","@id":"https:\/\/www.welex.es\/#\/schema\/logo\/image\/","url":"https:\/\/www.welex.es\/wp-content\/uploads\/2025\/05\/LOGOWELEXCORRECTO.png","contentUrl":"https:\/\/www.welex.es\/wp-content\/uploads\/2025\/05\/LOGOWELEXCORRECTO.png","width":2147,"height":771,"caption":"Welex"},"image":{"@id":"https:\/\/www.welex.es\/#\/schema\/logo\/image\/"},"sameAs":["https:\/\/www.facebook.com\/WelexLawyersAccountants\/","https:\/\/www.linkedin.com\/company\/welex\/","https:\/\/www.instagram.com\/welex.lawyers\/","https:\/\/www.tiktok.com\/@welex_lawyers_marbella","https:\/\/lawyerscostadelsol.com\/","https:\/\/www.accountant-spain.com\/","https:\/\/welex-solicitors.com\/"],"description":"Law firm in Marbella providing legal, tax, labour and accounting advice to individuals and companies in Spain, with over 20 years of experience.","email":"info@welex.es","telephone":"+34952775521","legalName":"Tr\u00e1mites Costa, S.L.","numberOfEmployees":{"@type":"QuantitativeValue","minValue":"11","maxValue":"50"},"address":{"@type":"PostalAddress","streetAddress":"Calle Ram\u00f3n G\u00f3mez de la Serna 23, Local 7","addressLocality":"Marbella","addressRegion":"M\u00e1laga","postalCode":"29602","addressCountry":"ES"},"geo":{"@type":"GeoCoordinates","latitude":36.5095366,"longitude":-4.8985745},"hasMap":"https:\/\/www.google.com\/maps\/search\/?api=1&query=Welex+Marbella","openingHoursSpecification":[{"@type":"OpeningHoursSpecification","dayOfWeek":["Monday","Tuesday","Wednesday","Thursday"],"opens":"08:30","closes":"17:00"},{"@type":"OpeningHoursSpecification","dayOfWeek":"Friday","opens":"08:30","closes":"14:30"}],"areaServed":[{"@type":"Country","name":"Spain"},{"@type":"AdministrativeArea","name":"Costa del Sol"},{"@type":"City","name":"Marbella"}],"knowsLanguage":["es","en","nl","fr"],"currenciesAccepted":"EUR","priceRange":"$$","slogan":"Seguridad jur\u00eddica. Claridad fiscal. Asesoramiento de confianza.","contactPoint":[{"@type":"ContactPoint","telephone":"+34952775521","email":"info@welex.es","contactType":"customer service","availableLanguage":["English","Spanish","Dutch","French"],"areaServed":"ES"}],"hasOfferCatalog":{"@type":"OfferCatalog","name":"Servicios legales, fiscales y contables en Espa\u00f1a","itemListElement":[{"@type":"Offer","itemOffered":{"@type":"Service","name":"Abogados especializados en derecho inmobiliario en Marbella: Compra y venta de inmuebles en Espa\u00f1a","url":"https:\/\/www.welex.es\/es\/servicio\/compra-y-venta-de-inmuebles-en-espana\/"}},{"@type":"Offer","itemOffered":{"@type":"Service","name":"Abogados expertos en Herencias y Testamentos en Marbella","url":"https:\/\/www.welex.es\/es\/servicio\/testamentos-y-herencias-en-espana\/"}},{"@type":"Offer","itemOffered":{"@type":"Service","name":"Empresas y sociedades","url":"https:\/\/www.welex.es\/es\/servicio\/empresas-y-sociedades\/"}},{"@type":"Offer","itemOffered":{"@type":"Service","name":"Asesoramiento laboral","url":"https:\/\/www.welex.es\/es\/servicio\/asesoramiento-laboral\/"}},{"@type":"Offer","itemOffered":{"@type":"Service","name":"Derecho procesal","url":"https:\/\/www.welex.es\/es\/servicio\/derecho-procesal\/"}},{"@type":"Offer","itemOffered":{"@type":"Service","name":"Adquisici\u00f3n de inmuebles para personas no residentes en Espa\u00f1a","url":"https:\/\/www.welex.es\/es\/servicio\/adquisicion-de-inmuebles-para-personas-no-residentes-en-espana\/"}},{"@type":"Offer","itemOffered":{"@type":"Service","name":"Obligaciones fiscales de una sociedad SL","url":"https:\/\/www.welex.es\/es\/servicio\/obligaciones-fiscales-de-una-sociedad-sl\/"}},{"@type":"Offer","itemOffered":{"@type":"Service","name":"Obligaciones Mercantiles de una sociedad SL","url":"https:\/\/www.welex.es\/es\/servicio\/obligaciones-mercantiles-de-una-sociedad-sl\/"}},{"@type":"Offer","itemOffered":{"@type":"Service","name":"Revisi\u00f3n de estados financieros contables","url":"https:\/\/www.welex.es\/es\/servicio\/revision-de-estados-financieros-contables\/"}},{"@type":"Offer","itemOffered":{"@type":"Service","name":"Impuestos","url":"https:\/\/www.welex.es\/es\/servicio\/impuestos\/"}},{"@type":"Offer","itemOffered":{"@type":"Service","name":"Tr\u00e1mites destacados","url":"https:\/\/www.welex.es\/es\/servicio\/tramites-destacados\/"}}]}},{"@type":"Person","@id":"https:\/\/www.welex.es\/es\/#\/schema\/person\/fe98500e4b874772cfdbd1417c913f57","name":"Welex Lawyers Accountants Wim","image":{"@type":"ImageObject","inLanguage":"es","@id":"https:\/\/secure.gravatar.com\/avatar\/?s=96&d=mm&r=g","url":"https:\/\/secure.gravatar.com\/avatar\/?s=96&d=mm&r=g","contentUrl":"https:\/\/secure.gravatar.com\/avatar\/?s=96&d=mm&r=g","caption":"Welex Lawyers Accountants Wim"}}]}},"_links":{"self":[{"href":"https:\/\/www.welex.es\/es\/wp-json\/wp\/v2\/posts\/8242","targetHints":{"allow":["GET"]}}],"collection":[{"href":"https:\/\/www.welex.es\/es\/wp-json\/wp\/v2\/posts"}],"about":[{"href":"https:\/\/www.welex.es\/es\/wp-json\/wp\/v2\/types\/post"}],"author":[{"embeddable":true,"href":"https:\/\/www.welex.es\/es\/wp-json\/wp\/v2\/users\/4"}],"replies":[{"embeddable":true,"href":"https:\/\/www.welex.es\/es\/wp-json\/wp\/v2\/comments?post=8242"}],"version-history":[{"count":0,"href":"https:\/\/www.welex.es\/es\/wp-json\/wp\/v2\/posts\/8242\/revisions"}],"wp:featuredmedia":[{"embeddable":true,"href":"https:\/\/www.welex.es\/es\/wp-json\/wp\/v2\/media\/10049"}],"wp:attachment":[{"href":"https:\/\/www.welex.es\/es\/wp-json\/wp\/v2\/media?parent=8242"}],"wp:term":[{"taxonomy":"category","embeddable":true,"href":"https:\/\/www.welex.es\/es\/wp-json\/wp\/v2\/categories?post=8242"},{"taxonomy":"post_tag","embeddable":true,"href":"https:\/\/www.welex.es\/es\/wp-json\/wp\/v2\/tags?post=8242"}],"curies":[{"name":"wp","href":"https:\/\/api.w.org\/{rel}","templated":true}]}}