{"id":8251,"date":"2017-05-15T08:01:12","date_gmt":"2017-05-15T07:01:12","guid":{"rendered":"https:\/\/www.welex.es\/?p=8251\/"},"modified":"2025-09-09T07:30:16","modified_gmt":"2025-09-09T07:30:16","slug":"guia-turistica-de-la-costa-del-sol-el-rincon-de-la-victoria","status":"publish","type":"post","link":"https:\/\/www.welex.es\/es\/guia-turistica-de-la-costa-del-sol-el-rincon-de-la-victoria\/","title":{"rendered":"Gu\u00eda tur\u00edstica de la costa del sol: El Rinc\u00f3n de la Victoria"},"content":{"rendered":"<p>Si deseas hacer <strong>turismo<\/strong> en un pueblo costero singular, conocer este encantador pueblo de origen pesquero de la <strong>costa del sol<\/strong> te ser\u00e1 m\u00e1s f\u00e1cil gracias a esta gu\u00eda donde encontraras sitios y lugares relevantes del<strong>Rinc\u00f3n de la Victoria.<\/strong><\/p>\n<h2>Algunos datos de inter\u00e9s<\/h2>\n<p>En la provincia de M\u00e1laga, al suroeste de la comarca de Axarquia se sit\u00faa el pueblo del <strong>Rinc\u00f3n de la Victoria,<\/strong> antes conocido como <strong>Benagalb\u00f3n<\/strong>. Llamado as\u00ed hasta 1949, el Rinc\u00f3n de la Victoria recibe su nombre de la orden de los M\u00ednimos, cuyo deber ten\u00eda el culto de la Virgen de la Victoria.<br \/>\n<img fetchpriority=\"high\" decoding=\"async\" class=\"aligncenter wp-image-10042 size-full\" title=\"abogados roncon de la victoria\" src=\"https:\/\/www.welex.es\/wp-content\/uploads\/2025\/09\/rincon-victoria-malaga-2.jpg\" alt=\"\" width=\"600\" height=\"450\" \/><\/p>\n<p>Este municipio andaluz, es el que cuenta con un mayor <strong>\u00edndice de bienestar<\/strong> de la provincia de M\u00e1laga, seg\u00fan un estudio elaborado por Analistas Econ\u00f3micos de Andaluc\u00eda (AEA). En el estudio se destaca que es el municipio con mayor renta per c\u00e1pita de la provincia de M\u00e1laga.<\/p>\n<p>Si lo sumamos al <strong>clima suave<\/strong> que hay durante todo el a\u00f1o, modulado por la brisa del mar mediterr\u00e1neo, sus playas y su ambiente tranquilo, entendemos por qu\u00e9 es un lugar ideal para visitar y tambi\u00e9n para vivir.<\/p>\n<p>De tradici\u00f3n pesquera y agr\u00edcola fue a partir de la d\u00e9cada de los 60 cuando comenz\u00f3 la edificaci\u00f3n de apartamentos y segundas residencias.<\/p>\n<p>Su principal <strong>actividad econ\u00f3mica<\/strong> se representa en el sector terciario, con m\u00e1s de un 50% de su poblaci\u00f3n activa dedicada a este sector, la hosteler\u00eda y el comercio principalmente. Le siguen la construcci\u00f3n y las actividades agr\u00edcolas se dedica un 12% de la poblaci\u00f3n.<\/p>\n<p><strong>La pesca<\/strong> es muy importante en el Rinc\u00f3n, siendo una actividad regulada por la Junta de Andaluc\u00eda para cuidar el litoral y que no sea sobreexplotada. Si usted es un amante de la pesca puede ir temprano por la ma\u00f1ana a las <strong>playas del Rinc\u00f3n<\/strong> a ver el espect\u00e1culo de la pesca tradicional y probar unas sardinitas reci\u00e9n pescadas para asar en espeto. Todos los a\u00f1os en las fiestas de verano del Rinc\u00f3n se celebran las <strong>regatas con j\u00e1begas<\/strong>, embarcaci\u00f3n pesquera tradicional que se remonta a los fenicios.<\/p>\n<p>Todo el municipio est\u00e1 orientado al mar, y aunque la actividad comercial y hostelera es importante, el turismo es estacional y a\u00fan tiene muchas oportunidades y posibilidades por descubrir.<\/p>\n<h2>Monumentos y lugares Imprescindibles<\/h2>\n<p><strong>El castillo de Bezmiliana<\/strong>, fortaleza amurallada del siglo XVIII, erigida por Carlos III cuyo prop\u00f3sito era salvaguardar el pueblo del peligro de los piratas ingleses y holandeses.<\/p>\n<p>Otras construcciones militares de naturaleza defensiva son las <strong>torres Almenaras<\/strong>, la torre de <strong>El Cantal<\/strong>, situada sobre un acantilado, y la <strong>torre de Benagalb\u00f3n<\/strong>. Formaban parte del sistema defensivo de la costa del Reino de Granada.<\/p>\n<p><strong>Las Cuevas<\/strong> que posee el Rinc\u00f3n de la Victoria, como la de<strong> la Victoria y del Tesoro <\/strong>forman parte del entramado de cavidades con arte rupestre, declarados Bien de Inter\u00e9s Cultural.<\/p>\n<p><strong>La Cueva del Tesoro<\/strong>, tambi\u00e9n conocida como del Higuer\u00f3n o del Suizo, se llama as\u00ed debido a una leyenda sobre el tesoro de la realeza almor\u00e1vide encontrada all\u00ed. Es una de las tres \u00fanicas cuevas submarinas que se conocen en el mundo y la \u00fanica en Europa.<\/p>\n<p><strong>La Cueva de la Victoria<\/strong> est\u00e1 situada en <strong>el Parque Arqueol\u00f3gico del Mediterr\u00e1neo, <\/strong>contiene arte rupestre desde el paleol\u00edtico medio hasta la edad de los metales.<\/p>\n<p>Las playas del Rinc\u00f3n<\/p>\n<p>El litoral rinconero se distingue por albergar cuatro playas:<\/p>\n<p><strong>La Playa de la Cala del Moral, <\/strong>se sit\u00faa enel t\u00e9rmino municipal de la Cala del Moral. Esta moderna poblaci\u00f3n de origen pesquero, contiene las playas que son el atractivo tur\u00edstico por excelencia. Su paseo mar\u00edtimo recorre el balc\u00f3n colgado encima del mar, por el que puedes acceder a la playa de 1,3 km de longitud, que es de grava y arena oscura, de aguas tranquilas y limpias.<\/p>\n<p>&nbsp;<\/p>\n<p>Foto. Texto Alt: Playas del Rinc\u00f3n de la Victoria<\/p>\n<p><strong>Playa del Rinc\u00f3n de la Victoria<\/strong>, delimitada y separada de la Cala del Moral por el promontorio del Cantal, es m\u00e1s extensa que esta \u00faltima, 3,6 km de longitud. Tambi\u00e9n accesible desde el paseo mar\u00edtimo, se trata de una playa de arena oscura, de aguas tranquilas y con alto grado de ocupaci\u00f3n en la \u00e9poca estival.<\/p>\n<p><strong>Playa de laTorre de Benagalb\u00f3n<\/strong>. Playa semiurbana, de 700 m de longitud, de arena oscura, oleaje moderado y una ocupaci\u00f3n media.<\/p>\n<p><strong>Playa de los Rubios, <\/strong>playa de 1,1 km de longitud, de caracter\u00edsticas similares a la anterior, semiurbana, de arena oscura, grado de ocupaci\u00f3n medio y de oleaje moderado.<\/p>\n<p>Este blog ha sido publicado por gentileza de Welex, su despacho de abogados y economistas que prestan sus servicios en el Rinc\u00f3n de la Victoria. Welex, su abogado y economista bajo un mismo techo trabajando para usted tambi\u00e9n en el Rinc\u00f3n de la Victoria. <a href=\"https:\/\/www.welex.es\/es\/contacto\/\">Contacte <\/a>nuestros oficinas ahora!<\/p>\n","protected":false},"excerpt":{"rendered":"<p>Si deseas hacer turismo en un pueblo costero singular, conocer este encantador pueblo de origen pesquero de la costa del sol te ser\u00e1 m\u00e1s f\u00e1cil gracias a esta gu\u00eda donde encontraras sitios y lugares relevantes delRinc\u00f3n de la Victoria. Algunos datos de inter\u00e9s En la provincia de M\u00e1laga, al suroeste de la comarca de Axarquia [&hellip;]<\/p>\n","protected":false},"author":4,"featured_media":10043,"comment_status":"closed","ping_status":"closed","sticky":false,"template":"","format":"standard","meta":{"_acf_changed":false,"footnotes":""},"categories":[233],"tags":[2507,2508,2509,2510,2511,2512,2513,3113],"class_list":["post-8251","post","type-post","status-publish","format-standard","has-post-thumbnail","hentry","category-turismo-y-cultura-en-espana","tag-abogado-rincon-de-la-victoria","tag-asesor-fiscal-rincon-de-la-victoria","tag-contable-rincon-de-la-victoria","tag-economista-rincon-de-la-victoria","tag-impuestos-rincon-de-la-victoria","tag-malaga","tag-rincon-de-la-victoria","tag-turismo-costa-del-sol-2"],"acf":[],"yoast_head":"<!-- This site is optimized with the Yoast SEO Premium plugin v27.9 (Yoast SEO v27.9) - https:\/\/yoast.com\/product\/yoast-seo-premium-wordpress\/ -->\n<title>Gu\u00eda tur\u00edstica de la costa del sol: El Rinc\u00f3n de la Victoria - Welex<\/title>\n<meta name=\"description\" content=\"Descubre las razones por las que ir al pueblo costero del Rinc\u00f3n de la Victoria, un municipio de la costa del sol con encanto y personalidad propia.\" \/>\n<meta name=\"robots\" content=\"index, follow, max-snippet:-1, max-image-preview:large, max-video-preview:-1\" \/>\n<link rel=\"canonical\" href=\"https:\/\/www.welex.es\/es\/guia-turistica-de-la-costa-del-sol-el-rincon-de-la-victoria\/\" \/>\n<meta property=\"og:locale\" content=\"es_ES\" \/>\n<meta property=\"og:type\" content=\"article\" \/>\n<meta property=\"og:title\" content=\"Gu\u00eda tur\u00edstica de la costa del sol: El Rinc\u00f3n de la Victoria\" \/>\n<meta property=\"og:description\" content=\"Descubre las razones por las que ir al pueblo costero del Rinc\u00f3n de la Victoria, un municipio de la costa del sol con encanto y personalidad propia.\" \/>\n<meta property=\"og:url\" content=\"https:\/\/www.welex.es\/es\/guia-turistica-de-la-costa-del-sol-el-rincon-de-la-victoria\/\" \/>\n<meta property=\"og:site_name\" content=\"Welex\" \/>\n<meta property=\"article:publisher\" content=\"https:\/\/www.facebook.com\/WelexLawyersAccountants\/\" \/>\n<meta property=\"article:published_time\" content=\"2017-05-15T07:01:12+00:00\" \/>\n<meta property=\"article:modified_time\" content=\"2025-09-09T07:30:16+00:00\" \/>\n<meta property=\"og:image\" content=\"https:\/\/www.welex.es\/wp-content\/uploads\/2017\/05\/rincon-victoria-malaga-3.jpg\" \/>\n\t<meta property=\"og:image:width\" content=\"600\" \/>\n\t<meta property=\"og:image:height\" content=\"450\" \/>\n\t<meta property=\"og:image:type\" content=\"image\/jpeg\" \/>\n<meta name=\"author\" content=\"Welex Lawyers Accountants Wim\" \/>\n<meta name=\"twitter:card\" content=\"summary_large_image\" \/>\n<meta name=\"twitter:label1\" content=\"Escrito por\" \/>\n\t<meta name=\"twitter:data1\" content=\"Welex Lawyers Accountants Wim\" \/>\n\t<meta name=\"twitter:label2\" content=\"Tiempo de lectura\" \/>\n\t<meta name=\"twitter:data2\" content=\"4 minutos\" \/>\n<script type=\"application\/ld+json\" class=\"yoast-schema-graph\">{\"@context\":\"https:\\\/\\\/schema.org\",\"@graph\":[{\"@type\":\"Article\",\"@id\":\"https:\\\/\\\/www.welex.es\\\/es\\\/guia-turistica-de-la-costa-del-sol-el-rincon-de-la-victoria\\\/#article\",\"isPartOf\":{\"@id\":\"https:\\\/\\\/www.welex.es\\\/es\\\/guia-turistica-de-la-costa-del-sol-el-rincon-de-la-victoria\\\/\"},\"author\":{\"name\":\"Welex Lawyers Accountants Wim\",\"@id\":\"https:\\\/\\\/www.welex.es\\\/es\\\/#\\\/schema\\\/person\\\/fe98500e4b874772cfdbd1417c913f57\"},\"headline\":\"Gu\u00eda tur\u00edstica de la costa del sol: El Rinc\u00f3n de la Victoria\",\"datePublished\":\"2017-05-15T07:01:12+00:00\",\"dateModified\":\"2025-09-09T07:30:16+00:00\",\"mainEntityOfPage\":{\"@id\":\"https:\\\/\\\/www.welex.es\\\/es\\\/guia-turistica-de-la-costa-del-sol-el-rincon-de-la-victoria\\\/\"},\"wordCount\":861,\"publisher\":{\"@id\":\"https:\\\/\\\/www.welex.es\\\/#organization\"},\"image\":{\"@id\":\"https:\\\/\\\/www.welex.es\\\/es\\\/guia-turistica-de-la-costa-del-sol-el-rincon-de-la-victoria\\\/#primaryimage\"},\"thumbnailUrl\":\"https:\\\/\\\/www.welex.es\\\/wp-content\\\/uploads\\\/2017\\\/05\\\/rincon-victoria-malaga-3.jpg\",\"keywords\":[\"abogado Rinc\u00f3n de la Victoria\",\"asesor fiscal Rinc\u00f3n de la Victoria\",\"contable Rinc\u00f3n de la Victoria\",\"economista Rinc\u00f3n de la Victoria\",\"Impuestos Rinc\u00f3n de la Victoria\",\"malaga\",\"Rinc\u00f3n de la Victoria\",\"turismo costa del sol\"],\"articleSection\":[\"Turismo y Cultura en Espa\u00f1a\"],\"inLanguage\":\"es\"},{\"@type\":\"WebPage\",\"@id\":\"https:\\\/\\\/www.welex.es\\\/es\\\/guia-turistica-de-la-costa-del-sol-el-rincon-de-la-victoria\\\/\",\"url\":\"https:\\\/\\\/www.welex.es\\\/es\\\/guia-turistica-de-la-costa-del-sol-el-rincon-de-la-victoria\\\/\",\"name\":\"Gu\u00eda tur\u00edstica de la costa del sol: El Rinc\u00f3n de la Victoria - Welex\",\"isPartOf\":{\"@id\":\"https:\\\/\\\/www.welex.es\\\/es\\\/#website\"},\"primaryImageOfPage\":{\"@id\":\"https:\\\/\\\/www.welex.es\\\/es\\\/guia-turistica-de-la-costa-del-sol-el-rincon-de-la-victoria\\\/#primaryimage\"},\"image\":{\"@id\":\"https:\\\/\\\/www.welex.es\\\/es\\\/guia-turistica-de-la-costa-del-sol-el-rincon-de-la-victoria\\\/#primaryimage\"},\"thumbnailUrl\":\"https:\\\/\\\/www.welex.es\\\/wp-content\\\/uploads\\\/2017\\\/05\\\/rincon-victoria-malaga-3.jpg\",\"datePublished\":\"2017-05-15T07:01:12+00:00\",\"dateModified\":\"2025-09-09T07:30:16+00:00\",\"description\":\"Descubre las razones por las que ir al pueblo costero del Rinc\u00f3n de la Victoria, un municipio de la costa del sol con encanto y personalidad propia.\",\"breadcrumb\":{\"@id\":\"https:\\\/\\\/www.welex.es\\\/es\\\/guia-turistica-de-la-costa-del-sol-el-rincon-de-la-victoria\\\/#breadcrumb\"},\"inLanguage\":\"es\",\"potentialAction\":[{\"@type\":\"ReadAction\",\"target\":[\"https:\\\/\\\/www.welex.es\\\/es\\\/guia-turistica-de-la-costa-del-sol-el-rincon-de-la-victoria\\\/\"]}]},{\"@type\":\"ImageObject\",\"inLanguage\":\"es\",\"@id\":\"https:\\\/\\\/www.welex.es\\\/es\\\/guia-turistica-de-la-costa-del-sol-el-rincon-de-la-victoria\\\/#primaryimage\",\"url\":\"https:\\\/\\\/www.welex.es\\\/wp-content\\\/uploads\\\/2017\\\/05\\\/rincon-victoria-malaga-3.jpg\",\"contentUrl\":\"https:\\\/\\\/www.welex.es\\\/wp-content\\\/uploads\\\/2017\\\/05\\\/rincon-victoria-malaga-3.jpg\",\"width\":600,\"height\":450,\"caption\":\"rincon victoria malaga 3\"},{\"@type\":\"BreadcrumbList\",\"@id\":\"https:\\\/\\\/www.welex.es\\\/es\\\/guia-turistica-de-la-costa-del-sol-el-rincon-de-la-victoria\\\/#breadcrumb\",\"itemListElement\":[{\"@type\":\"ListItem\",\"position\":1,\"name\":\"Home\",\"item\":\"https:\\\/\\\/www.welex.es\\\/es\\\/\"},{\"@type\":\"ListItem\",\"position\":2,\"name\":\"Gu\u00eda tur\u00edstica de la costa del sol: El Rinc\u00f3n de la Victoria\"}]},{\"@type\":\"WebSite\",\"@id\":\"https:\\\/\\\/www.welex.es\\\/es\\\/#website\",\"url\":\"https:\\\/\\\/www.welex.es\\\/es\\\/\",\"name\":\"Welex\",\"description\":\"\",\"publisher\":{\"@id\":\"https:\\\/\\\/www.welex.es\\\/#organization\"},\"potentialAction\":[{\"@type\":\"SearchAction\",\"target\":{\"@type\":\"EntryPoint\",\"urlTemplate\":\"https:\\\/\\\/www.welex.es\\\/es\\\/?s={search_term_string}\"},\"query-input\":{\"@type\":\"PropertyValueSpecification\",\"valueRequired\":true,\"valueName\":\"search_term_string\"}}],\"inLanguage\":\"es\"},{\"@type\":[\"Organization\",\"LegalService\"],\"@id\":\"https:\\\/\\\/www.welex.es\\\/#organization\",\"name\":\"Welex\",\"url\":\"https:\\\/\\\/www.welex.es\\\/\",\"logo\":{\"@type\":\"ImageObject\",\"inLanguage\":\"es\",\"@id\":\"https:\\\/\\\/www.welex.es\\\/#\\\/schema\\\/logo\\\/image\\\/\",\"url\":\"https:\\\/\\\/www.welex.es\\\/wp-content\\\/uploads\\\/2025\\\/05\\\/LOGOWELEXCORRECTO.png\",\"contentUrl\":\"https:\\\/\\\/www.welex.es\\\/wp-content\\\/uploads\\\/2025\\\/05\\\/LOGOWELEXCORRECTO.png\",\"width\":2147,\"height\":771,\"caption\":\"Welex\"},\"image\":{\"@id\":\"https:\\\/\\\/www.welex.es\\\/#\\\/schema\\\/logo\\\/image\\\/\"},\"sameAs\":[\"https:\\\/\\\/www.facebook.com\\\/WelexLawyersAccountants\\\/\",\"https:\\\/\\\/www.linkedin.com\\\/company\\\/welex\\\/\",\"https:\\\/\\\/www.instagram.com\\\/welex.lawyers\\\/\",\"https:\\\/\\\/www.tiktok.com\\\/@welex_lawyers_marbella\",\"https:\\\/\\\/lawyerscostadelsol.com\\\/\",\"https:\\\/\\\/www.accountant-spain.com\\\/\",\"https:\\\/\\\/welex-solicitors.com\\\/\"],\"description\":\"Law firm in Marbella providing legal, tax, labour and accounting advice to individuals and companies in Spain, with over 20 years of experience.\",\"email\":\"info@welex.es\",\"telephone\":\"+34952775521\",\"legalName\":\"Tr\u00e1mites Costa, S.L.\",\"numberOfEmployees\":{\"@type\":\"QuantitativeValue\",\"minValue\":\"11\",\"maxValue\":\"50\"},\"address\":{\"@type\":\"PostalAddress\",\"streetAddress\":\"Calle Ram\u00f3n G\u00f3mez de la Serna 23, Local 7\",\"addressLocality\":\"Marbella\",\"addressRegion\":\"M\u00e1laga\",\"postalCode\":\"29602\",\"addressCountry\":\"ES\"},\"geo\":{\"@type\":\"GeoCoordinates\",\"latitude\":36.5095366,\"longitude\":-4.8985745},\"hasMap\":\"https:\\\/\\\/www.google.com\\\/maps\\\/search\\\/?api=1&query=Welex+Marbella\",\"openingHoursSpecification\":[{\"@type\":\"OpeningHoursSpecification\",\"dayOfWeek\":[\"Monday\",\"Tuesday\",\"Wednesday\",\"Thursday\"],\"opens\":\"08:30\",\"closes\":\"17:00\"},{\"@type\":\"OpeningHoursSpecification\",\"dayOfWeek\":\"Friday\",\"opens\":\"08:30\",\"closes\":\"14:30\"}],\"areaServed\":[{\"@type\":\"Country\",\"name\":\"Spain\"},{\"@type\":\"AdministrativeArea\",\"name\":\"Costa del Sol\"},{\"@type\":\"City\",\"name\":\"Marbella\"}],\"knowsLanguage\":[\"es\",\"en\",\"nl\",\"fr\"],\"currenciesAccepted\":\"EUR\",\"priceRange\":\"$$\",\"slogan\":\"Seguridad jur\u00eddica. Claridad fiscal. Asesoramiento de confianza.\",\"contactPoint\":[{\"@type\":\"ContactPoint\",\"telephone\":\"+34952775521\",\"email\":\"info@welex.es\",\"contactType\":\"customer service\",\"availableLanguage\":[\"English\",\"Spanish\",\"Dutch\",\"French\"],\"areaServed\":\"ES\"}],\"hasOfferCatalog\":{\"@type\":\"OfferCatalog\",\"name\":\"Servicios legales, fiscales y contables en Espa\u00f1a\",\"itemListElement\":[{\"@type\":\"Offer\",\"itemOffered\":{\"@type\":\"Service\",\"name\":\"Abogados especializados en derecho inmobiliario en Marbella: Compra y venta de inmuebles en Espa\u00f1a\",\"url\":\"https:\\\/\\\/www.welex.es\\\/es\\\/servicio\\\/compra-y-venta-de-inmuebles-en-espana\\\/\"}},{\"@type\":\"Offer\",\"itemOffered\":{\"@type\":\"Service\",\"name\":\"Abogados expertos en Herencias y Testamentos en Marbella\",\"url\":\"https:\\\/\\\/www.welex.es\\\/es\\\/servicio\\\/testamentos-y-herencias-en-espana\\\/\"}},{\"@type\":\"Offer\",\"itemOffered\":{\"@type\":\"Service\",\"name\":\"Empresas y sociedades\",\"url\":\"https:\\\/\\\/www.welex.es\\\/es\\\/servicio\\\/empresas-y-sociedades\\\/\"}},{\"@type\":\"Offer\",\"itemOffered\":{\"@type\":\"Service\",\"name\":\"Asesoramiento laboral\",\"url\":\"https:\\\/\\\/www.welex.es\\\/es\\\/servicio\\\/asesoramiento-laboral\\\/\"}},{\"@type\":\"Offer\",\"itemOffered\":{\"@type\":\"Service\",\"name\":\"Derecho procesal\",\"url\":\"https:\\\/\\\/www.welex.es\\\/es\\\/servicio\\\/derecho-procesal\\\/\"}},{\"@type\":\"Offer\",\"itemOffered\":{\"@type\":\"Service\",\"name\":\"Adquisici\u00f3n de inmuebles para personas no residentes en Espa\u00f1a\",\"url\":\"https:\\\/\\\/www.welex.es\\\/es\\\/servicio\\\/adquisicion-de-inmuebles-para-personas-no-residentes-en-espana\\\/\"}},{\"@type\":\"Offer\",\"itemOffered\":{\"@type\":\"Service\",\"name\":\"Obligaciones fiscales de una sociedad SL\",\"url\":\"https:\\\/\\\/www.welex.es\\\/es\\\/servicio\\\/obligaciones-fiscales-de-una-sociedad-sl\\\/\"}},{\"@type\":\"Offer\",\"itemOffered\":{\"@type\":\"Service\",\"name\":\"Obligaciones Mercantiles de una sociedad SL\",\"url\":\"https:\\\/\\\/www.welex.es\\\/es\\\/servicio\\\/obligaciones-mercantiles-de-una-sociedad-sl\\\/\"}},{\"@type\":\"Offer\",\"itemOffered\":{\"@type\":\"Service\",\"name\":\"Revisi\u00f3n de estados financieros contables\",\"url\":\"https:\\\/\\\/www.welex.es\\\/es\\\/servicio\\\/revision-de-estados-financieros-contables\\\/\"}},{\"@type\":\"Offer\",\"itemOffered\":{\"@type\":\"Service\",\"name\":\"Impuestos\",\"url\":\"https:\\\/\\\/www.welex.es\\\/es\\\/servicio\\\/impuestos\\\/\"}},{\"@type\":\"Offer\",\"itemOffered\":{\"@type\":\"Service\",\"name\":\"Tr\u00e1mites destacados\",\"url\":\"https:\\\/\\\/www.welex.es\\\/es\\\/servicio\\\/tramites-destacados\\\/\"}}]}},{\"@type\":\"Person\",\"@id\":\"https:\\\/\\\/www.welex.es\\\/es\\\/#\\\/schema\\\/person\\\/fe98500e4b874772cfdbd1417c913f57\",\"name\":\"Welex Lawyers Accountants Wim\",\"image\":{\"@type\":\"ImageObject\",\"inLanguage\":\"es\",\"@id\":\"https:\\\/\\\/secure.gravatar.com\\\/avatar\\\/?s=96&d=mm&r=g\",\"url\":\"https:\\\/\\\/secure.gravatar.com\\\/avatar\\\/?s=96&d=mm&r=g\",\"contentUrl\":\"https:\\\/\\\/secure.gravatar.com\\\/avatar\\\/?s=96&d=mm&r=g\",\"caption\":\"Welex Lawyers Accountants Wim\"}}]}<\/script>\n<!-- \/ Yoast SEO Premium plugin. -->","yoast_head_json":{"title":"Gu\u00eda tur\u00edstica de la costa del sol: El Rinc\u00f3n de la Victoria - Welex","description":"Descubre las razones por las que ir al pueblo costero del Rinc\u00f3n de la Victoria, un municipio de la costa del sol con encanto y personalidad propia.","robots":{"index":"index","follow":"follow","max-snippet":"max-snippet:-1","max-image-preview":"max-image-preview:large","max-video-preview":"max-video-preview:-1"},"canonical":"https:\/\/www.welex.es\/es\/guia-turistica-de-la-costa-del-sol-el-rincon-de-la-victoria\/","og_locale":"es_ES","og_type":"article","og_title":"Gu\u00eda tur\u00edstica de la costa del sol: El Rinc\u00f3n de la Victoria","og_description":"Descubre las razones por las que ir al pueblo costero del Rinc\u00f3n de la Victoria, un municipio de la costa del sol con encanto y personalidad propia.","og_url":"https:\/\/www.welex.es\/es\/guia-turistica-de-la-costa-del-sol-el-rincon-de-la-victoria\/","og_site_name":"Welex","article_publisher":"https:\/\/www.facebook.com\/WelexLawyersAccountants\/","article_published_time":"2017-05-15T07:01:12+00:00","article_modified_time":"2025-09-09T07:30:16+00:00","og_image":[{"width":600,"height":450,"url":"https:\/\/www.welex.es\/wp-content\/uploads\/2017\/05\/rincon-victoria-malaga-3.jpg","type":"image\/jpeg"}],"author":"Welex Lawyers Accountants Wim","twitter_card":"summary_large_image","twitter_misc":{"Escrito por":"Welex Lawyers Accountants Wim","Tiempo de lectura":"4 minutos"},"schema":{"@context":"https:\/\/schema.org","@graph":[{"@type":"Article","@id":"https:\/\/www.welex.es\/es\/guia-turistica-de-la-costa-del-sol-el-rincon-de-la-victoria\/#article","isPartOf":{"@id":"https:\/\/www.welex.es\/es\/guia-turistica-de-la-costa-del-sol-el-rincon-de-la-victoria\/"},"author":{"name":"Welex Lawyers Accountants Wim","@id":"https:\/\/www.welex.es\/es\/#\/schema\/person\/fe98500e4b874772cfdbd1417c913f57"},"headline":"Gu\u00eda tur\u00edstica de la costa del sol: El Rinc\u00f3n de la Victoria","datePublished":"2017-05-15T07:01:12+00:00","dateModified":"2025-09-09T07:30:16+00:00","mainEntityOfPage":{"@id":"https:\/\/www.welex.es\/es\/guia-turistica-de-la-costa-del-sol-el-rincon-de-la-victoria\/"},"wordCount":861,"publisher":{"@id":"https:\/\/www.welex.es\/#organization"},"image":{"@id":"https:\/\/www.welex.es\/es\/guia-turistica-de-la-costa-del-sol-el-rincon-de-la-victoria\/#primaryimage"},"thumbnailUrl":"https:\/\/www.welex.es\/wp-content\/uploads\/2017\/05\/rincon-victoria-malaga-3.jpg","keywords":["abogado Rinc\u00f3n de la Victoria","asesor fiscal Rinc\u00f3n de la Victoria","contable Rinc\u00f3n de la Victoria","economista Rinc\u00f3n de la Victoria","Impuestos Rinc\u00f3n de la Victoria","malaga","Rinc\u00f3n de la Victoria","turismo costa del sol"],"articleSection":["Turismo y Cultura en Espa\u00f1a"],"inLanguage":"es"},{"@type":"WebPage","@id":"https:\/\/www.welex.es\/es\/guia-turistica-de-la-costa-del-sol-el-rincon-de-la-victoria\/","url":"https:\/\/www.welex.es\/es\/guia-turistica-de-la-costa-del-sol-el-rincon-de-la-victoria\/","name":"Gu\u00eda tur\u00edstica de la costa del sol: El Rinc\u00f3n de la Victoria - Welex","isPartOf":{"@id":"https:\/\/www.welex.es\/es\/#website"},"primaryImageOfPage":{"@id":"https:\/\/www.welex.es\/es\/guia-turistica-de-la-costa-del-sol-el-rincon-de-la-victoria\/#primaryimage"},"image":{"@id":"https:\/\/www.welex.es\/es\/guia-turistica-de-la-costa-del-sol-el-rincon-de-la-victoria\/#primaryimage"},"thumbnailUrl":"https:\/\/www.welex.es\/wp-content\/uploads\/2017\/05\/rincon-victoria-malaga-3.jpg","datePublished":"2017-05-15T07:01:12+00:00","dateModified":"2025-09-09T07:30:16+00:00","description":"Descubre las razones por las que ir al pueblo costero del Rinc\u00f3n de la Victoria, un municipio de la costa del sol con encanto y personalidad propia.","breadcrumb":{"@id":"https:\/\/www.welex.es\/es\/guia-turistica-de-la-costa-del-sol-el-rincon-de-la-victoria\/#breadcrumb"},"inLanguage":"es","potentialAction":[{"@type":"ReadAction","target":["https:\/\/www.welex.es\/es\/guia-turistica-de-la-costa-del-sol-el-rincon-de-la-victoria\/"]}]},{"@type":"ImageObject","inLanguage":"es","@id":"https:\/\/www.welex.es\/es\/guia-turistica-de-la-costa-del-sol-el-rincon-de-la-victoria\/#primaryimage","url":"https:\/\/www.welex.es\/wp-content\/uploads\/2017\/05\/rincon-victoria-malaga-3.jpg","contentUrl":"https:\/\/www.welex.es\/wp-content\/uploads\/2017\/05\/rincon-victoria-malaga-3.jpg","width":600,"height":450,"caption":"rincon victoria malaga 3"},{"@type":"BreadcrumbList","@id":"https:\/\/www.welex.es\/es\/guia-turistica-de-la-costa-del-sol-el-rincon-de-la-victoria\/#breadcrumb","itemListElement":[{"@type":"ListItem","position":1,"name":"Home","item":"https:\/\/www.welex.es\/es\/"},{"@type":"ListItem","position":2,"name":"Gu\u00eda tur\u00edstica de la costa del sol: El Rinc\u00f3n de la Victoria"}]},{"@type":"WebSite","@id":"https:\/\/www.welex.es\/es\/#website","url":"https:\/\/www.welex.es\/es\/","name":"Welex","description":"","publisher":{"@id":"https:\/\/www.welex.es\/#organization"},"potentialAction":[{"@type":"SearchAction","target":{"@type":"EntryPoint","urlTemplate":"https:\/\/www.welex.es\/es\/?s={search_term_string}"},"query-input":{"@type":"PropertyValueSpecification","valueRequired":true,"valueName":"search_term_string"}}],"inLanguage":"es"},{"@type":["Organization","LegalService"],"@id":"https:\/\/www.welex.es\/#organization","name":"Welex","url":"https:\/\/www.welex.es\/","logo":{"@type":"ImageObject","inLanguage":"es","@id":"https:\/\/www.welex.es\/#\/schema\/logo\/image\/","url":"https:\/\/www.welex.es\/wp-content\/uploads\/2025\/05\/LOGOWELEXCORRECTO.png","contentUrl":"https:\/\/www.welex.es\/wp-content\/uploads\/2025\/05\/LOGOWELEXCORRECTO.png","width":2147,"height":771,"caption":"Welex"},"image":{"@id":"https:\/\/www.welex.es\/#\/schema\/logo\/image\/"},"sameAs":["https:\/\/www.facebook.com\/WelexLawyersAccountants\/","https:\/\/www.linkedin.com\/company\/welex\/","https:\/\/www.instagram.com\/welex.lawyers\/","https:\/\/www.tiktok.com\/@welex_lawyers_marbella","https:\/\/lawyerscostadelsol.com\/","https:\/\/www.accountant-spain.com\/","https:\/\/welex-solicitors.com\/"],"description":"Law firm in Marbella providing legal, tax, labour and accounting advice to individuals and companies in Spain, with over 20 years of experience.","email":"info@welex.es","telephone":"+34952775521","legalName":"Tr\u00e1mites Costa, S.L.","numberOfEmployees":{"@type":"QuantitativeValue","minValue":"11","maxValue":"50"},"address":{"@type":"PostalAddress","streetAddress":"Calle Ram\u00f3n G\u00f3mez de la Serna 23, Local 7","addressLocality":"Marbella","addressRegion":"M\u00e1laga","postalCode":"29602","addressCountry":"ES"},"geo":{"@type":"GeoCoordinates","latitude":36.5095366,"longitude":-4.8985745},"hasMap":"https:\/\/www.google.com\/maps\/search\/?api=1&query=Welex+Marbella","openingHoursSpecification":[{"@type":"OpeningHoursSpecification","dayOfWeek":["Monday","Tuesday","Wednesday","Thursday"],"opens":"08:30","closes":"17:00"},{"@type":"OpeningHoursSpecification","dayOfWeek":"Friday","opens":"08:30","closes":"14:30"}],"areaServed":[{"@type":"Country","name":"Spain"},{"@type":"AdministrativeArea","name":"Costa del Sol"},{"@type":"City","name":"Marbella"}],"knowsLanguage":["es","en","nl","fr"],"currenciesAccepted":"EUR","priceRange":"$$","slogan":"Seguridad jur\u00eddica. Claridad fiscal. Asesoramiento de confianza.","contactPoint":[{"@type":"ContactPoint","telephone":"+34952775521","email":"info@welex.es","contactType":"customer service","availableLanguage":["English","Spanish","Dutch","French"],"areaServed":"ES"}],"hasOfferCatalog":{"@type":"OfferCatalog","name":"Servicios legales, fiscales y contables en Espa\u00f1a","itemListElement":[{"@type":"Offer","itemOffered":{"@type":"Service","name":"Abogados especializados en derecho inmobiliario en Marbella: Compra y venta de inmuebles en Espa\u00f1a","url":"https:\/\/www.welex.es\/es\/servicio\/compra-y-venta-de-inmuebles-en-espana\/"}},{"@type":"Offer","itemOffered":{"@type":"Service","name":"Abogados expertos en Herencias y Testamentos en Marbella","url":"https:\/\/www.welex.es\/es\/servicio\/testamentos-y-herencias-en-espana\/"}},{"@type":"Offer","itemOffered":{"@type":"Service","name":"Empresas y sociedades","url":"https:\/\/www.welex.es\/es\/servicio\/empresas-y-sociedades\/"}},{"@type":"Offer","itemOffered":{"@type":"Service","name":"Asesoramiento laboral","url":"https:\/\/www.welex.es\/es\/servicio\/asesoramiento-laboral\/"}},{"@type":"Offer","itemOffered":{"@type":"Service","name":"Derecho procesal","url":"https:\/\/www.welex.es\/es\/servicio\/derecho-procesal\/"}},{"@type":"Offer","itemOffered":{"@type":"Service","name":"Adquisici\u00f3n de inmuebles para personas no residentes en Espa\u00f1a","url":"https:\/\/www.welex.es\/es\/servicio\/adquisicion-de-inmuebles-para-personas-no-residentes-en-espana\/"}},{"@type":"Offer","itemOffered":{"@type":"Service","name":"Obligaciones fiscales de una sociedad SL","url":"https:\/\/www.welex.es\/es\/servicio\/obligaciones-fiscales-de-una-sociedad-sl\/"}},{"@type":"Offer","itemOffered":{"@type":"Service","name":"Obligaciones Mercantiles de una sociedad SL","url":"https:\/\/www.welex.es\/es\/servicio\/obligaciones-mercantiles-de-una-sociedad-sl\/"}},{"@type":"Offer","itemOffered":{"@type":"Service","name":"Revisi\u00f3n de estados financieros contables","url":"https:\/\/www.welex.es\/es\/servicio\/revision-de-estados-financieros-contables\/"}},{"@type":"Offer","itemOffered":{"@type":"Service","name":"Impuestos","url":"https:\/\/www.welex.es\/es\/servicio\/impuestos\/"}},{"@type":"Offer","itemOffered":{"@type":"Service","name":"Tr\u00e1mites destacados","url":"https:\/\/www.welex.es\/es\/servicio\/tramites-destacados\/"}}]}},{"@type":"Person","@id":"https:\/\/www.welex.es\/es\/#\/schema\/person\/fe98500e4b874772cfdbd1417c913f57","name":"Welex Lawyers Accountants Wim","image":{"@type":"ImageObject","inLanguage":"es","@id":"https:\/\/secure.gravatar.com\/avatar\/?s=96&d=mm&r=g","url":"https:\/\/secure.gravatar.com\/avatar\/?s=96&d=mm&r=g","contentUrl":"https:\/\/secure.gravatar.com\/avatar\/?s=96&d=mm&r=g","caption":"Welex Lawyers Accountants Wim"}}]}},"_links":{"self":[{"href":"https:\/\/www.welex.es\/es\/wp-json\/wp\/v2\/posts\/8251","targetHints":{"allow":["GET"]}}],"collection":[{"href":"https:\/\/www.welex.es\/es\/wp-json\/wp\/v2\/posts"}],"about":[{"href":"https:\/\/www.welex.es\/es\/wp-json\/wp\/v2\/types\/post"}],"author":[{"embeddable":true,"href":"https:\/\/www.welex.es\/es\/wp-json\/wp\/v2\/users\/4"}],"replies":[{"embeddable":true,"href":"https:\/\/www.welex.es\/es\/wp-json\/wp\/v2\/comments?post=8251"}],"version-history":[{"count":0,"href":"https:\/\/www.welex.es\/es\/wp-json\/wp\/v2\/posts\/8251\/revisions"}],"wp:featuredmedia":[{"embeddable":true,"href":"https:\/\/www.welex.es\/es\/wp-json\/wp\/v2\/media\/10043"}],"wp:attachment":[{"href":"https:\/\/www.welex.es\/es\/wp-json\/wp\/v2\/media?parent=8251"}],"wp:term":[{"taxonomy":"category","embeddable":true,"href":"https:\/\/www.welex.es\/es\/wp-json\/wp\/v2\/categories?post=8251"},{"taxonomy":"post_tag","embeddable":true,"href":"https:\/\/www.welex.es\/es\/wp-json\/wp\/v2\/tags?post=8251"}],"curies":[{"name":"wp","href":"https:\/\/api.w.org\/{rel}","templated":true}]}}