{"id":8846,"date":"2017-07-17T08:01:16","date_gmt":"2017-07-17T07:01:16","guid":{"rendered":"https:\/\/www.welex.es\/?p=8846\/"},"modified":"2025-09-09T07:30:28","modified_gmt":"2025-09-09T07:30:28","slug":"guia-turistica-de-benalmadena-en-vacaciones","status":"publish","type":"post","link":"https:\/\/www.welex.es\/es\/guia-turistica-de-benalmadena-en-vacaciones\/","title":{"rendered":"Gu\u00eda tur\u00edstica de Benalm\u00e1dena en vacaciones"},"content":{"rendered":"<h1><\/h1>\n<p><strong>Benalm\u00e1dena es un lugar ideal para pasar unas vacaciones en la costa del sol,<\/strong> a\u00f1os tras a\u00f1o recibe a cientos de turistas que quedan embelesados con la belleza y armon\u00eda del pueblo. Justamente por eso, para que puedas sacar el m\u00e1ximo partido a tus vacaciones en Benalm\u00e1dena, hemos elaborado esta gu\u00eda tur\u00edstica de sitios que tienes que ver s\u00ed o s\u00ed cuando est\u00e9s en tus d\u00edas de descanso por la zona.<\/p>\n<h2>Conoce Benalm\u00e1dena, el pueblo<\/h2>\n<p>Como bien sabes, <strong>Benalm\u00e1dena se encuentra situado en pleno centro de la costa del sol<\/strong> y a tan solo 11 kil\u00f3metros del aeropuerto de M\u00e1laga, por lo que las comunicaciones son muy buenas.<\/p>\n<p>El gran punto a favor de este municipio es que nos puede ofrecer varias posibilidades de ocio y diversi\u00f3n, desde momentos tranquilos y de desconexi\u00f3n a otros m\u00e1s animados, disfrutando de la noche, as\u00ed como numerosas actividades culturales.<\/p>\n<p>Como la mayor\u00eda de las zonas de costa en M\u00e1laga, Benalm\u00e1dena guarda en el centro del pueblo la esencia de los pueblos andaluces, casas blancas, calles peatonales y estrechas donde perderse dando un agradable paseo, como, por ejemplo, en <strong>la plaza de Espa\u00f1a<\/strong>.<\/p>\n<h2>Disfruta de las playas de Benalm\u00e1dena en vacaciones<\/h2>\n<p>La verdad es que podr\u00edamos dedicar un post en exclusiva a <strong>las playas de Benalm\u00e1dena<\/strong> (y seguramente lo hagamos) pero como hoy lo que nos ocupa es una gu\u00eda tur\u00edstica que recoja los principales puntos de inter\u00e9s, no podemos hablar de las 14 playas de la zona, as\u00ed que te vamos a recomendar dos de dos de ellas: Playa del Bil-Bil y la playa del Arrollo de la miel.<\/p>\n<p>La <strong>playa del Bil-Bil<\/strong> consta de unos 400 metros, no es de las m\u00e1s grandes, pero tiene mucho encanto al estar en pleno coraz\u00f3n del municipio. Adem\u00e1s, cuenta con un paseo mar\u00edtimo para recorrer toda la costa ofreci\u00e9ndonos una panor\u00e1mica realmente impresionante.<\/p>\n<p><img fetchpriority=\"high\" decoding=\"async\" class=\"alignnone wp-image-9232 size-full\" title=\"disfruta de la playa de Bil-Bil en tus vacaciones en Benalm\u00e1dena\" src=\"https:\/\/www.welex.es\/wp-content\/uploads\/2025\/09\/playas-bil-bil-malaga.jpg\" alt=\"\" width=\"600\" height=\"349\" \/><\/p>\n<p>La <strong>playa del Arrollo de la miel <\/strong>es una de las m\u00e1s conocidas de Benalm\u00e1dena, m\u00e1s de 600 metros de arena para disfrutar de tus jornadas de playa por todo lo alto.<\/p>\n<h2>Puerta marina de Benalm\u00e1dena<\/h2>\n<p>El <strong>puerto de Benalm\u00e1dena conocido como Puerta Marina<\/strong>, es uno de los m\u00e1s conocidos de Europa y por supuesto de la costa del sol, junto con Puerto Ban\u00fas por supuesto.<\/p>\n<p>Cuenta con m\u00e1s de mil amarres para barcos de todas las partes del mundo, lo que le convierten en uno de los m\u00e1s activos de toda la provincia. Adem\u00e1s de disfrutar de un agradable paseo de d\u00eda, tambi\u00e9n tiene una poderosa vida nocturna con bares, pubs y discotecas de lo m\u00e1s sofisticas.<\/p>\n<h2>Un paseo por las nubes, el telef\u00e9rico de Benalm\u00e1dena<\/h2>\n<p>Y ahora es momento ideal para <strong>subirnos al cielo de Benalm\u00e1dena en su famoso telef\u00e9rico<\/strong> y disfrutar de unas vistas impresionantes.<\/p>\n<p>Representa una de las actividades preferidas de los m\u00e1s peque\u00f1os, por lo que, si en tus vacaciones vas en familia, no dudes en hacer este plan con los m\u00e1s peques, \u00a1les encantar\u00e1!<\/p>\n<p>Adem\u00e1s, os elevareis m\u00e1s de 750 metros de altura y contemplaras las vistas impresionantes de Sierra nevada, Valle de Guadalhorce y si es un d\u00eda claro, contemplaras Gibraltar y la costa africana.<\/p>\n<h2>El Castillo de Colomares<\/h2>\n<p>Llegamos hasta el <strong>monumento hist\u00f3rico m\u00e1s emblem\u00e1tico de Benalm\u00e1dena, el Castillo de Colomares<\/strong>, que es un homenaje a Crist\u00f3bal Col\u00f3n, narrando de una manera simb\u00f3lica el descubrimiento de Am\u00e9rica, mediante los s\u00edmbolos que encontramos en \u00e9l, todos relacionados con el descubrimiento, desde el inicio de la idea hasta la llegada.<\/p>\n<p>Una construcci\u00f3n que mezcla estilos desde bizantino, a rom\u00e1ntico y g\u00f3tico pasando por el mud\u00e9jar. Se tardaron siete en a\u00f1os en darle forma, que, dada su complejidad, se puede decir, que fue bastante r\u00e1pida su contracci\u00f3n que abarca desde\u00a0 1987 a 1994.<\/p>\n<p><img decoding=\"async\" class=\"alignnone wp-image-9235 size-full\" title=\"Impresionante vistas de la fachada del Castillo de Colomares\" src=\"https:\/\/www.welex.es\/wp-content\/uploads\/2025\/09\/castillo-de-colomares.jpg\" alt=\"\" width=\"600\" height=\"401\" \/><\/p>\n<p>Como curiosidad, contarte que dentro de las inmediaciones del castillo se encuentra la iglesia que ostenta el r\u00e9cor Guinness por ser la m\u00e1s peque\u00f1a del mundo, siendo sus dimensiones de tan solo 1,96 metros. \u00a1Una verdadera miniatura!<\/p>\n<p>Como has podido comprobar en <strong>nuestra gu\u00eda tur\u00edstica de Benalm\u00e1dena<\/strong>, este municipio malague\u00f1o ofrece un mont\u00f3n de <strong>sitios de inter\u00e9s para ir en tus vacaciones<\/strong> en la zona. Y como te hemos comentado al principio de este post, es que, tanto si buscas tranquilidad, como m\u00e1s marcha, \u00a1podr\u00e1s encontrarlo sin problema!<\/p>\n<p>Este blog ha sido publicado por gentileza de Welex, su abogado y economista en Marbella, M\u00e1laga.<\/p>\n<p>&nbsp;<\/p>\n<p>En \u201cWelex\u201d proporcionamos asesoramiento jur\u00eddico, laboral, fiscal y contable, a fin de ofrecer seguridad jur\u00eddica a nuestros clientes, desde la experiencia y profesionalidad.<\/p>\n<p>\u00bfNecesita asesoramiento? D\u00edganos lo que necesita, estaremos encantados de asistirle en cualquier asunto de tipo jur\u00eddico, laboral, fiscal o mercantil.<\/p>\n<p>&nbsp;<\/p>\n<p>Nuestros profesionales, abogados y economistas, est\u00e1n dispuestos a ayudarle y exponerle de forma clara las respuestas a sus consultas.<\/p>\n<p>&nbsp;<\/p>\n<p>Welex, su abogado en Benalm\u00e1dena,\u00a0 abogados en Benalm\u00e1dena, Despacho de abogados en Benalm\u00e1dena, Economistas Benalm\u00e1dena, contables en Benalm\u00e1dena, Asesores fiscales en Benalm\u00e1dena, Especialistas en herencias en Benalm\u00e1dena , Impuesto sobre sucesiones en Benalm\u00e1dena, Testamentos en Benalm\u00e1dena<\/p>\n","protected":false},"excerpt":{"rendered":"<p>Benalm\u00e1dena es un lugar ideal para pasar unas vacaciones en la costa del sol, a\u00f1os tras a\u00f1o recibe a cientos de turistas que quedan embelesados con la belleza y armon\u00eda del pueblo. Justamente por eso, para que puedas sacar el m\u00e1ximo partido a tus vacaciones en Benalm\u00e1dena, hemos elaborado esta gu\u00eda tur\u00edstica de sitios que [&hellip;]<\/p>\n","protected":false},"author":4,"featured_media":9185,"comment_status":"closed","ping_status":"closed","sticky":false,"template":"","format":"standard","meta":{"_acf_changed":false,"footnotes":""},"categories":[233],"tags":[2746,2747,2748,2749,2750,2751,2752,2753,2754],"class_list":["post-8846","post","type-post","status-publish","format-standard","has-post-thumbnail","hentry","category-turismo-y-cultura-en-espana","tag-abogados-en-benalmadena","tag-asesores-fiscales-en-benalmadena","tag-contables-en-benalmadena","tag-despacho-de-abogados-en-benalmadena","tag-economistas-benalmadena","tag-especialistas-en-herencias-en-benalmadena","tag-impuesto-sobre-sucesiones-en-benalmadena","tag-su-abogado-en-benalmadena","tag-testamentos-en-benalmadena"],"acf":[],"yoast_head":"<!-- This site is optimized with the Yoast SEO Premium plugin v27.9 (Yoast SEO v27.9) - https:\/\/yoast.com\/product\/yoast-seo-premium-wordpress\/ -->\n<title>Gu\u00eda tur\u00edstica de Benalm\u00e1dena en vacaciones - Welex<\/title>\n<meta name=\"robots\" content=\"index, follow, max-snippet:-1, max-image-preview:large, max-video-preview:-1\" \/>\n<link rel=\"canonical\" href=\"https:\/\/www.welex.es\/es\/guia-turistica-de-benalmadena-en-vacaciones\/\" \/>\n<meta property=\"og:locale\" content=\"es_ES\" \/>\n<meta property=\"og:type\" content=\"article\" \/>\n<meta property=\"og:title\" content=\"Gu\u00eda tur\u00edstica de Benalm\u00e1dena en vacaciones\" \/>\n<meta property=\"og:description\" content=\"Benalm\u00e1dena es un lugar ideal para pasar unas vacaciones en la costa del sol, a\u00f1os tras a\u00f1o recibe a cientos de turistas que quedan embelesados con la belleza y armon\u00eda del pueblo. Justamente por eso, para que puedas sacar el m\u00e1ximo partido a tus vacaciones en Benalm\u00e1dena, hemos elaborado esta gu\u00eda tur\u00edstica de sitios que [&hellip;]\" \/>\n<meta property=\"og:url\" content=\"https:\/\/www.welex.es\/es\/guia-turistica-de-benalmadena-en-vacaciones\/\" \/>\n<meta property=\"og:site_name\" content=\"Welex\" \/>\n<meta property=\"article:publisher\" content=\"https:\/\/www.facebook.com\/WelexLawyersAccountants\/\" \/>\n<meta property=\"article:published_time\" content=\"2017-07-17T07:01:16+00:00\" \/>\n<meta property=\"article:modified_time\" content=\"2025-09-09T07:30:28+00:00\" \/>\n<meta property=\"og:image\" content=\"https:\/\/www.welex.es\/wp-content\/uploads\/2017\/07\/benalmadena-lawyers.jpg\" \/>\n\t<meta property=\"og:image:width\" content=\"550\" \/>\n\t<meta property=\"og:image:height\" content=\"224\" \/>\n\t<meta property=\"og:image:type\" content=\"image\/jpeg\" \/>\n<meta name=\"author\" content=\"Welex Lawyers Accountants Wim\" \/>\n<meta name=\"twitter:card\" content=\"summary_large_image\" \/>\n<meta name=\"twitter:label1\" content=\"Escrito por\" \/>\n\t<meta name=\"twitter:data1\" content=\"Welex Lawyers Accountants Wim\" \/>\n\t<meta name=\"twitter:label2\" content=\"Tiempo de lectura\" \/>\n\t<meta name=\"twitter:data2\" content=\"5 minutos\" \/>\n<script type=\"application\/ld+json\" class=\"yoast-schema-graph\">{\"@context\":\"https:\\\/\\\/schema.org\",\"@graph\":[{\"@type\":\"Article\",\"@id\":\"https:\\\/\\\/www.welex.es\\\/es\\\/guia-turistica-de-benalmadena-en-vacaciones\\\/#article\",\"isPartOf\":{\"@id\":\"https:\\\/\\\/www.welex.es\\\/es\\\/guia-turistica-de-benalmadena-en-vacaciones\\\/\"},\"author\":{\"name\":\"Welex Lawyers Accountants Wim\",\"@id\":\"https:\\\/\\\/www.welex.es\\\/es\\\/#\\\/schema\\\/person\\\/fe98500e4b874772cfdbd1417c913f57\"},\"headline\":\"Gu\u00eda tur\u00edstica de Benalm\u00e1dena en vacaciones\",\"datePublished\":\"2017-07-17T07:01:16+00:00\",\"dateModified\":\"2025-09-09T07:30:28+00:00\",\"mainEntityOfPage\":{\"@id\":\"https:\\\/\\\/www.welex.es\\\/es\\\/guia-turistica-de-benalmadena-en-vacaciones\\\/\"},\"wordCount\":919,\"publisher\":{\"@id\":\"https:\\\/\\\/www.welex.es\\\/#organization\"},\"image\":{\"@id\":\"https:\\\/\\\/www.welex.es\\\/es\\\/guia-turistica-de-benalmadena-en-vacaciones\\\/#primaryimage\"},\"thumbnailUrl\":\"https:\\\/\\\/www.welex.es\\\/wp-content\\\/uploads\\\/2017\\\/07\\\/benalmadena-lawyers.jpg\",\"keywords\":[\"abogados en Benalm\u00e1dena\",\"Asesores fiscales en Benalm\u00e1dena\",\"contables en Benalm\u00e1dena\",\"Despacho de abogados en Benalm\u00e1dena\",\"Economistas Benalm\u00e1dena\",\"Especialistas en herencias en Benalm\u00e1dena\",\"Impuesto sobre sucesiones en Benalm\u00e1dena\",\"su abogado en Benalm\u00e1dena\",\"Testamentos en Benalm\u00e1dena\"],\"articleSection\":[\"Turismo y Cultura en Espa\u00f1a\"],\"inLanguage\":\"es\"},{\"@type\":\"WebPage\",\"@id\":\"https:\\\/\\\/www.welex.es\\\/es\\\/guia-turistica-de-benalmadena-en-vacaciones\\\/\",\"url\":\"https:\\\/\\\/www.welex.es\\\/es\\\/guia-turistica-de-benalmadena-en-vacaciones\\\/\",\"name\":\"Gu\u00eda tur\u00edstica de Benalm\u00e1dena en vacaciones - Welex\",\"isPartOf\":{\"@id\":\"https:\\\/\\\/www.welex.es\\\/es\\\/#website\"},\"primaryImageOfPage\":{\"@id\":\"https:\\\/\\\/www.welex.es\\\/es\\\/guia-turistica-de-benalmadena-en-vacaciones\\\/#primaryimage\"},\"image\":{\"@id\":\"https:\\\/\\\/www.welex.es\\\/es\\\/guia-turistica-de-benalmadena-en-vacaciones\\\/#primaryimage\"},\"thumbnailUrl\":\"https:\\\/\\\/www.welex.es\\\/wp-content\\\/uploads\\\/2017\\\/07\\\/benalmadena-lawyers.jpg\",\"datePublished\":\"2017-07-17T07:01:16+00:00\",\"dateModified\":\"2025-09-09T07:30:28+00:00\",\"breadcrumb\":{\"@id\":\"https:\\\/\\\/www.welex.es\\\/es\\\/guia-turistica-de-benalmadena-en-vacaciones\\\/#breadcrumb\"},\"inLanguage\":\"es\",\"potentialAction\":[{\"@type\":\"ReadAction\",\"target\":[\"https:\\\/\\\/www.welex.es\\\/es\\\/guia-turistica-de-benalmadena-en-vacaciones\\\/\"]}]},{\"@type\":\"ImageObject\",\"inLanguage\":\"es\",\"@id\":\"https:\\\/\\\/www.welex.es\\\/es\\\/guia-turistica-de-benalmadena-en-vacaciones\\\/#primaryimage\",\"url\":\"https:\\\/\\\/www.welex.es\\\/wp-content\\\/uploads\\\/2017\\\/07\\\/benalmadena-lawyers.jpg\",\"contentUrl\":\"https:\\\/\\\/www.welex.es\\\/wp-content\\\/uploads\\\/2017\\\/07\\\/benalmadena-lawyers.jpg\",\"width\":550,\"height\":224,\"caption\":\"benalmadena lawyers\"},{\"@type\":\"BreadcrumbList\",\"@id\":\"https:\\\/\\\/www.welex.es\\\/es\\\/guia-turistica-de-benalmadena-en-vacaciones\\\/#breadcrumb\",\"itemListElement\":[{\"@type\":\"ListItem\",\"position\":1,\"name\":\"Home\",\"item\":\"https:\\\/\\\/www.welex.es\\\/es\\\/\"},{\"@type\":\"ListItem\",\"position\":2,\"name\":\"Gu\u00eda tur\u00edstica de Benalm\u00e1dena en vacaciones\"}]},{\"@type\":\"WebSite\",\"@id\":\"https:\\\/\\\/www.welex.es\\\/es\\\/#website\",\"url\":\"https:\\\/\\\/www.welex.es\\\/es\\\/\",\"name\":\"Welex\",\"description\":\"\",\"publisher\":{\"@id\":\"https:\\\/\\\/www.welex.es\\\/#organization\"},\"potentialAction\":[{\"@type\":\"SearchAction\",\"target\":{\"@type\":\"EntryPoint\",\"urlTemplate\":\"https:\\\/\\\/www.welex.es\\\/es\\\/?s={search_term_string}\"},\"query-input\":{\"@type\":\"PropertyValueSpecification\",\"valueRequired\":true,\"valueName\":\"search_term_string\"}}],\"inLanguage\":\"es\"},{\"@type\":[\"Organization\",\"LegalService\"],\"@id\":\"https:\\\/\\\/www.welex.es\\\/#organization\",\"name\":\"Welex\",\"url\":\"https:\\\/\\\/www.welex.es\\\/\",\"logo\":{\"@type\":\"ImageObject\",\"inLanguage\":\"es\",\"@id\":\"https:\\\/\\\/www.welex.es\\\/#\\\/schema\\\/logo\\\/image\\\/\",\"url\":\"https:\\\/\\\/www.welex.es\\\/wp-content\\\/uploads\\\/2025\\\/05\\\/LOGOWELEXCORRECTO.png\",\"contentUrl\":\"https:\\\/\\\/www.welex.es\\\/wp-content\\\/uploads\\\/2025\\\/05\\\/LOGOWELEXCORRECTO.png\",\"width\":2147,\"height\":771,\"caption\":\"Welex\"},\"image\":{\"@id\":\"https:\\\/\\\/www.welex.es\\\/#\\\/schema\\\/logo\\\/image\\\/\"},\"sameAs\":[\"https:\\\/\\\/www.facebook.com\\\/WelexLawyersAccountants\\\/\",\"https:\\\/\\\/www.linkedin.com\\\/company\\\/welex\\\/\",\"https:\\\/\\\/www.instagram.com\\\/welex.lawyers\\\/\",\"https:\\\/\\\/www.tiktok.com\\\/@welex_lawyers_marbella\",\"https:\\\/\\\/lawyerscostadelsol.com\\\/\",\"https:\\\/\\\/www.accountant-spain.com\\\/\",\"https:\\\/\\\/welex-solicitors.com\\\/\"],\"description\":\"Law firm in Marbella providing legal, tax, labour and accounting advice to individuals and companies in Spain, with over 20 years of experience.\",\"email\":\"info@welex.es\",\"telephone\":\"+34952775521\",\"legalName\":\"Tr\u00e1mites Costa, S.L.\",\"numberOfEmployees\":{\"@type\":\"QuantitativeValue\",\"minValue\":\"11\",\"maxValue\":\"50\"},\"address\":{\"@type\":\"PostalAddress\",\"streetAddress\":\"Calle Ram\u00f3n G\u00f3mez de la Serna 23, Local 7\",\"addressLocality\":\"Marbella\",\"addressRegion\":\"M\u00e1laga\",\"postalCode\":\"29602\",\"addressCountry\":\"ES\"},\"geo\":{\"@type\":\"GeoCoordinates\",\"latitude\":36.5095366,\"longitude\":-4.8985745},\"hasMap\":\"https:\\\/\\\/www.google.com\\\/maps\\\/search\\\/?api=1&query=Welex+Marbella\",\"openingHoursSpecification\":[{\"@type\":\"OpeningHoursSpecification\",\"dayOfWeek\":[\"Monday\",\"Tuesday\",\"Wednesday\",\"Thursday\"],\"opens\":\"08:30\",\"closes\":\"17:00\"},{\"@type\":\"OpeningHoursSpecification\",\"dayOfWeek\":\"Friday\",\"opens\":\"08:30\",\"closes\":\"14:30\"}],\"areaServed\":[{\"@type\":\"Country\",\"name\":\"Spain\"},{\"@type\":\"AdministrativeArea\",\"name\":\"Costa del Sol\"},{\"@type\":\"City\",\"name\":\"Marbella\"}],\"knowsLanguage\":[\"es\",\"en\",\"nl\",\"fr\"],\"currenciesAccepted\":\"EUR\",\"priceRange\":\"$$\",\"slogan\":\"Seguridad jur\u00eddica. Claridad fiscal. Asesoramiento de confianza.\",\"contactPoint\":[{\"@type\":\"ContactPoint\",\"telephone\":\"+34952775521\",\"email\":\"info@welex.es\",\"contactType\":\"customer service\",\"availableLanguage\":[\"English\",\"Spanish\",\"Dutch\",\"French\"],\"areaServed\":\"ES\"}],\"hasOfferCatalog\":{\"@type\":\"OfferCatalog\",\"name\":\"Servicios legales, fiscales y contables en Espa\u00f1a\",\"itemListElement\":[{\"@type\":\"Offer\",\"itemOffered\":{\"@type\":\"Service\",\"name\":\"Abogados especializados en derecho inmobiliario en Marbella: Compra y venta de inmuebles en Espa\u00f1a\",\"url\":\"https:\\\/\\\/www.welex.es\\\/es\\\/servicio\\\/compra-y-venta-de-inmuebles-en-espana\\\/\"}},{\"@type\":\"Offer\",\"itemOffered\":{\"@type\":\"Service\",\"name\":\"Abogados expertos en Herencias y Testamentos en Marbella\",\"url\":\"https:\\\/\\\/www.welex.es\\\/es\\\/servicio\\\/testamentos-y-herencias-en-espana\\\/\"}},{\"@type\":\"Offer\",\"itemOffered\":{\"@type\":\"Service\",\"name\":\"Empresas y sociedades\",\"url\":\"https:\\\/\\\/www.welex.es\\\/es\\\/servicio\\\/empresas-y-sociedades\\\/\"}},{\"@type\":\"Offer\",\"itemOffered\":{\"@type\":\"Service\",\"name\":\"Asesoramiento laboral\",\"url\":\"https:\\\/\\\/www.welex.es\\\/es\\\/servicio\\\/asesoramiento-laboral\\\/\"}},{\"@type\":\"Offer\",\"itemOffered\":{\"@type\":\"Service\",\"name\":\"Derecho procesal\",\"url\":\"https:\\\/\\\/www.welex.es\\\/es\\\/servicio\\\/derecho-procesal\\\/\"}},{\"@type\":\"Offer\",\"itemOffered\":{\"@type\":\"Service\",\"name\":\"Adquisici\u00f3n de inmuebles para personas no residentes en Espa\u00f1a\",\"url\":\"https:\\\/\\\/www.welex.es\\\/es\\\/servicio\\\/adquisicion-de-inmuebles-para-personas-no-residentes-en-espana\\\/\"}},{\"@type\":\"Offer\",\"itemOffered\":{\"@type\":\"Service\",\"name\":\"Obligaciones fiscales de una sociedad SL\",\"url\":\"https:\\\/\\\/www.welex.es\\\/es\\\/servicio\\\/obligaciones-fiscales-de-una-sociedad-sl\\\/\"}},{\"@type\":\"Offer\",\"itemOffered\":{\"@type\":\"Service\",\"name\":\"Obligaciones Mercantiles de una sociedad SL\",\"url\":\"https:\\\/\\\/www.welex.es\\\/es\\\/servicio\\\/obligaciones-mercantiles-de-una-sociedad-sl\\\/\"}},{\"@type\":\"Offer\",\"itemOffered\":{\"@type\":\"Service\",\"name\":\"Revisi\u00f3n de estados financieros contables\",\"url\":\"https:\\\/\\\/www.welex.es\\\/es\\\/servicio\\\/revision-de-estados-financieros-contables\\\/\"}},{\"@type\":\"Offer\",\"itemOffered\":{\"@type\":\"Service\",\"name\":\"Impuestos\",\"url\":\"https:\\\/\\\/www.welex.es\\\/es\\\/servicio\\\/impuestos\\\/\"}},{\"@type\":\"Offer\",\"itemOffered\":{\"@type\":\"Service\",\"name\":\"Tr\u00e1mites destacados\",\"url\":\"https:\\\/\\\/www.welex.es\\\/es\\\/servicio\\\/tramites-destacados\\\/\"}}]}},{\"@type\":\"Person\",\"@id\":\"https:\\\/\\\/www.welex.es\\\/es\\\/#\\\/schema\\\/person\\\/fe98500e4b874772cfdbd1417c913f57\",\"name\":\"Welex Lawyers Accountants Wim\",\"image\":{\"@type\":\"ImageObject\",\"inLanguage\":\"es\",\"@id\":\"https:\\\/\\\/secure.gravatar.com\\\/avatar\\\/?s=96&d=mm&r=g\",\"url\":\"https:\\\/\\\/secure.gravatar.com\\\/avatar\\\/?s=96&d=mm&r=g\",\"contentUrl\":\"https:\\\/\\\/secure.gravatar.com\\\/avatar\\\/?s=96&d=mm&r=g\",\"caption\":\"Welex Lawyers Accountants Wim\"}}]}<\/script>\n<!-- \/ Yoast SEO Premium plugin. -->","yoast_head_json":{"title":"Gu\u00eda tur\u00edstica de Benalm\u00e1dena en vacaciones - Welex","robots":{"index":"index","follow":"follow","max-snippet":"max-snippet:-1","max-image-preview":"max-image-preview:large","max-video-preview":"max-video-preview:-1"},"canonical":"https:\/\/www.welex.es\/es\/guia-turistica-de-benalmadena-en-vacaciones\/","og_locale":"es_ES","og_type":"article","og_title":"Gu\u00eda tur\u00edstica de Benalm\u00e1dena en vacaciones","og_description":"Benalm\u00e1dena es un lugar ideal para pasar unas vacaciones en la costa del sol, a\u00f1os tras a\u00f1o recibe a cientos de turistas que quedan embelesados con la belleza y armon\u00eda del pueblo. Justamente por eso, para que puedas sacar el m\u00e1ximo partido a tus vacaciones en Benalm\u00e1dena, hemos elaborado esta gu\u00eda tur\u00edstica de sitios que [&hellip;]","og_url":"https:\/\/www.welex.es\/es\/guia-turistica-de-benalmadena-en-vacaciones\/","og_site_name":"Welex","article_publisher":"https:\/\/www.facebook.com\/WelexLawyersAccountants\/","article_published_time":"2017-07-17T07:01:16+00:00","article_modified_time":"2025-09-09T07:30:28+00:00","og_image":[{"width":550,"height":224,"url":"https:\/\/www.welex.es\/wp-content\/uploads\/2017\/07\/benalmadena-lawyers.jpg","type":"image\/jpeg"}],"author":"Welex Lawyers Accountants Wim","twitter_card":"summary_large_image","twitter_misc":{"Escrito por":"Welex Lawyers Accountants Wim","Tiempo de lectura":"5 minutos"},"schema":{"@context":"https:\/\/schema.org","@graph":[{"@type":"Article","@id":"https:\/\/www.welex.es\/es\/guia-turistica-de-benalmadena-en-vacaciones\/#article","isPartOf":{"@id":"https:\/\/www.welex.es\/es\/guia-turistica-de-benalmadena-en-vacaciones\/"},"author":{"name":"Welex Lawyers Accountants Wim","@id":"https:\/\/www.welex.es\/es\/#\/schema\/person\/fe98500e4b874772cfdbd1417c913f57"},"headline":"Gu\u00eda tur\u00edstica de Benalm\u00e1dena en vacaciones","datePublished":"2017-07-17T07:01:16+00:00","dateModified":"2025-09-09T07:30:28+00:00","mainEntityOfPage":{"@id":"https:\/\/www.welex.es\/es\/guia-turistica-de-benalmadena-en-vacaciones\/"},"wordCount":919,"publisher":{"@id":"https:\/\/www.welex.es\/#organization"},"image":{"@id":"https:\/\/www.welex.es\/es\/guia-turistica-de-benalmadena-en-vacaciones\/#primaryimage"},"thumbnailUrl":"https:\/\/www.welex.es\/wp-content\/uploads\/2017\/07\/benalmadena-lawyers.jpg","keywords":["abogados en Benalm\u00e1dena","Asesores fiscales en Benalm\u00e1dena","contables en Benalm\u00e1dena","Despacho de abogados en Benalm\u00e1dena","Economistas Benalm\u00e1dena","Especialistas en herencias en Benalm\u00e1dena","Impuesto sobre sucesiones en Benalm\u00e1dena","su abogado en Benalm\u00e1dena","Testamentos en Benalm\u00e1dena"],"articleSection":["Turismo y Cultura en Espa\u00f1a"],"inLanguage":"es"},{"@type":"WebPage","@id":"https:\/\/www.welex.es\/es\/guia-turistica-de-benalmadena-en-vacaciones\/","url":"https:\/\/www.welex.es\/es\/guia-turistica-de-benalmadena-en-vacaciones\/","name":"Gu\u00eda tur\u00edstica de Benalm\u00e1dena en vacaciones - Welex","isPartOf":{"@id":"https:\/\/www.welex.es\/es\/#website"},"primaryImageOfPage":{"@id":"https:\/\/www.welex.es\/es\/guia-turistica-de-benalmadena-en-vacaciones\/#primaryimage"},"image":{"@id":"https:\/\/www.welex.es\/es\/guia-turistica-de-benalmadena-en-vacaciones\/#primaryimage"},"thumbnailUrl":"https:\/\/www.welex.es\/wp-content\/uploads\/2017\/07\/benalmadena-lawyers.jpg","datePublished":"2017-07-17T07:01:16+00:00","dateModified":"2025-09-09T07:30:28+00:00","breadcrumb":{"@id":"https:\/\/www.welex.es\/es\/guia-turistica-de-benalmadena-en-vacaciones\/#breadcrumb"},"inLanguage":"es","potentialAction":[{"@type":"ReadAction","target":["https:\/\/www.welex.es\/es\/guia-turistica-de-benalmadena-en-vacaciones\/"]}]},{"@type":"ImageObject","inLanguage":"es","@id":"https:\/\/www.welex.es\/es\/guia-turistica-de-benalmadena-en-vacaciones\/#primaryimage","url":"https:\/\/www.welex.es\/wp-content\/uploads\/2017\/07\/benalmadena-lawyers.jpg","contentUrl":"https:\/\/www.welex.es\/wp-content\/uploads\/2017\/07\/benalmadena-lawyers.jpg","width":550,"height":224,"caption":"benalmadena lawyers"},{"@type":"BreadcrumbList","@id":"https:\/\/www.welex.es\/es\/guia-turistica-de-benalmadena-en-vacaciones\/#breadcrumb","itemListElement":[{"@type":"ListItem","position":1,"name":"Home","item":"https:\/\/www.welex.es\/es\/"},{"@type":"ListItem","position":2,"name":"Gu\u00eda tur\u00edstica de Benalm\u00e1dena en vacaciones"}]},{"@type":"WebSite","@id":"https:\/\/www.welex.es\/es\/#website","url":"https:\/\/www.welex.es\/es\/","name":"Welex","description":"","publisher":{"@id":"https:\/\/www.welex.es\/#organization"},"potentialAction":[{"@type":"SearchAction","target":{"@type":"EntryPoint","urlTemplate":"https:\/\/www.welex.es\/es\/?s={search_term_string}"},"query-input":{"@type":"PropertyValueSpecification","valueRequired":true,"valueName":"search_term_string"}}],"inLanguage":"es"},{"@type":["Organization","LegalService"],"@id":"https:\/\/www.welex.es\/#organization","name":"Welex","url":"https:\/\/www.welex.es\/","logo":{"@type":"ImageObject","inLanguage":"es","@id":"https:\/\/www.welex.es\/#\/schema\/logo\/image\/","url":"https:\/\/www.welex.es\/wp-content\/uploads\/2025\/05\/LOGOWELEXCORRECTO.png","contentUrl":"https:\/\/www.welex.es\/wp-content\/uploads\/2025\/05\/LOGOWELEXCORRECTO.png","width":2147,"height":771,"caption":"Welex"},"image":{"@id":"https:\/\/www.welex.es\/#\/schema\/logo\/image\/"},"sameAs":["https:\/\/www.facebook.com\/WelexLawyersAccountants\/","https:\/\/www.linkedin.com\/company\/welex\/","https:\/\/www.instagram.com\/welex.lawyers\/","https:\/\/www.tiktok.com\/@welex_lawyers_marbella","https:\/\/lawyerscostadelsol.com\/","https:\/\/www.accountant-spain.com\/","https:\/\/welex-solicitors.com\/"],"description":"Law firm in Marbella providing legal, tax, labour and accounting advice to individuals and companies in Spain, with over 20 years of experience.","email":"info@welex.es","telephone":"+34952775521","legalName":"Tr\u00e1mites Costa, S.L.","numberOfEmployees":{"@type":"QuantitativeValue","minValue":"11","maxValue":"50"},"address":{"@type":"PostalAddress","streetAddress":"Calle Ram\u00f3n G\u00f3mez de la Serna 23, Local 7","addressLocality":"Marbella","addressRegion":"M\u00e1laga","postalCode":"29602","addressCountry":"ES"},"geo":{"@type":"GeoCoordinates","latitude":36.5095366,"longitude":-4.8985745},"hasMap":"https:\/\/www.google.com\/maps\/search\/?api=1&query=Welex+Marbella","openingHoursSpecification":[{"@type":"OpeningHoursSpecification","dayOfWeek":["Monday","Tuesday","Wednesday","Thursday"],"opens":"08:30","closes":"17:00"},{"@type":"OpeningHoursSpecification","dayOfWeek":"Friday","opens":"08:30","closes":"14:30"}],"areaServed":[{"@type":"Country","name":"Spain"},{"@type":"AdministrativeArea","name":"Costa del Sol"},{"@type":"City","name":"Marbella"}],"knowsLanguage":["es","en","nl","fr"],"currenciesAccepted":"EUR","priceRange":"$$","slogan":"Seguridad jur\u00eddica. Claridad fiscal. Asesoramiento de confianza.","contactPoint":[{"@type":"ContactPoint","telephone":"+34952775521","email":"info@welex.es","contactType":"customer service","availableLanguage":["English","Spanish","Dutch","French"],"areaServed":"ES"}],"hasOfferCatalog":{"@type":"OfferCatalog","name":"Servicios legales, fiscales y contables en Espa\u00f1a","itemListElement":[{"@type":"Offer","itemOffered":{"@type":"Service","name":"Abogados especializados en derecho inmobiliario en Marbella: Compra y venta de inmuebles en Espa\u00f1a","url":"https:\/\/www.welex.es\/es\/servicio\/compra-y-venta-de-inmuebles-en-espana\/"}},{"@type":"Offer","itemOffered":{"@type":"Service","name":"Abogados expertos en Herencias y Testamentos en Marbella","url":"https:\/\/www.welex.es\/es\/servicio\/testamentos-y-herencias-en-espana\/"}},{"@type":"Offer","itemOffered":{"@type":"Service","name":"Empresas y sociedades","url":"https:\/\/www.welex.es\/es\/servicio\/empresas-y-sociedades\/"}},{"@type":"Offer","itemOffered":{"@type":"Service","name":"Asesoramiento laboral","url":"https:\/\/www.welex.es\/es\/servicio\/asesoramiento-laboral\/"}},{"@type":"Offer","itemOffered":{"@type":"Service","name":"Derecho procesal","url":"https:\/\/www.welex.es\/es\/servicio\/derecho-procesal\/"}},{"@type":"Offer","itemOffered":{"@type":"Service","name":"Adquisici\u00f3n de inmuebles para personas no residentes en Espa\u00f1a","url":"https:\/\/www.welex.es\/es\/servicio\/adquisicion-de-inmuebles-para-personas-no-residentes-en-espana\/"}},{"@type":"Offer","itemOffered":{"@type":"Service","name":"Obligaciones fiscales de una sociedad SL","url":"https:\/\/www.welex.es\/es\/servicio\/obligaciones-fiscales-de-una-sociedad-sl\/"}},{"@type":"Offer","itemOffered":{"@type":"Service","name":"Obligaciones Mercantiles de una sociedad SL","url":"https:\/\/www.welex.es\/es\/servicio\/obligaciones-mercantiles-de-una-sociedad-sl\/"}},{"@type":"Offer","itemOffered":{"@type":"Service","name":"Revisi\u00f3n de estados financieros contables","url":"https:\/\/www.welex.es\/es\/servicio\/revision-de-estados-financieros-contables\/"}},{"@type":"Offer","itemOffered":{"@type":"Service","name":"Impuestos","url":"https:\/\/www.welex.es\/es\/servicio\/impuestos\/"}},{"@type":"Offer","itemOffered":{"@type":"Service","name":"Tr\u00e1mites destacados","url":"https:\/\/www.welex.es\/es\/servicio\/tramites-destacados\/"}}]}},{"@type":"Person","@id":"https:\/\/www.welex.es\/es\/#\/schema\/person\/fe98500e4b874772cfdbd1417c913f57","name":"Welex Lawyers Accountants Wim","image":{"@type":"ImageObject","inLanguage":"es","@id":"https:\/\/secure.gravatar.com\/avatar\/?s=96&d=mm&r=g","url":"https:\/\/secure.gravatar.com\/avatar\/?s=96&d=mm&r=g","contentUrl":"https:\/\/secure.gravatar.com\/avatar\/?s=96&d=mm&r=g","caption":"Welex Lawyers Accountants Wim"}}]}},"_links":{"self":[{"href":"https:\/\/www.welex.es\/es\/wp-json\/wp\/v2\/posts\/8846","targetHints":{"allow":["GET"]}}],"collection":[{"href":"https:\/\/www.welex.es\/es\/wp-json\/wp\/v2\/posts"}],"about":[{"href":"https:\/\/www.welex.es\/es\/wp-json\/wp\/v2\/types\/post"}],"author":[{"embeddable":true,"href":"https:\/\/www.welex.es\/es\/wp-json\/wp\/v2\/users\/4"}],"replies":[{"embeddable":true,"href":"https:\/\/www.welex.es\/es\/wp-json\/wp\/v2\/comments?post=8846"}],"version-history":[{"count":0,"href":"https:\/\/www.welex.es\/es\/wp-json\/wp\/v2\/posts\/8846\/revisions"}],"wp:featuredmedia":[{"embeddable":true,"href":"https:\/\/www.welex.es\/es\/wp-json\/wp\/v2\/media\/9185"}],"wp:attachment":[{"href":"https:\/\/www.welex.es\/es\/wp-json\/wp\/v2\/media?parent=8846"}],"wp:term":[{"taxonomy":"category","embeddable":true,"href":"https:\/\/www.welex.es\/es\/wp-json\/wp\/v2\/categories?post=8846"},{"taxonomy":"post_tag","embeddable":true,"href":"https:\/\/www.welex.es\/es\/wp-json\/wp\/v2\/tags?post=8846"}],"curies":[{"name":"wp","href":"https:\/\/api.w.org\/{rel}","templated":true}]}}