{"id":8855,"date":"2017-07-24T08:01:27","date_gmt":"2017-07-24T08:01:27","guid":{"rendered":"https:\/\/www.welex.es\/?p=8855\/"},"modified":"2025-09-09T07:30:30","modified_gmt":"2025-09-09T07:30:30","slug":"mejores-playas-benalmadena","status":"publish","type":"post","link":"https:\/\/www.welex.es\/es\/mejores-playas-benalmadena\/","title":{"rendered":"Lista de las mejores playas en Benalm\u00e1dena"},"content":{"rendered":"<h1>Lista con las mejores playas en Benalm\u00e1dena<\/h1>\n<p>&nbsp;<\/p>\n<p>Ya lo ven\u00edamos advirtiendo en otro de <a href=\"https:\/\/www.welex.es\/es\/guia-turistica-de-benalmadena-en-vacaciones\/\"><strong><u>nuestros post<\/u><\/strong> (\u201cVacaciones en Benalmadena\u201d)<\/a> era solo cuesti\u00f3n de tiempo que dedic\u00e1ramos una de nuestras actualizaciones en este blog sobre la costa del sol, a las mejores playas de Benalm\u00e1dena. Y aqu\u00ed nos encontramos, con un listado muy top, que tras leerlo te van a entrar unas ganas tremendas de coger el coche, avi\u00f3n o tren y plantarte en este maravilloso municipio malague\u00f1o.<\/p>\n<p><img fetchpriority=\"high\" decoding=\"async\" class=\"alignnone size-full wp-image-9217\" src=\"https:\/\/www.welex.es\/wp-content\/uploads\/2025\/09\/playas-benalmadena.jpg\" alt=\"\" width=\"600\" height=\"399\" \/><\/p>\n<p>\u00bfComenzamos? \u00a1Ponte el ba\u00f1ador, que toca lectura de playa!<\/p>\n<h2>Playa de las Viborillas<\/h2>\n<p>La <strong>playa de las Viborillas de Benalm\u00e1dena<\/strong> se encuentra situada a su vez entre otras dos playas, de las cuales hablaremos m\u00e1s adelante.<\/p>\n<p>Se trata de una playa mediana de unos 400 metros de longitud, suele atraer a un p\u00fablico nudista, debido a la privacidad que le ofrece estar en un entorno natural.<\/p>\n<p>Como es habitual en la zona, en las inmediaciones encontraremos alg\u00fan chiringuito para refrescar, podremos alquilar nuestras hamacas para tumbarnos a la bartola y cuenta con duchas para quitarnos la arenilla tan molesta del cuerpo.<\/p>\n<p><img decoding=\"async\" class=\"alignnone wp-image-9221 size-full\" title=\"descubre la playa de las Viborillas en Benalm\u00e1dena\" src=\"https:\/\/www.welex.es\/wp-content\/uploads\/2025\/09\/playa-malaga-voborillas.jpg\" alt=\"\" width=\"600\" height=\"370\" \/><\/p>\n<h2>Playa de las Yucas<\/h2>\n<p>Esta <strong>playa perteneciente al municipio de Ben\u00e1lmadena<\/strong> se encuentra de camino a Fuengirola. Su principal atractivo es que est\u00e1 en una zona muy natural, no est\u00e1 en zona urbana, sino algo alejada del bullicio, lo cual nos indica que tampoco est\u00e1 muy transitada.<\/p>\n<p>Es ideal para practicar deportes acu\u00e1ticos como el buceo, y disfrutar de un relajante ba\u00f1o en sus aguas limpias y cristalinas.<\/p>\n<p><img decoding=\"async\" class=\"alignnone size-full wp-image-9220\" src=\"https:\/\/www.welex.es\/wp-content\/uploads\/2025\/09\/playa-malaga-las-yucas.jpg\" alt=\"\" width=\"600\" height=\"315\" \/><\/p>\n<p>&nbsp;<\/p>\n<h2>Playa de Arroyo Hondo<\/h2>\n<p>La <strong>playa del Arroyo Hondo es tambi\u00e9n conocida como playa bonita<\/strong>, \u00bfimaginas el porqu\u00e9? \u00a1Porque es preciosa!<\/p>\n<p>Con unas aguas azules y cristalinas, el arroyo hondo desemboca directamente en el mar, por lo que t\u00fa decides si darte un ba\u00f1o en agua dulce o salada. Es caracter\u00edstica la arena de grava y oscura. Rodeada de una vegetaci\u00f3n muy densa, es un lugar ideal donde relajarse y recargar las pilas en vacaciones.<\/p>\n<p><img loading=\"lazy\" decoding=\"async\" class=\"alignnone size-full wp-image-9219\" src=\"https:\/\/www.welex.es\/wp-content\/uploads\/2025\/09\/playa-arroyo-hondo-malaga.jpg\" alt=\"\" width=\"600\" height=\"379\" \/><\/p>\n<h2>Playa de Torrevigia<\/h2>\n<p>Nos vamos ahora a una de <strong>las playas m\u00e1s populares de Benalm\u00e1dena en verano<\/strong>, hablamos de Torrevigia, situada muy cerca de Sunset Beach.<\/p>\n<p>Rodeada de grandes restaurantes hacen que, como hemos dicho, sea una playa bastante concurrida, no obstante, su agua es cristalina y con un bonito tono turquesa, lo que la convierten en una de las preferidas de todos los amantes del buceo, que buscan en sus aguas crust\u00e1ceos o erizos de mar que habitan en ellas.<\/p>\n<h2>Playa de Santa Ana<\/h2>\n<p><strong>La playa de Santa Ana te conduce directamente al famosos Puerto Marina<\/strong>, es una playa urbana rodeada por los principales hoteles de Ben\u00e1lmadena y apartamentos veraniegos.<\/p>\n<p>Muy demandada por los turistas, ya que a su vez cuenta con numerosos chiringuitos o restaurantes donde tomarte unos deliciosos espetos con vistas al mar.<\/p>\n<p>Destaca su arena suave y oscura y su gran tama\u00f1o, unos 500 metros de ancho, lo cual hace que puedas dar unos bonitos paseos al atardecer por esta maravilla de playa malague\u00f1a.<\/p>\n<p><img loading=\"lazy\" decoding=\"async\" class=\"alignnone wp-image-9218 size-full\" title=\"La playa de Santa Ana en Benalm\u00e1dena te cautivar\u00e1\" src=\"https:\/\/www.welex.es\/wp-content\/uploads\/2025\/09\/playa-santa-ana-malaga.jpg\" alt=\"\" width=\"600\" height=\"450\" \/><\/p>\n<h2>La playa de Bil-Bil<\/h2>\n<p>Situada a los pies del castillo que la da nombre, <strong>la playa del Bil-Bil, es uno de los lugares de inter\u00e9s tur\u00edstico de Benalm\u00e1dena.<\/strong><\/p>\n<p>Como hemos comentado, cuenta con un singular castillo construido en 1927 con dise\u00f1o \u00e1rabe, destacan sus llamativos muros rojizos, ventanas de tipo arco y sus mosaicos llenos de colores que podr\u00e1s ver en el interior.<\/p>\n<p>La playa en s\u00ed destaca por los restaurantes y chiringuitos que tiene alrededor, como pro ejemplo, Maracas Beach, uno de los m\u00e1s de moda en la zona.<\/p>\n<h2>La playa de Arroyo de la Miel<\/h2>\n<p>Nos adentramos ahora en una playa que ostenta la distinci\u00f3n de Bandera Azul, debido a que cumple, y con creces, unos rigurosos requisitos de pureza y servicios.<\/p>\n<p>Cuanta con una muy buena ubicaci\u00f3n, no es dif\u00edcil llegar desde el centro dando un paseo, la arena es muy fina y las aguas inmaculadas. Justo por la mitad de esta playa, ver\u00e1s que desemboca un arroyo, de no mucha profundidad, por lo que suele ser el lugar de juego de muchos ni\u00f1os.<\/p>\n<h2>Playa Fuente de la salud<\/h2>\n<p>Terminamos nuestra <strong>lista de playas de Benalm\u00e1dena <\/strong>con la playa conocida como \u201cFuente de la salud\u201d, \u00bfy ese nombre tan curioso para una playa? te preguntar\u00e1s, pues bien, viene de una antigua leyenda que afirmaba que sus aguas ten\u00edan propiedades curativas.<\/p>\n<p>Al encontrarse cerca del puerto deportivo, ver\u00e1s a muchas personas practicar deportes n\u00e1uticos por la zona.<\/p>\n<p>Esperamos que te haya resultado \u00fatil este art\u00edculo dedicado a las <strong>mejores playas que podr\u00e1s encontrar en Benalm\u00e1dena.<\/strong><\/p>\n<p><strong>\u00a0<\/strong><\/p>\n<p>Este blog ha sido publicado por gentileza de Welex, su abogado y economista en Marbella, M\u00e1laga.<\/p>\n<p>&nbsp;<\/p>\n<p>En \u201cWelex\u201d proporcionamos asesoramiento jur\u00eddico, laboral, fiscal y contable, a fin de ofrecer seguridad jur\u00eddica a nuestros clientes, desde la experiencia y profesionalidad.<\/p>\n<p>\u00bfNecesita asesoramiento? D\u00edganos lo que necesita, estaremos encantados de asistirle en cualquier asunto de tipo jur\u00eddico, laboral, fiscal o mercantil.<\/p>\n<p>&nbsp;<\/p>\n<p>Nuestros profesionales, abogados y economistas, est\u00e1n dispuestos a ayudarle y exponerle de forma clara las respuestas a sus consultas.<\/p>\n<p>&nbsp;<\/p>\n<p>Welex, su abogado en Benalm\u00e1dana,\u00a0 abogados en Benalm\u00e1dena, Despacho de abogados en Benalm\u00e1dena, Economistas Benalm\u00e1dena, contables en Benalm\u00e1dena, Asesores fiscales en Benalm\u00e1dena, Especialistas en herencias en Benalm\u00e1dena , Impuesto sobre sucesiones en Benalm\u00e1dena, Testamentos en Benalm\u00e1dena<\/p>\n<p><strong>\u00a0<\/strong><\/p>\n<p>&nbsp;<\/p>\n","protected":false},"excerpt":{"rendered":"<p>Lista con las mejores playas en Benalm\u00e1dena &nbsp; Ya lo ven\u00edamos advirtiendo en otro de nuestros post (\u201cVacaciones en Benalmadena\u201d) era solo cuesti\u00f3n de tiempo que dedic\u00e1ramos una de nuestras actualizaciones en este blog sobre la costa del sol, a las mejores playas de Benalm\u00e1dena. Y aqu\u00ed nos encontramos, con un listado muy top, que [&hellip;]<\/p>\n","protected":false},"author":4,"featured_media":9183,"comment_status":"closed","ping_status":"closed","sticky":false,"template":"","format":"standard","meta":{"_acf_changed":false,"footnotes":""},"categories":[233],"tags":[2766,2767,2768,2225,2746,2747,2748,2749,2750,2751,2752,2754],"class_list":["post-8855","post","type-post","status-publish","format-standard","has-post-thumbnail","hentry","category-turismo-y-cultura-en-espana","tag-abogado-en-benalmadana","tag-playas-benalmadena","tag-playas-costa-del-sol","tag-beaches-costa-del-sol-es","tag-abogados-en-benalmadena","tag-asesores-fiscales-en-benalmadena","tag-contables-en-benalmadena","tag-despacho-de-abogados-en-benalmadena","tag-economistas-benalmadena","tag-especialistas-en-herencias-en-benalmadena","tag-impuesto-sobre-sucesiones-en-benalmadena","tag-testamentos-en-benalmadena"],"acf":[],"yoast_head":"<!-- This site is optimized with the Yoast SEO Premium plugin v27.9 (Yoast SEO v27.9) - https:\/\/yoast.com\/product\/yoast-seo-premium-wordpress\/ -->\n<title>Lista de las mejores playas en Benalm\u00e1dena - Welex<\/title>\n<meta name=\"description\" content=\"Descubre nuestro listado top de playas en Benalm\u00e1dena que no puedes dejar de visitar en tus vacaciones en la costa del sol.\" \/>\n<meta name=\"robots\" content=\"index, follow, max-snippet:-1, max-image-preview:large, max-video-preview:-1\" \/>\n<link rel=\"canonical\" href=\"https:\/\/www.welex.es\/es\/mejores-playas-benalmadena\/\" \/>\n<meta property=\"og:locale\" content=\"es_ES\" \/>\n<meta property=\"og:type\" content=\"article\" \/>\n<meta property=\"og:title\" content=\"Lista de las mejores playas en Benalm\u00e1dena\" \/>\n<meta property=\"og:description\" content=\"Descubre nuestro listado top de playas en Benalm\u00e1dena que no puedes dejar de visitar en tus vacaciones en la costa del sol.\" \/>\n<meta property=\"og:url\" content=\"https:\/\/www.welex.es\/es\/mejores-playas-benalmadena\/\" \/>\n<meta property=\"og:site_name\" content=\"Welex\" \/>\n<meta property=\"article:publisher\" content=\"https:\/\/www.facebook.com\/WelexLawyersAccountants\/\" \/>\n<meta property=\"article:published_time\" content=\"2017-07-24T08:01:27+00:00\" \/>\n<meta property=\"article:modified_time\" content=\"2025-09-09T07:30:30+00:00\" \/>\n<meta property=\"og:image\" content=\"https:\/\/www.welex.es\/wp-content\/uploads\/2017\/07\/playas-benalmadena-abogados.jpg\" \/>\n\t<meta property=\"og:image:width\" content=\"600\" \/>\n\t<meta property=\"og:image:height\" content=\"400\" \/>\n\t<meta property=\"og:image:type\" content=\"image\/jpeg\" \/>\n<meta name=\"author\" content=\"Welex Lawyers Accountants Wim\" \/>\n<meta name=\"twitter:card\" content=\"summary_large_image\" \/>\n<meta name=\"twitter:label1\" content=\"Escrito por\" \/>\n\t<meta name=\"twitter:data1\" content=\"Welex Lawyers Accountants Wim\" \/>\n\t<meta name=\"twitter:label2\" content=\"Tiempo de lectura\" \/>\n\t<meta name=\"twitter:data2\" content=\"5 minutos\" \/>\n<script type=\"application\/ld+json\" class=\"yoast-schema-graph\">{\"@context\":\"https:\\\/\\\/schema.org\",\"@graph\":[{\"@type\":\"Article\",\"@id\":\"https:\\\/\\\/www.welex.es\\\/es\\\/mejores-playas-benalmadena\\\/#article\",\"isPartOf\":{\"@id\":\"https:\\\/\\\/www.welex.es\\\/es\\\/mejores-playas-benalmadena\\\/\"},\"author\":{\"name\":\"Welex Lawyers Accountants Wim\",\"@id\":\"https:\\\/\\\/www.welex.es\\\/es\\\/#\\\/schema\\\/person\\\/fe98500e4b874772cfdbd1417c913f57\"},\"headline\":\"Lista de las mejores playas en Benalm\u00e1dena\",\"datePublished\":\"2017-07-24T08:01:27+00:00\",\"dateModified\":\"2025-09-09T07:30:30+00:00\",\"mainEntityOfPage\":{\"@id\":\"https:\\\/\\\/www.welex.es\\\/es\\\/mejores-playas-benalmadena\\\/\"},\"wordCount\":929,\"publisher\":{\"@id\":\"https:\\\/\\\/www.welex.es\\\/#organization\"},\"image\":{\"@id\":\"https:\\\/\\\/www.welex.es\\\/es\\\/mejores-playas-benalmadena\\\/#primaryimage\"},\"thumbnailUrl\":\"https:\\\/\\\/www.welex.es\\\/wp-content\\\/uploads\\\/2017\\\/07\\\/playas-benalmadena-abogados.jpg\",\"keywords\":[\"abogado en Benalm\u00e1dana\",\"playas benalmadena\",\"playas costa del sol\",\"beaches costa del sol\",\"abogados en Benalm\u00e1dena\",\"Asesores fiscales en Benalm\u00e1dena\",\"contables en Benalm\u00e1dena\",\"Despacho de abogados en Benalm\u00e1dena\",\"Economistas Benalm\u00e1dena\",\"Especialistas en herencias en Benalm\u00e1dena\",\"Impuesto sobre sucesiones en Benalm\u00e1dena\",\"Testamentos en Benalm\u00e1dena\"],\"articleSection\":[\"Turismo y Cultura en Espa\u00f1a\"],\"inLanguage\":\"es\"},{\"@type\":\"WebPage\",\"@id\":\"https:\\\/\\\/www.welex.es\\\/es\\\/mejores-playas-benalmadena\\\/\",\"url\":\"https:\\\/\\\/www.welex.es\\\/es\\\/mejores-playas-benalmadena\\\/\",\"name\":\"Lista de las mejores playas en Benalm\u00e1dena - Welex\",\"isPartOf\":{\"@id\":\"https:\\\/\\\/www.welex.es\\\/es\\\/#website\"},\"primaryImageOfPage\":{\"@id\":\"https:\\\/\\\/www.welex.es\\\/es\\\/mejores-playas-benalmadena\\\/#primaryimage\"},\"image\":{\"@id\":\"https:\\\/\\\/www.welex.es\\\/es\\\/mejores-playas-benalmadena\\\/#primaryimage\"},\"thumbnailUrl\":\"https:\\\/\\\/www.welex.es\\\/wp-content\\\/uploads\\\/2017\\\/07\\\/playas-benalmadena-abogados.jpg\",\"datePublished\":\"2017-07-24T08:01:27+00:00\",\"dateModified\":\"2025-09-09T07:30:30+00:00\",\"description\":\"Descubre nuestro listado top de playas en Benalm\u00e1dena que no puedes dejar de visitar en tus vacaciones en la costa del sol.\",\"breadcrumb\":{\"@id\":\"https:\\\/\\\/www.welex.es\\\/es\\\/mejores-playas-benalmadena\\\/#breadcrumb\"},\"inLanguage\":\"es\",\"potentialAction\":[{\"@type\":\"ReadAction\",\"target\":[\"https:\\\/\\\/www.welex.es\\\/es\\\/mejores-playas-benalmadena\\\/\"]}]},{\"@type\":\"ImageObject\",\"inLanguage\":\"es\",\"@id\":\"https:\\\/\\\/www.welex.es\\\/es\\\/mejores-playas-benalmadena\\\/#primaryimage\",\"url\":\"https:\\\/\\\/www.welex.es\\\/wp-content\\\/uploads\\\/2017\\\/07\\\/playas-benalmadena-abogados.jpg\",\"contentUrl\":\"https:\\\/\\\/www.welex.es\\\/wp-content\\\/uploads\\\/2017\\\/07\\\/playas-benalmadena-abogados.jpg\",\"width\":600,\"height\":400,\"caption\":\"playas benalmadena abogados\"},{\"@type\":\"BreadcrumbList\",\"@id\":\"https:\\\/\\\/www.welex.es\\\/es\\\/mejores-playas-benalmadena\\\/#breadcrumb\",\"itemListElement\":[{\"@type\":\"ListItem\",\"position\":1,\"name\":\"Home\",\"item\":\"https:\\\/\\\/www.welex.es\\\/es\\\/\"},{\"@type\":\"ListItem\",\"position\":2,\"name\":\"Lista de las mejores playas en Benalm\u00e1dena\"}]},{\"@type\":\"WebSite\",\"@id\":\"https:\\\/\\\/www.welex.es\\\/es\\\/#website\",\"url\":\"https:\\\/\\\/www.welex.es\\\/es\\\/\",\"name\":\"Welex\",\"description\":\"\",\"publisher\":{\"@id\":\"https:\\\/\\\/www.welex.es\\\/#organization\"},\"potentialAction\":[{\"@type\":\"SearchAction\",\"target\":{\"@type\":\"EntryPoint\",\"urlTemplate\":\"https:\\\/\\\/www.welex.es\\\/es\\\/?s={search_term_string}\"},\"query-input\":{\"@type\":\"PropertyValueSpecification\",\"valueRequired\":true,\"valueName\":\"search_term_string\"}}],\"inLanguage\":\"es\"},{\"@type\":[\"Organization\",\"LegalService\"],\"@id\":\"https:\\\/\\\/www.welex.es\\\/#organization\",\"name\":\"Welex\",\"url\":\"https:\\\/\\\/www.welex.es\\\/\",\"logo\":{\"@type\":\"ImageObject\",\"inLanguage\":\"es\",\"@id\":\"https:\\\/\\\/www.welex.es\\\/#\\\/schema\\\/logo\\\/image\\\/\",\"url\":\"https:\\\/\\\/www.welex.es\\\/wp-content\\\/uploads\\\/2025\\\/05\\\/LOGOWELEXCORRECTO.png\",\"contentUrl\":\"https:\\\/\\\/www.welex.es\\\/wp-content\\\/uploads\\\/2025\\\/05\\\/LOGOWELEXCORRECTO.png\",\"width\":2147,\"height\":771,\"caption\":\"Welex\"},\"image\":{\"@id\":\"https:\\\/\\\/www.welex.es\\\/#\\\/schema\\\/logo\\\/image\\\/\"},\"sameAs\":[\"https:\\\/\\\/www.facebook.com\\\/WelexLawyersAccountants\\\/\",\"https:\\\/\\\/www.linkedin.com\\\/company\\\/welex\\\/\",\"https:\\\/\\\/www.instagram.com\\\/welex.lawyers\\\/\",\"https:\\\/\\\/www.tiktok.com\\\/@welex_lawyers_marbella\",\"https:\\\/\\\/lawyerscostadelsol.com\\\/\",\"https:\\\/\\\/www.accountant-spain.com\\\/\",\"https:\\\/\\\/welex-solicitors.com\\\/\"],\"description\":\"Law firm in Marbella providing legal, tax, labour and accounting advice to individuals and companies in Spain, with over 20 years of experience.\",\"email\":\"info@welex.es\",\"telephone\":\"+34952775521\",\"legalName\":\"Tr\u00e1mites Costa, S.L.\",\"numberOfEmployees\":{\"@type\":\"QuantitativeValue\",\"minValue\":\"11\",\"maxValue\":\"50\"},\"address\":{\"@type\":\"PostalAddress\",\"streetAddress\":\"Calle Ram\u00f3n G\u00f3mez de la Serna 23, Local 7\",\"addressLocality\":\"Marbella\",\"addressRegion\":\"M\u00e1laga\",\"postalCode\":\"29602\",\"addressCountry\":\"ES\"},\"geo\":{\"@type\":\"GeoCoordinates\",\"latitude\":36.5095366,\"longitude\":-4.8985745},\"hasMap\":\"https:\\\/\\\/www.google.com\\\/maps\\\/search\\\/?api=1&query=Welex+Marbella\",\"openingHoursSpecification\":[{\"@type\":\"OpeningHoursSpecification\",\"dayOfWeek\":[\"Monday\",\"Tuesday\",\"Wednesday\",\"Thursday\"],\"opens\":\"08:30\",\"closes\":\"17:00\"},{\"@type\":\"OpeningHoursSpecification\",\"dayOfWeek\":\"Friday\",\"opens\":\"08:30\",\"closes\":\"14:30\"}],\"areaServed\":[{\"@type\":\"Country\",\"name\":\"Spain\"},{\"@type\":\"AdministrativeArea\",\"name\":\"Costa del Sol\"},{\"@type\":\"City\",\"name\":\"Marbella\"}],\"knowsLanguage\":[\"es\",\"en\",\"nl\",\"fr\"],\"currenciesAccepted\":\"EUR\",\"priceRange\":\"$$\",\"slogan\":\"Seguridad jur\u00eddica. Claridad fiscal. Asesoramiento de confianza.\",\"contactPoint\":[{\"@type\":\"ContactPoint\",\"telephone\":\"+34952775521\",\"email\":\"info@welex.es\",\"contactType\":\"customer service\",\"availableLanguage\":[\"English\",\"Spanish\",\"Dutch\",\"French\"],\"areaServed\":\"ES\"}],\"hasOfferCatalog\":{\"@type\":\"OfferCatalog\",\"name\":\"Servicios legales, fiscales y contables en Espa\u00f1a\",\"itemListElement\":[{\"@type\":\"Offer\",\"itemOffered\":{\"@type\":\"Service\",\"name\":\"Abogados especializados en derecho inmobiliario en Marbella: Compra y venta de inmuebles en Espa\u00f1a\",\"url\":\"https:\\\/\\\/www.welex.es\\\/es\\\/servicio\\\/compra-y-venta-de-inmuebles-en-espana\\\/\"}},{\"@type\":\"Offer\",\"itemOffered\":{\"@type\":\"Service\",\"name\":\"Abogados expertos en Herencias y Testamentos en Marbella\",\"url\":\"https:\\\/\\\/www.welex.es\\\/es\\\/servicio\\\/testamentos-y-herencias-en-espana\\\/\"}},{\"@type\":\"Offer\",\"itemOffered\":{\"@type\":\"Service\",\"name\":\"Empresas y sociedades\",\"url\":\"https:\\\/\\\/www.welex.es\\\/es\\\/servicio\\\/empresas-y-sociedades\\\/\"}},{\"@type\":\"Offer\",\"itemOffered\":{\"@type\":\"Service\",\"name\":\"Asesoramiento laboral\",\"url\":\"https:\\\/\\\/www.welex.es\\\/es\\\/servicio\\\/asesoramiento-laboral\\\/\"}},{\"@type\":\"Offer\",\"itemOffered\":{\"@type\":\"Service\",\"name\":\"Derecho procesal\",\"url\":\"https:\\\/\\\/www.welex.es\\\/es\\\/servicio\\\/derecho-procesal\\\/\"}},{\"@type\":\"Offer\",\"itemOffered\":{\"@type\":\"Service\",\"name\":\"Adquisici\u00f3n de inmuebles para personas no residentes en Espa\u00f1a\",\"url\":\"https:\\\/\\\/www.welex.es\\\/es\\\/servicio\\\/adquisicion-de-inmuebles-para-personas-no-residentes-en-espana\\\/\"}},{\"@type\":\"Offer\",\"itemOffered\":{\"@type\":\"Service\",\"name\":\"Obligaciones fiscales de una sociedad SL\",\"url\":\"https:\\\/\\\/www.welex.es\\\/es\\\/servicio\\\/obligaciones-fiscales-de-una-sociedad-sl\\\/\"}},{\"@type\":\"Offer\",\"itemOffered\":{\"@type\":\"Service\",\"name\":\"Obligaciones Mercantiles de una sociedad SL\",\"url\":\"https:\\\/\\\/www.welex.es\\\/es\\\/servicio\\\/obligaciones-mercantiles-de-una-sociedad-sl\\\/\"}},{\"@type\":\"Offer\",\"itemOffered\":{\"@type\":\"Service\",\"name\":\"Revisi\u00f3n de estados financieros contables\",\"url\":\"https:\\\/\\\/www.welex.es\\\/es\\\/servicio\\\/revision-de-estados-financieros-contables\\\/\"}},{\"@type\":\"Offer\",\"itemOffered\":{\"@type\":\"Service\",\"name\":\"Impuestos\",\"url\":\"https:\\\/\\\/www.welex.es\\\/es\\\/servicio\\\/impuestos\\\/\"}},{\"@type\":\"Offer\",\"itemOffered\":{\"@type\":\"Service\",\"name\":\"Tr\u00e1mites destacados\",\"url\":\"https:\\\/\\\/www.welex.es\\\/es\\\/servicio\\\/tramites-destacados\\\/\"}}]}},{\"@type\":\"Person\",\"@id\":\"https:\\\/\\\/www.welex.es\\\/es\\\/#\\\/schema\\\/person\\\/fe98500e4b874772cfdbd1417c913f57\",\"name\":\"Welex Lawyers Accountants Wim\",\"image\":{\"@type\":\"ImageObject\",\"inLanguage\":\"es\",\"@id\":\"https:\\\/\\\/secure.gravatar.com\\\/avatar\\\/?s=96&d=mm&r=g\",\"url\":\"https:\\\/\\\/secure.gravatar.com\\\/avatar\\\/?s=96&d=mm&r=g\",\"contentUrl\":\"https:\\\/\\\/secure.gravatar.com\\\/avatar\\\/?s=96&d=mm&r=g\",\"caption\":\"Welex Lawyers Accountants Wim\"}}]}<\/script>\n<!-- \/ Yoast SEO Premium plugin. -->","yoast_head_json":{"title":"Lista de las mejores playas en Benalm\u00e1dena - Welex","description":"Descubre nuestro listado top de playas en Benalm\u00e1dena que no puedes dejar de visitar en tus vacaciones en la costa del sol.","robots":{"index":"index","follow":"follow","max-snippet":"max-snippet:-1","max-image-preview":"max-image-preview:large","max-video-preview":"max-video-preview:-1"},"canonical":"https:\/\/www.welex.es\/es\/mejores-playas-benalmadena\/","og_locale":"es_ES","og_type":"article","og_title":"Lista de las mejores playas en Benalm\u00e1dena","og_description":"Descubre nuestro listado top de playas en Benalm\u00e1dena que no puedes dejar de visitar en tus vacaciones en la costa del sol.","og_url":"https:\/\/www.welex.es\/es\/mejores-playas-benalmadena\/","og_site_name":"Welex","article_publisher":"https:\/\/www.facebook.com\/WelexLawyersAccountants\/","article_published_time":"2017-07-24T08:01:27+00:00","article_modified_time":"2025-09-09T07:30:30+00:00","og_image":[{"width":600,"height":400,"url":"https:\/\/www.welex.es\/wp-content\/uploads\/2017\/07\/playas-benalmadena-abogados.jpg","type":"image\/jpeg"}],"author":"Welex Lawyers Accountants Wim","twitter_card":"summary_large_image","twitter_misc":{"Escrito por":"Welex Lawyers Accountants Wim","Tiempo de lectura":"5 minutos"},"schema":{"@context":"https:\/\/schema.org","@graph":[{"@type":"Article","@id":"https:\/\/www.welex.es\/es\/mejores-playas-benalmadena\/#article","isPartOf":{"@id":"https:\/\/www.welex.es\/es\/mejores-playas-benalmadena\/"},"author":{"name":"Welex Lawyers Accountants Wim","@id":"https:\/\/www.welex.es\/es\/#\/schema\/person\/fe98500e4b874772cfdbd1417c913f57"},"headline":"Lista de las mejores playas en Benalm\u00e1dena","datePublished":"2017-07-24T08:01:27+00:00","dateModified":"2025-09-09T07:30:30+00:00","mainEntityOfPage":{"@id":"https:\/\/www.welex.es\/es\/mejores-playas-benalmadena\/"},"wordCount":929,"publisher":{"@id":"https:\/\/www.welex.es\/#organization"},"image":{"@id":"https:\/\/www.welex.es\/es\/mejores-playas-benalmadena\/#primaryimage"},"thumbnailUrl":"https:\/\/www.welex.es\/wp-content\/uploads\/2017\/07\/playas-benalmadena-abogados.jpg","keywords":["abogado en Benalm\u00e1dana","playas benalmadena","playas costa del sol","beaches costa del sol","abogados en Benalm\u00e1dena","Asesores fiscales en Benalm\u00e1dena","contables en Benalm\u00e1dena","Despacho de abogados en Benalm\u00e1dena","Economistas Benalm\u00e1dena","Especialistas en herencias en Benalm\u00e1dena","Impuesto sobre sucesiones en Benalm\u00e1dena","Testamentos en Benalm\u00e1dena"],"articleSection":["Turismo y Cultura en Espa\u00f1a"],"inLanguage":"es"},{"@type":"WebPage","@id":"https:\/\/www.welex.es\/es\/mejores-playas-benalmadena\/","url":"https:\/\/www.welex.es\/es\/mejores-playas-benalmadena\/","name":"Lista de las mejores playas en Benalm\u00e1dena - Welex","isPartOf":{"@id":"https:\/\/www.welex.es\/es\/#website"},"primaryImageOfPage":{"@id":"https:\/\/www.welex.es\/es\/mejores-playas-benalmadena\/#primaryimage"},"image":{"@id":"https:\/\/www.welex.es\/es\/mejores-playas-benalmadena\/#primaryimage"},"thumbnailUrl":"https:\/\/www.welex.es\/wp-content\/uploads\/2017\/07\/playas-benalmadena-abogados.jpg","datePublished":"2017-07-24T08:01:27+00:00","dateModified":"2025-09-09T07:30:30+00:00","description":"Descubre nuestro listado top de playas en Benalm\u00e1dena que no puedes dejar de visitar en tus vacaciones en la costa del sol.","breadcrumb":{"@id":"https:\/\/www.welex.es\/es\/mejores-playas-benalmadena\/#breadcrumb"},"inLanguage":"es","potentialAction":[{"@type":"ReadAction","target":["https:\/\/www.welex.es\/es\/mejores-playas-benalmadena\/"]}]},{"@type":"ImageObject","inLanguage":"es","@id":"https:\/\/www.welex.es\/es\/mejores-playas-benalmadena\/#primaryimage","url":"https:\/\/www.welex.es\/wp-content\/uploads\/2017\/07\/playas-benalmadena-abogados.jpg","contentUrl":"https:\/\/www.welex.es\/wp-content\/uploads\/2017\/07\/playas-benalmadena-abogados.jpg","width":600,"height":400,"caption":"playas benalmadena abogados"},{"@type":"BreadcrumbList","@id":"https:\/\/www.welex.es\/es\/mejores-playas-benalmadena\/#breadcrumb","itemListElement":[{"@type":"ListItem","position":1,"name":"Home","item":"https:\/\/www.welex.es\/es\/"},{"@type":"ListItem","position":2,"name":"Lista de las mejores playas en Benalm\u00e1dena"}]},{"@type":"WebSite","@id":"https:\/\/www.welex.es\/es\/#website","url":"https:\/\/www.welex.es\/es\/","name":"Welex","description":"","publisher":{"@id":"https:\/\/www.welex.es\/#organization"},"potentialAction":[{"@type":"SearchAction","target":{"@type":"EntryPoint","urlTemplate":"https:\/\/www.welex.es\/es\/?s={search_term_string}"},"query-input":{"@type":"PropertyValueSpecification","valueRequired":true,"valueName":"search_term_string"}}],"inLanguage":"es"},{"@type":["Organization","LegalService"],"@id":"https:\/\/www.welex.es\/#organization","name":"Welex","url":"https:\/\/www.welex.es\/","logo":{"@type":"ImageObject","inLanguage":"es","@id":"https:\/\/www.welex.es\/#\/schema\/logo\/image\/","url":"https:\/\/www.welex.es\/wp-content\/uploads\/2025\/05\/LOGOWELEXCORRECTO.png","contentUrl":"https:\/\/www.welex.es\/wp-content\/uploads\/2025\/05\/LOGOWELEXCORRECTO.png","width":2147,"height":771,"caption":"Welex"},"image":{"@id":"https:\/\/www.welex.es\/#\/schema\/logo\/image\/"},"sameAs":["https:\/\/www.facebook.com\/WelexLawyersAccountants\/","https:\/\/www.linkedin.com\/company\/welex\/","https:\/\/www.instagram.com\/welex.lawyers\/","https:\/\/www.tiktok.com\/@welex_lawyers_marbella","https:\/\/lawyerscostadelsol.com\/","https:\/\/www.accountant-spain.com\/","https:\/\/welex-solicitors.com\/"],"description":"Law firm in Marbella providing legal, tax, labour and accounting advice to individuals and companies in Spain, with over 20 years of experience.","email":"info@welex.es","telephone":"+34952775521","legalName":"Tr\u00e1mites Costa, S.L.","numberOfEmployees":{"@type":"QuantitativeValue","minValue":"11","maxValue":"50"},"address":{"@type":"PostalAddress","streetAddress":"Calle Ram\u00f3n G\u00f3mez de la Serna 23, Local 7","addressLocality":"Marbella","addressRegion":"M\u00e1laga","postalCode":"29602","addressCountry":"ES"},"geo":{"@type":"GeoCoordinates","latitude":36.5095366,"longitude":-4.8985745},"hasMap":"https:\/\/www.google.com\/maps\/search\/?api=1&query=Welex+Marbella","openingHoursSpecification":[{"@type":"OpeningHoursSpecification","dayOfWeek":["Monday","Tuesday","Wednesday","Thursday"],"opens":"08:30","closes":"17:00"},{"@type":"OpeningHoursSpecification","dayOfWeek":"Friday","opens":"08:30","closes":"14:30"}],"areaServed":[{"@type":"Country","name":"Spain"},{"@type":"AdministrativeArea","name":"Costa del Sol"},{"@type":"City","name":"Marbella"}],"knowsLanguage":["es","en","nl","fr"],"currenciesAccepted":"EUR","priceRange":"$$","slogan":"Seguridad jur\u00eddica. Claridad fiscal. Asesoramiento de confianza.","contactPoint":[{"@type":"ContactPoint","telephone":"+34952775521","email":"info@welex.es","contactType":"customer service","availableLanguage":["English","Spanish","Dutch","French"],"areaServed":"ES"}],"hasOfferCatalog":{"@type":"OfferCatalog","name":"Servicios legales, fiscales y contables en Espa\u00f1a","itemListElement":[{"@type":"Offer","itemOffered":{"@type":"Service","name":"Abogados especializados en derecho inmobiliario en Marbella: Compra y venta de inmuebles en Espa\u00f1a","url":"https:\/\/www.welex.es\/es\/servicio\/compra-y-venta-de-inmuebles-en-espana\/"}},{"@type":"Offer","itemOffered":{"@type":"Service","name":"Abogados expertos en Herencias y Testamentos en Marbella","url":"https:\/\/www.welex.es\/es\/servicio\/testamentos-y-herencias-en-espana\/"}},{"@type":"Offer","itemOffered":{"@type":"Service","name":"Empresas y sociedades","url":"https:\/\/www.welex.es\/es\/servicio\/empresas-y-sociedades\/"}},{"@type":"Offer","itemOffered":{"@type":"Service","name":"Asesoramiento laboral","url":"https:\/\/www.welex.es\/es\/servicio\/asesoramiento-laboral\/"}},{"@type":"Offer","itemOffered":{"@type":"Service","name":"Derecho procesal","url":"https:\/\/www.welex.es\/es\/servicio\/derecho-procesal\/"}},{"@type":"Offer","itemOffered":{"@type":"Service","name":"Adquisici\u00f3n de inmuebles para personas no residentes en Espa\u00f1a","url":"https:\/\/www.welex.es\/es\/servicio\/adquisicion-de-inmuebles-para-personas-no-residentes-en-espana\/"}},{"@type":"Offer","itemOffered":{"@type":"Service","name":"Obligaciones fiscales de una sociedad SL","url":"https:\/\/www.welex.es\/es\/servicio\/obligaciones-fiscales-de-una-sociedad-sl\/"}},{"@type":"Offer","itemOffered":{"@type":"Service","name":"Obligaciones Mercantiles de una sociedad SL","url":"https:\/\/www.welex.es\/es\/servicio\/obligaciones-mercantiles-de-una-sociedad-sl\/"}},{"@type":"Offer","itemOffered":{"@type":"Service","name":"Revisi\u00f3n de estados financieros contables","url":"https:\/\/www.welex.es\/es\/servicio\/revision-de-estados-financieros-contables\/"}},{"@type":"Offer","itemOffered":{"@type":"Service","name":"Impuestos","url":"https:\/\/www.welex.es\/es\/servicio\/impuestos\/"}},{"@type":"Offer","itemOffered":{"@type":"Service","name":"Tr\u00e1mites destacados","url":"https:\/\/www.welex.es\/es\/servicio\/tramites-destacados\/"}}]}},{"@type":"Person","@id":"https:\/\/www.welex.es\/es\/#\/schema\/person\/fe98500e4b874772cfdbd1417c913f57","name":"Welex Lawyers Accountants Wim","image":{"@type":"ImageObject","inLanguage":"es","@id":"https:\/\/secure.gravatar.com\/avatar\/?s=96&d=mm&r=g","url":"https:\/\/secure.gravatar.com\/avatar\/?s=96&d=mm&r=g","contentUrl":"https:\/\/secure.gravatar.com\/avatar\/?s=96&d=mm&r=g","caption":"Welex Lawyers Accountants Wim"}}]}},"_links":{"self":[{"href":"https:\/\/www.welex.es\/es\/wp-json\/wp\/v2\/posts\/8855","targetHints":{"allow":["GET"]}}],"collection":[{"href":"https:\/\/www.welex.es\/es\/wp-json\/wp\/v2\/posts"}],"about":[{"href":"https:\/\/www.welex.es\/es\/wp-json\/wp\/v2\/types\/post"}],"author":[{"embeddable":true,"href":"https:\/\/www.welex.es\/es\/wp-json\/wp\/v2\/users\/4"}],"replies":[{"embeddable":true,"href":"https:\/\/www.welex.es\/es\/wp-json\/wp\/v2\/comments?post=8855"}],"version-history":[{"count":0,"href":"https:\/\/www.welex.es\/es\/wp-json\/wp\/v2\/posts\/8855\/revisions"}],"wp:featuredmedia":[{"embeddable":true,"href":"https:\/\/www.welex.es\/es\/wp-json\/wp\/v2\/media\/9183"}],"wp:attachment":[{"href":"https:\/\/www.welex.es\/es\/wp-json\/wp\/v2\/media?parent=8855"}],"wp:term":[{"taxonomy":"category","embeddable":true,"href":"https:\/\/www.welex.es\/es\/wp-json\/wp\/v2\/categories?post=8855"},{"taxonomy":"post_tag","embeddable":true,"href":"https:\/\/www.welex.es\/es\/wp-json\/wp\/v2\/tags?post=8855"}],"curies":[{"name":"wp","href":"https:\/\/api.w.org\/{rel}","templated":true}]}}