{"id":9713,"date":"2017-08-21T08:00:36","date_gmt":"2017-08-21T07:00:36","guid":{"rendered":"https:\/\/www.welex.es\/?p=9713\/"},"modified":"2025-09-09T07:30:37","modified_gmt":"2025-09-09T07:30:37","slug":"ojen-villa-entre-mediterraneo-y-sierra","status":"publish","type":"post","link":"https:\/\/www.welex.es\/es\/ojen-villa-entre-mediterraneo-y-sierra\/","title":{"rendered":"Oj\u00e9n, una villa entre el mediterr\u00e1neo y la sierra"},"content":{"rendered":"<p>El municipio de Oj\u00e9n se encuentra ubicado en a tan s\u00f3lo 8 kil\u00f3metros del coraz\u00f3n de la Costa del Sol. Un pueblecito que sirve de entrada a la sierra de las nieves y que es famoso por su aguardiente de hierbas. Oj\u00e9n conserva a\u00fan el encanto\u00a0 de pueblo andaluz con sus calles estrechas y casas blancas. Un pueblo, que adem\u00e1s, ha sabido adaptarse a las necesidades de los turistas modernos que lo visitan.<\/p>\n<p><img fetchpriority=\"high\" decoding=\"async\" class=\"aligncenter wp-image-9715 size-full\" title=\"Despacho de abogados en Oj\u00e9n \" src=\"https:\/\/www.welex.es\/wp-content\/uploads\/2017\/10\/ojen.jpg\" alt=\"Despacho de abogados en Oj\u00e9n \" width=\"600\" height=\"450\" \/><\/p>\n<p>Este bello municipio cuenta con una oficina de atenci\u00f3n al turista, donde se puede consultar toda la oferta tur\u00edstica y cultural. Desde visitas guiadas culturales y etnogr\u00e1ficas, como talleres de jab\u00f3n natural, catas de aceite, desayuno t\u00edpico andaluz o labores de esparto. Un recorrido por sus calles, monumentos emblem\u00e1ticos que ofrecen al turista distintas posibilidades de degustar la gastronom\u00eda tradicional como el bolo de Hinojos, el potaje de casta\u00f1as o el salmorejo.<\/p>\n<p>La villa posee en sus calles tres lugares imprescindibles que visitar; como es el Museo del Molino, las Cuevas, la Iglesia de la Encarnaci\u00f3n del siglo XVIII y la fuente de los Chorros<\/p>\n<p>Adem\u00e1s, Oj\u00e9n ofrece eventos socioculturales como su festival de M\u00fasica Indie Ojeando Festival, que se celebra el primer fin de semana de julio; el Festival Castillo del cante, uno de los m\u00e1s antiguos de la provincia\u00a0y la feria en honor a San Dionisio, una celebraci\u00f3n de las fiestas locales que centra entorno a la plaza del pueblo.<\/p>\n<p><img decoding=\"async\" class=\"aligncenter wp-image-9716 size-full\" title=\"Ojen abogado y economista en Marbella\" src=\"https:\/\/www.welex.es\/wp-content\/uploads\/2017\/10\/sierra-de-ojen.jpg\" alt=\"Ojen abogado y economista en Marbella\" width=\"600\" height=\"450\" \/><\/p>\n<p>En cuanto a su oferta de turismo rural, Oj\u00e9n se encuentra ubicado en un entorno natural de la Reserva de la Biosfera del parque natural. Se pueden realizar rutas senderistas y visitar parajes como los Llanos de Puzla, el refugio de Juanar. Paisajes de gran belleza y gran variedad de flora y fauna, donde se pueden contemplar alcornoques, pinos o pinsapos, adem\u00e1s de su fauna como la cabra hisp\u00e1nica, el ciervo, el mufl\u00f3n o el b\u00faho real.<\/p>\n<p>Sin duda un pueblo mediterr\u00e1neo lleno de encanto y rincones que visitar.<\/p>\n<p>&nbsp;<\/p>\n<p>Este blog ha sido publicado por <a href=\"https:\/\/www.welex.es\/es\/contacto\/\">Welex, su abogado y economista en Marbella<\/a>, M\u00e1laga.<\/p>\n<p>En \u201cWelex\u201d proporcionamos asesoramiento jur\u00eddico, laboral, fiscal y contable, a fin de ofrecer seguridad jur\u00eddica a nuestros clientes, desde la experiencia y profesionalidad. Somos un grupo de abogados, economistas, contables y graduados sociales preparados para resolver sus dudas y defender sus intereses.<\/p>\n<p>&nbsp;<\/p>\n<p><span style=\"font-size: 8pt;\"><strong>\u00a0<\/strong>Welex, su abogado en Oj\u00e9n,\u00a0 abogados en Oj\u00e9n, Despacho de abogados en Oj\u00e9n, Economistas Oj\u00e9n, contables en Oj\u00e9n, Asesores fiscales en Oj\u00e9n, Especialistas en herencias en Oj\u00e9n, Impuesto sobre sucesiones en Oj\u00e9n, Testamentos en Oj\u00e9n<\/span><\/p>\n","protected":false},"excerpt":{"rendered":"<p>El municipio de Oj\u00e9n se encuentra ubicado en a tan s\u00f3lo 8 kil\u00f3metros del coraz\u00f3n de la Costa del Sol. Un pueblecito que sirve de entrada a la sierra de las nieves y que es famoso por su aguardiente de hierbas. Oj\u00e9n conserva a\u00fan el encanto\u00a0 de pueblo andaluz con sus calles estrechas y casas [&hellip;]<\/p>\n","protected":false},"author":4,"featured_media":9714,"comment_status":"closed","ping_status":"closed","sticky":false,"template":"","format":"standard","meta":{"_acf_changed":false,"footnotes":""},"categories":[233],"tags":[2858,2860,3101,3105,3142,3143,3159,3165],"class_list":["post-9713","post","type-post","status-publish","format-standard","has-post-thumbnail","hentry","category-turismo-y-cultura-en-espana","tag-abogados-en-ojen","tag-contables-en-ojen","tag-economistas-ojen-2","tag-testamentos-en-ojen-2","tag-asesores-fiscales-en-ojen-2","tag-impuesto-sobre-sucesiones-en-ojen-2","tag-despacho-de-abogados-en-ojen-2","tag-especialistas-en-herencias-en-ojen-2"],"acf":[],"yoast_head":"<!-- This site is optimized with the Yoast SEO Premium plugin v27.9 (Yoast SEO v27.9) - https:\/\/yoast.com\/product\/yoast-seo-premium-wordpress\/ -->\n<title>Oj\u00e9n, una villa entre el mediterr\u00e1neo y la sierra - Welex<\/title>\n<meta name=\"description\" content=\"Un pueblecito de la Costa del Sol que sirve de entrada a la sierra de las nieves y que es famoso por su aguardiente de hierbas\" \/>\n<meta name=\"robots\" content=\"index, follow, max-snippet:-1, max-image-preview:large, max-video-preview:-1\" \/>\n<link rel=\"canonical\" href=\"https:\/\/www.welex.es\/es\/ojen-villa-entre-mediterraneo-y-sierra\/\" \/>\n<meta property=\"og:locale\" content=\"es_ES\" \/>\n<meta property=\"og:type\" content=\"article\" \/>\n<meta property=\"og:title\" content=\"Oj\u00e9n, una villa entre el mediterr\u00e1neo y la sierra\" \/>\n<meta property=\"og:description\" content=\"Un pueblecito de la Costa del Sol que sirve de entrada a la sierra de las nieves y que es famoso por su aguardiente de hierbas\" \/>\n<meta property=\"og:url\" content=\"https:\/\/www.welex.es\/es\/ojen-villa-entre-mediterraneo-y-sierra\/\" \/>\n<meta property=\"og:site_name\" content=\"Welex\" \/>\n<meta property=\"article:publisher\" content=\"https:\/\/www.facebook.com\/WelexLawyersAccountants\/\" \/>\n<meta property=\"article:published_time\" content=\"2017-08-21T07:00:36+00:00\" \/>\n<meta property=\"article:modified_time\" content=\"2025-09-09T07:30:37+00:00\" \/>\n<meta property=\"og:image\" content=\"https:\/\/www.welex.es\/wp-content\/uploads\/2017\/10\/ojen-destacada.jpg\" \/>\n\t<meta property=\"og:image:width\" content=\"600\" \/>\n\t<meta property=\"og:image:height\" content=\"398\" \/>\n\t<meta property=\"og:image:type\" content=\"image\/jpeg\" \/>\n<meta name=\"author\" content=\"Welex Lawyers Accountants Wim\" \/>\n<meta name=\"twitter:card\" content=\"summary_large_image\" \/>\n<meta name=\"twitter:label1\" content=\"Escrito por\" \/>\n\t<meta name=\"twitter:data1\" content=\"Welex Lawyers Accountants Wim\" \/>\n\t<meta name=\"twitter:label2\" content=\"Tiempo de lectura\" \/>\n\t<meta name=\"twitter:data2\" content=\"2 minutos\" \/>\n<script type=\"application\/ld+json\" class=\"yoast-schema-graph\">{\"@context\":\"https:\\\/\\\/schema.org\",\"@graph\":[{\"@type\":\"Article\",\"@id\":\"https:\\\/\\\/www.welex.es\\\/es\\\/ojen-villa-entre-mediterraneo-y-sierra\\\/#article\",\"isPartOf\":{\"@id\":\"https:\\\/\\\/www.welex.es\\\/es\\\/ojen-villa-entre-mediterraneo-y-sierra\\\/\"},\"author\":{\"name\":\"Welex Lawyers Accountants Wim\",\"@id\":\"https:\\\/\\\/www.welex.es\\\/es\\\/#\\\/schema\\\/person\\\/fe98500e4b874772cfdbd1417c913f57\"},\"headline\":\"Oj\u00e9n, una villa entre el mediterr\u00e1neo y la sierra\",\"datePublished\":\"2017-08-21T07:00:36+00:00\",\"dateModified\":\"2025-09-09T07:30:37+00:00\",\"mainEntityOfPage\":{\"@id\":\"https:\\\/\\\/www.welex.es\\\/es\\\/ojen-villa-entre-mediterraneo-y-sierra\\\/\"},\"wordCount\":467,\"publisher\":{\"@id\":\"https:\\\/\\\/www.welex.es\\\/#organization\"},\"image\":{\"@id\":\"https:\\\/\\\/www.welex.es\\\/es\\\/ojen-villa-entre-mediterraneo-y-sierra\\\/#primaryimage\"},\"thumbnailUrl\":\"https:\\\/\\\/www.welex.es\\\/wp-content\\\/uploads\\\/2017\\\/10\\\/ojen-destacada.jpg\",\"keywords\":[\"abogados en Oj\u00e9n\",\"contables en Oj\u00e9n\",\"Economistas Oj\u00e9n\",\"Testamentos en Oj\u00e9n\",\"Asesores fiscales en Oj\u00e9n\",\"Impuesto sobre sucesiones en Oj\u00e9n\",\"Despacho de abogados en Oj\u00e9n\",\"Especialistas en herencias en Oj\u00e9n\"],\"articleSection\":[\"Turismo y Cultura en Espa\u00f1a\"],\"inLanguage\":\"es\"},{\"@type\":\"WebPage\",\"@id\":\"https:\\\/\\\/www.welex.es\\\/es\\\/ojen-villa-entre-mediterraneo-y-sierra\\\/\",\"url\":\"https:\\\/\\\/www.welex.es\\\/es\\\/ojen-villa-entre-mediterraneo-y-sierra\\\/\",\"name\":\"Oj\u00e9n, una villa entre el mediterr\u00e1neo y la sierra - Welex\",\"isPartOf\":{\"@id\":\"https:\\\/\\\/www.welex.es\\\/es\\\/#website\"},\"primaryImageOfPage\":{\"@id\":\"https:\\\/\\\/www.welex.es\\\/es\\\/ojen-villa-entre-mediterraneo-y-sierra\\\/#primaryimage\"},\"image\":{\"@id\":\"https:\\\/\\\/www.welex.es\\\/es\\\/ojen-villa-entre-mediterraneo-y-sierra\\\/#primaryimage\"},\"thumbnailUrl\":\"https:\\\/\\\/www.welex.es\\\/wp-content\\\/uploads\\\/2017\\\/10\\\/ojen-destacada.jpg\",\"datePublished\":\"2017-08-21T07:00:36+00:00\",\"dateModified\":\"2025-09-09T07:30:37+00:00\",\"description\":\"Un pueblecito de la Costa del Sol que sirve de entrada a la sierra de las nieves y que es famoso por su aguardiente de hierbas\",\"breadcrumb\":{\"@id\":\"https:\\\/\\\/www.welex.es\\\/es\\\/ojen-villa-entre-mediterraneo-y-sierra\\\/#breadcrumb\"},\"inLanguage\":\"es\",\"potentialAction\":[{\"@type\":\"ReadAction\",\"target\":[\"https:\\\/\\\/www.welex.es\\\/es\\\/ojen-villa-entre-mediterraneo-y-sierra\\\/\"]}]},{\"@type\":\"ImageObject\",\"inLanguage\":\"es\",\"@id\":\"https:\\\/\\\/www.welex.es\\\/es\\\/ojen-villa-entre-mediterraneo-y-sierra\\\/#primaryimage\",\"url\":\"https:\\\/\\\/www.welex.es\\\/wp-content\\\/uploads\\\/2017\\\/10\\\/ojen-destacada.jpg\",\"contentUrl\":\"https:\\\/\\\/www.welex.es\\\/wp-content\\\/uploads\\\/2017\\\/10\\\/ojen-destacada.jpg\",\"width\":600,\"height\":398,\"caption\":\"ojen destacada\"},{\"@type\":\"BreadcrumbList\",\"@id\":\"https:\\\/\\\/www.welex.es\\\/es\\\/ojen-villa-entre-mediterraneo-y-sierra\\\/#breadcrumb\",\"itemListElement\":[{\"@type\":\"ListItem\",\"position\":1,\"name\":\"Home\",\"item\":\"https:\\\/\\\/www.welex.es\\\/es\\\/\"},{\"@type\":\"ListItem\",\"position\":2,\"name\":\"Oj\u00e9n, una villa entre el mediterr\u00e1neo y la sierra\"}]},{\"@type\":\"WebSite\",\"@id\":\"https:\\\/\\\/www.welex.es\\\/es\\\/#website\",\"url\":\"https:\\\/\\\/www.welex.es\\\/es\\\/\",\"name\":\"Welex\",\"description\":\"\",\"publisher\":{\"@id\":\"https:\\\/\\\/www.welex.es\\\/#organization\"},\"potentialAction\":[{\"@type\":\"SearchAction\",\"target\":{\"@type\":\"EntryPoint\",\"urlTemplate\":\"https:\\\/\\\/www.welex.es\\\/es\\\/?s={search_term_string}\"},\"query-input\":{\"@type\":\"PropertyValueSpecification\",\"valueRequired\":true,\"valueName\":\"search_term_string\"}}],\"inLanguage\":\"es\"},{\"@type\":[\"Organization\",\"LegalService\"],\"@id\":\"https:\\\/\\\/www.welex.es\\\/#organization\",\"name\":\"Welex\",\"url\":\"https:\\\/\\\/www.welex.es\\\/\",\"logo\":{\"@type\":\"ImageObject\",\"inLanguage\":\"es\",\"@id\":\"https:\\\/\\\/www.welex.es\\\/#\\\/schema\\\/logo\\\/image\\\/\",\"url\":\"https:\\\/\\\/www.welex.es\\\/wp-content\\\/uploads\\\/2025\\\/05\\\/LOGOWELEXCORRECTO.png\",\"contentUrl\":\"https:\\\/\\\/www.welex.es\\\/wp-content\\\/uploads\\\/2025\\\/05\\\/LOGOWELEXCORRECTO.png\",\"width\":2147,\"height\":771,\"caption\":\"Welex\"},\"image\":{\"@id\":\"https:\\\/\\\/www.welex.es\\\/#\\\/schema\\\/logo\\\/image\\\/\"},\"sameAs\":[\"https:\\\/\\\/www.facebook.com\\\/WelexLawyersAccountants\\\/\",\"https:\\\/\\\/www.linkedin.com\\\/company\\\/welex\\\/\",\"https:\\\/\\\/www.instagram.com\\\/welex.lawyers\\\/\",\"https:\\\/\\\/www.tiktok.com\\\/@welex_lawyers_marbella\",\"https:\\\/\\\/lawyerscostadelsol.com\\\/\",\"https:\\\/\\\/www.accountant-spain.com\\\/\",\"https:\\\/\\\/welex-solicitors.com\\\/\"],\"description\":\"Law firm in Marbella providing legal, tax, labour and accounting advice to individuals and companies in Spain, with over 20 years of experience.\",\"email\":\"info@welex.es\",\"telephone\":\"+34952775521\",\"legalName\":\"Tr\u00e1mites Costa, S.L.\",\"numberOfEmployees\":{\"@type\":\"QuantitativeValue\",\"minValue\":\"11\",\"maxValue\":\"50\"},\"address\":{\"@type\":\"PostalAddress\",\"streetAddress\":\"Calle Ram\u00f3n G\u00f3mez de la Serna 23, Local 7\",\"addressLocality\":\"Marbella\",\"addressRegion\":\"M\u00e1laga\",\"postalCode\":\"29602\",\"addressCountry\":\"ES\"},\"geo\":{\"@type\":\"GeoCoordinates\",\"latitude\":36.5095366,\"longitude\":-4.8985745},\"hasMap\":\"https:\\\/\\\/www.google.com\\\/maps\\\/search\\\/?api=1&query=Welex+Marbella\",\"openingHoursSpecification\":[{\"@type\":\"OpeningHoursSpecification\",\"dayOfWeek\":[\"Monday\",\"Tuesday\",\"Wednesday\",\"Thursday\"],\"opens\":\"08:30\",\"closes\":\"17:00\"},{\"@type\":\"OpeningHoursSpecification\",\"dayOfWeek\":\"Friday\",\"opens\":\"08:30\",\"closes\":\"14:30\"}],\"areaServed\":[{\"@type\":\"Country\",\"name\":\"Spain\"},{\"@type\":\"AdministrativeArea\",\"name\":\"Costa del Sol\"},{\"@type\":\"City\",\"name\":\"Marbella\"}],\"knowsLanguage\":[\"es\",\"en\",\"nl\",\"fr\"],\"currenciesAccepted\":\"EUR\",\"priceRange\":\"$$\",\"slogan\":\"Seguridad jur\u00eddica. Claridad fiscal. Asesoramiento de confianza.\",\"contactPoint\":[{\"@type\":\"ContactPoint\",\"telephone\":\"+34952775521\",\"email\":\"info@welex.es\",\"contactType\":\"customer service\",\"availableLanguage\":[\"English\",\"Spanish\",\"Dutch\",\"French\"],\"areaServed\":\"ES\"}],\"hasOfferCatalog\":{\"@type\":\"OfferCatalog\",\"name\":\"Servicios legales, fiscales y contables en Espa\u00f1a\",\"itemListElement\":[{\"@type\":\"Offer\",\"itemOffered\":{\"@type\":\"Service\",\"name\":\"Abogados especializados en derecho inmobiliario en Marbella: Compra y venta de inmuebles en Espa\u00f1a\",\"url\":\"https:\\\/\\\/www.welex.es\\\/es\\\/servicio\\\/compra-y-venta-de-inmuebles-en-espana\\\/\"}},{\"@type\":\"Offer\",\"itemOffered\":{\"@type\":\"Service\",\"name\":\"Abogados expertos en Herencias y Testamentos en Marbella\",\"url\":\"https:\\\/\\\/www.welex.es\\\/es\\\/servicio\\\/testamentos-y-herencias-en-espana\\\/\"}},{\"@type\":\"Offer\",\"itemOffered\":{\"@type\":\"Service\",\"name\":\"Empresas y sociedades\",\"url\":\"https:\\\/\\\/www.welex.es\\\/es\\\/servicio\\\/empresas-y-sociedades\\\/\"}},{\"@type\":\"Offer\",\"itemOffered\":{\"@type\":\"Service\",\"name\":\"Asesoramiento laboral\",\"url\":\"https:\\\/\\\/www.welex.es\\\/es\\\/servicio\\\/asesoramiento-laboral\\\/\"}},{\"@type\":\"Offer\",\"itemOffered\":{\"@type\":\"Service\",\"name\":\"Derecho procesal\",\"url\":\"https:\\\/\\\/www.welex.es\\\/es\\\/servicio\\\/derecho-procesal\\\/\"}},{\"@type\":\"Offer\",\"itemOffered\":{\"@type\":\"Service\",\"name\":\"Adquisici\u00f3n de inmuebles para personas no residentes en Espa\u00f1a\",\"url\":\"https:\\\/\\\/www.welex.es\\\/es\\\/servicio\\\/adquisicion-de-inmuebles-para-personas-no-residentes-en-espana\\\/\"}},{\"@type\":\"Offer\",\"itemOffered\":{\"@type\":\"Service\",\"name\":\"Obligaciones fiscales de una sociedad SL\",\"url\":\"https:\\\/\\\/www.welex.es\\\/es\\\/servicio\\\/obligaciones-fiscales-de-una-sociedad-sl\\\/\"}},{\"@type\":\"Offer\",\"itemOffered\":{\"@type\":\"Service\",\"name\":\"Obligaciones Mercantiles de una sociedad SL\",\"url\":\"https:\\\/\\\/www.welex.es\\\/es\\\/servicio\\\/obligaciones-mercantiles-de-una-sociedad-sl\\\/\"}},{\"@type\":\"Offer\",\"itemOffered\":{\"@type\":\"Service\",\"name\":\"Revisi\u00f3n de estados financieros contables\",\"url\":\"https:\\\/\\\/www.welex.es\\\/es\\\/servicio\\\/revision-de-estados-financieros-contables\\\/\"}},{\"@type\":\"Offer\",\"itemOffered\":{\"@type\":\"Service\",\"name\":\"Impuestos\",\"url\":\"https:\\\/\\\/www.welex.es\\\/es\\\/servicio\\\/impuestos\\\/\"}},{\"@type\":\"Offer\",\"itemOffered\":{\"@type\":\"Service\",\"name\":\"Tr\u00e1mites destacados\",\"url\":\"https:\\\/\\\/www.welex.es\\\/es\\\/servicio\\\/tramites-destacados\\\/\"}}]}},{\"@type\":\"Person\",\"@id\":\"https:\\\/\\\/www.welex.es\\\/es\\\/#\\\/schema\\\/person\\\/fe98500e4b874772cfdbd1417c913f57\",\"name\":\"Welex Lawyers Accountants Wim\",\"image\":{\"@type\":\"ImageObject\",\"inLanguage\":\"es\",\"@id\":\"https:\\\/\\\/secure.gravatar.com\\\/avatar\\\/?s=96&d=mm&r=g\",\"url\":\"https:\\\/\\\/secure.gravatar.com\\\/avatar\\\/?s=96&d=mm&r=g\",\"contentUrl\":\"https:\\\/\\\/secure.gravatar.com\\\/avatar\\\/?s=96&d=mm&r=g\",\"caption\":\"Welex Lawyers Accountants Wim\"}}]}<\/script>\n<!-- \/ Yoast SEO Premium plugin. -->","yoast_head_json":{"title":"Oj\u00e9n, una villa entre el mediterr\u00e1neo y la sierra - Welex","description":"Un pueblecito de la Costa del Sol que sirve de entrada a la sierra de las nieves y que es famoso por su aguardiente de hierbas","robots":{"index":"index","follow":"follow","max-snippet":"max-snippet:-1","max-image-preview":"max-image-preview:large","max-video-preview":"max-video-preview:-1"},"canonical":"https:\/\/www.welex.es\/es\/ojen-villa-entre-mediterraneo-y-sierra\/","og_locale":"es_ES","og_type":"article","og_title":"Oj\u00e9n, una villa entre el mediterr\u00e1neo y la sierra","og_description":"Un pueblecito de la Costa del Sol que sirve de entrada a la sierra de las nieves y que es famoso por su aguardiente de hierbas","og_url":"https:\/\/www.welex.es\/es\/ojen-villa-entre-mediterraneo-y-sierra\/","og_site_name":"Welex","article_publisher":"https:\/\/www.facebook.com\/WelexLawyersAccountants\/","article_published_time":"2017-08-21T07:00:36+00:00","article_modified_time":"2025-09-09T07:30:37+00:00","og_image":[{"width":600,"height":398,"url":"https:\/\/www.welex.es\/wp-content\/uploads\/2017\/10\/ojen-destacada.jpg","type":"image\/jpeg"}],"author":"Welex Lawyers Accountants Wim","twitter_card":"summary_large_image","twitter_misc":{"Escrito por":"Welex Lawyers Accountants Wim","Tiempo de lectura":"2 minutos"},"schema":{"@context":"https:\/\/schema.org","@graph":[{"@type":"Article","@id":"https:\/\/www.welex.es\/es\/ojen-villa-entre-mediterraneo-y-sierra\/#article","isPartOf":{"@id":"https:\/\/www.welex.es\/es\/ojen-villa-entre-mediterraneo-y-sierra\/"},"author":{"name":"Welex Lawyers Accountants Wim","@id":"https:\/\/www.welex.es\/es\/#\/schema\/person\/fe98500e4b874772cfdbd1417c913f57"},"headline":"Oj\u00e9n, una villa entre el mediterr\u00e1neo y la sierra","datePublished":"2017-08-21T07:00:36+00:00","dateModified":"2025-09-09T07:30:37+00:00","mainEntityOfPage":{"@id":"https:\/\/www.welex.es\/es\/ojen-villa-entre-mediterraneo-y-sierra\/"},"wordCount":467,"publisher":{"@id":"https:\/\/www.welex.es\/#organization"},"image":{"@id":"https:\/\/www.welex.es\/es\/ojen-villa-entre-mediterraneo-y-sierra\/#primaryimage"},"thumbnailUrl":"https:\/\/www.welex.es\/wp-content\/uploads\/2017\/10\/ojen-destacada.jpg","keywords":["abogados en Oj\u00e9n","contables en Oj\u00e9n","Economistas Oj\u00e9n","Testamentos en Oj\u00e9n","Asesores fiscales en Oj\u00e9n","Impuesto sobre sucesiones en Oj\u00e9n","Despacho de abogados en Oj\u00e9n","Especialistas en herencias en Oj\u00e9n"],"articleSection":["Turismo y Cultura en Espa\u00f1a"],"inLanguage":"es"},{"@type":"WebPage","@id":"https:\/\/www.welex.es\/es\/ojen-villa-entre-mediterraneo-y-sierra\/","url":"https:\/\/www.welex.es\/es\/ojen-villa-entre-mediterraneo-y-sierra\/","name":"Oj\u00e9n, una villa entre el mediterr\u00e1neo y la sierra - Welex","isPartOf":{"@id":"https:\/\/www.welex.es\/es\/#website"},"primaryImageOfPage":{"@id":"https:\/\/www.welex.es\/es\/ojen-villa-entre-mediterraneo-y-sierra\/#primaryimage"},"image":{"@id":"https:\/\/www.welex.es\/es\/ojen-villa-entre-mediterraneo-y-sierra\/#primaryimage"},"thumbnailUrl":"https:\/\/www.welex.es\/wp-content\/uploads\/2017\/10\/ojen-destacada.jpg","datePublished":"2017-08-21T07:00:36+00:00","dateModified":"2025-09-09T07:30:37+00:00","description":"Un pueblecito de la Costa del Sol que sirve de entrada a la sierra de las nieves y que es famoso por su aguardiente de hierbas","breadcrumb":{"@id":"https:\/\/www.welex.es\/es\/ojen-villa-entre-mediterraneo-y-sierra\/#breadcrumb"},"inLanguage":"es","potentialAction":[{"@type":"ReadAction","target":["https:\/\/www.welex.es\/es\/ojen-villa-entre-mediterraneo-y-sierra\/"]}]},{"@type":"ImageObject","inLanguage":"es","@id":"https:\/\/www.welex.es\/es\/ojen-villa-entre-mediterraneo-y-sierra\/#primaryimage","url":"https:\/\/www.welex.es\/wp-content\/uploads\/2017\/10\/ojen-destacada.jpg","contentUrl":"https:\/\/www.welex.es\/wp-content\/uploads\/2017\/10\/ojen-destacada.jpg","width":600,"height":398,"caption":"ojen destacada"},{"@type":"BreadcrumbList","@id":"https:\/\/www.welex.es\/es\/ojen-villa-entre-mediterraneo-y-sierra\/#breadcrumb","itemListElement":[{"@type":"ListItem","position":1,"name":"Home","item":"https:\/\/www.welex.es\/es\/"},{"@type":"ListItem","position":2,"name":"Oj\u00e9n, una villa entre el mediterr\u00e1neo y la sierra"}]},{"@type":"WebSite","@id":"https:\/\/www.welex.es\/es\/#website","url":"https:\/\/www.welex.es\/es\/","name":"Welex","description":"","publisher":{"@id":"https:\/\/www.welex.es\/#organization"},"potentialAction":[{"@type":"SearchAction","target":{"@type":"EntryPoint","urlTemplate":"https:\/\/www.welex.es\/es\/?s={search_term_string}"},"query-input":{"@type":"PropertyValueSpecification","valueRequired":true,"valueName":"search_term_string"}}],"inLanguage":"es"},{"@type":["Organization","LegalService"],"@id":"https:\/\/www.welex.es\/#organization","name":"Welex","url":"https:\/\/www.welex.es\/","logo":{"@type":"ImageObject","inLanguage":"es","@id":"https:\/\/www.welex.es\/#\/schema\/logo\/image\/","url":"https:\/\/www.welex.es\/wp-content\/uploads\/2025\/05\/LOGOWELEXCORRECTO.png","contentUrl":"https:\/\/www.welex.es\/wp-content\/uploads\/2025\/05\/LOGOWELEXCORRECTO.png","width":2147,"height":771,"caption":"Welex"},"image":{"@id":"https:\/\/www.welex.es\/#\/schema\/logo\/image\/"},"sameAs":["https:\/\/www.facebook.com\/WelexLawyersAccountants\/","https:\/\/www.linkedin.com\/company\/welex\/","https:\/\/www.instagram.com\/welex.lawyers\/","https:\/\/www.tiktok.com\/@welex_lawyers_marbella","https:\/\/lawyerscostadelsol.com\/","https:\/\/www.accountant-spain.com\/","https:\/\/welex-solicitors.com\/"],"description":"Law firm in Marbella providing legal, tax, labour and accounting advice to individuals and companies in Spain, with over 20 years of experience.","email":"info@welex.es","telephone":"+34952775521","legalName":"Tr\u00e1mites Costa, S.L.","numberOfEmployees":{"@type":"QuantitativeValue","minValue":"11","maxValue":"50"},"address":{"@type":"PostalAddress","streetAddress":"Calle Ram\u00f3n G\u00f3mez de la Serna 23, Local 7","addressLocality":"Marbella","addressRegion":"M\u00e1laga","postalCode":"29602","addressCountry":"ES"},"geo":{"@type":"GeoCoordinates","latitude":36.5095366,"longitude":-4.8985745},"hasMap":"https:\/\/www.google.com\/maps\/search\/?api=1&query=Welex+Marbella","openingHoursSpecification":[{"@type":"OpeningHoursSpecification","dayOfWeek":["Monday","Tuesday","Wednesday","Thursday"],"opens":"08:30","closes":"17:00"},{"@type":"OpeningHoursSpecification","dayOfWeek":"Friday","opens":"08:30","closes":"14:30"}],"areaServed":[{"@type":"Country","name":"Spain"},{"@type":"AdministrativeArea","name":"Costa del Sol"},{"@type":"City","name":"Marbella"}],"knowsLanguage":["es","en","nl","fr"],"currenciesAccepted":"EUR","priceRange":"$$","slogan":"Seguridad jur\u00eddica. Claridad fiscal. Asesoramiento de confianza.","contactPoint":[{"@type":"ContactPoint","telephone":"+34952775521","email":"info@welex.es","contactType":"customer service","availableLanguage":["English","Spanish","Dutch","French"],"areaServed":"ES"}],"hasOfferCatalog":{"@type":"OfferCatalog","name":"Servicios legales, fiscales y contables en Espa\u00f1a","itemListElement":[{"@type":"Offer","itemOffered":{"@type":"Service","name":"Abogados especializados en derecho inmobiliario en Marbella: Compra y venta de inmuebles en Espa\u00f1a","url":"https:\/\/www.welex.es\/es\/servicio\/compra-y-venta-de-inmuebles-en-espana\/"}},{"@type":"Offer","itemOffered":{"@type":"Service","name":"Abogados expertos en Herencias y Testamentos en Marbella","url":"https:\/\/www.welex.es\/es\/servicio\/testamentos-y-herencias-en-espana\/"}},{"@type":"Offer","itemOffered":{"@type":"Service","name":"Empresas y sociedades","url":"https:\/\/www.welex.es\/es\/servicio\/empresas-y-sociedades\/"}},{"@type":"Offer","itemOffered":{"@type":"Service","name":"Asesoramiento laboral","url":"https:\/\/www.welex.es\/es\/servicio\/asesoramiento-laboral\/"}},{"@type":"Offer","itemOffered":{"@type":"Service","name":"Derecho procesal","url":"https:\/\/www.welex.es\/es\/servicio\/derecho-procesal\/"}},{"@type":"Offer","itemOffered":{"@type":"Service","name":"Adquisici\u00f3n de inmuebles para personas no residentes en Espa\u00f1a","url":"https:\/\/www.welex.es\/es\/servicio\/adquisicion-de-inmuebles-para-personas-no-residentes-en-espana\/"}},{"@type":"Offer","itemOffered":{"@type":"Service","name":"Obligaciones fiscales de una sociedad SL","url":"https:\/\/www.welex.es\/es\/servicio\/obligaciones-fiscales-de-una-sociedad-sl\/"}},{"@type":"Offer","itemOffered":{"@type":"Service","name":"Obligaciones Mercantiles de una sociedad SL","url":"https:\/\/www.welex.es\/es\/servicio\/obligaciones-mercantiles-de-una-sociedad-sl\/"}},{"@type":"Offer","itemOffered":{"@type":"Service","name":"Revisi\u00f3n de estados financieros contables","url":"https:\/\/www.welex.es\/es\/servicio\/revision-de-estados-financieros-contables\/"}},{"@type":"Offer","itemOffered":{"@type":"Service","name":"Impuestos","url":"https:\/\/www.welex.es\/es\/servicio\/impuestos\/"}},{"@type":"Offer","itemOffered":{"@type":"Service","name":"Tr\u00e1mites destacados","url":"https:\/\/www.welex.es\/es\/servicio\/tramites-destacados\/"}}]}},{"@type":"Person","@id":"https:\/\/www.welex.es\/es\/#\/schema\/person\/fe98500e4b874772cfdbd1417c913f57","name":"Welex Lawyers Accountants Wim","image":{"@type":"ImageObject","inLanguage":"es","@id":"https:\/\/secure.gravatar.com\/avatar\/?s=96&d=mm&r=g","url":"https:\/\/secure.gravatar.com\/avatar\/?s=96&d=mm&r=g","contentUrl":"https:\/\/secure.gravatar.com\/avatar\/?s=96&d=mm&r=g","caption":"Welex Lawyers Accountants Wim"}}]}},"_links":{"self":[{"href":"https:\/\/www.welex.es\/es\/wp-json\/wp\/v2\/posts\/9713","targetHints":{"allow":["GET"]}}],"collection":[{"href":"https:\/\/www.welex.es\/es\/wp-json\/wp\/v2\/posts"}],"about":[{"href":"https:\/\/www.welex.es\/es\/wp-json\/wp\/v2\/types\/post"}],"author":[{"embeddable":true,"href":"https:\/\/www.welex.es\/es\/wp-json\/wp\/v2\/users\/4"}],"replies":[{"embeddable":true,"href":"https:\/\/www.welex.es\/es\/wp-json\/wp\/v2\/comments?post=9713"}],"version-history":[{"count":0,"href":"https:\/\/www.welex.es\/es\/wp-json\/wp\/v2\/posts\/9713\/revisions"}],"wp:featuredmedia":[{"embeddable":true,"href":"https:\/\/www.welex.es\/es\/wp-json\/wp\/v2\/media\/9714"}],"wp:attachment":[{"href":"https:\/\/www.welex.es\/es\/wp-json\/wp\/v2\/media?parent=9713"}],"wp:term":[{"taxonomy":"category","embeddable":true,"href":"https:\/\/www.welex.es\/es\/wp-json\/wp\/v2\/categories?post=9713"},{"taxonomy":"post_tag","embeddable":true,"href":"https:\/\/www.welex.es\/es\/wp-json\/wp\/v2\/tags?post=9713"}],"curies":[{"name":"wp","href":"https:\/\/api.w.org\/{rel}","templated":true}]}}