{"id":10872,"date":"2018-01-22T08:00:27","date_gmt":"2018-01-22T08:00:27","guid":{"rendered":"https:\/\/www.welex.es\/?p=10872\/"},"modified":"2025-09-09T07:19:05","modified_gmt":"2025-09-09T07:19:05","slug":"visite-de-genalguacil-le-seul-village-musee-du-monde","status":"publish","type":"post","link":"https:\/\/www.welex.es\/fr\/visite-de-genalguacil-le-seul-village-musee-du-monde\/","title":{"rendered":"Visite de Genalguacil, le seul village-mus\u00e9e du monde"},"content":{"rendered":"<p>Situ\u00e9 en plein c\u0153ur de la r\u00e9gion montagneuse de Ronda, plus pr\u00e9cis\u00e9ment dans la vall\u00e9e du fleuve Genal, ce petit village d\u2019\u00e0 peine 600 habitants cache un secret qui le rend unique. Il s\u2019agit du seul village-mus\u00e9e du monde.<\/p>\n<p>&nbsp;<br \/>\nSon esth\u00e9tique soign\u00e9e de village blanc andalou et son riche environnement naturel font de Genalguacil un espace unique o\u00f9 plus de 120 \u0153uvres sont dispers\u00e9es dans ses rues. Des fresques sur les murs, sculptures, affiches ou encore sur les bancs o\u00f9 les voisins s\u2019assoient pour se reposer. Ces \u0153uvres sont le fruit d\u2019un travail de soutien aux artistes. Une initiative municipale, qui, en \u00e9change d\u2019h\u00e9bergement gratuit, demande aux artistes de r\u00e9aliser des \u0153uvres pour les laisser expos\u00e9es dans le village.<\/p>\n<p>&nbsp;<\/p>\n<p><img fetchpriority=\"high\" decoding=\"async\" class=\"aligncenter wp-image-10854 size-full\" title=\" avocats \u00e0 Genalguacil \" src=\"https:\/\/www.welex.es\/wp-content\/uploads\/2018\/01\/genuaguacil-muro-escultura.png\" alt=\" avocats \u00e0 Genalguacil \" width=\"600\" height=\"440\" \/><\/p>\n<p>&nbsp;<\/p>\n<p>L\u2019id\u00e9e est n\u00e9e en 1994 et depuis cet \u00e9v\u00e9nement singulier, qui m\u00eale coexistence et admiration, a lieu. Mais sans aucun doute, le rendez-vous le plus sp\u00e9cial pour contempler des \u0153uvres d\u2019art est le festival \u00ab\u00a0Rencontres d\u2019art\u00a0\u00bb qui chaque ann\u00e9e se c\u00e9l\u00e8bre pendant la premi\u00e8re quinzaine du mois d\u2019aout et qui a d\u00e9j\u00e0 20 ans. En plus, en 2004 fut cr\u00e9\u00e9 le mus\u00e9e d\u2019 \u00ab\u00a0Art Fernando Centeno\u00a0\u00bb en honneur au maire qui a organis\u00e9 ces rencontres. Dans ce mus\u00e9e se trouvent les \u0153uvres qui ne peuvent pas rester \u00e0 l\u2019air libre et en plus, il s\u2019agit d\u2019un espace o\u00f9 peuvent se contempler des expositions temporaires de diff\u00e9rents artistes.<br \/>\n<strong>Nous allons expliquer quelques d\u00e9tails de ce que vous pourrez trouver si vous visitez Genalguacil.<\/strong><\/p>\n<p>&nbsp;<\/p>\n<p><img decoding=\"async\" class=\"alignleft wp-image-10853 \" title=\" avocats \u00e0 Genalguacil \" src=\"https:\/\/www.welex.es\/wp-content\/uploads\/2018\/01\/genuaguacil-fuente-300x201.png\" alt=\"lawyer in Genuaguacil\" width=\"310\" height=\"208\" \/><\/p>\n<p>\u00c0 l\u2019entr\u00e9e, vous verrez une girouette color\u00e9e, un totem indien et un \u00e9l\u00e9phant en bois. Si vous continuez \u00e0 marcher, vous verrez une sculpture surprenante, il s\u2019agit de cinq visages sur du bois d\u2019olivier. D\u2019autres \u0153uvres d\u2019art sont les maisonnettes en papier qui imitent un village andalou et qui sont conserv\u00e9es sous un arc.<\/p>\n<p>&nbsp;<\/p>\n<p>&nbsp;<\/p>\n<p>&nbsp;<\/p>\n<p>C\u2019est assez impressionnant de voir comment un village si petit est capable de contenir autant d\u2019art. Des merveilles \u00e0 d\u00e9couvrir, en se promenant dans ses rues \u00e9troites et escarp\u00e9es, comme des sculptures de tous types, des plus classiques aux plus modernes. Et en plus, ses habitants sont conscients et prennent grand soin de chaque pi\u00e8ce et chaque \u0153uvre.<\/p>\n<p><img decoding=\"async\" class=\"alignright wp-image-10855\" title=\" avocats \u00e0 Genalguacil \" src=\"https:\/\/www.welex.es\/wp-content\/uploads\/2018\/01\/genuaguacil-plaza-300x225.png\" alt=\" avocats \u00e0 Genalguacil \" width=\"203\" height=\"152\" \/><\/p>\n<p>&nbsp;<\/p>\n<p>Si vous aimez l\u2019art, vous devriez visiter Genalguacil, il s\u2019agit sans aucun doute d\u2019une exp\u00e9rience unique!<\/p>\n<p>&nbsp;<\/p>\n<p>Ce blog a \u00e9t\u00e9 publi\u00e9 par <a href=\"https:\/\/www.welex.es\/fr\/contact\/\">Welex, votre avocat et \u00e9conomiste \u00e0 Marbella<\/a>, M\u00e1laga.<\/p>\n<p>Chez \u00ab\u00a0Welex\u00a0\u00bb, nous fournissons des conseils juridiques, fiscaux, comptables et du travail, afin d&rsquo;offrir une s\u00e9curit\u00e9 juridique \u00e0 nos clients, gr\u00e2ce \u00e0 l&rsquo;exp\u00e9rience et au professionnalisme. <a href=\"https:\/\/www.welex.es\/fr\/contact\/\">Nous sommes un groupe d&rsquo;avocats, d&rsquo;\u00e9conomistes, de comptables et de dipl\u00f4m\u00e9s sociaux pr\u00eats \u00e0 r\u00e9pondre \u00e0 vos questions et d\u00e9fendre vos int\u00e9r\u00eats.<\/a><\/p>\n<p>&nbsp;<\/p>\n","protected":false},"excerpt":{"rendered":"<p>Situ\u00e9 en plein c\u0153ur de la r\u00e9gion montagneuse de Ronda, plus pr\u00e9cis\u00e9ment dans la vall\u00e9e du fleuve Genal, ce petit village d\u2019\u00e0 peine 600 habitants cache un secret qui le rend unique. Il s\u2019agit du seul village-mus\u00e9e du monde. &nbsp; Son esth\u00e9tique soign\u00e9e de village blanc andalou et son riche environnement naturel font de Genalguacil [&hellip;]<\/p>\n","protected":false},"author":4,"featured_media":10853,"comment_status":"closed","ping_status":"closed","sticky":false,"template":"","format":"standard","meta":{"_acf_changed":false,"footnotes":""},"categories":[430],"tags":[1882,1883,1884,1885,1886,1887,1879,1880,1881],"class_list":["post-10872","post","type-post","status-publish","format-standard","has-post-thumbnail","hentry","category-tourisme-et-culture-en-espagne","tag-comptables-a-genalguacil","tag-conseillers-fiscaux-a-genalguacil","tag-economistes-genalguacil","tag-impot-sur-les-successions-a-genalguacil","tag-specialistes-en-matiere-dheritages-a-genalguacil","tag-testaments-a-genalguacil","tag-avocat-a-genalguacil","tag-avocats-a-genalguacil","tag-cabinet-davocats-a-genalguacil"],"acf":[],"yoast_head":"<!-- This site is optimized with the Yoast SEO Premium plugin v27.9 (Yoast SEO v27.9) - https:\/\/yoast.com\/product\/yoast-seo-premium-wordpress\/ -->\n<title>Visite de Genalguacil, le seul village-mus\u00e9e du monde - Welex<\/title>\n<meta name=\"description\" content=\"Genalguacil est un espace unique o\u00f9 plus de 120 \u0153uvres sont dispers\u00e9es dans ses rues. Des fresques sur les murs, sculptures, affiches\" \/>\n<meta name=\"robots\" content=\"index, follow, max-snippet:-1, max-image-preview:large, max-video-preview:-1\" \/>\n<link rel=\"canonical\" href=\"https:\/\/www.welex.es\/fr\/visite-de-genalguacil-le-seul-village-musee-du-monde\/\" \/>\n<meta property=\"og:locale\" content=\"fr_FR\" \/>\n<meta property=\"og:type\" content=\"article\" \/>\n<meta property=\"og:title\" content=\"Visite de Genalguacil, le seul village-mus\u00e9e du monde\" \/>\n<meta property=\"og:description\" content=\"Genalguacil est un espace unique o\u00f9 plus de 120 \u0153uvres sont dispers\u00e9es dans ses rues. Des fresques sur les murs, sculptures, affiches\" \/>\n<meta property=\"og:url\" content=\"https:\/\/www.welex.es\/fr\/visite-de-genalguacil-le-seul-village-musee-du-monde\/\" \/>\n<meta property=\"og:site_name\" content=\"Welex\" \/>\n<meta property=\"article:publisher\" content=\"https:\/\/www.facebook.com\/WelexLawyersAccountants\/\" \/>\n<meta property=\"article:published_time\" content=\"2018-01-22T08:00:27+00:00\" \/>\n<meta property=\"article:modified_time\" content=\"2025-09-09T07:19:05+00:00\" \/>\n<meta property=\"og:image\" content=\"https:\/\/www.welex.es\/wp-content\/uploads\/2018\/01\/genuaguacil-fuente.png\" \/>\n\t<meta property=\"og:image:width\" content=\"600\" \/>\n\t<meta property=\"og:image:height\" content=\"402\" \/>\n\t<meta property=\"og:image:type\" content=\"image\/png\" \/>\n<meta name=\"author\" content=\"Welex Lawyers Accountants Wim\" \/>\n<meta name=\"twitter:card\" content=\"summary_large_image\" \/>\n<meta name=\"twitter:label1\" content=\"\u00c9crit par\" \/>\n\t<meta name=\"twitter:data1\" content=\"Welex Lawyers Accountants Wim\" \/>\n\t<meta name=\"twitter:label2\" content=\"Dur\u00e9e de lecture estim\u00e9e\" \/>\n\t<meta name=\"twitter:data2\" content=\"2 minutes\" \/>\n<script type=\"application\/ld+json\" class=\"yoast-schema-graph\">{\"@context\":\"https:\\\/\\\/schema.org\",\"@graph\":[{\"@type\":\"Article\",\"@id\":\"https:\\\/\\\/www.welex.es\\\/fr\\\/visite-de-genalguacil-le-seul-village-musee-du-monde\\\/#article\",\"isPartOf\":{\"@id\":\"https:\\\/\\\/www.welex.es\\\/fr\\\/visite-de-genalguacil-le-seul-village-musee-du-monde\\\/\"},\"author\":{\"name\":\"Welex Lawyers Accountants Wim\",\"@id\":\"https:\\\/\\\/www.welex.es\\\/fr\\\/#\\\/schema\\\/person\\\/fe98500e4b874772cfdbd1417c913f57\"},\"headline\":\"Visite de Genalguacil, le seul village-mus\u00e9e du monde\",\"datePublished\":\"2018-01-22T08:00:27+00:00\",\"dateModified\":\"2025-09-09T07:19:05+00:00\",\"mainEntityOfPage\":{\"@id\":\"https:\\\/\\\/www.welex.es\\\/fr\\\/visite-de-genalguacil-le-seul-village-musee-du-monde\\\/\"},\"wordCount\":506,\"publisher\":{\"@id\":\"https:\\\/\\\/www.welex.es\\\/#organization\"},\"image\":{\"@id\":\"https:\\\/\\\/www.welex.es\\\/fr\\\/visite-de-genalguacil-le-seul-village-musee-du-monde\\\/#primaryimage\"},\"thumbnailUrl\":\"https:\\\/\\\/www.welex.es\\\/wp-content\\\/uploads\\\/2018\\\/01\\\/genuaguacil-fuente.png\",\"keywords\":[\"comptables \u00e0 Genalguacil\",\"Conseillers fiscaux \u00e0 Genalguacil\",\"Economistes Genalguacil\",\"Imp\u00f4t sur les successions \u00e0 Genalguacil\",\"Sp\u00e9cialistes en mati\u00e8re d\u2019h\u00e9ritages \u00e0 Genalguacil\",\"Testaments \u00e0 Genalguacil\",\"avocat \u00e0 Genalguacil\",\"avocats \u00e0 Genalguacil\",\"cabinet d\u2019avocats \u00e0 Genalguacil\"],\"articleSection\":[\"Tourisme et culture en Espagne\"],\"inLanguage\":\"fr-FR\"},{\"@type\":\"WebPage\",\"@id\":\"https:\\\/\\\/www.welex.es\\\/fr\\\/visite-de-genalguacil-le-seul-village-musee-du-monde\\\/\",\"url\":\"https:\\\/\\\/www.welex.es\\\/fr\\\/visite-de-genalguacil-le-seul-village-musee-du-monde\\\/\",\"name\":\"Visite de Genalguacil, le seul village-mus\u00e9e du monde - Welex\",\"isPartOf\":{\"@id\":\"https:\\\/\\\/www.welex.es\\\/fr\\\/#website\"},\"primaryImageOfPage\":{\"@id\":\"https:\\\/\\\/www.welex.es\\\/fr\\\/visite-de-genalguacil-le-seul-village-musee-du-monde\\\/#primaryimage\"},\"image\":{\"@id\":\"https:\\\/\\\/www.welex.es\\\/fr\\\/visite-de-genalguacil-le-seul-village-musee-du-monde\\\/#primaryimage\"},\"thumbnailUrl\":\"https:\\\/\\\/www.welex.es\\\/wp-content\\\/uploads\\\/2018\\\/01\\\/genuaguacil-fuente.png\",\"datePublished\":\"2018-01-22T08:00:27+00:00\",\"dateModified\":\"2025-09-09T07:19:05+00:00\",\"description\":\"Genalguacil est un espace unique o\u00f9 plus de 120 \u0153uvres sont dispers\u00e9es dans ses rues. Des fresques sur les murs, sculptures, affiches\",\"breadcrumb\":{\"@id\":\"https:\\\/\\\/www.welex.es\\\/fr\\\/visite-de-genalguacil-le-seul-village-musee-du-monde\\\/#breadcrumb\"},\"inLanguage\":\"fr-FR\",\"potentialAction\":[{\"@type\":\"ReadAction\",\"target\":[\"https:\\\/\\\/www.welex.es\\\/fr\\\/visite-de-genalguacil-le-seul-village-musee-du-monde\\\/\"]}]},{\"@type\":\"ImageObject\",\"inLanguage\":\"fr-FR\",\"@id\":\"https:\\\/\\\/www.welex.es\\\/fr\\\/visite-de-genalguacil-le-seul-village-musee-du-monde\\\/#primaryimage\",\"url\":\"https:\\\/\\\/www.welex.es\\\/wp-content\\\/uploads\\\/2018\\\/01\\\/genuaguacil-fuente.png\",\"contentUrl\":\"https:\\\/\\\/www.welex.es\\\/wp-content\\\/uploads\\\/2018\\\/01\\\/genuaguacil-fuente.png\",\"width\":600,\"height\":402,\"caption\":\"genuaguacil fuente\"},{\"@type\":\"BreadcrumbList\",\"@id\":\"https:\\\/\\\/www.welex.es\\\/fr\\\/visite-de-genalguacil-le-seul-village-musee-du-monde\\\/#breadcrumb\",\"itemListElement\":[{\"@type\":\"ListItem\",\"position\":1,\"name\":\"Home\",\"item\":\"https:\\\/\\\/www.welex.es\\\/fr\\\/\"},{\"@type\":\"ListItem\",\"position\":2,\"name\":\"Visite de Genalguacil, le seul village-mus\u00e9e du monde\"}]},{\"@type\":\"WebSite\",\"@id\":\"https:\\\/\\\/www.welex.es\\\/fr\\\/#website\",\"url\":\"https:\\\/\\\/www.welex.es\\\/fr\\\/\",\"name\":\"Welex\",\"description\":\"\",\"publisher\":{\"@id\":\"https:\\\/\\\/www.welex.es\\\/#organization\"},\"potentialAction\":[{\"@type\":\"SearchAction\",\"target\":{\"@type\":\"EntryPoint\",\"urlTemplate\":\"https:\\\/\\\/www.welex.es\\\/fr\\\/?s={search_term_string}\"},\"query-input\":{\"@type\":\"PropertyValueSpecification\",\"valueRequired\":true,\"valueName\":\"search_term_string\"}}],\"inLanguage\":\"fr-FR\"},{\"@type\":[\"Organization\",\"LegalService\"],\"@id\":\"https:\\\/\\\/www.welex.es\\\/#organization\",\"name\":\"Welex\",\"url\":\"https:\\\/\\\/www.welex.es\\\/\",\"logo\":{\"@type\":\"ImageObject\",\"inLanguage\":\"fr-FR\",\"@id\":\"https:\\\/\\\/www.welex.es\\\/#\\\/schema\\\/logo\\\/image\\\/\",\"url\":\"https:\\\/\\\/www.welex.es\\\/wp-content\\\/uploads\\\/2025\\\/05\\\/LOGOWELEXCORRECTO.png\",\"contentUrl\":\"https:\\\/\\\/www.welex.es\\\/wp-content\\\/uploads\\\/2025\\\/05\\\/LOGOWELEXCORRECTO.png\",\"width\":2147,\"height\":771,\"caption\":\"Welex\"},\"image\":{\"@id\":\"https:\\\/\\\/www.welex.es\\\/#\\\/schema\\\/logo\\\/image\\\/\"},\"sameAs\":[\"https:\\\/\\\/www.facebook.com\\\/WelexLawyersAccountants\\\/\",\"https:\\\/\\\/www.linkedin.com\\\/company\\\/welex\\\/\",\"https:\\\/\\\/www.instagram.com\\\/welex.lawyers\\\/\",\"https:\\\/\\\/www.tiktok.com\\\/@welex_lawyers_marbella\",\"https:\\\/\\\/lawyerscostadelsol.com\\\/\",\"https:\\\/\\\/www.accountant-spain.com\\\/\",\"https:\\\/\\\/welex-solicitors.com\\\/\"],\"description\":\"Law firm in Marbella providing legal, tax, labour and accounting advice to individuals and companies in Spain, with over 20 years of experience.\",\"email\":\"info@welex.es\",\"telephone\":\"+34952775521\",\"legalName\":\"Tr\u00e1mites Costa, S.L.\",\"numberOfEmployees\":{\"@type\":\"QuantitativeValue\",\"minValue\":\"11\",\"maxValue\":\"50\"},\"address\":{\"@type\":\"PostalAddress\",\"streetAddress\":\"Calle Ram\u00f3n G\u00f3mez de la Serna 23, Local 7\",\"addressLocality\":\"Marbella\",\"addressRegion\":\"M\u00e1laga\",\"postalCode\":\"29602\",\"addressCountry\":\"ES\"},\"geo\":{\"@type\":\"GeoCoordinates\",\"latitude\":36.5095366,\"longitude\":-4.8985745},\"hasMap\":\"https:\\\/\\\/www.google.com\\\/maps\\\/search\\\/?api=1&query=Welex+Marbella\",\"openingHoursSpecification\":[{\"@type\":\"OpeningHoursSpecification\",\"dayOfWeek\":[\"Monday\",\"Tuesday\",\"Wednesday\",\"Thursday\"],\"opens\":\"08:30\",\"closes\":\"17:00\"},{\"@type\":\"OpeningHoursSpecification\",\"dayOfWeek\":\"Friday\",\"opens\":\"08:30\",\"closes\":\"14:30\"}],\"areaServed\":[{\"@type\":\"Country\",\"name\":\"Spain\"},{\"@type\":\"AdministrativeArea\",\"name\":\"Costa del Sol\"},{\"@type\":\"City\",\"name\":\"Marbella\"}],\"knowsLanguage\":[\"es\",\"en\",\"nl\",\"fr\"],\"currenciesAccepted\":\"EUR\",\"priceRange\":\"$$\",\"slogan\":\"S\u00e9curit\u00e9 juridique. Clart\u00e9 fiscale. Conseil de confiance.\",\"contactPoint\":[{\"@type\":\"ContactPoint\",\"telephone\":\"+34952775521\",\"email\":\"info@welex.es\",\"contactType\":\"customer service\",\"availableLanguage\":[\"English\",\"Spanish\",\"Dutch\",\"French\"],\"areaServed\":\"ES\"}],\"hasOfferCatalog\":{\"@type\":\"OfferCatalog\",\"name\":\"Services juridiques, fiscaux et comptables en Espagne\",\"itemListElement\":[{\"@type\":\"Offer\",\"itemOffered\":{\"@type\":\"Service\",\"name\":\"Avocats sp\u00e9cialis\u00e9s en immobilier \u00e0 Marbella : Achat et vente de biens en Espagne\",\"url\":\"https:\\\/\\\/www.welex.es\\\/fr\\\/service\\\/conseil-dans-lacquisition-et-la-vente-de-biens-immobiliers\\\/\"}},{\"@type\":\"Offer\",\"itemOffered\":{\"@type\":\"Service\",\"name\":\"Avocats en testaments et successions \u00e0 Marbella\",\"url\":\"https:\\\/\\\/www.welex.es\\\/fr\\\/service\\\/testaments-et-heritage\\\/\"}},{\"@type\":\"Offer\",\"itemOffered\":{\"@type\":\"Service\",\"name\":\"Droit des soci\u00e9t\u00e9s en Espagne\",\"url\":\"https:\\\/\\\/www.welex.es\\\/fr\\\/service\\\/enterprises-et-societe\\\/\"}},{\"@type\":\"Offer\",\"itemOffered\":{\"@type\":\"Service\",\"name\":\"Conseils en droit du travail en Espagne\",\"url\":\"https:\\\/\\\/www.welex.es\\\/fr\\\/service\\\/conseil-du-travail\\\/\"}},{\"@type\":\"Offer\",\"itemOffered\":{\"@type\":\"Service\",\"name\":\"Contentieux en Espagne\",\"url\":\"https:\\\/\\\/www.welex.es\\\/fr\\\/service\\\/droit-procedural\\\/\"}},{\"@type\":\"Offer\",\"itemOffered\":{\"@type\":\"Service\",\"name\":\"Imp\u00f4t sur le revenu et imp\u00f4t sur la fortune en Espagne\",\"url\":\"https:\\\/\\\/www.welex.es\\\/fr\\\/service\\\/acquisition-de-bien-immobilier-par-une-personne-physique-non-residentes-en-espagne\\\/\"}},{\"@type\":\"Offer\",\"itemOffered\":{\"@type\":\"Service\",\"name\":\"Obligations fiscales d\u2019une soci\u00e9t\u00e9 \u00e0 responsabilit\u00e9 limit\u00e9e (SARL)\",\"url\":\"https:\\\/\\\/www.welex.es\\\/fr\\\/service\\\/obligations-fiscales-dune-societe-limitee\\\/\"}},{\"@type\":\"Offer\",\"itemOffered\":{\"@type\":\"Service\",\"name\":\"Obligations commerciales d\u2019une soci\u00e9t\u00e9 \u00e0 responsabilit\u00e9 limit\u00e9e (SL)\",\"url\":\"https:\\\/\\\/www.welex.es\\\/fr\\\/service\\\/mercantile-obligations-of-a-sl-company\\\/\"}},{\"@type\":\"Offer\",\"itemOffered\":{\"@type\":\"Service\",\"name\":\"R\u00e9vision des \u00e9tats financiers et comptables espagnols\",\"url\":\"https:\\\/\\\/www.welex.es\\\/fr\\\/service\\\/revision-des-etats-financiers-comptables\\\/\"}},{\"@type\":\"Offer\",\"itemOffered\":{\"@type\":\"Service\",\"name\":\"Points fiscaux\",\"url\":\"https:\\\/\\\/www.welex.es\\\/fr\\\/service\\\/impot\\\/\"}},{\"@type\":\"Offer\",\"itemOffered\":{\"@type\":\"Service\",\"name\":\"Formalit\u00e9s\",\"url\":\"https:\\\/\\\/www.welex.es\\\/fr\\\/service\\\/formalities\\\/\"}}]}},{\"@type\":\"Person\",\"@id\":\"https:\\\/\\\/www.welex.es\\\/fr\\\/#\\\/schema\\\/person\\\/fe98500e4b874772cfdbd1417c913f57\",\"name\":\"Welex Lawyers Accountants Wim\",\"image\":{\"@type\":\"ImageObject\",\"inLanguage\":\"fr-FR\",\"@id\":\"https:\\\/\\\/secure.gravatar.com\\\/avatar\\\/?s=96&d=mm&r=g\",\"url\":\"https:\\\/\\\/secure.gravatar.com\\\/avatar\\\/?s=96&d=mm&r=g\",\"contentUrl\":\"https:\\\/\\\/secure.gravatar.com\\\/avatar\\\/?s=96&d=mm&r=g\",\"caption\":\"Welex Lawyers Accountants Wim\"}}]}<\/script>\n<!-- \/ Yoast SEO Premium plugin. -->","yoast_head_json":{"title":"Visite de Genalguacil, le seul village-mus\u00e9e du monde - Welex","description":"Genalguacil est un espace unique o\u00f9 plus de 120 \u0153uvres sont dispers\u00e9es dans ses rues. Des fresques sur les murs, sculptures, affiches","robots":{"index":"index","follow":"follow","max-snippet":"max-snippet:-1","max-image-preview":"max-image-preview:large","max-video-preview":"max-video-preview:-1"},"canonical":"https:\/\/www.welex.es\/fr\/visite-de-genalguacil-le-seul-village-musee-du-monde\/","og_locale":"fr_FR","og_type":"article","og_title":"Visite de Genalguacil, le seul village-mus\u00e9e du monde","og_description":"Genalguacil est un espace unique o\u00f9 plus de 120 \u0153uvres sont dispers\u00e9es dans ses rues. Des fresques sur les murs, sculptures, affiches","og_url":"https:\/\/www.welex.es\/fr\/visite-de-genalguacil-le-seul-village-musee-du-monde\/","og_site_name":"Welex","article_publisher":"https:\/\/www.facebook.com\/WelexLawyersAccountants\/","article_published_time":"2018-01-22T08:00:27+00:00","article_modified_time":"2025-09-09T07:19:05+00:00","og_image":[{"width":600,"height":402,"url":"https:\/\/www.welex.es\/wp-content\/uploads\/2018\/01\/genuaguacil-fuente.png","type":"image\/png"}],"author":"Welex Lawyers Accountants Wim","twitter_card":"summary_large_image","twitter_misc":{"\u00c9crit par":"Welex Lawyers Accountants Wim","Dur\u00e9e de lecture estim\u00e9e":"2 minutes"},"schema":{"@context":"https:\/\/schema.org","@graph":[{"@type":"Article","@id":"https:\/\/www.welex.es\/fr\/visite-de-genalguacil-le-seul-village-musee-du-monde\/#article","isPartOf":{"@id":"https:\/\/www.welex.es\/fr\/visite-de-genalguacil-le-seul-village-musee-du-monde\/"},"author":{"name":"Welex Lawyers Accountants Wim","@id":"https:\/\/www.welex.es\/fr\/#\/schema\/person\/fe98500e4b874772cfdbd1417c913f57"},"headline":"Visite de Genalguacil, le seul village-mus\u00e9e du monde","datePublished":"2018-01-22T08:00:27+00:00","dateModified":"2025-09-09T07:19:05+00:00","mainEntityOfPage":{"@id":"https:\/\/www.welex.es\/fr\/visite-de-genalguacil-le-seul-village-musee-du-monde\/"},"wordCount":506,"publisher":{"@id":"https:\/\/www.welex.es\/#organization"},"image":{"@id":"https:\/\/www.welex.es\/fr\/visite-de-genalguacil-le-seul-village-musee-du-monde\/#primaryimage"},"thumbnailUrl":"https:\/\/www.welex.es\/wp-content\/uploads\/2018\/01\/genuaguacil-fuente.png","keywords":["comptables \u00e0 Genalguacil","Conseillers fiscaux \u00e0 Genalguacil","Economistes Genalguacil","Imp\u00f4t sur les successions \u00e0 Genalguacil","Sp\u00e9cialistes en mati\u00e8re d\u2019h\u00e9ritages \u00e0 Genalguacil","Testaments \u00e0 Genalguacil","avocat \u00e0 Genalguacil","avocats \u00e0 Genalguacil","cabinet d\u2019avocats \u00e0 Genalguacil"],"articleSection":["Tourisme et culture en Espagne"],"inLanguage":"fr-FR"},{"@type":"WebPage","@id":"https:\/\/www.welex.es\/fr\/visite-de-genalguacil-le-seul-village-musee-du-monde\/","url":"https:\/\/www.welex.es\/fr\/visite-de-genalguacil-le-seul-village-musee-du-monde\/","name":"Visite de Genalguacil, le seul village-mus\u00e9e du monde - Welex","isPartOf":{"@id":"https:\/\/www.welex.es\/fr\/#website"},"primaryImageOfPage":{"@id":"https:\/\/www.welex.es\/fr\/visite-de-genalguacil-le-seul-village-musee-du-monde\/#primaryimage"},"image":{"@id":"https:\/\/www.welex.es\/fr\/visite-de-genalguacil-le-seul-village-musee-du-monde\/#primaryimage"},"thumbnailUrl":"https:\/\/www.welex.es\/wp-content\/uploads\/2018\/01\/genuaguacil-fuente.png","datePublished":"2018-01-22T08:00:27+00:00","dateModified":"2025-09-09T07:19:05+00:00","description":"Genalguacil est un espace unique o\u00f9 plus de 120 \u0153uvres sont dispers\u00e9es dans ses rues. Des fresques sur les murs, sculptures, affiches","breadcrumb":{"@id":"https:\/\/www.welex.es\/fr\/visite-de-genalguacil-le-seul-village-musee-du-monde\/#breadcrumb"},"inLanguage":"fr-FR","potentialAction":[{"@type":"ReadAction","target":["https:\/\/www.welex.es\/fr\/visite-de-genalguacil-le-seul-village-musee-du-monde\/"]}]},{"@type":"ImageObject","inLanguage":"fr-FR","@id":"https:\/\/www.welex.es\/fr\/visite-de-genalguacil-le-seul-village-musee-du-monde\/#primaryimage","url":"https:\/\/www.welex.es\/wp-content\/uploads\/2018\/01\/genuaguacil-fuente.png","contentUrl":"https:\/\/www.welex.es\/wp-content\/uploads\/2018\/01\/genuaguacil-fuente.png","width":600,"height":402,"caption":"genuaguacil fuente"},{"@type":"BreadcrumbList","@id":"https:\/\/www.welex.es\/fr\/visite-de-genalguacil-le-seul-village-musee-du-monde\/#breadcrumb","itemListElement":[{"@type":"ListItem","position":1,"name":"Home","item":"https:\/\/www.welex.es\/fr\/"},{"@type":"ListItem","position":2,"name":"Visite de Genalguacil, le seul village-mus\u00e9e du monde"}]},{"@type":"WebSite","@id":"https:\/\/www.welex.es\/fr\/#website","url":"https:\/\/www.welex.es\/fr\/","name":"Welex","description":"","publisher":{"@id":"https:\/\/www.welex.es\/#organization"},"potentialAction":[{"@type":"SearchAction","target":{"@type":"EntryPoint","urlTemplate":"https:\/\/www.welex.es\/fr\/?s={search_term_string}"},"query-input":{"@type":"PropertyValueSpecification","valueRequired":true,"valueName":"search_term_string"}}],"inLanguage":"fr-FR"},{"@type":["Organization","LegalService"],"@id":"https:\/\/www.welex.es\/#organization","name":"Welex","url":"https:\/\/www.welex.es\/","logo":{"@type":"ImageObject","inLanguage":"fr-FR","@id":"https:\/\/www.welex.es\/#\/schema\/logo\/image\/","url":"https:\/\/www.welex.es\/wp-content\/uploads\/2025\/05\/LOGOWELEXCORRECTO.png","contentUrl":"https:\/\/www.welex.es\/wp-content\/uploads\/2025\/05\/LOGOWELEXCORRECTO.png","width":2147,"height":771,"caption":"Welex"},"image":{"@id":"https:\/\/www.welex.es\/#\/schema\/logo\/image\/"},"sameAs":["https:\/\/www.facebook.com\/WelexLawyersAccountants\/","https:\/\/www.linkedin.com\/company\/welex\/","https:\/\/www.instagram.com\/welex.lawyers\/","https:\/\/www.tiktok.com\/@welex_lawyers_marbella","https:\/\/lawyerscostadelsol.com\/","https:\/\/www.accountant-spain.com\/","https:\/\/welex-solicitors.com\/"],"description":"Law firm in Marbella providing legal, tax, labour and accounting advice to individuals and companies in Spain, with over 20 years of experience.","email":"info@welex.es","telephone":"+34952775521","legalName":"Tr\u00e1mites Costa, S.L.","numberOfEmployees":{"@type":"QuantitativeValue","minValue":"11","maxValue":"50"},"address":{"@type":"PostalAddress","streetAddress":"Calle Ram\u00f3n G\u00f3mez de la Serna 23, Local 7","addressLocality":"Marbella","addressRegion":"M\u00e1laga","postalCode":"29602","addressCountry":"ES"},"geo":{"@type":"GeoCoordinates","latitude":36.5095366,"longitude":-4.8985745},"hasMap":"https:\/\/www.google.com\/maps\/search\/?api=1&query=Welex+Marbella","openingHoursSpecification":[{"@type":"OpeningHoursSpecification","dayOfWeek":["Monday","Tuesday","Wednesday","Thursday"],"opens":"08:30","closes":"17:00"},{"@type":"OpeningHoursSpecification","dayOfWeek":"Friday","opens":"08:30","closes":"14:30"}],"areaServed":[{"@type":"Country","name":"Spain"},{"@type":"AdministrativeArea","name":"Costa del Sol"},{"@type":"City","name":"Marbella"}],"knowsLanguage":["es","en","nl","fr"],"currenciesAccepted":"EUR","priceRange":"$$","slogan":"S\u00e9curit\u00e9 juridique. Clart\u00e9 fiscale. Conseil de confiance.","contactPoint":[{"@type":"ContactPoint","telephone":"+34952775521","email":"info@welex.es","contactType":"customer service","availableLanguage":["English","Spanish","Dutch","French"],"areaServed":"ES"}],"hasOfferCatalog":{"@type":"OfferCatalog","name":"Services juridiques, fiscaux et comptables en Espagne","itemListElement":[{"@type":"Offer","itemOffered":{"@type":"Service","name":"Avocats sp\u00e9cialis\u00e9s en immobilier \u00e0 Marbella : Achat et vente de biens en Espagne","url":"https:\/\/www.welex.es\/fr\/service\/conseil-dans-lacquisition-et-la-vente-de-biens-immobiliers\/"}},{"@type":"Offer","itemOffered":{"@type":"Service","name":"Avocats en testaments et successions \u00e0 Marbella","url":"https:\/\/www.welex.es\/fr\/service\/testaments-et-heritage\/"}},{"@type":"Offer","itemOffered":{"@type":"Service","name":"Droit des soci\u00e9t\u00e9s en Espagne","url":"https:\/\/www.welex.es\/fr\/service\/enterprises-et-societe\/"}},{"@type":"Offer","itemOffered":{"@type":"Service","name":"Conseils en droit du travail en Espagne","url":"https:\/\/www.welex.es\/fr\/service\/conseil-du-travail\/"}},{"@type":"Offer","itemOffered":{"@type":"Service","name":"Contentieux en Espagne","url":"https:\/\/www.welex.es\/fr\/service\/droit-procedural\/"}},{"@type":"Offer","itemOffered":{"@type":"Service","name":"Imp\u00f4t sur le revenu et imp\u00f4t sur la fortune en Espagne","url":"https:\/\/www.welex.es\/fr\/service\/acquisition-de-bien-immobilier-par-une-personne-physique-non-residentes-en-espagne\/"}},{"@type":"Offer","itemOffered":{"@type":"Service","name":"Obligations fiscales d\u2019une soci\u00e9t\u00e9 \u00e0 responsabilit\u00e9 limit\u00e9e (SARL)","url":"https:\/\/www.welex.es\/fr\/service\/obligations-fiscales-dune-societe-limitee\/"}},{"@type":"Offer","itemOffered":{"@type":"Service","name":"Obligations commerciales d\u2019une soci\u00e9t\u00e9 \u00e0 responsabilit\u00e9 limit\u00e9e (SL)","url":"https:\/\/www.welex.es\/fr\/service\/mercantile-obligations-of-a-sl-company\/"}},{"@type":"Offer","itemOffered":{"@type":"Service","name":"R\u00e9vision des \u00e9tats financiers et comptables espagnols","url":"https:\/\/www.welex.es\/fr\/service\/revision-des-etats-financiers-comptables\/"}},{"@type":"Offer","itemOffered":{"@type":"Service","name":"Points fiscaux","url":"https:\/\/www.welex.es\/fr\/service\/impot\/"}},{"@type":"Offer","itemOffered":{"@type":"Service","name":"Formalit\u00e9s","url":"https:\/\/www.welex.es\/fr\/service\/formalities\/"}}]}},{"@type":"Person","@id":"https:\/\/www.welex.es\/fr\/#\/schema\/person\/fe98500e4b874772cfdbd1417c913f57","name":"Welex Lawyers Accountants Wim","image":{"@type":"ImageObject","inLanguage":"fr-FR","@id":"https:\/\/secure.gravatar.com\/avatar\/?s=96&d=mm&r=g","url":"https:\/\/secure.gravatar.com\/avatar\/?s=96&d=mm&r=g","contentUrl":"https:\/\/secure.gravatar.com\/avatar\/?s=96&d=mm&r=g","caption":"Welex Lawyers Accountants Wim"}}]}},"_links":{"self":[{"href":"https:\/\/www.welex.es\/fr\/wp-json\/wp\/v2\/posts\/10872","targetHints":{"allow":["GET"]}}],"collection":[{"href":"https:\/\/www.welex.es\/fr\/wp-json\/wp\/v2\/posts"}],"about":[{"href":"https:\/\/www.welex.es\/fr\/wp-json\/wp\/v2\/types\/post"}],"author":[{"embeddable":true,"href":"https:\/\/www.welex.es\/fr\/wp-json\/wp\/v2\/users\/4"}],"replies":[{"embeddable":true,"href":"https:\/\/www.welex.es\/fr\/wp-json\/wp\/v2\/comments?post=10872"}],"version-history":[{"count":0,"href":"https:\/\/www.welex.es\/fr\/wp-json\/wp\/v2\/posts\/10872\/revisions"}],"wp:featuredmedia":[{"embeddable":true,"href":"https:\/\/www.welex.es\/fr\/wp-json\/wp\/v2\/media\/10853"}],"wp:attachment":[{"href":"https:\/\/www.welex.es\/fr\/wp-json\/wp\/v2\/media?parent=10872"}],"wp:term":[{"taxonomy":"category","embeddable":true,"href":"https:\/\/www.welex.es\/fr\/wp-json\/wp\/v2\/categories?post=10872"},{"taxonomy":"post_tag","embeddable":true,"href":"https:\/\/www.welex.es\/fr\/wp-json\/wp\/v2\/tags?post=10872"}],"curies":[{"name":"wp","href":"https:\/\/api.w.org\/{rel}","templated":true}]}}