{"id":10917,"date":"2017-09-08T08:00:38","date_gmt":"2017-09-08T08:00:38","guid":{"rendered":"https:\/\/www.welex.es\/?p=10917\/"},"modified":"2025-09-09T07:30:49","modified_gmt":"2025-09-09T07:30:49","slug":"festival-des-vendanges-de-mollina","status":"publish","type":"post","link":"https:\/\/www.welex.es\/fr\/festival-des-vendanges-de-mollina\/","title":{"rendered":"Festival des vendanges de Mollina"},"content":{"rendered":"<p>La traditionnelle f\u00eate des vendanges a lieu chaque ann\u00e9e dans la localit\u00e9 de Mollina, \u00e0 M\u00e1laga. Une c\u00e9l\u00e9bration qui rend hommage au <img fetchpriority=\"high\" decoding=\"async\" class=\"alignright wp-image-10905 size-medium\" title=\"avocat \u00e0 Mollina \" src=\"https:\/\/www.welex.es\/wp-content\/uploads\/2018\/01\/VENDIMIA-UVA-300x231.png\" alt=\"law firm in Mollina\" width=\"300\" height=\"231\" \/>monde du vin et qui commence le deuxi\u00e8me week-end de septembre. Cette f\u00eate remonte 70 ans en arri\u00e8re, quand elle \u00e9tait c\u00e9l\u00e9br\u00e9e a l\u2019occasion de l\u2019\u00e9quinoxe, sous le nom de \u00ab\u00a0Foire du haut quartier\u00a0\u00bb.<\/p>\n<p>&nbsp;<\/p>\n<p>\u00c0 la suite de l\u2019impulsion soufferte par la culture de la vigne dans la terre, en 1987 la c\u00e9l\u00e9bration gagna en force et elle commen\u00e7a \u00e0 \u00eatre connue comme le festival des vendanges. Des milliers de personnes visitent chaque ann\u00e9e la localit\u00e9 pour profiter du bon vin, des d\u00e9gustations et d\u2019autres activit\u00e9s anim\u00e9s par des groupes de chant et de danse.<\/p>\n<p>&nbsp;<\/p>\n<p><img decoding=\"async\" class=\"alignleft wp-image-10907\" title=\"avocat \u00e0 Mollina \" src=\"https:\/\/www.welex.es\/wp-content\/uploads\/2018\/01\/VENDIMIA-LOGO-SABOR-MALAGA-300x225.png\" alt=\"avocat \u00e0 Mollina \" width=\"200\" height=\"150\" \/>D\u00e9nomm\u00e9e f\u00eate singuli\u00e8re touristique de la province, il s\u2019agit du moment id\u00e9al pour d\u00e9guster les vins avec la d\u00e9nomination d\u2019origine \u00ab\u00a0M\u00e1laga et Sierras de M\u00e1laga\u00a0\u00bb. Et c\u2019est que Mollina peut pr\u00e9sumer d\u2019\u00eatre la seule localit\u00e9 de la province qui produit plus de 80% du vin avec cette d\u00e9nomination d\u2019origine, en plus d\u2019\u00e9laborer leurs propres vins.<\/p>\n<p>&nbsp;<\/p>\n<p>&nbsp;<\/p>\n<p>La f\u00eate commence par le discours d\u2019ouverture, o\u00f9 des personnalit\u00e9s \u00e9minentes du monde de la culture ont \u00e9t\u00e9 les responsables de donner le coup d\u2019envoi de cet \u00e9v\u00e9nement, qui met en lumi\u00e8re le travail effectu\u00e9 par les hommes et les femmes qui travaillent sur ces terres et qui c\u00e9l\u00e8brent la vendange, apr\u00e8s toute une ann\u00e9e consacr\u00e9e \u00e0 celle-ci.<\/p>\n<p>&nbsp;<\/p>\n<p>En plus du discours d\u2019ouverture, il faut parler du concours de po\u00e9sie de Mollina, couleur de vin, des d\u00e9gustations de vins, balade urbaine \u00e0 v\u00e9lo avec des ornements d\u2019\u00e9poque allusifs aux vendanges, la course du ruban \u00e0 cheval, la \u00ab\u00a0feria de dia\u00a0\u00bb (f\u00eates pendant la journ\u00e9e) et les f\u00eates nocturnes.<\/p>\n<p>&nbsp;<\/p>\n<p>La c\u00e9l\u00e9bration comprend une s\u00e9rie d\u2019activit\u00e9s ludiques et r\u00e9cr\u00e9atives, parmi lesquelles une balade en v\u00e9lo dans les rues de Mollina, dans laquelle participe plus de 500 personnes de tous \u00e2ges. La particularit\u00e9 de cette activit\u00e9 est que tous les v\u00e9los sont d\u00e9cor\u00e9s d\u2019ornements allusifs \u00e0 la vigne (grappes, etc.). \u00c0 la fin, un prix est donn\u00e9 au plus original.<\/p>\n<p>&nbsp;<\/p>\n<p>Une autre attraction de ce festival est une exposition \u00e9questre, un festival populaire, des animations de rue et une \u00ab\u00a0feria de dia\u00a0\u00bb dans un environnement id\u00e9al pour d\u00e9guster un bon vin accompagn\u00e9 de la gastronomie traditionnelle de la r\u00e9gion et anim\u00e9 par des groupes de musiques r\u00e9gionales (rocieros et charangas).<\/p>\n<p><img decoding=\"async\" class=\"alignright wp-image-10906\" title=\"avocat \u00e0 Mollina\" src=\"https:\/\/www.welex.es\/wp-content\/uploads\/2018\/01\/VENDIMIA-VINO-300x200.png\" alt=\"law firm in Mollina\" width=\"341\" height=\"227\" \/><\/p>\n<p>Tous ceux qui assistent \u00e0 cet \u00e9v\u00e9nement peuvent profiter d\u2019une macro-d\u00e9gustation de vins, dans laquelle participent plus de 200 personnes chaque ann\u00e9e, ainsi qu\u2019\u00e0 un atelier de montage, un atelier des sens et un atelier d\u2019initiation \u00e0 la d\u00e9gustation.<\/p>\n<p>Si vous \u00eates un amant du vin, voici votre f\u00eate!<\/p>\n<p>&nbsp;<\/p>\n<p>&nbsp;<\/p>\n<p>&nbsp;<\/p>\n<p>Ce blog a \u00e9t\u00e9 publi\u00e9 par <a href=\"https:\/\/www.welex.es\/fr\/contact\/\">Welex, votre avocat et \u00e9conomiste \u00e0 Marbella<\/a>, M\u00e1laga.<\/p>\n<p>Chez \u00ab\u00a0Welex\u00a0\u00bb, nous fournissons des conseils juridiques, professionnels, fiscaux et comptables, afin d&rsquo;offrir une s\u00e9curit\u00e9 juridique \u00e0 nos clients, gr\u00e2ce \u00e0 notre exp\u00e9rience et notre professionnalisme. Nous sommes un <a href=\"https:\/\/www.welex.es\/fr\/el-despacho\/\">groupe d&rsquo;avocats, d&rsquo;\u00e9conomistes, de comptables et de dipl\u00f4m\u00e9s sociaux<\/a> pr\u00eats \u00e0 r\u00e9soudre vos doutes et d\u00e9fendre vos int\u00e9r\u00eats.<\/p>\n","protected":false},"excerpt":{"rendered":"<p>La traditionnelle f\u00eate des vendanges a lieu chaque ann\u00e9e dans la localit\u00e9 de Mollina, \u00e0 M\u00e1laga. Une c\u00e9l\u00e9bration qui rend hommage au monde du vin et qui commence le deuxi\u00e8me week-end de septembre. Cette f\u00eate remonte 70 ans en arri\u00e8re, quand elle \u00e9tait c\u00e9l\u00e9br\u00e9e a l\u2019occasion de l\u2019\u00e9quinoxe, sous le nom de \u00ab\u00a0Foire du haut [&hellip;]<\/p>\n","protected":false},"author":4,"featured_media":10905,"comment_status":"closed","ping_status":"closed","sticky":false,"template":"","format":"standard","meta":{"_acf_changed":false,"footnotes":""},"categories":[430],"tags":[3010,3011,3012,3013,3014,3015,3016,3017,3018],"class_list":["post-10917","post","type-post","status-publish","format-standard","has-post-thumbnail","hentry","category-tourisme-et-culture-en-espagne","tag-avocat-a-mollina","tag-avocats-a-mollina","tag-cabinet-davocats-a-mollina","tag-comptables-a-mollina","tag-conseillers-fiscaux-a-mollina","tag-droits-de-succession-a-mollina","tag-economistes-a-mollina","tag-specialistes-des-successions-a-mollina","tag-testaments-a-mollina"],"acf":[],"yoast_head":"<!-- This site is optimized with the Yoast SEO Premium plugin v27.9 (Yoast SEO v27.9) - https:\/\/yoast.com\/product\/yoast-seo-premium-wordpress\/ -->\n<title>Festival des vendanges de Mollina - Welex<\/title>\n<meta name=\"description\" content=\"Des milliers de personnes visitent chaque ann\u00e9e la localit\u00e9 pour profiter du bon vin, des d\u00e9gustations et activit\u00e9s anim\u00e9s de chant et de danse\" \/>\n<meta name=\"robots\" content=\"index, follow, max-snippet:-1, max-image-preview:large, max-video-preview:-1\" \/>\n<link rel=\"canonical\" href=\"https:\/\/www.welex.es\/fr\/festival-des-vendanges-de-mollina\/\" \/>\n<meta property=\"og:locale\" content=\"fr_FR\" \/>\n<meta property=\"og:type\" content=\"article\" \/>\n<meta property=\"og:title\" content=\"Festival des vendanges de Mollina\" \/>\n<meta property=\"og:description\" content=\"Des milliers de personnes visitent chaque ann\u00e9e la localit\u00e9 pour profiter du bon vin, des d\u00e9gustations et activit\u00e9s anim\u00e9s de chant et de danse\" \/>\n<meta property=\"og:url\" content=\"https:\/\/www.welex.es\/fr\/festival-des-vendanges-de-mollina\/\" \/>\n<meta property=\"og:site_name\" content=\"Welex\" \/>\n<meta property=\"article:publisher\" content=\"https:\/\/www.facebook.com\/WelexLawyersAccountants\/\" \/>\n<meta property=\"article:published_time\" content=\"2017-09-08T08:00:38+00:00\" \/>\n<meta property=\"article:modified_time\" content=\"2025-09-09T07:30:49+00:00\" \/>\n<meta property=\"og:image\" content=\"https:\/\/www.welex.es\/wp-content\/uploads\/2018\/01\/VENDIMIA-UVA.png\" \/>\n\t<meta property=\"og:image:width\" content=\"600\" \/>\n\t<meta property=\"og:image:height\" content=\"462\" \/>\n\t<meta property=\"og:image:type\" content=\"image\/png\" \/>\n<meta name=\"author\" content=\"Welex Lawyers Accountants Wim\" \/>\n<meta name=\"twitter:card\" content=\"summary_large_image\" \/>\n<meta name=\"twitter:label1\" content=\"\u00c9crit par\" \/>\n\t<meta name=\"twitter:data1\" content=\"Welex Lawyers Accountants Wim\" \/>\n\t<meta name=\"twitter:label2\" content=\"Dur\u00e9e de lecture estim\u00e9e\" \/>\n\t<meta name=\"twitter:data2\" content=\"3 minutes\" \/>\n<script type=\"application\/ld+json\" class=\"yoast-schema-graph\">{\"@context\":\"https:\\\/\\\/schema.org\",\"@graph\":[{\"@type\":\"Article\",\"@id\":\"https:\\\/\\\/www.welex.es\\\/fr\\\/festival-des-vendanges-de-mollina\\\/#article\",\"isPartOf\":{\"@id\":\"https:\\\/\\\/www.welex.es\\\/fr\\\/festival-des-vendanges-de-mollina\\\/\"},\"author\":{\"name\":\"Welex Lawyers Accountants Wim\",\"@id\":\"https:\\\/\\\/www.welex.es\\\/fr\\\/#\\\/schema\\\/person\\\/fe98500e4b874772cfdbd1417c913f57\"},\"headline\":\"Festival des vendanges de Mollina\",\"datePublished\":\"2017-09-08T08:00:38+00:00\",\"dateModified\":\"2025-09-09T07:30:49+00:00\",\"mainEntityOfPage\":{\"@id\":\"https:\\\/\\\/www.welex.es\\\/fr\\\/festival-des-vendanges-de-mollina\\\/\"},\"wordCount\":590,\"publisher\":{\"@id\":\"https:\\\/\\\/www.welex.es\\\/#organization\"},\"image\":{\"@id\":\"https:\\\/\\\/www.welex.es\\\/fr\\\/festival-des-vendanges-de-mollina\\\/#primaryimage\"},\"thumbnailUrl\":\"https:\\\/\\\/www.welex.es\\\/wp-content\\\/uploads\\\/2018\\\/01\\\/VENDIMIA-UVA.png\",\"keywords\":[\"avocat \u00e0 Mollina\",\"avocats \u00e0 Mollina\",\"cabinet d'avocats \u00e0 Mollina\",\"comptables \u00e0 Mollina\",\"conseillers fiscaux \u00e0 Mollina\",\"droits de succession \u00e0 Mollina\",\"\u00e9conomistes \u00e0 Mollina\",\"sp\u00e9cialistes des successions \u00e0 Mollina\",\"testaments \u00e0 Mollina\"],\"articleSection\":[\"Tourisme et culture en Espagne\"],\"inLanguage\":\"fr-FR\"},{\"@type\":\"WebPage\",\"@id\":\"https:\\\/\\\/www.welex.es\\\/fr\\\/festival-des-vendanges-de-mollina\\\/\",\"url\":\"https:\\\/\\\/www.welex.es\\\/fr\\\/festival-des-vendanges-de-mollina\\\/\",\"name\":\"Festival des vendanges de Mollina - Welex\",\"isPartOf\":{\"@id\":\"https:\\\/\\\/www.welex.es\\\/fr\\\/#website\"},\"primaryImageOfPage\":{\"@id\":\"https:\\\/\\\/www.welex.es\\\/fr\\\/festival-des-vendanges-de-mollina\\\/#primaryimage\"},\"image\":{\"@id\":\"https:\\\/\\\/www.welex.es\\\/fr\\\/festival-des-vendanges-de-mollina\\\/#primaryimage\"},\"thumbnailUrl\":\"https:\\\/\\\/www.welex.es\\\/wp-content\\\/uploads\\\/2018\\\/01\\\/VENDIMIA-UVA.png\",\"datePublished\":\"2017-09-08T08:00:38+00:00\",\"dateModified\":\"2025-09-09T07:30:49+00:00\",\"description\":\"Des milliers de personnes visitent chaque ann\u00e9e la localit\u00e9 pour profiter du bon vin, des d\u00e9gustations et activit\u00e9s anim\u00e9s de chant et de danse\",\"breadcrumb\":{\"@id\":\"https:\\\/\\\/www.welex.es\\\/fr\\\/festival-des-vendanges-de-mollina\\\/#breadcrumb\"},\"inLanguage\":\"fr-FR\",\"potentialAction\":[{\"@type\":\"ReadAction\",\"target\":[\"https:\\\/\\\/www.welex.es\\\/fr\\\/festival-des-vendanges-de-mollina\\\/\"]}]},{\"@type\":\"ImageObject\",\"inLanguage\":\"fr-FR\",\"@id\":\"https:\\\/\\\/www.welex.es\\\/fr\\\/festival-des-vendanges-de-mollina\\\/#primaryimage\",\"url\":\"https:\\\/\\\/www.welex.es\\\/wp-content\\\/uploads\\\/2018\\\/01\\\/VENDIMIA-UVA.png\",\"contentUrl\":\"https:\\\/\\\/www.welex.es\\\/wp-content\\\/uploads\\\/2018\\\/01\\\/VENDIMIA-UVA.png\",\"width\":600,\"height\":462,\"caption\":\"VENDIMIA UVA\"},{\"@type\":\"BreadcrumbList\",\"@id\":\"https:\\\/\\\/www.welex.es\\\/fr\\\/festival-des-vendanges-de-mollina\\\/#breadcrumb\",\"itemListElement\":[{\"@type\":\"ListItem\",\"position\":1,\"name\":\"Home\",\"item\":\"https:\\\/\\\/www.welex.es\\\/fr\\\/\"},{\"@type\":\"ListItem\",\"position\":2,\"name\":\"Festival des vendanges de Mollina\"}]},{\"@type\":\"WebSite\",\"@id\":\"https:\\\/\\\/www.welex.es\\\/fr\\\/#website\",\"url\":\"https:\\\/\\\/www.welex.es\\\/fr\\\/\",\"name\":\"Welex\",\"description\":\"\",\"publisher\":{\"@id\":\"https:\\\/\\\/www.welex.es\\\/#organization\"},\"potentialAction\":[{\"@type\":\"SearchAction\",\"target\":{\"@type\":\"EntryPoint\",\"urlTemplate\":\"https:\\\/\\\/www.welex.es\\\/fr\\\/?s={search_term_string}\"},\"query-input\":{\"@type\":\"PropertyValueSpecification\",\"valueRequired\":true,\"valueName\":\"search_term_string\"}}],\"inLanguage\":\"fr-FR\"},{\"@type\":[\"Organization\",\"LegalService\"],\"@id\":\"https:\\\/\\\/www.welex.es\\\/#organization\",\"name\":\"Welex\",\"url\":\"https:\\\/\\\/www.welex.es\\\/\",\"logo\":{\"@type\":\"ImageObject\",\"inLanguage\":\"fr-FR\",\"@id\":\"https:\\\/\\\/www.welex.es\\\/#\\\/schema\\\/logo\\\/image\\\/\",\"url\":\"https:\\\/\\\/www.welex.es\\\/wp-content\\\/uploads\\\/2025\\\/05\\\/LOGOWELEXCORRECTO.png\",\"contentUrl\":\"https:\\\/\\\/www.welex.es\\\/wp-content\\\/uploads\\\/2025\\\/05\\\/LOGOWELEXCORRECTO.png\",\"width\":2147,\"height\":771,\"caption\":\"Welex\"},\"image\":{\"@id\":\"https:\\\/\\\/www.welex.es\\\/#\\\/schema\\\/logo\\\/image\\\/\"},\"sameAs\":[\"https:\\\/\\\/www.facebook.com\\\/WelexLawyersAccountants\\\/\",\"https:\\\/\\\/www.linkedin.com\\\/company\\\/welex\\\/\",\"https:\\\/\\\/www.instagram.com\\\/welex.lawyers\\\/\",\"https:\\\/\\\/www.tiktok.com\\\/@welex_lawyers_marbella\",\"https:\\\/\\\/lawyerscostadelsol.com\\\/\",\"https:\\\/\\\/www.accountant-spain.com\\\/\",\"https:\\\/\\\/welex-solicitors.com\\\/\"],\"description\":\"Law firm in Marbella providing legal, tax, labour and accounting advice to individuals and companies in Spain, with over 20 years of experience.\",\"email\":\"info@welex.es\",\"telephone\":\"+34952775521\",\"legalName\":\"Tr\u00e1mites Costa, S.L.\",\"numberOfEmployees\":{\"@type\":\"QuantitativeValue\",\"minValue\":\"11\",\"maxValue\":\"50\"},\"address\":{\"@type\":\"PostalAddress\",\"streetAddress\":\"Calle Ram\u00f3n G\u00f3mez de la Serna 23, Local 7\",\"addressLocality\":\"Marbella\",\"addressRegion\":\"M\u00e1laga\",\"postalCode\":\"29602\",\"addressCountry\":\"ES\"},\"geo\":{\"@type\":\"GeoCoordinates\",\"latitude\":36.5095366,\"longitude\":-4.8985745},\"hasMap\":\"https:\\\/\\\/www.google.com\\\/maps\\\/search\\\/?api=1&query=Welex+Marbella\",\"openingHoursSpecification\":[{\"@type\":\"OpeningHoursSpecification\",\"dayOfWeek\":[\"Monday\",\"Tuesday\",\"Wednesday\",\"Thursday\"],\"opens\":\"08:30\",\"closes\":\"17:00\"},{\"@type\":\"OpeningHoursSpecification\",\"dayOfWeek\":\"Friday\",\"opens\":\"08:30\",\"closes\":\"14:30\"}],\"areaServed\":[{\"@type\":\"Country\",\"name\":\"Spain\"},{\"@type\":\"AdministrativeArea\",\"name\":\"Costa del Sol\"},{\"@type\":\"City\",\"name\":\"Marbella\"}],\"knowsLanguage\":[\"es\",\"en\",\"nl\",\"fr\"],\"currenciesAccepted\":\"EUR\",\"priceRange\":\"$$\",\"slogan\":\"S\u00e9curit\u00e9 juridique. Clart\u00e9 fiscale. Conseil de confiance.\",\"contactPoint\":[{\"@type\":\"ContactPoint\",\"telephone\":\"+34952775521\",\"email\":\"info@welex.es\",\"contactType\":\"customer service\",\"availableLanguage\":[\"English\",\"Spanish\",\"Dutch\",\"French\"],\"areaServed\":\"ES\"}],\"hasOfferCatalog\":{\"@type\":\"OfferCatalog\",\"name\":\"Services juridiques, fiscaux et comptables en Espagne\",\"itemListElement\":[{\"@type\":\"Offer\",\"itemOffered\":{\"@type\":\"Service\",\"name\":\"Avocats sp\u00e9cialis\u00e9s en immobilier \u00e0 Marbella : Achat et vente de biens en Espagne\",\"url\":\"https:\\\/\\\/www.welex.es\\\/fr\\\/service\\\/conseil-dans-lacquisition-et-la-vente-de-biens-immobiliers\\\/\"}},{\"@type\":\"Offer\",\"itemOffered\":{\"@type\":\"Service\",\"name\":\"Avocats en testaments et successions \u00e0 Marbella\",\"url\":\"https:\\\/\\\/www.welex.es\\\/fr\\\/service\\\/testaments-et-heritage\\\/\"}},{\"@type\":\"Offer\",\"itemOffered\":{\"@type\":\"Service\",\"name\":\"Droit des soci\u00e9t\u00e9s en Espagne\",\"url\":\"https:\\\/\\\/www.welex.es\\\/fr\\\/service\\\/enterprises-et-societe\\\/\"}},{\"@type\":\"Offer\",\"itemOffered\":{\"@type\":\"Service\",\"name\":\"Conseils en droit du travail en Espagne\",\"url\":\"https:\\\/\\\/www.welex.es\\\/fr\\\/service\\\/conseil-du-travail\\\/\"}},{\"@type\":\"Offer\",\"itemOffered\":{\"@type\":\"Service\",\"name\":\"Contentieux en Espagne\",\"url\":\"https:\\\/\\\/www.welex.es\\\/fr\\\/service\\\/droit-procedural\\\/\"}},{\"@type\":\"Offer\",\"itemOffered\":{\"@type\":\"Service\",\"name\":\"Imp\u00f4t sur le revenu et imp\u00f4t sur la fortune en Espagne\",\"url\":\"https:\\\/\\\/www.welex.es\\\/fr\\\/service\\\/acquisition-de-bien-immobilier-par-une-personne-physique-non-residentes-en-espagne\\\/\"}},{\"@type\":\"Offer\",\"itemOffered\":{\"@type\":\"Service\",\"name\":\"Obligations fiscales d\u2019une soci\u00e9t\u00e9 \u00e0 responsabilit\u00e9 limit\u00e9e (SARL)\",\"url\":\"https:\\\/\\\/www.welex.es\\\/fr\\\/service\\\/obligations-fiscales-dune-societe-limitee\\\/\"}},{\"@type\":\"Offer\",\"itemOffered\":{\"@type\":\"Service\",\"name\":\"Obligations commerciales d\u2019une soci\u00e9t\u00e9 \u00e0 responsabilit\u00e9 limit\u00e9e (SL)\",\"url\":\"https:\\\/\\\/www.welex.es\\\/fr\\\/service\\\/mercantile-obligations-of-a-sl-company\\\/\"}},{\"@type\":\"Offer\",\"itemOffered\":{\"@type\":\"Service\",\"name\":\"R\u00e9vision des \u00e9tats financiers et comptables espagnols\",\"url\":\"https:\\\/\\\/www.welex.es\\\/fr\\\/service\\\/revision-des-etats-financiers-comptables\\\/\"}},{\"@type\":\"Offer\",\"itemOffered\":{\"@type\":\"Service\",\"name\":\"Points fiscaux\",\"url\":\"https:\\\/\\\/www.welex.es\\\/fr\\\/service\\\/impot\\\/\"}},{\"@type\":\"Offer\",\"itemOffered\":{\"@type\":\"Service\",\"name\":\"Formalit\u00e9s\",\"url\":\"https:\\\/\\\/www.welex.es\\\/fr\\\/service\\\/formalities\\\/\"}}]}},{\"@type\":\"Person\",\"@id\":\"https:\\\/\\\/www.welex.es\\\/fr\\\/#\\\/schema\\\/person\\\/fe98500e4b874772cfdbd1417c913f57\",\"name\":\"Welex Lawyers Accountants Wim\",\"image\":{\"@type\":\"ImageObject\",\"inLanguage\":\"fr-FR\",\"@id\":\"https:\\\/\\\/secure.gravatar.com\\\/avatar\\\/?s=96&d=mm&r=g\",\"url\":\"https:\\\/\\\/secure.gravatar.com\\\/avatar\\\/?s=96&d=mm&r=g\",\"contentUrl\":\"https:\\\/\\\/secure.gravatar.com\\\/avatar\\\/?s=96&d=mm&r=g\",\"caption\":\"Welex Lawyers Accountants Wim\"}}]}<\/script>\n<!-- \/ Yoast SEO Premium plugin. -->","yoast_head_json":{"title":"Festival des vendanges de Mollina - Welex","description":"Des milliers de personnes visitent chaque ann\u00e9e la localit\u00e9 pour profiter du bon vin, des d\u00e9gustations et activit\u00e9s anim\u00e9s de chant et de danse","robots":{"index":"index","follow":"follow","max-snippet":"max-snippet:-1","max-image-preview":"max-image-preview:large","max-video-preview":"max-video-preview:-1"},"canonical":"https:\/\/www.welex.es\/fr\/festival-des-vendanges-de-mollina\/","og_locale":"fr_FR","og_type":"article","og_title":"Festival des vendanges de Mollina","og_description":"Des milliers de personnes visitent chaque ann\u00e9e la localit\u00e9 pour profiter du bon vin, des d\u00e9gustations et activit\u00e9s anim\u00e9s de chant et de danse","og_url":"https:\/\/www.welex.es\/fr\/festival-des-vendanges-de-mollina\/","og_site_name":"Welex","article_publisher":"https:\/\/www.facebook.com\/WelexLawyersAccountants\/","article_published_time":"2017-09-08T08:00:38+00:00","article_modified_time":"2025-09-09T07:30:49+00:00","og_image":[{"width":600,"height":462,"url":"https:\/\/www.welex.es\/wp-content\/uploads\/2018\/01\/VENDIMIA-UVA.png","type":"image\/png"}],"author":"Welex Lawyers Accountants Wim","twitter_card":"summary_large_image","twitter_misc":{"\u00c9crit par":"Welex Lawyers Accountants Wim","Dur\u00e9e de lecture estim\u00e9e":"3 minutes"},"schema":{"@context":"https:\/\/schema.org","@graph":[{"@type":"Article","@id":"https:\/\/www.welex.es\/fr\/festival-des-vendanges-de-mollina\/#article","isPartOf":{"@id":"https:\/\/www.welex.es\/fr\/festival-des-vendanges-de-mollina\/"},"author":{"name":"Welex Lawyers Accountants Wim","@id":"https:\/\/www.welex.es\/fr\/#\/schema\/person\/fe98500e4b874772cfdbd1417c913f57"},"headline":"Festival des vendanges de Mollina","datePublished":"2017-09-08T08:00:38+00:00","dateModified":"2025-09-09T07:30:49+00:00","mainEntityOfPage":{"@id":"https:\/\/www.welex.es\/fr\/festival-des-vendanges-de-mollina\/"},"wordCount":590,"publisher":{"@id":"https:\/\/www.welex.es\/#organization"},"image":{"@id":"https:\/\/www.welex.es\/fr\/festival-des-vendanges-de-mollina\/#primaryimage"},"thumbnailUrl":"https:\/\/www.welex.es\/wp-content\/uploads\/2018\/01\/VENDIMIA-UVA.png","keywords":["avocat \u00e0 Mollina","avocats \u00e0 Mollina","cabinet d'avocats \u00e0 Mollina","comptables \u00e0 Mollina","conseillers fiscaux \u00e0 Mollina","droits de succession \u00e0 Mollina","\u00e9conomistes \u00e0 Mollina","sp\u00e9cialistes des successions \u00e0 Mollina","testaments \u00e0 Mollina"],"articleSection":["Tourisme et culture en Espagne"],"inLanguage":"fr-FR"},{"@type":"WebPage","@id":"https:\/\/www.welex.es\/fr\/festival-des-vendanges-de-mollina\/","url":"https:\/\/www.welex.es\/fr\/festival-des-vendanges-de-mollina\/","name":"Festival des vendanges de Mollina - Welex","isPartOf":{"@id":"https:\/\/www.welex.es\/fr\/#website"},"primaryImageOfPage":{"@id":"https:\/\/www.welex.es\/fr\/festival-des-vendanges-de-mollina\/#primaryimage"},"image":{"@id":"https:\/\/www.welex.es\/fr\/festival-des-vendanges-de-mollina\/#primaryimage"},"thumbnailUrl":"https:\/\/www.welex.es\/wp-content\/uploads\/2018\/01\/VENDIMIA-UVA.png","datePublished":"2017-09-08T08:00:38+00:00","dateModified":"2025-09-09T07:30:49+00:00","description":"Des milliers de personnes visitent chaque ann\u00e9e la localit\u00e9 pour profiter du bon vin, des d\u00e9gustations et activit\u00e9s anim\u00e9s de chant et de danse","breadcrumb":{"@id":"https:\/\/www.welex.es\/fr\/festival-des-vendanges-de-mollina\/#breadcrumb"},"inLanguage":"fr-FR","potentialAction":[{"@type":"ReadAction","target":["https:\/\/www.welex.es\/fr\/festival-des-vendanges-de-mollina\/"]}]},{"@type":"ImageObject","inLanguage":"fr-FR","@id":"https:\/\/www.welex.es\/fr\/festival-des-vendanges-de-mollina\/#primaryimage","url":"https:\/\/www.welex.es\/wp-content\/uploads\/2018\/01\/VENDIMIA-UVA.png","contentUrl":"https:\/\/www.welex.es\/wp-content\/uploads\/2018\/01\/VENDIMIA-UVA.png","width":600,"height":462,"caption":"VENDIMIA UVA"},{"@type":"BreadcrumbList","@id":"https:\/\/www.welex.es\/fr\/festival-des-vendanges-de-mollina\/#breadcrumb","itemListElement":[{"@type":"ListItem","position":1,"name":"Home","item":"https:\/\/www.welex.es\/fr\/"},{"@type":"ListItem","position":2,"name":"Festival des vendanges de Mollina"}]},{"@type":"WebSite","@id":"https:\/\/www.welex.es\/fr\/#website","url":"https:\/\/www.welex.es\/fr\/","name":"Welex","description":"","publisher":{"@id":"https:\/\/www.welex.es\/#organization"},"potentialAction":[{"@type":"SearchAction","target":{"@type":"EntryPoint","urlTemplate":"https:\/\/www.welex.es\/fr\/?s={search_term_string}"},"query-input":{"@type":"PropertyValueSpecification","valueRequired":true,"valueName":"search_term_string"}}],"inLanguage":"fr-FR"},{"@type":["Organization","LegalService"],"@id":"https:\/\/www.welex.es\/#organization","name":"Welex","url":"https:\/\/www.welex.es\/","logo":{"@type":"ImageObject","inLanguage":"fr-FR","@id":"https:\/\/www.welex.es\/#\/schema\/logo\/image\/","url":"https:\/\/www.welex.es\/wp-content\/uploads\/2025\/05\/LOGOWELEXCORRECTO.png","contentUrl":"https:\/\/www.welex.es\/wp-content\/uploads\/2025\/05\/LOGOWELEXCORRECTO.png","width":2147,"height":771,"caption":"Welex"},"image":{"@id":"https:\/\/www.welex.es\/#\/schema\/logo\/image\/"},"sameAs":["https:\/\/www.facebook.com\/WelexLawyersAccountants\/","https:\/\/www.linkedin.com\/company\/welex\/","https:\/\/www.instagram.com\/welex.lawyers\/","https:\/\/www.tiktok.com\/@welex_lawyers_marbella","https:\/\/lawyerscostadelsol.com\/","https:\/\/www.accountant-spain.com\/","https:\/\/welex-solicitors.com\/"],"description":"Law firm in Marbella providing legal, tax, labour and accounting advice to individuals and companies in Spain, with over 20 years of experience.","email":"info@welex.es","telephone":"+34952775521","legalName":"Tr\u00e1mites Costa, S.L.","numberOfEmployees":{"@type":"QuantitativeValue","minValue":"11","maxValue":"50"},"address":{"@type":"PostalAddress","streetAddress":"Calle Ram\u00f3n G\u00f3mez de la Serna 23, Local 7","addressLocality":"Marbella","addressRegion":"M\u00e1laga","postalCode":"29602","addressCountry":"ES"},"geo":{"@type":"GeoCoordinates","latitude":36.5095366,"longitude":-4.8985745},"hasMap":"https:\/\/www.google.com\/maps\/search\/?api=1&query=Welex+Marbella","openingHoursSpecification":[{"@type":"OpeningHoursSpecification","dayOfWeek":["Monday","Tuesday","Wednesday","Thursday"],"opens":"08:30","closes":"17:00"},{"@type":"OpeningHoursSpecification","dayOfWeek":"Friday","opens":"08:30","closes":"14:30"}],"areaServed":[{"@type":"Country","name":"Spain"},{"@type":"AdministrativeArea","name":"Costa del Sol"},{"@type":"City","name":"Marbella"}],"knowsLanguage":["es","en","nl","fr"],"currenciesAccepted":"EUR","priceRange":"$$","slogan":"S\u00e9curit\u00e9 juridique. Clart\u00e9 fiscale. Conseil de confiance.","contactPoint":[{"@type":"ContactPoint","telephone":"+34952775521","email":"info@welex.es","contactType":"customer service","availableLanguage":["English","Spanish","Dutch","French"],"areaServed":"ES"}],"hasOfferCatalog":{"@type":"OfferCatalog","name":"Services juridiques, fiscaux et comptables en Espagne","itemListElement":[{"@type":"Offer","itemOffered":{"@type":"Service","name":"Avocats sp\u00e9cialis\u00e9s en immobilier \u00e0 Marbella : Achat et vente de biens en Espagne","url":"https:\/\/www.welex.es\/fr\/service\/conseil-dans-lacquisition-et-la-vente-de-biens-immobiliers\/"}},{"@type":"Offer","itemOffered":{"@type":"Service","name":"Avocats en testaments et successions \u00e0 Marbella","url":"https:\/\/www.welex.es\/fr\/service\/testaments-et-heritage\/"}},{"@type":"Offer","itemOffered":{"@type":"Service","name":"Droit des soci\u00e9t\u00e9s en Espagne","url":"https:\/\/www.welex.es\/fr\/service\/enterprises-et-societe\/"}},{"@type":"Offer","itemOffered":{"@type":"Service","name":"Conseils en droit du travail en Espagne","url":"https:\/\/www.welex.es\/fr\/service\/conseil-du-travail\/"}},{"@type":"Offer","itemOffered":{"@type":"Service","name":"Contentieux en Espagne","url":"https:\/\/www.welex.es\/fr\/service\/droit-procedural\/"}},{"@type":"Offer","itemOffered":{"@type":"Service","name":"Imp\u00f4t sur le revenu et imp\u00f4t sur la fortune en Espagne","url":"https:\/\/www.welex.es\/fr\/service\/acquisition-de-bien-immobilier-par-une-personne-physique-non-residentes-en-espagne\/"}},{"@type":"Offer","itemOffered":{"@type":"Service","name":"Obligations fiscales d\u2019une soci\u00e9t\u00e9 \u00e0 responsabilit\u00e9 limit\u00e9e (SARL)","url":"https:\/\/www.welex.es\/fr\/service\/obligations-fiscales-dune-societe-limitee\/"}},{"@type":"Offer","itemOffered":{"@type":"Service","name":"Obligations commerciales d\u2019une soci\u00e9t\u00e9 \u00e0 responsabilit\u00e9 limit\u00e9e (SL)","url":"https:\/\/www.welex.es\/fr\/service\/mercantile-obligations-of-a-sl-company\/"}},{"@type":"Offer","itemOffered":{"@type":"Service","name":"R\u00e9vision des \u00e9tats financiers et comptables espagnols","url":"https:\/\/www.welex.es\/fr\/service\/revision-des-etats-financiers-comptables\/"}},{"@type":"Offer","itemOffered":{"@type":"Service","name":"Points fiscaux","url":"https:\/\/www.welex.es\/fr\/service\/impot\/"}},{"@type":"Offer","itemOffered":{"@type":"Service","name":"Formalit\u00e9s","url":"https:\/\/www.welex.es\/fr\/service\/formalities\/"}}]}},{"@type":"Person","@id":"https:\/\/www.welex.es\/fr\/#\/schema\/person\/fe98500e4b874772cfdbd1417c913f57","name":"Welex Lawyers Accountants Wim","image":{"@type":"ImageObject","inLanguage":"fr-FR","@id":"https:\/\/secure.gravatar.com\/avatar\/?s=96&d=mm&r=g","url":"https:\/\/secure.gravatar.com\/avatar\/?s=96&d=mm&r=g","contentUrl":"https:\/\/secure.gravatar.com\/avatar\/?s=96&d=mm&r=g","caption":"Welex Lawyers Accountants Wim"}}]}},"_links":{"self":[{"href":"https:\/\/www.welex.es\/fr\/wp-json\/wp\/v2\/posts\/10917","targetHints":{"allow":["GET"]}}],"collection":[{"href":"https:\/\/www.welex.es\/fr\/wp-json\/wp\/v2\/posts"}],"about":[{"href":"https:\/\/www.welex.es\/fr\/wp-json\/wp\/v2\/types\/post"}],"author":[{"embeddable":true,"href":"https:\/\/www.welex.es\/fr\/wp-json\/wp\/v2\/users\/4"}],"replies":[{"embeddable":true,"href":"https:\/\/www.welex.es\/fr\/wp-json\/wp\/v2\/comments?post=10917"}],"version-history":[{"count":0,"href":"https:\/\/www.welex.es\/fr\/wp-json\/wp\/v2\/posts\/10917\/revisions"}],"wp:featuredmedia":[{"embeddable":true,"href":"https:\/\/www.welex.es\/fr\/wp-json\/wp\/v2\/media\/10905"}],"wp:attachment":[{"href":"https:\/\/www.welex.es\/fr\/wp-json\/wp\/v2\/media?parent=10917"}],"wp:term":[{"taxonomy":"category","embeddable":true,"href":"https:\/\/www.welex.es\/fr\/wp-json\/wp\/v2\/categories?post=10917"},{"taxonomy":"post_tag","embeddable":true,"href":"https:\/\/www.welex.es\/fr\/wp-json\/wp\/v2\/tags?post=10917"}],"curies":[{"name":"wp","href":"https:\/\/api.w.org\/{rel}","templated":true}]}}