{"id":18375,"date":"2022-06-28T09:25:25","date_gmt":"2022-06-28T08:25:25","guid":{"rendered":"https:\/\/www.welex.es\/?p=18375\/"},"modified":"2025-09-09T06:44:27","modified_gmt":"2025-09-09T06:44:27","slug":"la-fete-du-hareng-a-marbella-2022","status":"publish","type":"post","link":"https:\/\/www.welex.es\/fr\/la-fete-du-hareng-a-marbella-2022\/","title":{"rendered":"La f\u00eate du hareng \u00e0 Marbella 2022"},"content":{"rendered":"<p>Welex, <strong>avocats et \u00e9conomistes de Marbella<\/strong>, c\u00e9l\u00e8bre le retour du c\u00e9l\u00e8bre et grand <strong>\u00e9v\u00e9nement n\u00e9erlandais sur la Costa del Sol<\/strong>.<\/p>\n<p>&nbsp;<\/p>\n<p>La f\u00eate du hareng est organis\u00e9e chaque ann\u00e9e aux Pays-Bas vers la fin du mois de juin, pour c\u00e9l\u00e9brer l&rsquo;arriv\u00e9e du nouveau hareng de Hollande. Il s&rsquo;agit d&rsquo;un \u00e9v\u00e9nement culturel n\u00e9erlandais que le <strong>Marbella Dutch Business Club<\/strong> et ses membres organisent chaque ann\u00e9e afin de maintenir cette tradition au sein de la <strong>communaut\u00e9 n\u00e9erlandaise de la Costa del Sol<\/strong>. Il s&rsquo;agit d&rsquo;un \u00e9v\u00e9nement o\u00f9 des fonds sont collect\u00e9s pour \u00eatre revers\u00e9s \u00e0 une ONG, et o\u00f9 le tr\u00e9sorier du Club, Eduard Megens, fait un excellent travail en contribuant et en soutenant ce magnifique \u00e9v\u00e9nement.<\/p>\n<p>&nbsp;<\/p>\n<p>Apr\u00e8s deux ann\u00e9es de pand\u00e9mie, au cours desquelles la c\u00e9l\u00e9bration de cet \u00e9v\u00e9nement a \u00e9t\u00e9 limit\u00e9e, le <a href=\"https:\/\/marbelladutchbusinessclub.nl\/\">Marbella Dutch Business Club (MDBC)<\/a> a organis\u00e9 en juin dernier, <strong>la Haring Party attendue \u00e0 Marbella<\/strong>. Environ 180 personnes ont pu se retrouver pour c\u00e9l\u00e9brer la c\u00e9l\u00e8bre <strong>f\u00eate internationale sur la Costa del Sol<\/strong> de la jet set n\u00e9erlandaise avec des invit\u00e9s de 9 nationalit\u00e9s diff\u00e9rentes, \u00e0 laquelle Welex avocats et \u00e9conomistes \u00e0 Marbella a particip\u00e9 en tant que participant et sponsor.<\/p>\n<p>&nbsp;<\/p>\n<p>Cette ann\u00e9e, l&rsquo;\u00e9v\u00e9nement s&rsquo;est d\u00e9roul\u00e9 au c\u0153ur du Divot, un restaurant gastro-grill pour ceux qui veulent vraiment vivre une exp\u00e9rience gastronomique au pied <strong>de Puerto Banus, \u00e0 Marbella.<\/strong><\/p>\n<p>&nbsp;<\/p>\n<p><img fetchpriority=\"high\" decoding=\"async\" class=\"alignnone wp-image-18368\" src=\"https:\/\/www.welex.es\/wp-content\/uploads\/2025\/09\/70170932_2498130957085855_1814356625788502016_n.jpg\" alt=\"\" width=\"507\" height=\"338\" \/><\/p>\n<p>&nbsp;<\/p>\n<p>Entour\u00e9s par le magnifique <strong>terrain de golf de Puerto Banus<\/strong>, les invit\u00e9s ont discut\u00e9 et appr\u00e9ci\u00e9 le fameux ap\u00e9ritif \u00ab\u00a0Hollandse Nieuwe\u00a0\u00bb, un hareng savoureux servi en diff\u00e9rentes versions pour tous les go\u00fbts, accompagn\u00e9 d&rsquo;une s\u00e9lection imbattable de vins et du fameux Gin hollandais. L&rsquo;\u00e9v\u00e9nement s&rsquo;est poursuivi avec la musique de Ger Vos, qui, cette ann\u00e9e encore, a fait danser tous les invit\u00e9s. Apr\u00e8s l&rsquo;ap\u00e9ritif, une s\u00e9lection de tapas espagnoles gourmandes a \u00e9t\u00e9 servie, ce qui a ravi tous les participants.<\/p>\n<p>&nbsp;<\/p>\n<h2><strong>Le prix du Hareng d&rsquo;or<\/strong><\/h2>\n<p>Charo Van Hulst, a eu l&rsquo;honneur de recevoir cette ann\u00e9e la fameuse statuette dor\u00e9e, un prix qui est remis chaque ann\u00e9e lors de ce festival afin de r\u00e9compenser l&rsquo;effort <strong>d&rsquo;int\u00e9gration de la culture n\u00e9erlandaise dans la Costal del Sol<\/strong>. Charo, en plus de son grand effort de promotion de la culture, a \u00e9galement r\u00e9alis\u00e9 de nombreuses <strong>\u0153uvres caritatives dans la Costal del Sol<\/strong>.<\/p>\n<p>&nbsp;<\/p>\n<h2><strong>Le plus beau des chapeaux<\/strong><\/h2>\n<p>Comme chaque ann\u00e9e, le prix de la plus belle pamela de la f\u00eate devient le centre d&rsquo;attention de tous les invit\u00e9s, une autre tradition qui ne pouvait manquer dans cette \u00e9dition de la <strong>Haring Party 2022 \u00e0 Marbella<\/strong>. Marrianne de Wit et son \u00e9l\u00e9gante pamela de couleur cr\u00e8me, avec de fins d\u00e9tails de diff\u00e9rentes couleurs qui donnaient \u00e0 sa coiffe des formes de p\u00e9tales de rose, a \u00e9t\u00e9 la gagnante d&rsquo;un d\u00eener pour deux au <strong>restaurant Divot de Puerto Ban\u00fas<\/strong> o\u00f9 se tenait l&rsquo;\u00e9v\u00e9nement.<\/p>\n<p>&nbsp;<\/p>\n<p><img decoding=\"async\" class=\"alignnone wp-image-18367\" src=\"https:\/\/www.welex.es\/wp-content\/uploads\/2025\/09\/WhatsApp-Image-2022-06-22-at-7.10.02-PM.webp\" alt=\"\" width=\"337\" height=\"450\" \/><\/p>\n<p>&nbsp;<\/p>\n<h2><strong>Fondation Cudeca<\/strong><\/h2>\n<p>Comme c&rsquo;est la tradition chaque ann\u00e9e avec l&rsquo;organisation de cet <strong>\u00e9v\u00e9nement \u00e0 Marbella<\/strong>, le MDBC soutient une cause charitable. Les ann\u00e9es pr\u00e9c\u00e9dentes, le MDBC a collabor\u00e9 avec des associations telles que Free a Girl ou la Fondation Debra, et cette ann\u00e9e avec <a href=\"https:\/\/www.cudeca.org\/en\/\"><strong>la Fondation Cudeca<\/strong><\/a>. Cudeca est charg\u00e9 de fournir le meilleur service, la meilleure assistance et la meilleure qualit\u00e9 en mati\u00e8re de soins palliatifs aux patients atteints de cancer et d&rsquo;autres maladies avanc\u00e9es et terminales \u00e0 Malaga. Le Dutch Business Club de Marbella et ses principaux sponsors ont donc r\u00e9ussi \u00e0 collecter un pourcentage de la vente des billets pour le reverser \u00e0 cette importante cause.<\/p>\n<p>&nbsp;<\/p>\n<p><strong>Les avocats de Welex \u00e0 Marbella<\/strong>, sponsors du Dutch Business Club, offrent des <strong>services comptables et juridiques \u00e0 Marbella<\/strong>. Veuillez nous contacter pour des conseils plus personnalis\u00e9s.<\/p>\n","protected":false},"excerpt":{"rendered":"<p>Welex, avocats et \u00e9conomistes de Marbella, c\u00e9l\u00e8bre le retour du c\u00e9l\u00e8bre et grand \u00e9v\u00e9nement n\u00e9erlandais sur la Costa del Sol. &nbsp; La f\u00eate du hareng est organis\u00e9e chaque ann\u00e9e aux Pays-Bas vers la fin du mois de juin, pour c\u00e9l\u00e9brer l&rsquo;arriv\u00e9e du nouveau hareng de Hollande. Il s&rsquo;agit d&rsquo;un \u00e9v\u00e9nement culturel n\u00e9erlandais que le Marbella [&hellip;]<\/p>\n","protected":false},"author":2,"featured_media":18366,"comment_status":"closed","ping_status":"closed","sticky":false,"template":"","format":"standard","meta":{"_acf_changed":false,"footnotes":""},"categories":[430],"tags":[],"class_list":["post-18375","post","type-post","status-publish","format-standard","has-post-thumbnail","hentry","category-tourisme-et-culture-en-espagne"],"acf":[],"yoast_head":"<!-- This site is optimized with the Yoast SEO Premium plugin v27.9 (Yoast SEO v27.9) - https:\/\/yoast.com\/product\/yoast-seo-premium-wordpress\/ -->\n<title>La f\u00eate du hareng \u00e0 Marbella 2022 - Welex<\/title>\n<meta name=\"description\" content=\"La f\u00eate du hareng est organis\u00e9e chaque ann\u00e9e aux Pays-Bas vers la fin du mois de juin, pour c\u00e9l\u00e9brer l&#039;arriv\u00e9e du nouveau hareng de Hollande.\" \/>\n<meta name=\"robots\" content=\"index, follow, max-snippet:-1, max-image-preview:large, max-video-preview:-1\" \/>\n<link rel=\"canonical\" href=\"https:\/\/www.welex.es\/fr\/la-fete-du-hareng-a-marbella-2022\/\" \/>\n<meta property=\"og:locale\" content=\"fr_FR\" \/>\n<meta property=\"og:type\" content=\"article\" \/>\n<meta property=\"og:title\" content=\"La f\u00eate du hareng \u00e0 Marbella 2022\" \/>\n<meta property=\"og:description\" content=\"La f\u00eate du hareng est organis\u00e9e chaque ann\u00e9e aux Pays-Bas vers la fin du mois de juin, pour c\u00e9l\u00e9brer l&#039;arriv\u00e9e du nouveau hareng de Hollande.\" \/>\n<meta property=\"og:url\" content=\"https:\/\/www.welex.es\/fr\/la-fete-du-hareng-a-marbella-2022\/\" \/>\n<meta property=\"og:site_name\" content=\"Welex\" \/>\n<meta property=\"article:publisher\" content=\"https:\/\/www.facebook.com\/WelexLawyersAccountants\/\" \/>\n<meta property=\"article:published_time\" content=\"2022-06-28T08:25:25+00:00\" \/>\n<meta property=\"article:modified_time\" content=\"2025-09-09T06:44:27+00:00\" \/>\n<meta property=\"og:image\" content=\"https:\/\/www.welex.es\/wp-content\/uploads\/2022\/06\/Captura-de-pantalla-2022-06-28-a-las-9.41.57.png\" \/>\n\t<meta property=\"og:image:width\" content=\"1178\" \/>\n\t<meta property=\"og:image:height\" content=\"1144\" \/>\n\t<meta property=\"og:image:type\" content=\"image\/png\" \/>\n<meta name=\"author\" content=\"Noelia\" \/>\n<meta name=\"twitter:card\" content=\"summary_large_image\" \/>\n<meta name=\"twitter:label1\" content=\"\u00c9crit par\" \/>\n\t<meta name=\"twitter:data1\" content=\"Noelia\" \/>\n\t<meta name=\"twitter:label2\" content=\"Dur\u00e9e de lecture estim\u00e9e\" \/>\n\t<meta name=\"twitter:data2\" content=\"4 minutes\" \/>\n<script type=\"application\/ld+json\" class=\"yoast-schema-graph\">{\"@context\":\"https:\\\/\\\/schema.org\",\"@graph\":[{\"@type\":\"Article\",\"@id\":\"https:\\\/\\\/www.welex.es\\\/fr\\\/la-fete-du-hareng-a-marbella-2022\\\/#article\",\"isPartOf\":{\"@id\":\"https:\\\/\\\/www.welex.es\\\/fr\\\/la-fete-du-hareng-a-marbella-2022\\\/\"},\"author\":{\"name\":\"Noelia\",\"@id\":\"https:\\\/\\\/www.welex.es\\\/fr\\\/#\\\/schema\\\/person\\\/a63d0e9ba5ab8e6903606fc509960d03\"},\"headline\":\"La f\u00eate du hareng \u00e0 Marbella 2022\",\"datePublished\":\"2022-06-28T08:25:25+00:00\",\"dateModified\":\"2025-09-09T06:44:27+00:00\",\"mainEntityOfPage\":{\"@id\":\"https:\\\/\\\/www.welex.es\\\/fr\\\/la-fete-du-hareng-a-marbella-2022\\\/\"},\"wordCount\":698,\"publisher\":{\"@id\":\"https:\\\/\\\/www.welex.es\\\/#organization\"},\"image\":{\"@id\":\"https:\\\/\\\/www.welex.es\\\/fr\\\/la-fete-du-hareng-a-marbella-2022\\\/#primaryimage\"},\"thumbnailUrl\":\"https:\\\/\\\/www.welex.es\\\/wp-content\\\/uploads\\\/2022\\\/06\\\/Captura-de-pantalla-2022-06-28-a-las-9.41.57.png\",\"articleSection\":[\"Tourisme et culture en Espagne\"],\"inLanguage\":\"fr-FR\"},{\"@type\":\"WebPage\",\"@id\":\"https:\\\/\\\/www.welex.es\\\/fr\\\/la-fete-du-hareng-a-marbella-2022\\\/\",\"url\":\"https:\\\/\\\/www.welex.es\\\/fr\\\/la-fete-du-hareng-a-marbella-2022\\\/\",\"name\":\"La f\u00eate du hareng \u00e0 Marbella 2022 - Welex\",\"isPartOf\":{\"@id\":\"https:\\\/\\\/www.welex.es\\\/fr\\\/#website\"},\"primaryImageOfPage\":{\"@id\":\"https:\\\/\\\/www.welex.es\\\/fr\\\/la-fete-du-hareng-a-marbella-2022\\\/#primaryimage\"},\"image\":{\"@id\":\"https:\\\/\\\/www.welex.es\\\/fr\\\/la-fete-du-hareng-a-marbella-2022\\\/#primaryimage\"},\"thumbnailUrl\":\"https:\\\/\\\/www.welex.es\\\/wp-content\\\/uploads\\\/2022\\\/06\\\/Captura-de-pantalla-2022-06-28-a-las-9.41.57.png\",\"datePublished\":\"2022-06-28T08:25:25+00:00\",\"dateModified\":\"2025-09-09T06:44:27+00:00\",\"description\":\"La f\u00eate du hareng est organis\u00e9e chaque ann\u00e9e aux Pays-Bas vers la fin du mois de juin, pour c\u00e9l\u00e9brer l'arriv\u00e9e du nouveau hareng de Hollande.\",\"breadcrumb\":{\"@id\":\"https:\\\/\\\/www.welex.es\\\/fr\\\/la-fete-du-hareng-a-marbella-2022\\\/#breadcrumb\"},\"inLanguage\":\"fr-FR\",\"potentialAction\":[{\"@type\":\"ReadAction\",\"target\":[\"https:\\\/\\\/www.welex.es\\\/fr\\\/la-fete-du-hareng-a-marbella-2022\\\/\"]}]},{\"@type\":\"ImageObject\",\"inLanguage\":\"fr-FR\",\"@id\":\"https:\\\/\\\/www.welex.es\\\/fr\\\/la-fete-du-hareng-a-marbella-2022\\\/#primaryimage\",\"url\":\"https:\\\/\\\/www.welex.es\\\/wp-content\\\/uploads\\\/2022\\\/06\\\/Captura-de-pantalla-2022-06-28-a-las-9.41.57.png\",\"contentUrl\":\"https:\\\/\\\/www.welex.es\\\/wp-content\\\/uploads\\\/2022\\\/06\\\/Captura-de-pantalla-2022-06-28-a-las-9.41.57.png\",\"width\":1178,\"height\":1144},{\"@type\":\"BreadcrumbList\",\"@id\":\"https:\\\/\\\/www.welex.es\\\/fr\\\/la-fete-du-hareng-a-marbella-2022\\\/#breadcrumb\",\"itemListElement\":[{\"@type\":\"ListItem\",\"position\":1,\"name\":\"Home\",\"item\":\"https:\\\/\\\/www.welex.es\\\/fr\\\/\"},{\"@type\":\"ListItem\",\"position\":2,\"name\":\"La f\u00eate du hareng \u00e0 Marbella 2022\"}]},{\"@type\":\"WebSite\",\"@id\":\"https:\\\/\\\/www.welex.es\\\/fr\\\/#website\",\"url\":\"https:\\\/\\\/www.welex.es\\\/fr\\\/\",\"name\":\"Welex\",\"description\":\"\",\"publisher\":{\"@id\":\"https:\\\/\\\/www.welex.es\\\/#organization\"},\"potentialAction\":[{\"@type\":\"SearchAction\",\"target\":{\"@type\":\"EntryPoint\",\"urlTemplate\":\"https:\\\/\\\/www.welex.es\\\/fr\\\/?s={search_term_string}\"},\"query-input\":{\"@type\":\"PropertyValueSpecification\",\"valueRequired\":true,\"valueName\":\"search_term_string\"}}],\"inLanguage\":\"fr-FR\"},{\"@type\":[\"Organization\",\"LegalService\"],\"@id\":\"https:\\\/\\\/www.welex.es\\\/#organization\",\"name\":\"Welex\",\"url\":\"https:\\\/\\\/www.welex.es\\\/\",\"logo\":{\"@type\":\"ImageObject\",\"inLanguage\":\"fr-FR\",\"@id\":\"https:\\\/\\\/www.welex.es\\\/#\\\/schema\\\/logo\\\/image\\\/\",\"url\":\"https:\\\/\\\/www.welex.es\\\/wp-content\\\/uploads\\\/2025\\\/05\\\/LOGOWELEXCORRECTO.png\",\"contentUrl\":\"https:\\\/\\\/www.welex.es\\\/wp-content\\\/uploads\\\/2025\\\/05\\\/LOGOWELEXCORRECTO.png\",\"width\":2147,\"height\":771,\"caption\":\"Welex\"},\"image\":{\"@id\":\"https:\\\/\\\/www.welex.es\\\/#\\\/schema\\\/logo\\\/image\\\/\"},\"sameAs\":[\"https:\\\/\\\/www.facebook.com\\\/WelexLawyersAccountants\\\/\",\"https:\\\/\\\/www.linkedin.com\\\/company\\\/welex\\\/\",\"https:\\\/\\\/www.instagram.com\\\/welex.lawyers\\\/\",\"https:\\\/\\\/www.tiktok.com\\\/@welex_lawyers_marbella\",\"https:\\\/\\\/lawyerscostadelsol.com\\\/\",\"https:\\\/\\\/www.accountant-spain.com\\\/\",\"https:\\\/\\\/welex-solicitors.com\\\/\"],\"description\":\"Law firm in Marbella providing legal, tax, labour and accounting advice to individuals and companies in Spain, with over 20 years of experience.\",\"email\":\"info@welex.es\",\"telephone\":\"+34952775521\",\"legalName\":\"Tr\u00e1mites Costa, S.L.\",\"numberOfEmployees\":{\"@type\":\"QuantitativeValue\",\"minValue\":\"11\",\"maxValue\":\"50\"},\"address\":{\"@type\":\"PostalAddress\",\"streetAddress\":\"Calle Ram\u00f3n G\u00f3mez de la Serna 23, Local 7\",\"addressLocality\":\"Marbella\",\"addressRegion\":\"M\u00e1laga\",\"postalCode\":\"29602\",\"addressCountry\":\"ES\"},\"geo\":{\"@type\":\"GeoCoordinates\",\"latitude\":36.5095366,\"longitude\":-4.8985745},\"hasMap\":\"https:\\\/\\\/www.google.com\\\/maps\\\/search\\\/?api=1&query=Welex+Marbella\",\"openingHoursSpecification\":[{\"@type\":\"OpeningHoursSpecification\",\"dayOfWeek\":[\"Monday\",\"Tuesday\",\"Wednesday\",\"Thursday\"],\"opens\":\"08:30\",\"closes\":\"17:00\"},{\"@type\":\"OpeningHoursSpecification\",\"dayOfWeek\":\"Friday\",\"opens\":\"08:30\",\"closes\":\"14:30\"}],\"areaServed\":[{\"@type\":\"Country\",\"name\":\"Spain\"},{\"@type\":\"AdministrativeArea\",\"name\":\"Costa del Sol\"},{\"@type\":\"City\",\"name\":\"Marbella\"}],\"knowsLanguage\":[\"es\",\"en\",\"nl\",\"fr\"],\"currenciesAccepted\":\"EUR\",\"priceRange\":\"$$\",\"slogan\":\"S\u00e9curit\u00e9 juridique. Clart\u00e9 fiscale. Conseil de confiance.\",\"contactPoint\":[{\"@type\":\"ContactPoint\",\"telephone\":\"+34952775521\",\"email\":\"info@welex.es\",\"contactType\":\"customer service\",\"availableLanguage\":[\"English\",\"Spanish\",\"Dutch\",\"French\"],\"areaServed\":\"ES\"}],\"hasOfferCatalog\":{\"@type\":\"OfferCatalog\",\"name\":\"Services juridiques, fiscaux et comptables en Espagne\",\"itemListElement\":[{\"@type\":\"Offer\",\"itemOffered\":{\"@type\":\"Service\",\"name\":\"Avocats sp\u00e9cialis\u00e9s en immobilier \u00e0 Marbella : Achat et vente de biens en Espagne\",\"url\":\"https:\\\/\\\/www.welex.es\\\/fr\\\/service\\\/conseil-dans-lacquisition-et-la-vente-de-biens-immobiliers\\\/\"}},{\"@type\":\"Offer\",\"itemOffered\":{\"@type\":\"Service\",\"name\":\"Avocats en testaments et successions \u00e0 Marbella\",\"url\":\"https:\\\/\\\/www.welex.es\\\/fr\\\/service\\\/testaments-et-heritage\\\/\"}},{\"@type\":\"Offer\",\"itemOffered\":{\"@type\":\"Service\",\"name\":\"Droit des soci\u00e9t\u00e9s en Espagne\",\"url\":\"https:\\\/\\\/www.welex.es\\\/fr\\\/service\\\/enterprises-et-societe\\\/\"}},{\"@type\":\"Offer\",\"itemOffered\":{\"@type\":\"Service\",\"name\":\"Conseils en droit du travail en Espagne\",\"url\":\"https:\\\/\\\/www.welex.es\\\/fr\\\/service\\\/conseil-du-travail\\\/\"}},{\"@type\":\"Offer\",\"itemOffered\":{\"@type\":\"Service\",\"name\":\"Contentieux en Espagne\",\"url\":\"https:\\\/\\\/www.welex.es\\\/fr\\\/service\\\/droit-procedural\\\/\"}},{\"@type\":\"Offer\",\"itemOffered\":{\"@type\":\"Service\",\"name\":\"Imp\u00f4t sur le revenu et imp\u00f4t sur la fortune en Espagne\",\"url\":\"https:\\\/\\\/www.welex.es\\\/fr\\\/service\\\/acquisition-de-bien-immobilier-par-une-personne-physique-non-residentes-en-espagne\\\/\"}},{\"@type\":\"Offer\",\"itemOffered\":{\"@type\":\"Service\",\"name\":\"Obligations fiscales d\u2019une soci\u00e9t\u00e9 \u00e0 responsabilit\u00e9 limit\u00e9e (SARL)\",\"url\":\"https:\\\/\\\/www.welex.es\\\/fr\\\/service\\\/obligations-fiscales-dune-societe-limitee\\\/\"}},{\"@type\":\"Offer\",\"itemOffered\":{\"@type\":\"Service\",\"name\":\"Obligations commerciales d\u2019une soci\u00e9t\u00e9 \u00e0 responsabilit\u00e9 limit\u00e9e (SL)\",\"url\":\"https:\\\/\\\/www.welex.es\\\/fr\\\/service\\\/mercantile-obligations-of-a-sl-company\\\/\"}},{\"@type\":\"Offer\",\"itemOffered\":{\"@type\":\"Service\",\"name\":\"R\u00e9vision des \u00e9tats financiers et comptables espagnols\",\"url\":\"https:\\\/\\\/www.welex.es\\\/fr\\\/service\\\/revision-des-etats-financiers-comptables\\\/\"}},{\"@type\":\"Offer\",\"itemOffered\":{\"@type\":\"Service\",\"name\":\"Points fiscaux\",\"url\":\"https:\\\/\\\/www.welex.es\\\/fr\\\/service\\\/impot\\\/\"}},{\"@type\":\"Offer\",\"itemOffered\":{\"@type\":\"Service\",\"name\":\"Formalit\u00e9s\",\"url\":\"https:\\\/\\\/www.welex.es\\\/fr\\\/service\\\/formalities\\\/\"}}]}},{\"@type\":\"Person\",\"@id\":\"https:\\\/\\\/www.welex.es\\\/fr\\\/#\\\/schema\\\/person\\\/a63d0e9ba5ab8e6903606fc509960d03\",\"name\":\"Noelia\",\"image\":{\"@type\":\"ImageObject\",\"inLanguage\":\"fr-FR\",\"@id\":\"https:\\\/\\\/secure.gravatar.com\\\/avatar\\\/347f4755252771b373551cdfd69b8ff13bf2c1d64cd80997b4502c4224a6c3f1?s=96&d=mm&r=g\",\"url\":\"https:\\\/\\\/secure.gravatar.com\\\/avatar\\\/347f4755252771b373551cdfd69b8ff13bf2c1d64cd80997b4502c4224a6c3f1?s=96&d=mm&r=g\",\"contentUrl\":\"https:\\\/\\\/secure.gravatar.com\\\/avatar\\\/347f4755252771b373551cdfd69b8ff13bf2c1d64cd80997b4502c4224a6c3f1?s=96&d=mm&r=g\",\"caption\":\"Noelia\"}}]}<\/script>\n<!-- \/ Yoast SEO Premium plugin. -->","yoast_head_json":{"title":"La f\u00eate du hareng \u00e0 Marbella 2022 - Welex","description":"La f\u00eate du hareng est organis\u00e9e chaque ann\u00e9e aux Pays-Bas vers la fin du mois de juin, pour c\u00e9l\u00e9brer l'arriv\u00e9e du nouveau hareng de Hollande.","robots":{"index":"index","follow":"follow","max-snippet":"max-snippet:-1","max-image-preview":"max-image-preview:large","max-video-preview":"max-video-preview:-1"},"canonical":"https:\/\/www.welex.es\/fr\/la-fete-du-hareng-a-marbella-2022\/","og_locale":"fr_FR","og_type":"article","og_title":"La f\u00eate du hareng \u00e0 Marbella 2022","og_description":"La f\u00eate du hareng est organis\u00e9e chaque ann\u00e9e aux Pays-Bas vers la fin du mois de juin, pour c\u00e9l\u00e9brer l'arriv\u00e9e du nouveau hareng de Hollande.","og_url":"https:\/\/www.welex.es\/fr\/la-fete-du-hareng-a-marbella-2022\/","og_site_name":"Welex","article_publisher":"https:\/\/www.facebook.com\/WelexLawyersAccountants\/","article_published_time":"2022-06-28T08:25:25+00:00","article_modified_time":"2025-09-09T06:44:27+00:00","og_image":[{"width":1178,"height":1144,"url":"https:\/\/www.welex.es\/wp-content\/uploads\/2022\/06\/Captura-de-pantalla-2022-06-28-a-las-9.41.57.png","type":"image\/png"}],"author":"Noelia","twitter_card":"summary_large_image","twitter_misc":{"\u00c9crit par":"Noelia","Dur\u00e9e de lecture estim\u00e9e":"4 minutes"},"schema":{"@context":"https:\/\/schema.org","@graph":[{"@type":"Article","@id":"https:\/\/www.welex.es\/fr\/la-fete-du-hareng-a-marbella-2022\/#article","isPartOf":{"@id":"https:\/\/www.welex.es\/fr\/la-fete-du-hareng-a-marbella-2022\/"},"author":{"name":"Noelia","@id":"https:\/\/www.welex.es\/fr\/#\/schema\/person\/a63d0e9ba5ab8e6903606fc509960d03"},"headline":"La f\u00eate du hareng \u00e0 Marbella 2022","datePublished":"2022-06-28T08:25:25+00:00","dateModified":"2025-09-09T06:44:27+00:00","mainEntityOfPage":{"@id":"https:\/\/www.welex.es\/fr\/la-fete-du-hareng-a-marbella-2022\/"},"wordCount":698,"publisher":{"@id":"https:\/\/www.welex.es\/#organization"},"image":{"@id":"https:\/\/www.welex.es\/fr\/la-fete-du-hareng-a-marbella-2022\/#primaryimage"},"thumbnailUrl":"https:\/\/www.welex.es\/wp-content\/uploads\/2022\/06\/Captura-de-pantalla-2022-06-28-a-las-9.41.57.png","articleSection":["Tourisme et culture en Espagne"],"inLanguage":"fr-FR"},{"@type":"WebPage","@id":"https:\/\/www.welex.es\/fr\/la-fete-du-hareng-a-marbella-2022\/","url":"https:\/\/www.welex.es\/fr\/la-fete-du-hareng-a-marbella-2022\/","name":"La f\u00eate du hareng \u00e0 Marbella 2022 - Welex","isPartOf":{"@id":"https:\/\/www.welex.es\/fr\/#website"},"primaryImageOfPage":{"@id":"https:\/\/www.welex.es\/fr\/la-fete-du-hareng-a-marbella-2022\/#primaryimage"},"image":{"@id":"https:\/\/www.welex.es\/fr\/la-fete-du-hareng-a-marbella-2022\/#primaryimage"},"thumbnailUrl":"https:\/\/www.welex.es\/wp-content\/uploads\/2022\/06\/Captura-de-pantalla-2022-06-28-a-las-9.41.57.png","datePublished":"2022-06-28T08:25:25+00:00","dateModified":"2025-09-09T06:44:27+00:00","description":"La f\u00eate du hareng est organis\u00e9e chaque ann\u00e9e aux Pays-Bas vers la fin du mois de juin, pour c\u00e9l\u00e9brer l'arriv\u00e9e du nouveau hareng de Hollande.","breadcrumb":{"@id":"https:\/\/www.welex.es\/fr\/la-fete-du-hareng-a-marbella-2022\/#breadcrumb"},"inLanguage":"fr-FR","potentialAction":[{"@type":"ReadAction","target":["https:\/\/www.welex.es\/fr\/la-fete-du-hareng-a-marbella-2022\/"]}]},{"@type":"ImageObject","inLanguage":"fr-FR","@id":"https:\/\/www.welex.es\/fr\/la-fete-du-hareng-a-marbella-2022\/#primaryimage","url":"https:\/\/www.welex.es\/wp-content\/uploads\/2022\/06\/Captura-de-pantalla-2022-06-28-a-las-9.41.57.png","contentUrl":"https:\/\/www.welex.es\/wp-content\/uploads\/2022\/06\/Captura-de-pantalla-2022-06-28-a-las-9.41.57.png","width":1178,"height":1144},{"@type":"BreadcrumbList","@id":"https:\/\/www.welex.es\/fr\/la-fete-du-hareng-a-marbella-2022\/#breadcrumb","itemListElement":[{"@type":"ListItem","position":1,"name":"Home","item":"https:\/\/www.welex.es\/fr\/"},{"@type":"ListItem","position":2,"name":"La f\u00eate du hareng \u00e0 Marbella 2022"}]},{"@type":"WebSite","@id":"https:\/\/www.welex.es\/fr\/#website","url":"https:\/\/www.welex.es\/fr\/","name":"Welex","description":"","publisher":{"@id":"https:\/\/www.welex.es\/#organization"},"potentialAction":[{"@type":"SearchAction","target":{"@type":"EntryPoint","urlTemplate":"https:\/\/www.welex.es\/fr\/?s={search_term_string}"},"query-input":{"@type":"PropertyValueSpecification","valueRequired":true,"valueName":"search_term_string"}}],"inLanguage":"fr-FR"},{"@type":["Organization","LegalService"],"@id":"https:\/\/www.welex.es\/#organization","name":"Welex","url":"https:\/\/www.welex.es\/","logo":{"@type":"ImageObject","inLanguage":"fr-FR","@id":"https:\/\/www.welex.es\/#\/schema\/logo\/image\/","url":"https:\/\/www.welex.es\/wp-content\/uploads\/2025\/05\/LOGOWELEXCORRECTO.png","contentUrl":"https:\/\/www.welex.es\/wp-content\/uploads\/2025\/05\/LOGOWELEXCORRECTO.png","width":2147,"height":771,"caption":"Welex"},"image":{"@id":"https:\/\/www.welex.es\/#\/schema\/logo\/image\/"},"sameAs":["https:\/\/www.facebook.com\/WelexLawyersAccountants\/","https:\/\/www.linkedin.com\/company\/welex\/","https:\/\/www.instagram.com\/welex.lawyers\/","https:\/\/www.tiktok.com\/@welex_lawyers_marbella","https:\/\/lawyerscostadelsol.com\/","https:\/\/www.accountant-spain.com\/","https:\/\/welex-solicitors.com\/"],"description":"Law firm in Marbella providing legal, tax, labour and accounting advice to individuals and companies in Spain, with over 20 years of experience.","email":"info@welex.es","telephone":"+34952775521","legalName":"Tr\u00e1mites Costa, S.L.","numberOfEmployees":{"@type":"QuantitativeValue","minValue":"11","maxValue":"50"},"address":{"@type":"PostalAddress","streetAddress":"Calle Ram\u00f3n G\u00f3mez de la Serna 23, Local 7","addressLocality":"Marbella","addressRegion":"M\u00e1laga","postalCode":"29602","addressCountry":"ES"},"geo":{"@type":"GeoCoordinates","latitude":36.5095366,"longitude":-4.8985745},"hasMap":"https:\/\/www.google.com\/maps\/search\/?api=1&query=Welex+Marbella","openingHoursSpecification":[{"@type":"OpeningHoursSpecification","dayOfWeek":["Monday","Tuesday","Wednesday","Thursday"],"opens":"08:30","closes":"17:00"},{"@type":"OpeningHoursSpecification","dayOfWeek":"Friday","opens":"08:30","closes":"14:30"}],"areaServed":[{"@type":"Country","name":"Spain"},{"@type":"AdministrativeArea","name":"Costa del Sol"},{"@type":"City","name":"Marbella"}],"knowsLanguage":["es","en","nl","fr"],"currenciesAccepted":"EUR","priceRange":"$$","slogan":"S\u00e9curit\u00e9 juridique. Clart\u00e9 fiscale. Conseil de confiance.","contactPoint":[{"@type":"ContactPoint","telephone":"+34952775521","email":"info@welex.es","contactType":"customer service","availableLanguage":["English","Spanish","Dutch","French"],"areaServed":"ES"}],"hasOfferCatalog":{"@type":"OfferCatalog","name":"Services juridiques, fiscaux et comptables en Espagne","itemListElement":[{"@type":"Offer","itemOffered":{"@type":"Service","name":"Avocats sp\u00e9cialis\u00e9s en immobilier \u00e0 Marbella : Achat et vente de biens en Espagne","url":"https:\/\/www.welex.es\/fr\/service\/conseil-dans-lacquisition-et-la-vente-de-biens-immobiliers\/"}},{"@type":"Offer","itemOffered":{"@type":"Service","name":"Avocats en testaments et successions \u00e0 Marbella","url":"https:\/\/www.welex.es\/fr\/service\/testaments-et-heritage\/"}},{"@type":"Offer","itemOffered":{"@type":"Service","name":"Droit des soci\u00e9t\u00e9s en Espagne","url":"https:\/\/www.welex.es\/fr\/service\/enterprises-et-societe\/"}},{"@type":"Offer","itemOffered":{"@type":"Service","name":"Conseils en droit du travail en Espagne","url":"https:\/\/www.welex.es\/fr\/service\/conseil-du-travail\/"}},{"@type":"Offer","itemOffered":{"@type":"Service","name":"Contentieux en Espagne","url":"https:\/\/www.welex.es\/fr\/service\/droit-procedural\/"}},{"@type":"Offer","itemOffered":{"@type":"Service","name":"Imp\u00f4t sur le revenu et imp\u00f4t sur la fortune en Espagne","url":"https:\/\/www.welex.es\/fr\/service\/acquisition-de-bien-immobilier-par-une-personne-physique-non-residentes-en-espagne\/"}},{"@type":"Offer","itemOffered":{"@type":"Service","name":"Obligations fiscales d\u2019une soci\u00e9t\u00e9 \u00e0 responsabilit\u00e9 limit\u00e9e (SARL)","url":"https:\/\/www.welex.es\/fr\/service\/obligations-fiscales-dune-societe-limitee\/"}},{"@type":"Offer","itemOffered":{"@type":"Service","name":"Obligations commerciales d\u2019une soci\u00e9t\u00e9 \u00e0 responsabilit\u00e9 limit\u00e9e (SL)","url":"https:\/\/www.welex.es\/fr\/service\/mercantile-obligations-of-a-sl-company\/"}},{"@type":"Offer","itemOffered":{"@type":"Service","name":"R\u00e9vision des \u00e9tats financiers et comptables espagnols","url":"https:\/\/www.welex.es\/fr\/service\/revision-des-etats-financiers-comptables\/"}},{"@type":"Offer","itemOffered":{"@type":"Service","name":"Points fiscaux","url":"https:\/\/www.welex.es\/fr\/service\/impot\/"}},{"@type":"Offer","itemOffered":{"@type":"Service","name":"Formalit\u00e9s","url":"https:\/\/www.welex.es\/fr\/service\/formalities\/"}}]}},{"@type":"Person","@id":"https:\/\/www.welex.es\/fr\/#\/schema\/person\/a63d0e9ba5ab8e6903606fc509960d03","name":"Noelia","image":{"@type":"ImageObject","inLanguage":"fr-FR","@id":"https:\/\/secure.gravatar.com\/avatar\/347f4755252771b373551cdfd69b8ff13bf2c1d64cd80997b4502c4224a6c3f1?s=96&d=mm&r=g","url":"https:\/\/secure.gravatar.com\/avatar\/347f4755252771b373551cdfd69b8ff13bf2c1d64cd80997b4502c4224a6c3f1?s=96&d=mm&r=g","contentUrl":"https:\/\/secure.gravatar.com\/avatar\/347f4755252771b373551cdfd69b8ff13bf2c1d64cd80997b4502c4224a6c3f1?s=96&d=mm&r=g","caption":"Noelia"}}]}},"_links":{"self":[{"href":"https:\/\/www.welex.es\/fr\/wp-json\/wp\/v2\/posts\/18375","targetHints":{"allow":["GET"]}}],"collection":[{"href":"https:\/\/www.welex.es\/fr\/wp-json\/wp\/v2\/posts"}],"about":[{"href":"https:\/\/www.welex.es\/fr\/wp-json\/wp\/v2\/types\/post"}],"author":[{"embeddable":true,"href":"https:\/\/www.welex.es\/fr\/wp-json\/wp\/v2\/users\/2"}],"replies":[{"embeddable":true,"href":"https:\/\/www.welex.es\/fr\/wp-json\/wp\/v2\/comments?post=18375"}],"version-history":[{"count":0,"href":"https:\/\/www.welex.es\/fr\/wp-json\/wp\/v2\/posts\/18375\/revisions"}],"wp:featuredmedia":[{"embeddable":true,"href":"https:\/\/www.welex.es\/fr\/wp-json\/wp\/v2\/media\/18366"}],"wp:attachment":[{"href":"https:\/\/www.welex.es\/fr\/wp-json\/wp\/v2\/media?parent=18375"}],"wp:term":[{"taxonomy":"category","embeddable":true,"href":"https:\/\/www.welex.es\/fr\/wp-json\/wp\/v2\/categories?post=18375"},{"taxonomy":"post_tag","embeddable":true,"href":"https:\/\/www.welex.es\/fr\/wp-json\/wp\/v2\/tags?post=18375"}],"curies":[{"name":"wp","href":"https:\/\/api.w.org\/{rel}","templated":true}]}}