{"id":19246,"date":"2023-07-03T11:27:11","date_gmt":"2023-07-03T11:27:11","guid":{"rendered":"https:\/\/www.welex.es\/?p=19246\/"},"modified":"2025-09-09T06:24:59","modified_gmt":"2025-09-09T06:24:59","slug":"haring-party-2023","status":"publish","type":"post","link":"https:\/\/www.welex.es\/fr\/haring-party-2023\/","title":{"rendered":"HARING PARTY 2023"},"content":{"rendered":"<p>Le 17 juin, le <a href=\"https:\/\/marbelladutchbusinessclub.nl\/\">Marbella Dutch Business Club (MDBC)<\/a> a comm\u00e9mor\u00e9 son vingti\u00e8me anniversaire lors d&rsquo;une magnifique c\u00e9l\u00e9bration connue sous le nom de Haring Party. L&rsquo;\u00e9v\u00e9nement a attir\u00e9 une foule impressionnante, avec pr\u00e8s de 150 participants. Parmi les invit\u00e9s de marque figurait <a href=\"https:\/\/www.welex.es\/fr\/\"><strong>Welex<\/strong><\/a>, une \u00e9minente \u00e9quipe d&rsquo;avocats et de comptables bas\u00e9e \u00e0 Marbella, qui a non seulement particip\u00e9 en tant qu&rsquo;invit\u00e9 d&rsquo;honneur, mais a \u00e9galement eu le privil\u00e8ge de parrainer l&rsquo;\u00e9v\u00e9nement.<\/p>\n<div style=\"width: 800px;\" class=\"wp-video\"><video class=\"wp-video-shortcode\" id=\"video-19246-1\" width=\"800\" height=\"453\" preload=\"metadata\" controls=\"controls\"><source type=\"video\/mp4\" src=\"https:\/\/www.welex.es\/wp-content\/uploads\/2023\/07\/VIDEO-2023-06-22-11-52-49-1.mp4?_=1\" \/><a href=\"https:\/\/www.welex.es\/wp-content\/uploads\/2023\/07\/VIDEO-2023-06-22-11-52-49-1.mp4\">https:\/\/www.welex.es\/wp-content\/uploads\/2023\/07\/VIDEO-2023-06-22-11-52-49-1.mp4<\/a><\/video><\/div>\n<p>La soir\u00e9e Haring \u00e0 Marbella, organis\u00e9e par le Marbella Dutch Business Club, est une rencontre sociale importante qui r\u00e9unit les membres de la communaut\u00e9 d&rsquo;affaires n\u00e9erlandaise \u00e0 Marbella, en Espagne. Cet \u00e9v\u00e9nement exclusif sert de plateforme pour le r\u00e9seautage, le d\u00e9veloppement des relations et la promotion des relations d&rsquo;affaires dans une atmosph\u00e8re vibrante et festive.<\/p>\n<p>&nbsp;<\/p>\n<p>La Haring Party est un hommage aux traditions n\u00e9erlandaises, en particulier au poisson haring (hareng), qui rev\u00eat une importance culturelle aux Pays-Bas. Les invit\u00e9s ont l&rsquo;occasion de se r\u00e9galer des meilleurs d\u00e9lices \u00e0 base de hareng, accompagn\u00e9s de boissons et de plats traditionnels n\u00e9erlandais.<\/p>\n<p>&nbsp;<\/p>\n<p>Au-del\u00e0 de ses \u00e9l\u00e9ments culturels, la f\u00eate du hareng est aussi un \u00e9v\u00e9nement \u00e0 caract\u00e8re professionnel. Les participants sont des entrepreneurs, des professionnels et des personnes influentes, ce qui cr\u00e9e un environnement propice \u00e0 l&rsquo;\u00e9tablissement de liens pr\u00e9cieux et \u00e0 l&rsquo;exploration de collaborations potentielles.<\/p>\n<p>&nbsp;<\/p>\n<p>L&rsquo;\u00e9v\u00e9nement se caract\u00e9rise par son ambiance anim\u00e9e, avec des concerts, des spectacles et des activit\u00e9s qui cr\u00e9ent une exp\u00e9rience dynamique et attrayante pour les participants. Il sert de plateforme pour c\u00e9l\u00e9brer la culture n\u00e9erlandaise, renforcer les liens commerciaux et profiter de la sc\u00e8ne sociale anim\u00e9e de Marbella.<\/p>\n<p>La Haring Party est une occasion o\u00f9 les affaires et le plaisir s&rsquo;entrem\u00ealent harmonieusement, laissant aux participants des souvenirs imp\u00e9rissables et favorisant un sentiment de communaut\u00e9 au sein de la communaut\u00e9 d&rsquo;affaires n\u00e9erlandaise de Marbella.<\/p>\n<p>&nbsp;<\/p>\n<p>Le Marbella Dutch Business Club accorde une grande importance \u00e0 la charit\u00e9. Les fonds collect\u00e9s aupr\u00e8s des membres sont attribu\u00e9s tous les deux ans \u00e0 une association caritative d&rsquo;Andalousie. Cette ann\u00e9e, c&rsquo;est Cudeca qui est l&rsquo;\u0153uvre caritative du club. Auparavant, il s&rsquo;agissait de Debra, Free a girl, Bancosol (banque alimentaire).<\/p>\n<p>&nbsp;<\/p>\n<p>Comme \u00e0 l&rsquo;accoutum\u00e9e, le prix du chapeau le plus exquis est mis \u00e0 l&rsquo;honneur lors de la Haring Party \u00e0 Marbella, captivant l&rsquo;attention de tous les participants. Cette ch\u00e8re tradition se poursuit pour l&rsquo;\u00e9dition 2023 de l&rsquo;\u00e9v\u00e9nement, ajoutant une touche suppl\u00e9mentaire d&rsquo;\u00e9l\u00e9gance et d&rsquo;allure \u00e0 la f\u00eate. Chaque ann\u00e9e, les plus beaux chapeaux pamela sont pr\u00e9sent\u00e9s et admir\u00e9s pour leur beaut\u00e9 et leur savoir-faire. La comp\u00e9tition pour le plus beau chapeau pamela cr\u00e9e un climat d&rsquo;excitation, les participants s&rsquo;effor\u00e7ant de captiver les juges et les autres f\u00eatards avec leurs cr\u00e9ations uniques et \u00e9tonnantes. Ce concours fait partie int\u00e9grante de la Haring Party, dont il renforce l&rsquo;atmosph\u00e8re enchanteresse et offre un spectacle d\u00e9licieux \u00e0 tous.<\/p>\n<p>&nbsp;<\/p>\n<p><strong>Le prix du Hareng d&rsquo;or<\/strong><\/p>\n<p>&nbsp;<\/p>\n<p>Cette ann\u00e9e, Mr. Kasper Huijsman a re\u00e7u la prestigieuse statuette dor\u00e9e lors du festival annuel, en reconnaissance de son remarquable d\u00e9vouement \u00e0 l&rsquo;int\u00e9gration et \u00e0 la promotion de la culture n\u00e9erlandaise sur la Costa del Sol. Ce prix, d\u00e9cern\u00e9 chaque ann\u00e9e, rend hommage aux personnes qui ont d\u00e9ploy\u00e9 des efforts exceptionnels pour int\u00e9grer les influences culturelles n\u00e9erlandaises dans la r\u00e9gion.<\/p>\n","protected":false},"excerpt":{"rendered":"<p>Le 17 juin, le Marbella Dutch Business Club (MDBC) a comm\u00e9mor\u00e9 son vingti\u00e8me anniversaire lors d&rsquo;une magnifique c\u00e9l\u00e9bration connue sous le nom de Haring Party. L&rsquo;\u00e9v\u00e9nement a attir\u00e9 une foule impressionnante, avec pr\u00e8s de 150 participants. Parmi les invit\u00e9s de marque figurait Welex, une \u00e9minente \u00e9quipe d&rsquo;avocats et de comptables bas\u00e9e \u00e0 Marbella, qui a [&hellip;]<\/p>\n","protected":false},"author":2,"featured_media":19238,"comment_status":"closed","ping_status":"closed","sticky":false,"template":"","format":"standard","meta":{"_acf_changed":false,"footnotes":""},"categories":[430],"tags":[797,808],"class_list":["post-19246","post","type-post","status-publish","format-standard","has-post-thumbnail","hentry","category-tourisme-et-culture-en-espagne","tag-haring-party-2","tag-haring-party-2023-4"],"acf":[],"yoast_head":"<!-- This site is optimized with the Yoast SEO Premium plugin v27.9 (Yoast SEO v27.9) - https:\/\/yoast.com\/product\/yoast-seo-premium-wordpress\/ -->\n<title>Haring Party 2023 | Welex Avocats et \u00c9conomistes<\/title>\n<meta name=\"description\" content=\"Le 17 juin, le Marbella Dutch Business Club a comm\u00e9mor\u00e9 son vingti\u00e8me anniversaire lors d&#039;une magnifique c\u00e9l\u00e9bration connue sous le nom de Haring Party.\" \/>\n<meta name=\"robots\" content=\"index, follow, max-snippet:-1, max-image-preview:large, max-video-preview:-1\" \/>\n<link rel=\"canonical\" href=\"https:\/\/www.welex.es\/fr\/haring-party-2023\/\" \/>\n<meta property=\"og:locale\" content=\"fr_FR\" \/>\n<meta property=\"og:type\" content=\"article\" \/>\n<meta property=\"og:title\" content=\"HARING PARTY 2023\" \/>\n<meta property=\"og:description\" content=\"Le 17 juin, le Marbella Dutch Business Club a comm\u00e9mor\u00e9 son vingti\u00e8me anniversaire lors d&#039;une magnifique c\u00e9l\u00e9bration connue sous le nom de Haring Party.\" \/>\n<meta property=\"og:url\" content=\"https:\/\/www.welex.es\/fr\/haring-party-2023\/\" \/>\n<meta property=\"og:site_name\" content=\"Welex\" \/>\n<meta property=\"article:publisher\" content=\"https:\/\/www.facebook.com\/WelexLawyersAccountants\/\" \/>\n<meta property=\"article:published_time\" content=\"2023-07-03T11:27:11+00:00\" \/>\n<meta property=\"article:modified_time\" content=\"2025-09-09T06:24:59+00:00\" \/>\n<meta property=\"og:image\" content=\"https:\/\/www.welex.es\/wp-content\/uploads\/2023\/07\/Facebooklinkedinblogs-Welex-28.png\" \/>\n\t<meta property=\"og:image:width\" content=\"1024\" \/>\n\t<meta property=\"og:image:height\" content=\"768\" \/>\n\t<meta property=\"og:image:type\" content=\"image\/png\" \/>\n<meta name=\"author\" content=\"Noelia\" \/>\n<meta name=\"twitter:card\" content=\"summary_large_image\" \/>\n<meta name=\"twitter:label1\" content=\"\u00c9crit par\" \/>\n\t<meta name=\"twitter:data1\" content=\"Noelia\" \/>\n\t<meta name=\"twitter:label2\" content=\"Dur\u00e9e de lecture estim\u00e9e\" \/>\n\t<meta name=\"twitter:data2\" content=\"3 minutes\" \/>\n<script type=\"application\/ld+json\" class=\"yoast-schema-graph\">{\"@context\":\"https:\\\/\\\/schema.org\",\"@graph\":[{\"@type\":\"Article\",\"@id\":\"https:\\\/\\\/www.welex.es\\\/fr\\\/haring-party-2023\\\/#article\",\"isPartOf\":{\"@id\":\"https:\\\/\\\/www.welex.es\\\/fr\\\/haring-party-2023\\\/\"},\"author\":{\"name\":\"Noelia\",\"@id\":\"https:\\\/\\\/www.welex.es\\\/fr\\\/#\\\/schema\\\/person\\\/a63d0e9ba5ab8e6903606fc509960d03\"},\"headline\":\"HARING PARTY 2023\",\"datePublished\":\"2023-07-03T11:27:11+00:00\",\"dateModified\":\"2025-09-09T06:24:59+00:00\",\"mainEntityOfPage\":{\"@id\":\"https:\\\/\\\/www.welex.es\\\/fr\\\/haring-party-2023\\\/\"},\"wordCount\":643,\"publisher\":{\"@id\":\"https:\\\/\\\/www.welex.es\\\/#organization\"},\"image\":{\"@id\":\"https:\\\/\\\/www.welex.es\\\/fr\\\/haring-party-2023\\\/#primaryimage\"},\"thumbnailUrl\":\"https:\\\/\\\/www.welex.es\\\/wp-content\\\/uploads\\\/2023\\\/07\\\/Facebooklinkedinblogs-Welex-28.png\",\"keywords\":[\"Haring party\",\"haring party 2023\"],\"articleSection\":[\"Tourisme et culture en Espagne\"],\"inLanguage\":\"fr-FR\"},{\"@type\":\"WebPage\",\"@id\":\"https:\\\/\\\/www.welex.es\\\/fr\\\/haring-party-2023\\\/\",\"url\":\"https:\\\/\\\/www.welex.es\\\/fr\\\/haring-party-2023\\\/\",\"name\":\"Haring Party 2023 | Welex Avocats et \u00c9conomistes\",\"isPartOf\":{\"@id\":\"https:\\\/\\\/www.welex.es\\\/fr\\\/#website\"},\"primaryImageOfPage\":{\"@id\":\"https:\\\/\\\/www.welex.es\\\/fr\\\/haring-party-2023\\\/#primaryimage\"},\"image\":{\"@id\":\"https:\\\/\\\/www.welex.es\\\/fr\\\/haring-party-2023\\\/#primaryimage\"},\"thumbnailUrl\":\"https:\\\/\\\/www.welex.es\\\/wp-content\\\/uploads\\\/2023\\\/07\\\/Facebooklinkedinblogs-Welex-28.png\",\"datePublished\":\"2023-07-03T11:27:11+00:00\",\"dateModified\":\"2025-09-09T06:24:59+00:00\",\"description\":\"Le 17 juin, le Marbella Dutch Business Club a comm\u00e9mor\u00e9 son vingti\u00e8me anniversaire lors d'une magnifique c\u00e9l\u00e9bration connue sous le nom de Haring Party.\",\"breadcrumb\":{\"@id\":\"https:\\\/\\\/www.welex.es\\\/fr\\\/haring-party-2023\\\/#breadcrumb\"},\"inLanguage\":\"fr-FR\",\"potentialAction\":[{\"@type\":\"ReadAction\",\"target\":[\"https:\\\/\\\/www.welex.es\\\/fr\\\/haring-party-2023\\\/\"]}]},{\"@type\":\"ImageObject\",\"inLanguage\":\"fr-FR\",\"@id\":\"https:\\\/\\\/www.welex.es\\\/fr\\\/haring-party-2023\\\/#primaryimage\",\"url\":\"https:\\\/\\\/www.welex.es\\\/wp-content\\\/uploads\\\/2023\\\/07\\\/Facebooklinkedinblogs-Welex-28.png\",\"contentUrl\":\"https:\\\/\\\/www.welex.es\\\/wp-content\\\/uploads\\\/2023\\\/07\\\/Facebooklinkedinblogs-Welex-28.png\",\"width\":1024,\"height\":768},{\"@type\":\"BreadcrumbList\",\"@id\":\"https:\\\/\\\/www.welex.es\\\/fr\\\/haring-party-2023\\\/#breadcrumb\",\"itemListElement\":[{\"@type\":\"ListItem\",\"position\":1,\"name\":\"Home\",\"item\":\"https:\\\/\\\/www.welex.es\\\/fr\\\/\"},{\"@type\":\"ListItem\",\"position\":2,\"name\":\"HARING PARTY 2023\"}]},{\"@type\":\"WebSite\",\"@id\":\"https:\\\/\\\/www.welex.es\\\/fr\\\/#website\",\"url\":\"https:\\\/\\\/www.welex.es\\\/fr\\\/\",\"name\":\"Welex\",\"description\":\"\",\"publisher\":{\"@id\":\"https:\\\/\\\/www.welex.es\\\/#organization\"},\"potentialAction\":[{\"@type\":\"SearchAction\",\"target\":{\"@type\":\"EntryPoint\",\"urlTemplate\":\"https:\\\/\\\/www.welex.es\\\/fr\\\/?s={search_term_string}\"},\"query-input\":{\"@type\":\"PropertyValueSpecification\",\"valueRequired\":true,\"valueName\":\"search_term_string\"}}],\"inLanguage\":\"fr-FR\"},{\"@type\":[\"Organization\",\"LegalService\"],\"@id\":\"https:\\\/\\\/www.welex.es\\\/#organization\",\"name\":\"Welex\",\"url\":\"https:\\\/\\\/www.welex.es\\\/\",\"logo\":{\"@type\":\"ImageObject\",\"inLanguage\":\"fr-FR\",\"@id\":\"https:\\\/\\\/www.welex.es\\\/#\\\/schema\\\/logo\\\/image\\\/\",\"url\":\"https:\\\/\\\/www.welex.es\\\/wp-content\\\/uploads\\\/2025\\\/05\\\/LOGOWELEXCORRECTO.png\",\"contentUrl\":\"https:\\\/\\\/www.welex.es\\\/wp-content\\\/uploads\\\/2025\\\/05\\\/LOGOWELEXCORRECTO.png\",\"width\":2147,\"height\":771,\"caption\":\"Welex\"},\"image\":{\"@id\":\"https:\\\/\\\/www.welex.es\\\/#\\\/schema\\\/logo\\\/image\\\/\"},\"sameAs\":[\"https:\\\/\\\/www.facebook.com\\\/WelexLawyersAccountants\\\/\",\"https:\\\/\\\/www.linkedin.com\\\/company\\\/welex\\\/\",\"https:\\\/\\\/www.instagram.com\\\/welex.lawyers\\\/\",\"https:\\\/\\\/www.tiktok.com\\\/@welex_lawyers_marbella\",\"https:\\\/\\\/lawyerscostadelsol.com\\\/\",\"https:\\\/\\\/www.accountant-spain.com\\\/\",\"https:\\\/\\\/welex-solicitors.com\\\/\"],\"description\":\"Law firm in Marbella providing legal, tax, labour and accounting advice to individuals and companies in Spain, with over 20 years of experience.\",\"email\":\"info@welex.es\",\"telephone\":\"+34952775521\",\"legalName\":\"Tr\u00e1mites Costa, S.L.\",\"numberOfEmployees\":{\"@type\":\"QuantitativeValue\",\"minValue\":\"11\",\"maxValue\":\"50\"},\"address\":{\"@type\":\"PostalAddress\",\"streetAddress\":\"Calle Ram\u00f3n G\u00f3mez de la Serna 23, Local 7\",\"addressLocality\":\"Marbella\",\"addressRegion\":\"M\u00e1laga\",\"postalCode\":\"29602\",\"addressCountry\":\"ES\"},\"geo\":{\"@type\":\"GeoCoordinates\",\"latitude\":36.5095366,\"longitude\":-4.8985745},\"hasMap\":\"https:\\\/\\\/www.google.com\\\/maps\\\/search\\\/?api=1&query=Welex+Marbella\",\"openingHoursSpecification\":[{\"@type\":\"OpeningHoursSpecification\",\"dayOfWeek\":[\"Monday\",\"Tuesday\",\"Wednesday\",\"Thursday\"],\"opens\":\"08:30\",\"closes\":\"17:00\"},{\"@type\":\"OpeningHoursSpecification\",\"dayOfWeek\":\"Friday\",\"opens\":\"08:30\",\"closes\":\"14:30\"}],\"areaServed\":[{\"@type\":\"Country\",\"name\":\"Spain\"},{\"@type\":\"AdministrativeArea\",\"name\":\"Costa del Sol\"},{\"@type\":\"City\",\"name\":\"Marbella\"}],\"knowsLanguage\":[\"es\",\"en\",\"nl\",\"fr\"],\"currenciesAccepted\":\"EUR\",\"priceRange\":\"$$\",\"slogan\":\"S\u00e9curit\u00e9 juridique. Clart\u00e9 fiscale. Conseil de confiance.\",\"contactPoint\":[{\"@type\":\"ContactPoint\",\"telephone\":\"+34952775521\",\"email\":\"info@welex.es\",\"contactType\":\"customer service\",\"availableLanguage\":[\"English\",\"Spanish\",\"Dutch\",\"French\"],\"areaServed\":\"ES\"}],\"hasOfferCatalog\":{\"@type\":\"OfferCatalog\",\"name\":\"Services juridiques, fiscaux et comptables en Espagne\",\"itemListElement\":[{\"@type\":\"Offer\",\"itemOffered\":{\"@type\":\"Service\",\"name\":\"Avocats sp\u00e9cialis\u00e9s en immobilier \u00e0 Marbella : Achat et vente de biens en Espagne\",\"url\":\"https:\\\/\\\/www.welex.es\\\/fr\\\/service\\\/conseil-dans-lacquisition-et-la-vente-de-biens-immobiliers\\\/\"}},{\"@type\":\"Offer\",\"itemOffered\":{\"@type\":\"Service\",\"name\":\"Avocats en testaments et successions \u00e0 Marbella\",\"url\":\"https:\\\/\\\/www.welex.es\\\/fr\\\/service\\\/testaments-et-heritage\\\/\"}},{\"@type\":\"Offer\",\"itemOffered\":{\"@type\":\"Service\",\"name\":\"Droit des soci\u00e9t\u00e9s en Espagne\",\"url\":\"https:\\\/\\\/www.welex.es\\\/fr\\\/service\\\/enterprises-et-societe\\\/\"}},{\"@type\":\"Offer\",\"itemOffered\":{\"@type\":\"Service\",\"name\":\"Conseils en droit du travail en Espagne\",\"url\":\"https:\\\/\\\/www.welex.es\\\/fr\\\/service\\\/conseil-du-travail\\\/\"}},{\"@type\":\"Offer\",\"itemOffered\":{\"@type\":\"Service\",\"name\":\"Contentieux en Espagne\",\"url\":\"https:\\\/\\\/www.welex.es\\\/fr\\\/service\\\/droit-procedural\\\/\"}},{\"@type\":\"Offer\",\"itemOffered\":{\"@type\":\"Service\",\"name\":\"Imp\u00f4t sur le revenu et imp\u00f4t sur la fortune en Espagne\",\"url\":\"https:\\\/\\\/www.welex.es\\\/fr\\\/service\\\/acquisition-de-bien-immobilier-par-une-personne-physique-non-residentes-en-espagne\\\/\"}},{\"@type\":\"Offer\",\"itemOffered\":{\"@type\":\"Service\",\"name\":\"Obligations fiscales d\u2019une soci\u00e9t\u00e9 \u00e0 responsabilit\u00e9 limit\u00e9e (SARL)\",\"url\":\"https:\\\/\\\/www.welex.es\\\/fr\\\/service\\\/obligations-fiscales-dune-societe-limitee\\\/\"}},{\"@type\":\"Offer\",\"itemOffered\":{\"@type\":\"Service\",\"name\":\"Obligations commerciales d\u2019une soci\u00e9t\u00e9 \u00e0 responsabilit\u00e9 limit\u00e9e (SL)\",\"url\":\"https:\\\/\\\/www.welex.es\\\/fr\\\/service\\\/mercantile-obligations-of-a-sl-company\\\/\"}},{\"@type\":\"Offer\",\"itemOffered\":{\"@type\":\"Service\",\"name\":\"R\u00e9vision des \u00e9tats financiers et comptables espagnols\",\"url\":\"https:\\\/\\\/www.welex.es\\\/fr\\\/service\\\/revision-des-etats-financiers-comptables\\\/\"}},{\"@type\":\"Offer\",\"itemOffered\":{\"@type\":\"Service\",\"name\":\"Points fiscaux\",\"url\":\"https:\\\/\\\/www.welex.es\\\/fr\\\/service\\\/impot\\\/\"}},{\"@type\":\"Offer\",\"itemOffered\":{\"@type\":\"Service\",\"name\":\"Formalit\u00e9s\",\"url\":\"https:\\\/\\\/www.welex.es\\\/fr\\\/service\\\/formalities\\\/\"}}]}},{\"@type\":\"Person\",\"@id\":\"https:\\\/\\\/www.welex.es\\\/fr\\\/#\\\/schema\\\/person\\\/a63d0e9ba5ab8e6903606fc509960d03\",\"name\":\"Noelia\",\"image\":{\"@type\":\"ImageObject\",\"inLanguage\":\"fr-FR\",\"@id\":\"https:\\\/\\\/secure.gravatar.com\\\/avatar\\\/347f4755252771b373551cdfd69b8ff13bf2c1d64cd80997b4502c4224a6c3f1?s=96&d=mm&r=g\",\"url\":\"https:\\\/\\\/secure.gravatar.com\\\/avatar\\\/347f4755252771b373551cdfd69b8ff13bf2c1d64cd80997b4502c4224a6c3f1?s=96&d=mm&r=g\",\"contentUrl\":\"https:\\\/\\\/secure.gravatar.com\\\/avatar\\\/347f4755252771b373551cdfd69b8ff13bf2c1d64cd80997b4502c4224a6c3f1?s=96&d=mm&r=g\",\"caption\":\"Noelia\"}}]}<\/script>\n<!-- \/ Yoast SEO Premium plugin. -->","yoast_head_json":{"title":"Haring Party 2023 | Welex Avocats et \u00c9conomistes","description":"Le 17 juin, le Marbella Dutch Business Club a comm\u00e9mor\u00e9 son vingti\u00e8me anniversaire lors d'une magnifique c\u00e9l\u00e9bration connue sous le nom de Haring Party.","robots":{"index":"index","follow":"follow","max-snippet":"max-snippet:-1","max-image-preview":"max-image-preview:large","max-video-preview":"max-video-preview:-1"},"canonical":"https:\/\/www.welex.es\/fr\/haring-party-2023\/","og_locale":"fr_FR","og_type":"article","og_title":"HARING PARTY 2023","og_description":"Le 17 juin, le Marbella Dutch Business Club a comm\u00e9mor\u00e9 son vingti\u00e8me anniversaire lors d'une magnifique c\u00e9l\u00e9bration connue sous le nom de Haring Party.","og_url":"https:\/\/www.welex.es\/fr\/haring-party-2023\/","og_site_name":"Welex","article_publisher":"https:\/\/www.facebook.com\/WelexLawyersAccountants\/","article_published_time":"2023-07-03T11:27:11+00:00","article_modified_time":"2025-09-09T06:24:59+00:00","og_image":[{"width":1024,"height":768,"url":"https:\/\/www.welex.es\/wp-content\/uploads\/2023\/07\/Facebooklinkedinblogs-Welex-28.png","type":"image\/png"}],"author":"Noelia","twitter_card":"summary_large_image","twitter_misc":{"\u00c9crit par":"Noelia","Dur\u00e9e de lecture estim\u00e9e":"3 minutes"},"schema":{"@context":"https:\/\/schema.org","@graph":[{"@type":"Article","@id":"https:\/\/www.welex.es\/fr\/haring-party-2023\/#article","isPartOf":{"@id":"https:\/\/www.welex.es\/fr\/haring-party-2023\/"},"author":{"name":"Noelia","@id":"https:\/\/www.welex.es\/fr\/#\/schema\/person\/a63d0e9ba5ab8e6903606fc509960d03"},"headline":"HARING PARTY 2023","datePublished":"2023-07-03T11:27:11+00:00","dateModified":"2025-09-09T06:24:59+00:00","mainEntityOfPage":{"@id":"https:\/\/www.welex.es\/fr\/haring-party-2023\/"},"wordCount":643,"publisher":{"@id":"https:\/\/www.welex.es\/#organization"},"image":{"@id":"https:\/\/www.welex.es\/fr\/haring-party-2023\/#primaryimage"},"thumbnailUrl":"https:\/\/www.welex.es\/wp-content\/uploads\/2023\/07\/Facebooklinkedinblogs-Welex-28.png","keywords":["Haring party","haring party 2023"],"articleSection":["Tourisme et culture en Espagne"],"inLanguage":"fr-FR"},{"@type":"WebPage","@id":"https:\/\/www.welex.es\/fr\/haring-party-2023\/","url":"https:\/\/www.welex.es\/fr\/haring-party-2023\/","name":"Haring Party 2023 | Welex Avocats et \u00c9conomistes","isPartOf":{"@id":"https:\/\/www.welex.es\/fr\/#website"},"primaryImageOfPage":{"@id":"https:\/\/www.welex.es\/fr\/haring-party-2023\/#primaryimage"},"image":{"@id":"https:\/\/www.welex.es\/fr\/haring-party-2023\/#primaryimage"},"thumbnailUrl":"https:\/\/www.welex.es\/wp-content\/uploads\/2023\/07\/Facebooklinkedinblogs-Welex-28.png","datePublished":"2023-07-03T11:27:11+00:00","dateModified":"2025-09-09T06:24:59+00:00","description":"Le 17 juin, le Marbella Dutch Business Club a comm\u00e9mor\u00e9 son vingti\u00e8me anniversaire lors d'une magnifique c\u00e9l\u00e9bration connue sous le nom de Haring Party.","breadcrumb":{"@id":"https:\/\/www.welex.es\/fr\/haring-party-2023\/#breadcrumb"},"inLanguage":"fr-FR","potentialAction":[{"@type":"ReadAction","target":["https:\/\/www.welex.es\/fr\/haring-party-2023\/"]}]},{"@type":"ImageObject","inLanguage":"fr-FR","@id":"https:\/\/www.welex.es\/fr\/haring-party-2023\/#primaryimage","url":"https:\/\/www.welex.es\/wp-content\/uploads\/2023\/07\/Facebooklinkedinblogs-Welex-28.png","contentUrl":"https:\/\/www.welex.es\/wp-content\/uploads\/2023\/07\/Facebooklinkedinblogs-Welex-28.png","width":1024,"height":768},{"@type":"BreadcrumbList","@id":"https:\/\/www.welex.es\/fr\/haring-party-2023\/#breadcrumb","itemListElement":[{"@type":"ListItem","position":1,"name":"Home","item":"https:\/\/www.welex.es\/fr\/"},{"@type":"ListItem","position":2,"name":"HARING PARTY 2023"}]},{"@type":"WebSite","@id":"https:\/\/www.welex.es\/fr\/#website","url":"https:\/\/www.welex.es\/fr\/","name":"Welex","description":"","publisher":{"@id":"https:\/\/www.welex.es\/#organization"},"potentialAction":[{"@type":"SearchAction","target":{"@type":"EntryPoint","urlTemplate":"https:\/\/www.welex.es\/fr\/?s={search_term_string}"},"query-input":{"@type":"PropertyValueSpecification","valueRequired":true,"valueName":"search_term_string"}}],"inLanguage":"fr-FR"},{"@type":["Organization","LegalService"],"@id":"https:\/\/www.welex.es\/#organization","name":"Welex","url":"https:\/\/www.welex.es\/","logo":{"@type":"ImageObject","inLanguage":"fr-FR","@id":"https:\/\/www.welex.es\/#\/schema\/logo\/image\/","url":"https:\/\/www.welex.es\/wp-content\/uploads\/2025\/05\/LOGOWELEXCORRECTO.png","contentUrl":"https:\/\/www.welex.es\/wp-content\/uploads\/2025\/05\/LOGOWELEXCORRECTO.png","width":2147,"height":771,"caption":"Welex"},"image":{"@id":"https:\/\/www.welex.es\/#\/schema\/logo\/image\/"},"sameAs":["https:\/\/www.facebook.com\/WelexLawyersAccountants\/","https:\/\/www.linkedin.com\/company\/welex\/","https:\/\/www.instagram.com\/welex.lawyers\/","https:\/\/www.tiktok.com\/@welex_lawyers_marbella","https:\/\/lawyerscostadelsol.com\/","https:\/\/www.accountant-spain.com\/","https:\/\/welex-solicitors.com\/"],"description":"Law firm in Marbella providing legal, tax, labour and accounting advice to individuals and companies in Spain, with over 20 years of experience.","email":"info@welex.es","telephone":"+34952775521","legalName":"Tr\u00e1mites Costa, S.L.","numberOfEmployees":{"@type":"QuantitativeValue","minValue":"11","maxValue":"50"},"address":{"@type":"PostalAddress","streetAddress":"Calle Ram\u00f3n G\u00f3mez de la Serna 23, Local 7","addressLocality":"Marbella","addressRegion":"M\u00e1laga","postalCode":"29602","addressCountry":"ES"},"geo":{"@type":"GeoCoordinates","latitude":36.5095366,"longitude":-4.8985745},"hasMap":"https:\/\/www.google.com\/maps\/search\/?api=1&query=Welex+Marbella","openingHoursSpecification":[{"@type":"OpeningHoursSpecification","dayOfWeek":["Monday","Tuesday","Wednesday","Thursday"],"opens":"08:30","closes":"17:00"},{"@type":"OpeningHoursSpecification","dayOfWeek":"Friday","opens":"08:30","closes":"14:30"}],"areaServed":[{"@type":"Country","name":"Spain"},{"@type":"AdministrativeArea","name":"Costa del Sol"},{"@type":"City","name":"Marbella"}],"knowsLanguage":["es","en","nl","fr"],"currenciesAccepted":"EUR","priceRange":"$$","slogan":"S\u00e9curit\u00e9 juridique. Clart\u00e9 fiscale. Conseil de confiance.","contactPoint":[{"@type":"ContactPoint","telephone":"+34952775521","email":"info@welex.es","contactType":"customer service","availableLanguage":["English","Spanish","Dutch","French"],"areaServed":"ES"}],"hasOfferCatalog":{"@type":"OfferCatalog","name":"Services juridiques, fiscaux et comptables en Espagne","itemListElement":[{"@type":"Offer","itemOffered":{"@type":"Service","name":"Avocats sp\u00e9cialis\u00e9s en immobilier \u00e0 Marbella : Achat et vente de biens en Espagne","url":"https:\/\/www.welex.es\/fr\/service\/conseil-dans-lacquisition-et-la-vente-de-biens-immobiliers\/"}},{"@type":"Offer","itemOffered":{"@type":"Service","name":"Avocats en testaments et successions \u00e0 Marbella","url":"https:\/\/www.welex.es\/fr\/service\/testaments-et-heritage\/"}},{"@type":"Offer","itemOffered":{"@type":"Service","name":"Droit des soci\u00e9t\u00e9s en Espagne","url":"https:\/\/www.welex.es\/fr\/service\/enterprises-et-societe\/"}},{"@type":"Offer","itemOffered":{"@type":"Service","name":"Conseils en droit du travail en Espagne","url":"https:\/\/www.welex.es\/fr\/service\/conseil-du-travail\/"}},{"@type":"Offer","itemOffered":{"@type":"Service","name":"Contentieux en Espagne","url":"https:\/\/www.welex.es\/fr\/service\/droit-procedural\/"}},{"@type":"Offer","itemOffered":{"@type":"Service","name":"Imp\u00f4t sur le revenu et imp\u00f4t sur la fortune en Espagne","url":"https:\/\/www.welex.es\/fr\/service\/acquisition-de-bien-immobilier-par-une-personne-physique-non-residentes-en-espagne\/"}},{"@type":"Offer","itemOffered":{"@type":"Service","name":"Obligations fiscales d\u2019une soci\u00e9t\u00e9 \u00e0 responsabilit\u00e9 limit\u00e9e (SARL)","url":"https:\/\/www.welex.es\/fr\/service\/obligations-fiscales-dune-societe-limitee\/"}},{"@type":"Offer","itemOffered":{"@type":"Service","name":"Obligations commerciales d\u2019une soci\u00e9t\u00e9 \u00e0 responsabilit\u00e9 limit\u00e9e (SL)","url":"https:\/\/www.welex.es\/fr\/service\/mercantile-obligations-of-a-sl-company\/"}},{"@type":"Offer","itemOffered":{"@type":"Service","name":"R\u00e9vision des \u00e9tats financiers et comptables espagnols","url":"https:\/\/www.welex.es\/fr\/service\/revision-des-etats-financiers-comptables\/"}},{"@type":"Offer","itemOffered":{"@type":"Service","name":"Points fiscaux","url":"https:\/\/www.welex.es\/fr\/service\/impot\/"}},{"@type":"Offer","itemOffered":{"@type":"Service","name":"Formalit\u00e9s","url":"https:\/\/www.welex.es\/fr\/service\/formalities\/"}}]}},{"@type":"Person","@id":"https:\/\/www.welex.es\/fr\/#\/schema\/person\/a63d0e9ba5ab8e6903606fc509960d03","name":"Noelia","image":{"@type":"ImageObject","inLanguage":"fr-FR","@id":"https:\/\/secure.gravatar.com\/avatar\/347f4755252771b373551cdfd69b8ff13bf2c1d64cd80997b4502c4224a6c3f1?s=96&d=mm&r=g","url":"https:\/\/secure.gravatar.com\/avatar\/347f4755252771b373551cdfd69b8ff13bf2c1d64cd80997b4502c4224a6c3f1?s=96&d=mm&r=g","contentUrl":"https:\/\/secure.gravatar.com\/avatar\/347f4755252771b373551cdfd69b8ff13bf2c1d64cd80997b4502c4224a6c3f1?s=96&d=mm&r=g","caption":"Noelia"}}]}},"_links":{"self":[{"href":"https:\/\/www.welex.es\/fr\/wp-json\/wp\/v2\/posts\/19246","targetHints":{"allow":["GET"]}}],"collection":[{"href":"https:\/\/www.welex.es\/fr\/wp-json\/wp\/v2\/posts"}],"about":[{"href":"https:\/\/www.welex.es\/fr\/wp-json\/wp\/v2\/types\/post"}],"author":[{"embeddable":true,"href":"https:\/\/www.welex.es\/fr\/wp-json\/wp\/v2\/users\/2"}],"replies":[{"embeddable":true,"href":"https:\/\/www.welex.es\/fr\/wp-json\/wp\/v2\/comments?post=19246"}],"version-history":[{"count":0,"href":"https:\/\/www.welex.es\/fr\/wp-json\/wp\/v2\/posts\/19246\/revisions"}],"wp:featuredmedia":[{"embeddable":true,"href":"https:\/\/www.welex.es\/fr\/wp-json\/wp\/v2\/media\/19238"}],"wp:attachment":[{"href":"https:\/\/www.welex.es\/fr\/wp-json\/wp\/v2\/media?parent=19246"}],"wp:term":[{"taxonomy":"category","embeddable":true,"href":"https:\/\/www.welex.es\/fr\/wp-json\/wp\/v2\/categories?post=19246"},{"taxonomy":"post_tag","embeddable":true,"href":"https:\/\/www.welex.es\/fr\/wp-json\/wp\/v2\/tags?post=19246"}],"curies":[{"name":"wp","href":"https:\/\/api.w.org\/{rel}","templated":true}]}}