{"id":30114,"date":"2026-03-09T11:00:44","date_gmt":"2026-03-09T11:00:44","guid":{"rendered":"https:\/\/www.welex.es\/?p=30114"},"modified":"2026-03-06T12:17:20","modified_gmt":"2026-03-06T12:17:20","slug":"dividendes-filiale-espagnole-societe-mere-ue","status":"publish","type":"post","link":"https:\/\/www.welex.es\/fr\/dividendes-filiale-espagnole-societe-mere-ue\/","title":{"rendered":"Imposition des dividendes vers\u00e9s par une filiale espagnole \u00e0 une soci\u00e9t\u00e9 m\u00e8re dans l\u2019UE"},"content":{"rendered":"<p style=\"text-align: left;\">Les conseillers fiscaux et comptables de notre cabinet d&rsquo;avocats et d&rsquo;\u00e9conomistes \u00e0 Marbella ont le plaisir de vous \u00e9crire quelques lignes concernant l&rsquo;imposition des dividendes d&rsquo;une soci\u00e9t\u00e9 espagnole vers une autre soci\u00e9t\u00e9 de l&rsquo;Union europ\u00e9enne.<\/p>\n<p style=\"text-align: left;\"><strong>\u00a0<\/strong><\/p>\n<h3 style=\"text-align: left;\"><strong>Exon\u00e9ration des dividendes dans l&rsquo;IRNR : comment fonctionne l&rsquo;article 14.1.h LIRNR et quels formulaires faut-il pr\u00e9senter ?<\/strong><\/h3>\n<p style=\"text-align: left;\">Lorsqu&rsquo;une entreprise espagnole distribue des dividendes \u00e0 sa soci\u00e9t\u00e9 m\u00e8re situ\u00e9e dans un autre pays de l&rsquo;Union europ\u00e9enne (UE) ou de l&rsquo;Espace \u00e9conomique europ\u00e9en (EEE), elle peut b\u00e9n\u00e9ficier d&rsquo;une importante exon\u00e9ration fiscale en Espagne.<\/p>\n<p style=\"text-align: left;\">Nous faisons r\u00e9f\u00e9rence \u00e0 l&rsquo;article 14.1.h de la loi sur l&rsquo;imp\u00f4t sur le revenu des non-r\u00e9sidents (LIRNR), qui permet de ne pas retenir ni verser l&rsquo;IRNR si certaines conditions sont remplies.<\/p>\n<p style=\"text-align: left;\">Dans cet article, nous vous expliquons, de mani\u00e8re simple, dans quelles circonstances cette exon\u00e9ration s&rsquo;applique, quelles conditions la loi impose et quels formulaires doivent \u00eatre pr\u00e9sent\u00e9s pour la justifier aupr\u00e8s de l&rsquo;administration fiscale espagnole.<\/p>\n<h3 style=\"text-align: left;\">\n<strong>Que dit l&rsquo;article 14.1.h de la loi espagnole sur l&rsquo;imp\u00f4t sur le revenu des non-r\u00e9sidents, \u00e9galement connue sous le nom de LIRNR ?<\/strong><\/h3>\n<p style=\"text-align: left;\">L&rsquo;objectif de cette exon\u00e9ration est d&rsquo;\u00e9viter la double imposition des dividendes distribu\u00e9s entre des soci\u00e9t\u00e9s li\u00e9es au sein de l&rsquo;UE ou de l&rsquo;EEE.<\/p>\n<p style=\"text-align: left;\">\nAinsi, si une filiale espagnole distribue des b\u00e9n\u00e9fices \u00e0 sa soci\u00e9t\u00e9 m\u00e8re europ\u00e9enne, elle peut le faire sans qu&rsquo;aucune retenue \u00e0 la source ne soit appliqu\u00e9e en Espagne, \u00e0 condition que l&rsquo;op\u00e9ration soit r\u00e9elle et qu&rsquo;elle r\u00e9ponde aux exigences l\u00e9gales.<\/p>\n<p style=\"text-align: left;\">\n<h3 style=\"text-align: left;\"><strong>Conditions requises pour b\u00e9n\u00e9ficier de l&rsquo;exon\u00e9ration<\/strong><\/h3>\n<p style=\"text-align: left;\">Voici un r\u00e9sum\u00e9 des <strong>principales conditions <\/strong>\u00e0 remplir pour b\u00e9n\u00e9ficier de l&rsquo;exon\u00e9ration de l&rsquo;IRNR sur les dividendes transfrontaliers<\/p>\n<p style=\"text-align: left;\"><strong>1. Imposition effective<\/strong><\/p>\n<p style=\"text-align: left;\">La filiale espagnole et la soci\u00e9t\u00e9 m\u00e8re doivent toutes deux \u00eatre soumises, et non exon\u00e9r\u00e9es, d&rsquo;un imp\u00f4t sur les b\u00e9n\u00e9fices similaire \u00e0 l&rsquo;imp\u00f4t sur les soci\u00e9t\u00e9s espagnol.\u00a0\u00a0 Cela permet d&rsquo;\u00e9viter que l&rsquo;exon\u00e9ration ne soit utilis\u00e9e dans des structures sans imposition r\u00e9elle.<\/p>\n<p style=\"text-align: left;\">\n<p style=\"text-align: left;\"><strong>2\ufe0f<\/strong><strong>. Dividendes ne provenant pas de la liquidation de la soci\u00e9t\u00e9 espagnole<\/strong><\/p>\n<p style=\"text-align: left;\">L&rsquo;exon\u00e9ration ne s&rsquo;applique qu&rsquo;aux b\u00e9n\u00e9fices ordinaires, et non \u00e0 ceux distribu\u00e9s \u00e0 la suite de la liquidation de la filiale.<\/p>\n<p style=\"text-align: left;\">\n<p style=\"text-align: left;\"><strong>3\ufe0f<\/strong><strong>. Forme juridique reconnue<\/strong><\/p>\n<p style=\"text-align: left;\">Les entreprises doivent adopter l&rsquo;une des formes juridiques reconnues par la directive 2011\/96\/UE, ou une forme \u00e9quivalente si la soci\u00e9t\u00e9 m\u00e8re est situ\u00e9e dans l&rsquo;EEE.<\/p>\n<p style=\"text-align: left;\">\n<p style=\"text-align: left;\"><strong>4\ufe0f<\/strong><strong>. Participation minimale et permanence<\/strong><\/p>\n<p style=\"text-align: left;\">La soci\u00e9t\u00e9 m\u00e8re doit d\u00e9tenir une participation directe ou indirecte d&rsquo;au moins 5 % du capital de la filiale espagnole ou un investissement sup\u00e9rieur \u00e0 20 millions d&rsquo;euros, maintenu pendant au moins un an sans interruption.<\/p>\n<p style=\"text-align: left;\">La dur\u00e9e de participation d&rsquo;autres soci\u00e9t\u00e9s du m\u00eame groupe peut \u00e9galement \u00eatre prise en compte.<\/p>\n<p style=\"text-align: left;\">\n<p style=\"text-align: left;\"><strong>5\ufe0f<\/strong><strong>. R\u00e9sidence et r\u00e9ciprocit\u00e9<\/strong><\/p>\n<p style=\"text-align: left;\">La r\u00e9sidence fiscale est d\u00e9termin\u00e9e conform\u00e9ment aux conventions de double imposition.<br \/>\nEn outre, le minist\u00e8re des Finances peut \u00e9tendre cette exon\u00e9ration \u00e0 des entit\u00e9s \u00e9quivalentes de pays qui accordent le m\u00eame traitement aux entreprises espagnoles (principe de r\u00e9ciprocit\u00e9).<\/p>\n<p style=\"text-align: left;\">\n<p style=\"text-align: left;\"><strong>6\ufe0f<\/strong><strong>. Contr\u00f4le non europ\u00e9en<\/strong><\/p>\n<p style=\"text-align: left;\">Si la soci\u00e9t\u00e9 m\u00e8re est contr\u00f4l\u00e9e majoritairement par des entit\u00e9s non-r\u00e9sidentes dans l&rsquo;UE ou l&rsquo;EEE, l&rsquo;exon\u00e9ration ne s&rsquo;applique pas, sauf s&rsquo;il existe des raisons \u00e9conomiques et commerciales r\u00e9elles.<\/p>\n<p style=\"text-align: left;\">\n<p style=\"text-align: left;\"><strong>7\ufe0f<\/strong><strong>. Application aux soci\u00e9t\u00e9s de l&rsquo;EEE<\/strong><\/p>\n<p style=\"text-align: left;\">Les soci\u00e9t\u00e9s m\u00e8res r\u00e9sidant dans l&rsquo;EEE (Norv\u00e8ge, Islande ou Liechtenstein) peuvent \u00e9galement en b\u00e9n\u00e9ficier, \u00e0 condition que leur \u00c9tat ait un \u00e9change effectif d&rsquo;informations fiscales avec l&rsquo;Espagne et qu&rsquo;elles remplissent les autres conditions.<\/p>\n<p style=\"text-align: left;\">\n<h4 style=\"text-align: left;\"><strong>En r\u00e9sum\u00e9<\/strong><\/h4>\n<p style=\"text-align: left;\">Les dividendes vers\u00e9s par une filiale espagnole \u00e0 une soci\u00e9t\u00e9 m\u00e8re de l&rsquo;UE ou de l&rsquo;EEE peuvent \u00eatre exon\u00e9r\u00e9s de l&rsquo;IRNR, \u00e0 condition que :<\/p>\n<ul style=\"text-align: left;\">\n<li>Les deux soient effectivement impos\u00e9es.<\/li>\n<li>La participation minimale ou l&rsquo;investissement requis soit respect\u00e9.<\/li>\n<li>Elles aient une forme juridique reconnue.<\/li>\n<li>Il n&rsquo;y ait pas d&rsquo;objectif purement fiscal.<\/li>\n<\/ul>\n<p style=\"text-align: left;\">En d\u00e9finitive, l&rsquo;exon\u00e9ration vise \u00e0 \u00e9viter la double imposition et \u00e0 promouvoir les investissements transfrontaliers en Europe.<\/p>\n<p style=\"text-align: left;\">\n<h3 style=\"text-align: left;\"><strong>Mod\u00e8les \u00e0 pr\u00e9senter \u00e0 l&rsquo;administration fiscale espagnole<\/strong><\/h3>\n<p style=\"text-align: left;\">M\u00eame si les dividendes peuvent \u00eatre exon\u00e9r\u00e9s, il est obligatoire de justifier l&rsquo;application de l&rsquo;exon\u00e9ration en pr\u00e9sentant certains formulaires d&rsquo;information et de retenue \u00e0 l&rsquo;Agence fiscale espagnole.<\/p>\n<p style=\"text-align: left;\">\n<p style=\"text-align: left;\"><strong><u>Formulaire 216 \u2013 Retenues et acomptes provisionnels au titre de l&rsquo;IRNR<\/u><\/strong><\/p>\n<ul style=\"text-align: left;\">\n<li>Il est utilis\u00e9 pour d\u00e9clarer les retenues effectu\u00e9es sur les non-r\u00e9sidents.<\/li>\n<li>Dans le cas des dividendes exon\u00e9r\u00e9s conform\u00e9ment \u00e0 l&rsquo;article 14.1.h, l&rsquo;exon\u00e9ration correspondante est coch\u00e9e, en indiquant le motif (soci\u00e9t\u00e9 m\u00e8re r\u00e9sidente dans l&rsquo;UE ou l&rsquo;EEE).<\/li>\n<li>Il doit \u00eatre pr\u00e9sent\u00e9, m\u00eame s&rsquo;il n&rsquo;y a pas de versement effectif, car il sert de d\u00e9claration d&rsquo;application de l&rsquo;exon\u00e9ration.<\/li>\n<\/ul>\n<p style=\"text-align: left;\"><strong>P\u00e9riodicit\u00e9 : <\/strong>mensuelle ou trimestrielle, selon le volume des op\u00e9rations.<br \/>\n<strong>D\u00e9lai de pr\u00e9sentation : <\/strong>au cours des 20 premiers jours calendaires du mois suivant la p\u00e9riode d\u00e9clar\u00e9e.<\/p>\n<p style=\"text-align: left;\">\n<p style=\"text-align: left;\"><strong><u>Mod\u00e8le 296 \u2013 R\u00e9sum\u00e9 annuel des retenues \u00e0 la source IRNR<\/u><\/strong><\/p>\n<ul style=\"text-align: left;\">\n<li>Il s&rsquo;agit du r\u00e9sum\u00e9 annuel informatif de toutes les retenues et recettes d\u00e9clar\u00e9es dans le formulaire 216.<\/li>\n<li>Il inclut \u00e9galement les op\u00e9rations exon\u00e9r\u00e9es de retenue, telles que les dividendes vers\u00e9s \u00e0 des soci\u00e9t\u00e9s m\u00e8res de l&rsquo;UE ou de l&rsquo;EEE.<\/li>\n<\/ul>\n<p style=\"text-align: left;\"><strong>D\u00e9lai de pr\u00e9sentation : <\/strong>jusqu&rsquo;au 31 janvier de l&rsquo;ann\u00e9e suivant l&rsquo;exercice d\u00e9clar\u00e9.<\/p>\n<p style=\"text-align: left;\">\n<h3 style=\"text-align: left;\"><strong>Certificats et documents suppl\u00e9mentaires<\/strong><\/h3>\n<p style=\"text-align: left;\">Pour b\u00e9n\u00e9ficier de l&rsquo;exon\u00e9ration, la soci\u00e9t\u00e9 m\u00e8re \u00e9trang\u00e8re doit fournir \u00e0 la filiale espagnole :<\/p>\n<ol style=\"text-align: left;\">\n<li>Certificat de r\u00e9sidence fiscale d\u00e9livr\u00e9 par l&rsquo;administration fiscale de son pays.<\/li>\n<li>D\u00e9claration de conformit\u00e9 aux exigences de l&rsquo;article 14.1.h LIRNR et, le cas \u00e9ch\u00e9ant, de la directive 2011\/96\/UE.<\/li>\n<li>Documents attestant la participation minimale et son anciennet\u00e9.<\/li>\n<\/ol>\n<p style=\"text-align: left;\">Il est recommand\u00e9 de conserver ces documents pendant la dur\u00e9e de prescription (quatre ans) au cas o\u00f9 l&rsquo;administration fiscale les demanderait lors d&rsquo;un contr\u00f4le.<\/p>\n<p style=\"text-align: left;\">N&rsquo;h\u00e9sitez pas \u00e0 <a href=\"https:\/\/www.welex.es\/fr\/contact\/\">consulter<\/a> notre cabinet d&rsquo;avocats et d&rsquo;\u00e9conomistes \u00e0 Marbella si vous souhaitez en savoir plus sur l&rsquo;imposition de la distribution de dividendes d&rsquo;une soci\u00e9t\u00e9 espagnole \u00e0 une autre soci\u00e9t\u00e9 de l&rsquo;UE.<\/p>\n<p style=\"text-align: left;\">\n<p style=\"text-align: left;\">\n","protected":false},"excerpt":{"rendered":"<p>Les conseillers fiscaux et comptables de notre cabinet d&rsquo;avocats et d&rsquo;\u00e9conomistes \u00e0 Marbella ont le plaisir de vous \u00e9crire quelques lignes concernant l&rsquo;imposition des dividendes d&rsquo;une soci\u00e9t\u00e9 espagnole vers une autre soci\u00e9t\u00e9 de l&rsquo;Union europ\u00e9enne. \u00a0 Exon\u00e9ration des dividendes dans l&rsquo;IRNR : comment fonctionne l&rsquo;article 14.1.h LIRNR et quels formulaires faut-il pr\u00e9senter ? Lorsqu&rsquo;une entreprise [&hellip;]<\/p>\n","protected":false},"author":2,"featured_media":30085,"comment_status":"closed","ping_status":"closed","sticky":false,"template":"","format":"standard","meta":{"_acf_changed":false,"footnotes":""},"categories":[415,270],"tags":[3382,3383,3384,3385,3386,3387],"class_list":["post-30114","post","type-post","status-publish","format-standard","has-post-thumbnail","hentry","category-comptabilite-espagnole-fr","category-impots-en-espagne","tag-fiscalite-espagne","tag-dividendes-espagne","tag-filiale-espagnole","tag-societe-mere-ue","tag-impot-non-residents-espagne","tag-fiscalite-internationale"],"acf":[],"yoast_head":"<!-- This site is optimized with the Yoast SEO Premium plugin v27.9 (Yoast SEO v27.9) - https:\/\/yoast.com\/product\/yoast-seo-premium-wordpress\/ -->\n<title>Imposition des dividendes vers\u00e9s par une filiale espagnole \u00e0 une soci\u00e9t\u00e9 m\u00e8re dans l\u2019UE - Welex<\/title>\n<meta name=\"description\" content=\"D\u00e9couvrez comment sont impos\u00e9s les dividendes vers\u00e9s par une filiale espagnole \u00e0 une soci\u00e9t\u00e9 m\u00e8re de l\u2019Union europ\u00e9enne\" \/>\n<meta name=\"robots\" content=\"index, follow, max-snippet:-1, max-image-preview:large, max-video-preview:-1\" \/>\n<link rel=\"canonical\" href=\"https:\/\/www.welex.es\/fr\/dividendes-filiale-espagnole-societe-mere-ue\/\" \/>\n<meta property=\"og:locale\" content=\"fr_FR\" \/>\n<meta property=\"og:type\" content=\"article\" \/>\n<meta property=\"og:title\" content=\"Imposition des dividendes vers\u00e9s par une filiale espagnole \u00e0 une soci\u00e9t\u00e9 m\u00e8re dans l\u2019UE\" \/>\n<meta property=\"og:description\" content=\"Les conseillers fiscaux et comptables de notre cabinet d&#039;avocats et d&#039;\u00e9conomistes \u00e0 Marbella ont le plaisir de vous \u00e9crire quelques lignes concernant l&#039;imposition des dividendes d&#039;une soci\u00e9t\u00e9 espagnole vers une autre soci\u00e9t\u00e9 de l&#039;Union europ\u00e9enne.\" \/>\n<meta property=\"og:url\" content=\"https:\/\/www.welex.es\/fr\/dividendes-filiale-espagnole-societe-mere-ue\/\" \/>\n<meta property=\"og:site_name\" content=\"Welex\" \/>\n<meta property=\"article:publisher\" content=\"https:\/\/www.facebook.com\/WelexLawyersAccountants\/\" \/>\n<meta property=\"article:published_time\" content=\"2026-03-09T11:00:44+00:00\" \/>\n<meta property=\"og:image\" content=\"https:\/\/www.welex.es\/wp-content\/uploads\/2026\/03\/Imposition-des-dividendes-verses-par-une-filiale-espagnole-a-une-societe-mere-dans-lUE-1200x900-1.png\" \/>\n\t<meta property=\"og:image:width\" content=\"1200\" \/>\n\t<meta property=\"og:image:height\" content=\"900\" \/>\n\t<meta property=\"og:image:type\" content=\"image\/png\" \/>\n<meta name=\"author\" content=\"Noelia\" \/>\n<meta name=\"twitter:card\" content=\"summary_large_image\" \/>\n<meta name=\"twitter:title\" content=\"Imposition des dividendes vers\u00e9s par une filiale espagnole \u00e0 une soci\u00e9t\u00e9 m\u00e8re dans l\u2019UE\" \/>\n<meta name=\"twitter:label1\" content=\"\u00c9crit par\" \/>\n\t<meta name=\"twitter:data1\" content=\"Noelia\" \/>\n\t<meta name=\"twitter:label2\" content=\"Dur\u00e9e de lecture estim\u00e9e\" \/>\n\t<meta name=\"twitter:data2\" content=\"5 minutes\" \/>\n<script type=\"application\/ld+json\" class=\"yoast-schema-graph\">{\"@context\":\"https:\\\/\\\/schema.org\",\"@graph\":[{\"@type\":\"Article\",\"@id\":\"https:\\\/\\\/www.welex.es\\\/fr\\\/dividendes-filiale-espagnole-societe-mere-ue\\\/#article\",\"isPartOf\":{\"@id\":\"https:\\\/\\\/www.welex.es\\\/fr\\\/dividendes-filiale-espagnole-societe-mere-ue\\\/\"},\"author\":{\"name\":\"Noelia\",\"@id\":\"https:\\\/\\\/www.welex.es\\\/fr\\\/#\\\/schema\\\/person\\\/a63d0e9ba5ab8e6903606fc509960d03\"},\"headline\":\"Imposition des dividendes vers\u00e9s par une filiale espagnole \u00e0 une soci\u00e9t\u00e9 m\u00e8re dans l\u2019UE\",\"datePublished\":\"2026-03-09T11:00:44+00:00\",\"mainEntityOfPage\":{\"@id\":\"https:\\\/\\\/www.welex.es\\\/fr\\\/dividendes-filiale-espagnole-societe-mere-ue\\\/\"},\"wordCount\":1135,\"publisher\":{\"@id\":\"https:\\\/\\\/www.welex.es\\\/#organization\"},\"image\":{\"@id\":\"https:\\\/\\\/www.welex.es\\\/fr\\\/dividendes-filiale-espagnole-societe-mere-ue\\\/#primaryimage\"},\"thumbnailUrl\":\"https:\\\/\\\/www.welex.es\\\/wp-content\\\/uploads\\\/2026\\\/03\\\/Imposition-des-dividendes-verses-par-une-filiale-espagnole-a-une-societe-mere-dans-lUE.png\",\"keywords\":[\"fiscalit\u00e9 Espagne\",\"dividendes Espagne\",\"filiale espagnole\",\"soci\u00e9t\u00e9 m\u00e8re UE\",\"imp\u00f4t non r\u00e9sidents Espagne\",\"fiscalit\u00e9 internationale\"],\"articleSection\":[\"Comptabilit\u00e9 espagnole\",\"Imp\u00f4ts en Espagne\"],\"inLanguage\":\"fr-FR\"},{\"@type\":\"WebPage\",\"@id\":\"https:\\\/\\\/www.welex.es\\\/fr\\\/dividendes-filiale-espagnole-societe-mere-ue\\\/\",\"url\":\"https:\\\/\\\/www.welex.es\\\/fr\\\/dividendes-filiale-espagnole-societe-mere-ue\\\/\",\"name\":\"Imposition des dividendes vers\u00e9s par une filiale espagnole \u00e0 une soci\u00e9t\u00e9 m\u00e8re dans l\u2019UE - Welex\",\"isPartOf\":{\"@id\":\"https:\\\/\\\/www.welex.es\\\/fr\\\/#website\"},\"primaryImageOfPage\":{\"@id\":\"https:\\\/\\\/www.welex.es\\\/fr\\\/dividendes-filiale-espagnole-societe-mere-ue\\\/#primaryimage\"},\"image\":{\"@id\":\"https:\\\/\\\/www.welex.es\\\/fr\\\/dividendes-filiale-espagnole-societe-mere-ue\\\/#primaryimage\"},\"thumbnailUrl\":\"https:\\\/\\\/www.welex.es\\\/wp-content\\\/uploads\\\/2026\\\/03\\\/Imposition-des-dividendes-verses-par-une-filiale-espagnole-a-une-societe-mere-dans-lUE.png\",\"datePublished\":\"2026-03-09T11:00:44+00:00\",\"description\":\"D\u00e9couvrez comment sont impos\u00e9s les dividendes vers\u00e9s par une filiale espagnole \u00e0 une soci\u00e9t\u00e9 m\u00e8re de l\u2019Union europ\u00e9enne\",\"breadcrumb\":{\"@id\":\"https:\\\/\\\/www.welex.es\\\/fr\\\/dividendes-filiale-espagnole-societe-mere-ue\\\/#breadcrumb\"},\"inLanguage\":\"fr-FR\",\"potentialAction\":[{\"@type\":\"ReadAction\",\"target\":[\"https:\\\/\\\/www.welex.es\\\/fr\\\/dividendes-filiale-espagnole-societe-mere-ue\\\/\"]}]},{\"@type\":\"ImageObject\",\"inLanguage\":\"fr-FR\",\"@id\":\"https:\\\/\\\/www.welex.es\\\/fr\\\/dividendes-filiale-espagnole-societe-mere-ue\\\/#primaryimage\",\"url\":\"https:\\\/\\\/www.welex.es\\\/wp-content\\\/uploads\\\/2026\\\/03\\\/Imposition-des-dividendes-verses-par-une-filiale-espagnole-a-une-societe-mere-dans-lUE.png\",\"contentUrl\":\"https:\\\/\\\/www.welex.es\\\/wp-content\\\/uploads\\\/2026\\\/03\\\/Imposition-des-dividendes-verses-par-une-filiale-espagnole-a-une-societe-mere-dans-lUE.png\",\"width\":1024,\"height\":768},{\"@type\":\"BreadcrumbList\",\"@id\":\"https:\\\/\\\/www.welex.es\\\/fr\\\/dividendes-filiale-espagnole-societe-mere-ue\\\/#breadcrumb\",\"itemListElement\":[{\"@type\":\"ListItem\",\"position\":1,\"name\":\"Home\",\"item\":\"https:\\\/\\\/www.welex.es\\\/fr\\\/\"},{\"@type\":\"ListItem\",\"position\":2,\"name\":\"Imposition des dividendes vers\u00e9s par une filiale espagnole \u00e0 une soci\u00e9t\u00e9 m\u00e8re dans l\u2019UE\"}]},{\"@type\":\"WebSite\",\"@id\":\"https:\\\/\\\/www.welex.es\\\/fr\\\/#website\",\"url\":\"https:\\\/\\\/www.welex.es\\\/fr\\\/\",\"name\":\"Welex\",\"description\":\"\",\"publisher\":{\"@id\":\"https:\\\/\\\/www.welex.es\\\/#organization\"},\"potentialAction\":[{\"@type\":\"SearchAction\",\"target\":{\"@type\":\"EntryPoint\",\"urlTemplate\":\"https:\\\/\\\/www.welex.es\\\/fr\\\/?s={search_term_string}\"},\"query-input\":{\"@type\":\"PropertyValueSpecification\",\"valueRequired\":true,\"valueName\":\"search_term_string\"}}],\"inLanguage\":\"fr-FR\"},{\"@type\":[\"Organization\",\"LegalService\"],\"@id\":\"https:\\\/\\\/www.welex.es\\\/#organization\",\"name\":\"Welex\",\"url\":\"https:\\\/\\\/www.welex.es\\\/\",\"logo\":{\"@type\":\"ImageObject\",\"inLanguage\":\"fr-FR\",\"@id\":\"https:\\\/\\\/www.welex.es\\\/#\\\/schema\\\/logo\\\/image\\\/\",\"url\":\"https:\\\/\\\/www.welex.es\\\/wp-content\\\/uploads\\\/2025\\\/05\\\/LOGOWELEXCORRECTO.png\",\"contentUrl\":\"https:\\\/\\\/www.welex.es\\\/wp-content\\\/uploads\\\/2025\\\/05\\\/LOGOWELEXCORRECTO.png\",\"width\":2147,\"height\":771,\"caption\":\"Welex\"},\"image\":{\"@id\":\"https:\\\/\\\/www.welex.es\\\/#\\\/schema\\\/logo\\\/image\\\/\"},\"sameAs\":[\"https:\\\/\\\/www.facebook.com\\\/WelexLawyersAccountants\\\/\",\"https:\\\/\\\/www.linkedin.com\\\/company\\\/welex\\\/\",\"https:\\\/\\\/www.instagram.com\\\/welex.lawyers\\\/\",\"https:\\\/\\\/www.tiktok.com\\\/@welex_lawyers_marbella\",\"https:\\\/\\\/lawyerscostadelsol.com\\\/\",\"https:\\\/\\\/www.accountant-spain.com\\\/\",\"https:\\\/\\\/welex-solicitors.com\\\/\"],\"description\":\"Law firm in Marbella providing legal, tax, labour and accounting advice to individuals and companies in Spain, with over 20 years of experience.\",\"email\":\"info@welex.es\",\"telephone\":\"+34952775521\",\"legalName\":\"Tr\u00e1mites Costa, S.L.\",\"numberOfEmployees\":{\"@type\":\"QuantitativeValue\",\"minValue\":\"11\",\"maxValue\":\"50\"},\"address\":{\"@type\":\"PostalAddress\",\"streetAddress\":\"Calle Ram\u00f3n G\u00f3mez de la Serna 23, Local 7\",\"addressLocality\":\"Marbella\",\"addressRegion\":\"M\u00e1laga\",\"postalCode\":\"29602\",\"addressCountry\":\"ES\"},\"geo\":{\"@type\":\"GeoCoordinates\",\"latitude\":36.5095366,\"longitude\":-4.8985745},\"hasMap\":\"https:\\\/\\\/www.google.com\\\/maps\\\/search\\\/?api=1&query=Welex+Marbella\",\"openingHoursSpecification\":[{\"@type\":\"OpeningHoursSpecification\",\"dayOfWeek\":[\"Monday\",\"Tuesday\",\"Wednesday\",\"Thursday\"],\"opens\":\"08:30\",\"closes\":\"17:00\"},{\"@type\":\"OpeningHoursSpecification\",\"dayOfWeek\":\"Friday\",\"opens\":\"08:30\",\"closes\":\"14:30\"}],\"areaServed\":[{\"@type\":\"Country\",\"name\":\"Spain\"},{\"@type\":\"AdministrativeArea\",\"name\":\"Costa del Sol\"},{\"@type\":\"City\",\"name\":\"Marbella\"}],\"knowsLanguage\":[\"es\",\"en\",\"nl\",\"fr\"],\"currenciesAccepted\":\"EUR\",\"priceRange\":\"$$\",\"slogan\":\"S\u00e9curit\u00e9 juridique. Clart\u00e9 fiscale. Conseil de confiance.\",\"contactPoint\":[{\"@type\":\"ContactPoint\",\"telephone\":\"+34952775521\",\"email\":\"info@welex.es\",\"contactType\":\"customer service\",\"availableLanguage\":[\"English\",\"Spanish\",\"Dutch\",\"French\"],\"areaServed\":\"ES\"}],\"hasOfferCatalog\":{\"@type\":\"OfferCatalog\",\"name\":\"Services juridiques, fiscaux et comptables en Espagne\",\"itemListElement\":[{\"@type\":\"Offer\",\"itemOffered\":{\"@type\":\"Service\",\"name\":\"Avocats sp\u00e9cialis\u00e9s en immobilier \u00e0 Marbella : Achat et vente de biens en Espagne\",\"url\":\"https:\\\/\\\/www.welex.es\\\/fr\\\/service\\\/conseil-dans-lacquisition-et-la-vente-de-biens-immobiliers\\\/\"}},{\"@type\":\"Offer\",\"itemOffered\":{\"@type\":\"Service\",\"name\":\"Avocats en testaments et successions \u00e0 Marbella\",\"url\":\"https:\\\/\\\/www.welex.es\\\/fr\\\/service\\\/testaments-et-heritage\\\/\"}},{\"@type\":\"Offer\",\"itemOffered\":{\"@type\":\"Service\",\"name\":\"Droit des soci\u00e9t\u00e9s en Espagne\",\"url\":\"https:\\\/\\\/www.welex.es\\\/fr\\\/service\\\/enterprises-et-societe\\\/\"}},{\"@type\":\"Offer\",\"itemOffered\":{\"@type\":\"Service\",\"name\":\"Conseils en droit du travail en Espagne\",\"url\":\"https:\\\/\\\/www.welex.es\\\/fr\\\/service\\\/conseil-du-travail\\\/\"}},{\"@type\":\"Offer\",\"itemOffered\":{\"@type\":\"Service\",\"name\":\"Contentieux en Espagne\",\"url\":\"https:\\\/\\\/www.welex.es\\\/fr\\\/service\\\/droit-procedural\\\/\"}},{\"@type\":\"Offer\",\"itemOffered\":{\"@type\":\"Service\",\"name\":\"Imp\u00f4t sur le revenu et imp\u00f4t sur la fortune en Espagne\",\"url\":\"https:\\\/\\\/www.welex.es\\\/fr\\\/service\\\/acquisition-de-bien-immobilier-par-une-personne-physique-non-residentes-en-espagne\\\/\"}},{\"@type\":\"Offer\",\"itemOffered\":{\"@type\":\"Service\",\"name\":\"Obligations fiscales d\u2019une soci\u00e9t\u00e9 \u00e0 responsabilit\u00e9 limit\u00e9e (SARL)\",\"url\":\"https:\\\/\\\/www.welex.es\\\/fr\\\/service\\\/obligations-fiscales-dune-societe-limitee\\\/\"}},{\"@type\":\"Offer\",\"itemOffered\":{\"@type\":\"Service\",\"name\":\"Obligations commerciales d\u2019une soci\u00e9t\u00e9 \u00e0 responsabilit\u00e9 limit\u00e9e (SL)\",\"url\":\"https:\\\/\\\/www.welex.es\\\/fr\\\/service\\\/mercantile-obligations-of-a-sl-company\\\/\"}},{\"@type\":\"Offer\",\"itemOffered\":{\"@type\":\"Service\",\"name\":\"R\u00e9vision des \u00e9tats financiers et comptables espagnols\",\"url\":\"https:\\\/\\\/www.welex.es\\\/fr\\\/service\\\/revision-des-etats-financiers-comptables\\\/\"}},{\"@type\":\"Offer\",\"itemOffered\":{\"@type\":\"Service\",\"name\":\"Points fiscaux\",\"url\":\"https:\\\/\\\/www.welex.es\\\/fr\\\/service\\\/impot\\\/\"}},{\"@type\":\"Offer\",\"itemOffered\":{\"@type\":\"Service\",\"name\":\"Formalit\u00e9s\",\"url\":\"https:\\\/\\\/www.welex.es\\\/fr\\\/service\\\/formalities\\\/\"}}]}},{\"@type\":\"Person\",\"@id\":\"https:\\\/\\\/www.welex.es\\\/fr\\\/#\\\/schema\\\/person\\\/a63d0e9ba5ab8e6903606fc509960d03\",\"name\":\"Noelia\",\"image\":{\"@type\":\"ImageObject\",\"inLanguage\":\"fr-FR\",\"@id\":\"https:\\\/\\\/secure.gravatar.com\\\/avatar\\\/347f4755252771b373551cdfd69b8ff13bf2c1d64cd80997b4502c4224a6c3f1?s=96&d=mm&r=g\",\"url\":\"https:\\\/\\\/secure.gravatar.com\\\/avatar\\\/347f4755252771b373551cdfd69b8ff13bf2c1d64cd80997b4502c4224a6c3f1?s=96&d=mm&r=g\",\"contentUrl\":\"https:\\\/\\\/secure.gravatar.com\\\/avatar\\\/347f4755252771b373551cdfd69b8ff13bf2c1d64cd80997b4502c4224a6c3f1?s=96&d=mm&r=g\",\"caption\":\"Noelia\"}}]}<\/script>\n<!-- \/ Yoast SEO Premium plugin. -->","yoast_head_json":{"title":"Imposition des dividendes vers\u00e9s par une filiale espagnole \u00e0 une soci\u00e9t\u00e9 m\u00e8re dans l\u2019UE - Welex","description":"D\u00e9couvrez comment sont impos\u00e9s les dividendes vers\u00e9s par une filiale espagnole \u00e0 une soci\u00e9t\u00e9 m\u00e8re de l\u2019Union europ\u00e9enne","robots":{"index":"index","follow":"follow","max-snippet":"max-snippet:-1","max-image-preview":"max-image-preview:large","max-video-preview":"max-video-preview:-1"},"canonical":"https:\/\/www.welex.es\/fr\/dividendes-filiale-espagnole-societe-mere-ue\/","og_locale":"fr_FR","og_type":"article","og_title":"Imposition des dividendes vers\u00e9s par une filiale espagnole \u00e0 une soci\u00e9t\u00e9 m\u00e8re dans l\u2019UE","og_description":"Les conseillers fiscaux et comptables de notre cabinet d'avocats et d'\u00e9conomistes \u00e0 Marbella ont le plaisir de vous \u00e9crire quelques lignes concernant l'imposition des dividendes d'une soci\u00e9t\u00e9 espagnole vers une autre soci\u00e9t\u00e9 de l'Union europ\u00e9enne.","og_url":"https:\/\/www.welex.es\/fr\/dividendes-filiale-espagnole-societe-mere-ue\/","og_site_name":"Welex","article_publisher":"https:\/\/www.facebook.com\/WelexLawyersAccountants\/","article_published_time":"2026-03-09T11:00:44+00:00","og_image":[{"width":1200,"height":900,"url":"https:\/\/www.welex.es\/wp-content\/uploads\/2026\/03\/Imposition-des-dividendes-verses-par-une-filiale-espagnole-a-une-societe-mere-dans-lUE-1200x900-1.png","type":"image\/png"}],"author":"Noelia","twitter_card":"summary_large_image","twitter_title":"Imposition des dividendes vers\u00e9s par une filiale espagnole \u00e0 une soci\u00e9t\u00e9 m\u00e8re dans l\u2019UE","twitter_misc":{"\u00c9crit par":"Noelia","Dur\u00e9e de lecture estim\u00e9e":"5 minutes"},"schema":{"@context":"https:\/\/schema.org","@graph":[{"@type":"Article","@id":"https:\/\/www.welex.es\/fr\/dividendes-filiale-espagnole-societe-mere-ue\/#article","isPartOf":{"@id":"https:\/\/www.welex.es\/fr\/dividendes-filiale-espagnole-societe-mere-ue\/"},"author":{"name":"Noelia","@id":"https:\/\/www.welex.es\/fr\/#\/schema\/person\/a63d0e9ba5ab8e6903606fc509960d03"},"headline":"Imposition des dividendes vers\u00e9s par une filiale espagnole \u00e0 une soci\u00e9t\u00e9 m\u00e8re dans l\u2019UE","datePublished":"2026-03-09T11:00:44+00:00","mainEntityOfPage":{"@id":"https:\/\/www.welex.es\/fr\/dividendes-filiale-espagnole-societe-mere-ue\/"},"wordCount":1135,"publisher":{"@id":"https:\/\/www.welex.es\/#organization"},"image":{"@id":"https:\/\/www.welex.es\/fr\/dividendes-filiale-espagnole-societe-mere-ue\/#primaryimage"},"thumbnailUrl":"https:\/\/www.welex.es\/wp-content\/uploads\/2026\/03\/Imposition-des-dividendes-verses-par-une-filiale-espagnole-a-une-societe-mere-dans-lUE.png","keywords":["fiscalit\u00e9 Espagne","dividendes Espagne","filiale espagnole","soci\u00e9t\u00e9 m\u00e8re UE","imp\u00f4t non r\u00e9sidents Espagne","fiscalit\u00e9 internationale"],"articleSection":["Comptabilit\u00e9 espagnole","Imp\u00f4ts en Espagne"],"inLanguage":"fr-FR"},{"@type":"WebPage","@id":"https:\/\/www.welex.es\/fr\/dividendes-filiale-espagnole-societe-mere-ue\/","url":"https:\/\/www.welex.es\/fr\/dividendes-filiale-espagnole-societe-mere-ue\/","name":"Imposition des dividendes vers\u00e9s par une filiale espagnole \u00e0 une soci\u00e9t\u00e9 m\u00e8re dans l\u2019UE - Welex","isPartOf":{"@id":"https:\/\/www.welex.es\/fr\/#website"},"primaryImageOfPage":{"@id":"https:\/\/www.welex.es\/fr\/dividendes-filiale-espagnole-societe-mere-ue\/#primaryimage"},"image":{"@id":"https:\/\/www.welex.es\/fr\/dividendes-filiale-espagnole-societe-mere-ue\/#primaryimage"},"thumbnailUrl":"https:\/\/www.welex.es\/wp-content\/uploads\/2026\/03\/Imposition-des-dividendes-verses-par-une-filiale-espagnole-a-une-societe-mere-dans-lUE.png","datePublished":"2026-03-09T11:00:44+00:00","description":"D\u00e9couvrez comment sont impos\u00e9s les dividendes vers\u00e9s par une filiale espagnole \u00e0 une soci\u00e9t\u00e9 m\u00e8re de l\u2019Union europ\u00e9enne","breadcrumb":{"@id":"https:\/\/www.welex.es\/fr\/dividendes-filiale-espagnole-societe-mere-ue\/#breadcrumb"},"inLanguage":"fr-FR","potentialAction":[{"@type":"ReadAction","target":["https:\/\/www.welex.es\/fr\/dividendes-filiale-espagnole-societe-mere-ue\/"]}]},{"@type":"ImageObject","inLanguage":"fr-FR","@id":"https:\/\/www.welex.es\/fr\/dividendes-filiale-espagnole-societe-mere-ue\/#primaryimage","url":"https:\/\/www.welex.es\/wp-content\/uploads\/2026\/03\/Imposition-des-dividendes-verses-par-une-filiale-espagnole-a-une-societe-mere-dans-lUE.png","contentUrl":"https:\/\/www.welex.es\/wp-content\/uploads\/2026\/03\/Imposition-des-dividendes-verses-par-une-filiale-espagnole-a-une-societe-mere-dans-lUE.png","width":1024,"height":768},{"@type":"BreadcrumbList","@id":"https:\/\/www.welex.es\/fr\/dividendes-filiale-espagnole-societe-mere-ue\/#breadcrumb","itemListElement":[{"@type":"ListItem","position":1,"name":"Home","item":"https:\/\/www.welex.es\/fr\/"},{"@type":"ListItem","position":2,"name":"Imposition des dividendes vers\u00e9s par une filiale espagnole \u00e0 une soci\u00e9t\u00e9 m\u00e8re dans l\u2019UE"}]},{"@type":"WebSite","@id":"https:\/\/www.welex.es\/fr\/#website","url":"https:\/\/www.welex.es\/fr\/","name":"Welex","description":"","publisher":{"@id":"https:\/\/www.welex.es\/#organization"},"potentialAction":[{"@type":"SearchAction","target":{"@type":"EntryPoint","urlTemplate":"https:\/\/www.welex.es\/fr\/?s={search_term_string}"},"query-input":{"@type":"PropertyValueSpecification","valueRequired":true,"valueName":"search_term_string"}}],"inLanguage":"fr-FR"},{"@type":["Organization","LegalService"],"@id":"https:\/\/www.welex.es\/#organization","name":"Welex","url":"https:\/\/www.welex.es\/","logo":{"@type":"ImageObject","inLanguage":"fr-FR","@id":"https:\/\/www.welex.es\/#\/schema\/logo\/image\/","url":"https:\/\/www.welex.es\/wp-content\/uploads\/2025\/05\/LOGOWELEXCORRECTO.png","contentUrl":"https:\/\/www.welex.es\/wp-content\/uploads\/2025\/05\/LOGOWELEXCORRECTO.png","width":2147,"height":771,"caption":"Welex"},"image":{"@id":"https:\/\/www.welex.es\/#\/schema\/logo\/image\/"},"sameAs":["https:\/\/www.facebook.com\/WelexLawyersAccountants\/","https:\/\/www.linkedin.com\/company\/welex\/","https:\/\/www.instagram.com\/welex.lawyers\/","https:\/\/www.tiktok.com\/@welex_lawyers_marbella","https:\/\/lawyerscostadelsol.com\/","https:\/\/www.accountant-spain.com\/","https:\/\/welex-solicitors.com\/"],"description":"Law firm in Marbella providing legal, tax, labour and accounting advice to individuals and companies in Spain, with over 20 years of experience.","email":"info@welex.es","telephone":"+34952775521","legalName":"Tr\u00e1mites Costa, S.L.","numberOfEmployees":{"@type":"QuantitativeValue","minValue":"11","maxValue":"50"},"address":{"@type":"PostalAddress","streetAddress":"Calle Ram\u00f3n G\u00f3mez de la Serna 23, Local 7","addressLocality":"Marbella","addressRegion":"M\u00e1laga","postalCode":"29602","addressCountry":"ES"},"geo":{"@type":"GeoCoordinates","latitude":36.5095366,"longitude":-4.8985745},"hasMap":"https:\/\/www.google.com\/maps\/search\/?api=1&query=Welex+Marbella","openingHoursSpecification":[{"@type":"OpeningHoursSpecification","dayOfWeek":["Monday","Tuesday","Wednesday","Thursday"],"opens":"08:30","closes":"17:00"},{"@type":"OpeningHoursSpecification","dayOfWeek":"Friday","opens":"08:30","closes":"14:30"}],"areaServed":[{"@type":"Country","name":"Spain"},{"@type":"AdministrativeArea","name":"Costa del Sol"},{"@type":"City","name":"Marbella"}],"knowsLanguage":["es","en","nl","fr"],"currenciesAccepted":"EUR","priceRange":"$$","slogan":"S\u00e9curit\u00e9 juridique. Clart\u00e9 fiscale. Conseil de confiance.","contactPoint":[{"@type":"ContactPoint","telephone":"+34952775521","email":"info@welex.es","contactType":"customer service","availableLanguage":["English","Spanish","Dutch","French"],"areaServed":"ES"}],"hasOfferCatalog":{"@type":"OfferCatalog","name":"Services juridiques, fiscaux et comptables en Espagne","itemListElement":[{"@type":"Offer","itemOffered":{"@type":"Service","name":"Avocats sp\u00e9cialis\u00e9s en immobilier \u00e0 Marbella : Achat et vente de biens en Espagne","url":"https:\/\/www.welex.es\/fr\/service\/conseil-dans-lacquisition-et-la-vente-de-biens-immobiliers\/"}},{"@type":"Offer","itemOffered":{"@type":"Service","name":"Avocats en testaments et successions \u00e0 Marbella","url":"https:\/\/www.welex.es\/fr\/service\/testaments-et-heritage\/"}},{"@type":"Offer","itemOffered":{"@type":"Service","name":"Droit des soci\u00e9t\u00e9s en Espagne","url":"https:\/\/www.welex.es\/fr\/service\/enterprises-et-societe\/"}},{"@type":"Offer","itemOffered":{"@type":"Service","name":"Conseils en droit du travail en Espagne","url":"https:\/\/www.welex.es\/fr\/service\/conseil-du-travail\/"}},{"@type":"Offer","itemOffered":{"@type":"Service","name":"Contentieux en Espagne","url":"https:\/\/www.welex.es\/fr\/service\/droit-procedural\/"}},{"@type":"Offer","itemOffered":{"@type":"Service","name":"Imp\u00f4t sur le revenu et imp\u00f4t sur la fortune en Espagne","url":"https:\/\/www.welex.es\/fr\/service\/acquisition-de-bien-immobilier-par-une-personne-physique-non-residentes-en-espagne\/"}},{"@type":"Offer","itemOffered":{"@type":"Service","name":"Obligations fiscales d\u2019une soci\u00e9t\u00e9 \u00e0 responsabilit\u00e9 limit\u00e9e (SARL)","url":"https:\/\/www.welex.es\/fr\/service\/obligations-fiscales-dune-societe-limitee\/"}},{"@type":"Offer","itemOffered":{"@type":"Service","name":"Obligations commerciales d\u2019une soci\u00e9t\u00e9 \u00e0 responsabilit\u00e9 limit\u00e9e (SL)","url":"https:\/\/www.welex.es\/fr\/service\/mercantile-obligations-of-a-sl-company\/"}},{"@type":"Offer","itemOffered":{"@type":"Service","name":"R\u00e9vision des \u00e9tats financiers et comptables espagnols","url":"https:\/\/www.welex.es\/fr\/service\/revision-des-etats-financiers-comptables\/"}},{"@type":"Offer","itemOffered":{"@type":"Service","name":"Points fiscaux","url":"https:\/\/www.welex.es\/fr\/service\/impot\/"}},{"@type":"Offer","itemOffered":{"@type":"Service","name":"Formalit\u00e9s","url":"https:\/\/www.welex.es\/fr\/service\/formalities\/"}}]}},{"@type":"Person","@id":"https:\/\/www.welex.es\/fr\/#\/schema\/person\/a63d0e9ba5ab8e6903606fc509960d03","name":"Noelia","image":{"@type":"ImageObject","inLanguage":"fr-FR","@id":"https:\/\/secure.gravatar.com\/avatar\/347f4755252771b373551cdfd69b8ff13bf2c1d64cd80997b4502c4224a6c3f1?s=96&d=mm&r=g","url":"https:\/\/secure.gravatar.com\/avatar\/347f4755252771b373551cdfd69b8ff13bf2c1d64cd80997b4502c4224a6c3f1?s=96&d=mm&r=g","contentUrl":"https:\/\/secure.gravatar.com\/avatar\/347f4755252771b373551cdfd69b8ff13bf2c1d64cd80997b4502c4224a6c3f1?s=96&d=mm&r=g","caption":"Noelia"}}]}},"_links":{"self":[{"href":"https:\/\/www.welex.es\/fr\/wp-json\/wp\/v2\/posts\/30114","targetHints":{"allow":["GET"]}}],"collection":[{"href":"https:\/\/www.welex.es\/fr\/wp-json\/wp\/v2\/posts"}],"about":[{"href":"https:\/\/www.welex.es\/fr\/wp-json\/wp\/v2\/types\/post"}],"author":[{"embeddable":true,"href":"https:\/\/www.welex.es\/fr\/wp-json\/wp\/v2\/users\/2"}],"replies":[{"embeddable":true,"href":"https:\/\/www.welex.es\/fr\/wp-json\/wp\/v2\/comments?post=30114"}],"version-history":[{"count":1,"href":"https:\/\/www.welex.es\/fr\/wp-json\/wp\/v2\/posts\/30114\/revisions"}],"predecessor-version":[{"id":30119,"href":"https:\/\/www.welex.es\/fr\/wp-json\/wp\/v2\/posts\/30114\/revisions\/30119"}],"wp:featuredmedia":[{"embeddable":true,"href":"https:\/\/www.welex.es\/fr\/wp-json\/wp\/v2\/media\/30085"}],"wp:attachment":[{"href":"https:\/\/www.welex.es\/fr\/wp-json\/wp\/v2\/media?parent=30114"}],"wp:term":[{"taxonomy":"category","embeddable":true,"href":"https:\/\/www.welex.es\/fr\/wp-json\/wp\/v2\/categories?post=30114"},{"taxonomy":"post_tag","embeddable":true,"href":"https:\/\/www.welex.es\/fr\/wp-json\/wp\/v2\/tags?post=30114"}],"curies":[{"name":"wp","href":"https:\/\/api.w.org\/{rel}","templated":true}]}}