{"id":31853,"date":"2026-08-31T07:00:46","date_gmt":"2026-08-31T07:00:46","guid":{"rendered":"https:\/\/www.welex.es\/?p=31853"},"modified":"2026-08-31T09:20:58","modified_gmt":"2026-08-31T09:20:58","slug":"reclamer-defauts-logement-neuf-espagne","status":"publish","type":"post","link":"https:\/\/www.welex.es\/fr\/reclamer-defauts-logement-neuf-espagne\/","title":{"rendered":"Comment r\u00e9clamer en cas de d\u00e9fauts dans un logement neuf en Espagne ?"},"content":{"rendered":"<p>Chez Welex Avocats et \u00e9conomistes, nous accompagnons les acheteurs nationaux et internationaux tout au long du processus <a href=\"https:\/\/www.welex.es\/fr\/services-juridiques-et-fiscaux\/\">d\u2019acquisition de logements neufs en Espagne<\/a>. L\u2019une des questions qui nous est le plus souvent pos\u00e9e concerne les d\u00e9fauts pouvant appara\u00eetre apr\u00e8s la remise du logement et les recours juridiques permettant d\u2019exiger leur r\u00e9paration.<\/p>\n<p>Si vous \u00eates <a href=\"https:\/\/www.welex.es\/fr\/cession-dun-bien-immobilier-en-cours-de-construction\/\">en train d\u2019acheter ou avez d\u00e9j\u00e0 achet\u00e9 un logement en cours de construction<\/a> en Espagne, cet article pourrait vous int\u00e9resser.<\/p>\n<p>&nbsp;<\/p>\n<h3><strong>L&rsquo;achat d&rsquo;un logement neuf en Espagne<\/strong><\/h3>\n<p>Sur la Costa del Sol, notamment \u00e0 Marbella et dans ses environs, de nombreux programmes immobiliers neufs sont en cours de d\u00e9veloppement. Il s\u2019agit de logements que les futurs propri\u00e9taires r\u00e9servent pendant la phase de construction, en effectuant des versements p\u00e9riodiques destin\u00e9s \u00e0 financer la r\u00e9alisation du programme.<\/p>\n<p>Une fois la construction achev\u00e9e, on proc\u00e8de \u00e0 la signature de l\u2019acte notari\u00e9 de vente devant notaire, officialisant ainsi l\u2019acquisition et la remise des cl\u00e9s du logement.<\/p>\n<p><img fetchpriority=\"high\" decoding=\"async\" class=\"alignleft wp-image-31840\" src=\"https:\/\/www.welex.es\/wp-content\/uploads\/2026\/08\/Foto-para-texto_Como-reclamar-desperfectos-en-una-vivienda-de-obra-nueva-en-Espana_WEBP-300x300.webp\" alt=\"Comment r\u00e9clamer en cas de d\u00e9fauts dans un logement neuf en Espagne ?\" width=\"496\" height=\"496\" srcset=\"https:\/\/www.welex.es\/wp-content\/uploads\/2026\/08\/Foto-para-texto_Como-reclamar-desperfectos-en-una-vivienda-de-obra-nueva-en-Espana_WEBP-300x300.webp 300w, https:\/\/www.welex.es\/wp-content\/uploads\/2026\/08\/Foto-para-texto_Como-reclamar-desperfectos-en-una-vivienda-de-obra-nueva-en-Espana_WEBP-1024x1024.webp 1024w, https:\/\/www.welex.es\/wp-content\/uploads\/2026\/08\/Foto-para-texto_Como-reclamar-desperfectos-en-una-vivienda-de-obra-nueva-en-Espana_WEBP-150x150.webp 150w, https:\/\/www.welex.es\/wp-content\/uploads\/2026\/08\/Foto-para-texto_Como-reclamar-desperfectos-en-una-vivienda-de-obra-nueva-en-Espana_WEBP-768x768.webp 768w, https:\/\/www.welex.es\/wp-content\/uploads\/2026\/08\/Foto-para-texto_Como-reclamar-desperfectos-en-una-vivienda-de-obra-nueva-en-Espana_WEBP.webp 1080w\" sizes=\"(max-width: 496px) 100vw, 496px\" \/><\/p>\n<h3><strong>D\u00e9fauts constat\u00e9s apr\u00e8s la remise du logement en Espagne<\/strong><\/h3>\n<p>Il est fr\u00e9quent que, lorsque les acheteurs visitent leur logement pour la premi\u00e8re fois apr\u00e8s la remise des cl\u00e9s, ils constatent une ou plusieurs anomalies, telles que des fissures, des probl\u00e8mes d\u2019humidit\u00e9, des d\u00e9fauts de peinture, des d\u00e9fauts de finition ou d\u2019autres incidents.<\/p>\n<p>C\u2019est pourquoi les promoteurs accordent g\u00e9n\u00e9ralement un d\u00e9lai d\u2019environ 15 jours \u00e0 l\u2019acheteur pour inspecter le logement et dresser une liste des d\u00e9fauts. Ce document permettra au promoteur de proc\u00e9der \u00e0 la r\u00e9paration des probl\u00e8mes constat\u00e9s dans les plus brefs d\u00e9lais.<\/p>\n<p>&nbsp;<\/p>\n<h3><strong>Que se passe-t-il si le promoteur ne r\u00e9agit pas ?<\/strong><\/h3>\n<p>Si le promoteur ignore la liste des d\u00e9fauts ou ne r\u00e9pare pas tous les d\u00e9fauts d\u00e9tect\u00e9s, le propri\u00e9taire n\u2019est pas pour autant sans recours.<\/p>\n<p>Outre la possibilit\u00e9 de faire valoir ses droits directement aupr\u00e8s du promoteur, la l\u00e9gislation espagnole pr\u00e9voit certaines garanties obligatoires pour les logements neufs. Parmi celles-ci figure notamment l\u2019assurance d\u00e9cennale contre les dommages, une garantie que la loi sur l\u2019am\u00e9nagement du b\u00e2ti (LOE) impose de souscrire afin de prot\u00e9ger les propri\u00e9taires contre certains dommages pouvant survenir dans le logement.<\/p>\n<p>&nbsp;<\/p>\n<h3><strong>D\u00e9lais de r\u00e9clamation selon la loi sur l\u2019am\u00e9nagement du b\u00e2ti (LOE) en Espagne<\/strong><\/h3>\n<p>La LOE fixe diff\u00e9rents d\u00e9lais de garantie en fonction du type de d\u00e9faut :<\/p>\n<ul>\n<li>1 an : d\u00e9fauts de finition ou de rev\u00eatement, qui correspondent g\u00e9n\u00e9ralement \u00e0 ceux figurant dans la liste initiale des d\u00e9fauts.<\/li>\n<li>3 ans : d\u00e9fauts affectant l\u2019habitabilit\u00e9 du logement.<\/li>\n<li>10 ans : dommages structurels compromettant la stabilit\u00e9 ou la s\u00e9curit\u00e9 du b\u00e2timent.<\/li>\n<\/ul>\n<p><em>\u00a0<\/em><\/p>\n<p><em>Pour en <a href=\"https:\/\/www.welex.es\/fr\/documentation-lobtention-acte-nouvelle-construction-espagne\/\">savoir plus sur le fonctionnement de l&rsquo;assurance d\u00e9cennale et l&rsquo;\u00e9tendue de ces garanties<\/a>, vous pouvez consulter notre article d\u00e9di\u00e9 \u00e0 ce sujet.<\/em><\/p>\n<p>&nbsp;<\/p>\n<h3><strong>Notre recommandation<\/strong><\/h3>\n<p>Chez <a href=\"https:\/\/www.welex.es\/fr\/contact\/\">Welex Avocats et \u00e9conomistes<\/a>, cabinet bas\u00e9 \u00e0 Marbella et sp\u00e9cialis\u00e9 en droit immobilier, nous recommandons \u00e0 l\u2019acheteur, avant d\u2019accepter d\u00e9finitivement la remise du logement, de se faire accompagner par un technicien sp\u00e9cialis\u00e9 qui effectuera une inspection compl\u00e8te du bien immobilier.<\/p>\n<p>En cas de d\u00e9tection d\u2019anomalies, ce professionnel pourra \u00e9tablir un rapport technique ou une liste des d\u00e9fauts, facilitant ainsi la r\u00e9clamation aupr\u00e8s du promoteur immobilier et, le cas \u00e9ch\u00e9ant, l\u2019exercice des actions en justice correspondantes dans les d\u00e9lais fix\u00e9s par la loi.<\/p>\n<p>&nbsp;<\/p>\n<p><em><strong>Cette contribution est l&rsquo;\u0153uvre d&rsquo;Ana S\u00e1nchez, avocate chez Welex sp\u00e9cialis\u00e9e en droit immobilier et de l&rsquo;urbanisme, avec une approche analytique et orient\u00e9e client.<\/strong><\/em><\/p>\n","protected":false},"excerpt":{"rendered":"<p>Chez Welex Avocats et \u00e9conomistes, nous accompagnons les acheteurs nationaux et internationaux tout au long du processus d\u2019acquisition de logements neufs en Espagne. L\u2019une des questions qui nous est le plus souvent pos\u00e9e concerne les d\u00e9fauts pouvant appara\u00eetre apr\u00e8s la remise du logement et les recours juridiques permettant d\u2019exiger leur r\u00e9paration. Si vous \u00eates en [&hellip;]<\/p>\n","protected":false},"author":2,"featured_media":31828,"comment_status":"open","ping_status":"open","sticky":false,"template":"","format":"standard","meta":{"_acf_changed":false,"footnotes":""},"categories":[273],"tags":[3271,4050,4127,4128,4129,4130,4131,4132],"class_list":["post-31853","post","type-post","status-publish","format-standard","has-post-thumbnail","hentry","category-propriete-en-espagne","tag-droit-immobilier-espagne","tag-logement-neuf-espagne","tag-defauts-logement-neuf","tag-reclamation-defauts-immobiliers","tag-promoteur-immobilier-espagne","tag-loi-espagnole-de-la-construction","tag-garantie-decennale","tag-logement-neuf-marbella"],"acf":[],"yoast_head":"<!-- This site is optimized with the Yoast SEO Premium plugin v27.9 (Yoast SEO v27.9) - https:\/\/yoast.com\/product\/yoast-seo-premium-wordpress\/ -->\n<title>Comment r\u00e9clamer en cas de d\u00e9fauts dans un logement neuf en Espagne ? - Welex<\/title>\n<meta name=\"description\" content=\"D\u00e9fauts dans un logement neuf en Espagne ? D\u00e9couvrez les d\u00e9lais l\u00e9gaux, les garanties et les possibilit\u00e9s de recours contre le promoteur.\" \/>\n<meta name=\"robots\" content=\"index, follow, max-snippet:-1, max-image-preview:large, max-video-preview:-1\" \/>\n<link rel=\"canonical\" href=\"https:\/\/www.welex.es\/fr\/reclamer-defauts-logement-neuf-espagne\/\" \/>\n<meta property=\"og:locale\" content=\"fr_FR\" \/>\n<meta property=\"og:type\" content=\"article\" \/>\n<meta property=\"og:title\" content=\"Comment r\u00e9clamer en cas de d\u00e9fauts dans un logement neuf en Espagne ? D\u00e9fauts dans votre logement neuf en Espagne ? Vos recours\" \/>\n<meta property=\"og:description\" content=\"Vous avez constat\u00e9 des d\u00e9fauts apr\u00e8s la livraison de votre logement neuf en Espagne ? D\u00e9couvrez les garanties applicables et comment agir contre le promoteur.\" \/>\n<meta property=\"og:url\" content=\"https:\/\/www.welex.es\/fr\/reclamer-defauts-logement-neuf-espagne\/\" \/>\n<meta property=\"og:site_name\" content=\"Welex\" \/>\n<meta property=\"article:publisher\" content=\"https:\/\/www.facebook.com\/WelexLawyersAccountants\/\" \/>\n<meta property=\"article:published_time\" content=\"2026-08-31T07:00:46+00:00\" \/>\n<meta property=\"article:modified_time\" content=\"2026-08-31T09:20:58+00:00\" \/>\n<meta property=\"og:image\" content=\"https:\/\/www.welex.es\/wp-content\/uploads\/2026\/08\/Comment-reclamer-en-cas-de-defauts-dans-un-logement-neuf-en-Espagne_WEBP.webp\" \/>\n\t<meta property=\"og:image:width\" content=\"1024\" \/>\n\t<meta property=\"og:image:height\" content=\"768\" \/>\n\t<meta property=\"og:image:type\" content=\"image\/webp\" \/>\n<meta name=\"author\" content=\"Noelia\" \/>\n<meta name=\"twitter:card\" content=\"summary_large_image\" \/>\n<meta name=\"twitter:title\" content=\"Comment r\u00e9clamer en cas de d\u00e9fauts dans un logement neuf en Espagne ?\" \/>\n<meta name=\"twitter:label1\" content=\"\u00c9crit par\" \/>\n\t<meta name=\"twitter:data1\" content=\"Noelia\" \/>\n\t<meta name=\"twitter:label2\" content=\"Dur\u00e9e de lecture estim\u00e9e\" \/>\n\t<meta name=\"twitter:data2\" content=\"4 minutes\" \/>\n<script type=\"application\/ld+json\" class=\"yoast-schema-graph\">{\"@context\":\"https:\\\/\\\/schema.org\",\"@graph\":[{\"@type\":\"Article\",\"@id\":\"https:\\\/\\\/www.welex.es\\\/fr\\\/reclamer-defauts-logement-neuf-espagne\\\/#article\",\"isPartOf\":{\"@id\":\"https:\\\/\\\/www.welex.es\\\/fr\\\/reclamer-defauts-logement-neuf-espagne\\\/\"},\"author\":{\"name\":\"Noelia\",\"@id\":\"https:\\\/\\\/www.welex.es\\\/fr\\\/#\\\/schema\\\/person\\\/a63d0e9ba5ab8e6903606fc509960d03\"},\"headline\":\"Comment r\u00e9clamer en cas de d\u00e9fauts dans un logement neuf en Espagne ?\",\"datePublished\":\"2026-08-31T07:00:46+00:00\",\"dateModified\":\"2026-08-31T09:20:58+00:00\",\"mainEntityOfPage\":{\"@id\":\"https:\\\/\\\/www.welex.es\\\/fr\\\/reclamer-defauts-logement-neuf-espagne\\\/\"},\"wordCount\":652,\"commentCount\":0,\"publisher\":{\"@id\":\"https:\\\/\\\/www.welex.es\\\/#organization\"},\"image\":{\"@id\":\"https:\\\/\\\/www.welex.es\\\/fr\\\/reclamer-defauts-logement-neuf-espagne\\\/#primaryimage\"},\"thumbnailUrl\":\"https:\\\/\\\/www.welex.es\\\/wp-content\\\/uploads\\\/2026\\\/08\\\/Comment-reclamer-en-cas-de-defauts-dans-un-logement-neuf-en-Espagne_WEBP.webp\",\"keywords\":[\"droit immobilier Espagne\",\"logement neuf Espagne\",\"d\u00e9fauts logement neuf\",\"r\u00e9clamation d\u00e9fauts immobiliers\",\"promoteur immobilier Espagne\",\"loi espagnole de la construction\",\"garantie d\u00e9cennale\",\"logement neuf Marbella\"],\"articleSection\":[\"Propri\u00e9t\u00e9 en Espagne\"],\"inLanguage\":\"fr-FR\",\"potentialAction\":[{\"@type\":\"CommentAction\",\"name\":\"Comment\",\"target\":[\"https:\\\/\\\/www.welex.es\\\/fr\\\/reclamer-defauts-logement-neuf-espagne\\\/#respond\"]}]},{\"@type\":\"WebPage\",\"@id\":\"https:\\\/\\\/www.welex.es\\\/fr\\\/reclamer-defauts-logement-neuf-espagne\\\/\",\"url\":\"https:\\\/\\\/www.welex.es\\\/fr\\\/reclamer-defauts-logement-neuf-espagne\\\/\",\"name\":\"Comment r\u00e9clamer en cas de d\u00e9fauts dans un logement neuf en Espagne ? - Welex\",\"isPartOf\":{\"@id\":\"https:\\\/\\\/www.welex.es\\\/fr\\\/#website\"},\"primaryImageOfPage\":{\"@id\":\"https:\\\/\\\/www.welex.es\\\/fr\\\/reclamer-defauts-logement-neuf-espagne\\\/#primaryimage\"},\"image\":{\"@id\":\"https:\\\/\\\/www.welex.es\\\/fr\\\/reclamer-defauts-logement-neuf-espagne\\\/#primaryimage\"},\"thumbnailUrl\":\"https:\\\/\\\/www.welex.es\\\/wp-content\\\/uploads\\\/2026\\\/08\\\/Comment-reclamer-en-cas-de-defauts-dans-un-logement-neuf-en-Espagne_WEBP.webp\",\"datePublished\":\"2026-08-31T07:00:46+00:00\",\"dateModified\":\"2026-08-31T09:20:58+00:00\",\"description\":\"D\u00e9fauts dans un logement neuf en Espagne ? D\u00e9couvrez les d\u00e9lais l\u00e9gaux, les garanties et les possibilit\u00e9s de recours contre le promoteur.\",\"breadcrumb\":{\"@id\":\"https:\\\/\\\/www.welex.es\\\/fr\\\/reclamer-defauts-logement-neuf-espagne\\\/#breadcrumb\"},\"inLanguage\":\"fr-FR\",\"potentialAction\":[{\"@type\":\"ReadAction\",\"target\":[\"https:\\\/\\\/www.welex.es\\\/fr\\\/reclamer-defauts-logement-neuf-espagne\\\/\"]}]},{\"@type\":\"ImageObject\",\"inLanguage\":\"fr-FR\",\"@id\":\"https:\\\/\\\/www.welex.es\\\/fr\\\/reclamer-defauts-logement-neuf-espagne\\\/#primaryimage\",\"url\":\"https:\\\/\\\/www.welex.es\\\/wp-content\\\/uploads\\\/2026\\\/08\\\/Comment-reclamer-en-cas-de-defauts-dans-un-logement-neuf-en-Espagne_WEBP.webp\",\"contentUrl\":\"https:\\\/\\\/www.welex.es\\\/wp-content\\\/uploads\\\/2026\\\/08\\\/Comment-reclamer-en-cas-de-defauts-dans-un-logement-neuf-en-Espagne_WEBP.webp\",\"width\":1024,\"height\":768},{\"@type\":\"BreadcrumbList\",\"@id\":\"https:\\\/\\\/www.welex.es\\\/fr\\\/reclamer-defauts-logement-neuf-espagne\\\/#breadcrumb\",\"itemListElement\":[{\"@type\":\"ListItem\",\"position\":1,\"name\":\"Home\",\"item\":\"https:\\\/\\\/www.welex.es\\\/fr\\\/\"},{\"@type\":\"ListItem\",\"position\":2,\"name\":\"Comment r\u00e9clamer en cas de d\u00e9fauts dans un logement neuf en Espagne ?\"}]},{\"@type\":\"WebSite\",\"@id\":\"https:\\\/\\\/www.welex.es\\\/fr\\\/#website\",\"url\":\"https:\\\/\\\/www.welex.es\\\/fr\\\/\",\"name\":\"Welex\",\"description\":\"\",\"publisher\":{\"@id\":\"https:\\\/\\\/www.welex.es\\\/#organization\"},\"potentialAction\":[{\"@type\":\"SearchAction\",\"target\":{\"@type\":\"EntryPoint\",\"urlTemplate\":\"https:\\\/\\\/www.welex.es\\\/fr\\\/?s={search_term_string}\"},\"query-input\":{\"@type\":\"PropertyValueSpecification\",\"valueRequired\":true,\"valueName\":\"search_term_string\"}}],\"inLanguage\":\"fr-FR\"},{\"@type\":[\"Organization\",\"LegalService\"],\"@id\":\"https:\\\/\\\/www.welex.es\\\/#organization\",\"name\":\"Welex\",\"url\":\"https:\\\/\\\/www.welex.es\\\/\",\"logo\":{\"@type\":\"ImageObject\",\"inLanguage\":\"fr-FR\",\"@id\":\"https:\\\/\\\/www.welex.es\\\/#\\\/schema\\\/logo\\\/image\\\/\",\"url\":\"https:\\\/\\\/www.welex.es\\\/wp-content\\\/uploads\\\/2025\\\/05\\\/LOGOWELEXCORRECTO.png\",\"contentUrl\":\"https:\\\/\\\/www.welex.es\\\/wp-content\\\/uploads\\\/2025\\\/05\\\/LOGOWELEXCORRECTO.png\",\"width\":2147,\"height\":771,\"caption\":\"Welex\"},\"image\":{\"@id\":\"https:\\\/\\\/www.welex.es\\\/#\\\/schema\\\/logo\\\/image\\\/\"},\"sameAs\":[\"https:\\\/\\\/www.facebook.com\\\/WelexLawyersAccountants\\\/\",\"https:\\\/\\\/www.linkedin.com\\\/company\\\/welex\\\/\",\"https:\\\/\\\/www.instagram.com\\\/welex.lawyers\\\/\",\"https:\\\/\\\/www.tiktok.com\\\/@welex_lawyers_marbella\",\"https:\\\/\\\/lawyerscostadelsol.com\\\/\",\"https:\\\/\\\/www.accountant-spain.com\\\/\",\"https:\\\/\\\/welex-solicitors.com\\\/\"],\"description\":\"Law firm in Marbella providing legal, tax, labour and accounting advice to individuals and companies in Spain, with over 20 years of experience.\",\"email\":\"info@welex.es\",\"telephone\":\"+34952775521\",\"legalName\":\"Tr\u00e1mites Costa, S.L.\",\"numberOfEmployees\":{\"@type\":\"QuantitativeValue\",\"minValue\":\"11\",\"maxValue\":\"50\"},\"address\":{\"@type\":\"PostalAddress\",\"streetAddress\":\"Calle Ram\u00f3n G\u00f3mez de la Serna 23, Local 7\",\"addressLocality\":\"Marbella\",\"addressRegion\":\"M\u00e1laga\",\"postalCode\":\"29602\",\"addressCountry\":\"ES\"},\"geo\":{\"@type\":\"GeoCoordinates\",\"latitude\":36.5095366,\"longitude\":-4.8985745},\"hasMap\":\"https:\\\/\\\/www.google.com\\\/maps\\\/search\\\/?api=1&query=Welex+Marbella\",\"openingHoursSpecification\":[{\"@type\":\"OpeningHoursSpecification\",\"dayOfWeek\":[\"Monday\",\"Tuesday\",\"Wednesday\",\"Thursday\"],\"opens\":\"08:30\",\"closes\":\"17:00\"},{\"@type\":\"OpeningHoursSpecification\",\"dayOfWeek\":\"Friday\",\"opens\":\"08:30\",\"closes\":\"14:30\"}],\"areaServed\":[{\"@type\":\"Country\",\"name\":\"Spain\"},{\"@type\":\"AdministrativeArea\",\"name\":\"Costa del Sol\"},{\"@type\":\"City\",\"name\":\"Marbella\"}],\"knowsLanguage\":[\"es\",\"en\",\"nl\",\"fr\"],\"currenciesAccepted\":\"EUR\",\"priceRange\":\"$$\",\"slogan\":\"S\u00e9curit\u00e9 juridique. Clart\u00e9 fiscale. Conseil de confiance.\",\"contactPoint\":[{\"@type\":\"ContactPoint\",\"telephone\":\"+34952775521\",\"email\":\"info@welex.es\",\"contactType\":\"customer service\",\"availableLanguage\":[\"English\",\"Spanish\",\"Dutch\",\"French\"],\"areaServed\":\"ES\"}],\"hasOfferCatalog\":{\"@type\":\"OfferCatalog\",\"name\":\"Services juridiques, fiscaux et comptables en Espagne\",\"itemListElement\":[{\"@type\":\"Offer\",\"itemOffered\":{\"@type\":\"Service\",\"name\":\"Avocats sp\u00e9cialis\u00e9s en immobilier \u00e0 Marbella : Achat et vente de biens en Espagne\",\"url\":\"https:\\\/\\\/www.welex.es\\\/fr\\\/service\\\/conseil-dans-lacquisition-et-la-vente-de-biens-immobiliers\\\/\"}},{\"@type\":\"Offer\",\"itemOffered\":{\"@type\":\"Service\",\"name\":\"Avocats en testaments et successions \u00e0 Marbella\",\"url\":\"https:\\\/\\\/www.welex.es\\\/fr\\\/service\\\/testaments-et-heritage\\\/\"}},{\"@type\":\"Offer\",\"itemOffered\":{\"@type\":\"Service\",\"name\":\"Droit des soci\u00e9t\u00e9s en Espagne\",\"url\":\"https:\\\/\\\/www.welex.es\\\/fr\\\/service\\\/enterprises-et-societe\\\/\"}},{\"@type\":\"Offer\",\"itemOffered\":{\"@type\":\"Service\",\"name\":\"Conseils en droit du travail en Espagne\",\"url\":\"https:\\\/\\\/www.welex.es\\\/fr\\\/service\\\/conseil-du-travail\\\/\"}},{\"@type\":\"Offer\",\"itemOffered\":{\"@type\":\"Service\",\"name\":\"Contentieux en Espagne\",\"url\":\"https:\\\/\\\/www.welex.es\\\/fr\\\/service\\\/droit-procedural\\\/\"}},{\"@type\":\"Offer\",\"itemOffered\":{\"@type\":\"Service\",\"name\":\"Imp\u00f4t sur le revenu et imp\u00f4t sur la fortune en Espagne\",\"url\":\"https:\\\/\\\/www.welex.es\\\/fr\\\/service\\\/acquisition-de-bien-immobilier-par-une-personne-physique-non-residentes-en-espagne\\\/\"}},{\"@type\":\"Offer\",\"itemOffered\":{\"@type\":\"Service\",\"name\":\"Obligations fiscales d\u2019une soci\u00e9t\u00e9 \u00e0 responsabilit\u00e9 limit\u00e9e (SARL)\",\"url\":\"https:\\\/\\\/www.welex.es\\\/fr\\\/service\\\/obligations-fiscales-dune-societe-limitee\\\/\"}},{\"@type\":\"Offer\",\"itemOffered\":{\"@type\":\"Service\",\"name\":\"Obligations commerciales d\u2019une soci\u00e9t\u00e9 \u00e0 responsabilit\u00e9 limit\u00e9e (SL)\",\"url\":\"https:\\\/\\\/www.welex.es\\\/fr\\\/service\\\/mercantile-obligations-of-a-sl-company\\\/\"}},{\"@type\":\"Offer\",\"itemOffered\":{\"@type\":\"Service\",\"name\":\"R\u00e9vision des \u00e9tats financiers et comptables espagnols\",\"url\":\"https:\\\/\\\/www.welex.es\\\/fr\\\/service\\\/revision-des-etats-financiers-comptables\\\/\"}},{\"@type\":\"Offer\",\"itemOffered\":{\"@type\":\"Service\",\"name\":\"Points fiscaux\",\"url\":\"https:\\\/\\\/www.welex.es\\\/fr\\\/service\\\/impot\\\/\"}},{\"@type\":\"Offer\",\"itemOffered\":{\"@type\":\"Service\",\"name\":\"Formalit\u00e9s\",\"url\":\"https:\\\/\\\/www.welex.es\\\/fr\\\/service\\\/formalities\\\/\"}}]}},{\"@type\":\"Person\",\"@id\":\"https:\\\/\\\/www.welex.es\\\/fr\\\/#\\\/schema\\\/person\\\/a63d0e9ba5ab8e6903606fc509960d03\",\"name\":\"Noelia\",\"image\":{\"@type\":\"ImageObject\",\"inLanguage\":\"fr-FR\",\"@id\":\"https:\\\/\\\/secure.gravatar.com\\\/avatar\\\/347f4755252771b373551cdfd69b8ff13bf2c1d64cd80997b4502c4224a6c3f1?s=96&d=mm&r=g\",\"url\":\"https:\\\/\\\/secure.gravatar.com\\\/avatar\\\/347f4755252771b373551cdfd69b8ff13bf2c1d64cd80997b4502c4224a6c3f1?s=96&d=mm&r=g\",\"contentUrl\":\"https:\\\/\\\/secure.gravatar.com\\\/avatar\\\/347f4755252771b373551cdfd69b8ff13bf2c1d64cd80997b4502c4224a6c3f1?s=96&d=mm&r=g\",\"caption\":\"Noelia\"}}]}<\/script>\n<!-- \/ Yoast SEO Premium plugin. -->","yoast_head_json":{"title":"Comment r\u00e9clamer en cas de d\u00e9fauts dans un logement neuf en Espagne ? - Welex","description":"D\u00e9fauts dans un logement neuf en Espagne ? D\u00e9couvrez les d\u00e9lais l\u00e9gaux, les garanties et les possibilit\u00e9s de recours contre le promoteur.","robots":{"index":"index","follow":"follow","max-snippet":"max-snippet:-1","max-image-preview":"max-image-preview:large","max-video-preview":"max-video-preview:-1"},"canonical":"https:\/\/www.welex.es\/fr\/reclamer-defauts-logement-neuf-espagne\/","og_locale":"fr_FR","og_type":"article","og_title":"Comment r\u00e9clamer en cas de d\u00e9fauts dans un logement neuf en Espagne ? D\u00e9fauts dans votre logement neuf en Espagne ? Vos recours","og_description":"Vous avez constat\u00e9 des d\u00e9fauts apr\u00e8s la livraison de votre logement neuf en Espagne ? D\u00e9couvrez les garanties applicables et comment agir contre le promoteur.","og_url":"https:\/\/www.welex.es\/fr\/reclamer-defauts-logement-neuf-espagne\/","og_site_name":"Welex","article_publisher":"https:\/\/www.facebook.com\/WelexLawyersAccountants\/","article_published_time":"2026-08-31T07:00:46+00:00","article_modified_time":"2026-08-31T09:20:58+00:00","og_image":[{"width":1024,"height":768,"url":"https:\/\/www.welex.es\/wp-content\/uploads\/2026\/08\/Comment-reclamer-en-cas-de-defauts-dans-un-logement-neuf-en-Espagne_WEBP.webp","type":"image\/webp"}],"author":"Noelia","twitter_card":"summary_large_image","twitter_title":"Comment r\u00e9clamer en cas de d\u00e9fauts dans un logement neuf en Espagne ?","twitter_misc":{"\u00c9crit par":"Noelia","Dur\u00e9e de lecture estim\u00e9e":"4 minutes"},"schema":{"@context":"https:\/\/schema.org","@graph":[{"@type":"Article","@id":"https:\/\/www.welex.es\/fr\/reclamer-defauts-logement-neuf-espagne\/#article","isPartOf":{"@id":"https:\/\/www.welex.es\/fr\/reclamer-defauts-logement-neuf-espagne\/"},"author":{"name":"Noelia","@id":"https:\/\/www.welex.es\/fr\/#\/schema\/person\/a63d0e9ba5ab8e6903606fc509960d03"},"headline":"Comment r\u00e9clamer en cas de d\u00e9fauts dans un logement neuf en Espagne ?","datePublished":"2026-08-31T07:00:46+00:00","dateModified":"2026-08-31T09:20:58+00:00","mainEntityOfPage":{"@id":"https:\/\/www.welex.es\/fr\/reclamer-defauts-logement-neuf-espagne\/"},"wordCount":652,"commentCount":0,"publisher":{"@id":"https:\/\/www.welex.es\/#organization"},"image":{"@id":"https:\/\/www.welex.es\/fr\/reclamer-defauts-logement-neuf-espagne\/#primaryimage"},"thumbnailUrl":"https:\/\/www.welex.es\/wp-content\/uploads\/2026\/08\/Comment-reclamer-en-cas-de-defauts-dans-un-logement-neuf-en-Espagne_WEBP.webp","keywords":["droit immobilier Espagne","logement neuf Espagne","d\u00e9fauts logement neuf","r\u00e9clamation d\u00e9fauts immobiliers","promoteur immobilier Espagne","loi espagnole de la construction","garantie d\u00e9cennale","logement neuf Marbella"],"articleSection":["Propri\u00e9t\u00e9 en Espagne"],"inLanguage":"fr-FR","potentialAction":[{"@type":"CommentAction","name":"Comment","target":["https:\/\/www.welex.es\/fr\/reclamer-defauts-logement-neuf-espagne\/#respond"]}]},{"@type":"WebPage","@id":"https:\/\/www.welex.es\/fr\/reclamer-defauts-logement-neuf-espagne\/","url":"https:\/\/www.welex.es\/fr\/reclamer-defauts-logement-neuf-espagne\/","name":"Comment r\u00e9clamer en cas de d\u00e9fauts dans un logement neuf en Espagne ? - Welex","isPartOf":{"@id":"https:\/\/www.welex.es\/fr\/#website"},"primaryImageOfPage":{"@id":"https:\/\/www.welex.es\/fr\/reclamer-defauts-logement-neuf-espagne\/#primaryimage"},"image":{"@id":"https:\/\/www.welex.es\/fr\/reclamer-defauts-logement-neuf-espagne\/#primaryimage"},"thumbnailUrl":"https:\/\/www.welex.es\/wp-content\/uploads\/2026\/08\/Comment-reclamer-en-cas-de-defauts-dans-un-logement-neuf-en-Espagne_WEBP.webp","datePublished":"2026-08-31T07:00:46+00:00","dateModified":"2026-08-31T09:20:58+00:00","description":"D\u00e9fauts dans un logement neuf en Espagne ? D\u00e9couvrez les d\u00e9lais l\u00e9gaux, les garanties et les possibilit\u00e9s de recours contre le promoteur.","breadcrumb":{"@id":"https:\/\/www.welex.es\/fr\/reclamer-defauts-logement-neuf-espagne\/#breadcrumb"},"inLanguage":"fr-FR","potentialAction":[{"@type":"ReadAction","target":["https:\/\/www.welex.es\/fr\/reclamer-defauts-logement-neuf-espagne\/"]}]},{"@type":"ImageObject","inLanguage":"fr-FR","@id":"https:\/\/www.welex.es\/fr\/reclamer-defauts-logement-neuf-espagne\/#primaryimage","url":"https:\/\/www.welex.es\/wp-content\/uploads\/2026\/08\/Comment-reclamer-en-cas-de-defauts-dans-un-logement-neuf-en-Espagne_WEBP.webp","contentUrl":"https:\/\/www.welex.es\/wp-content\/uploads\/2026\/08\/Comment-reclamer-en-cas-de-defauts-dans-un-logement-neuf-en-Espagne_WEBP.webp","width":1024,"height":768},{"@type":"BreadcrumbList","@id":"https:\/\/www.welex.es\/fr\/reclamer-defauts-logement-neuf-espagne\/#breadcrumb","itemListElement":[{"@type":"ListItem","position":1,"name":"Home","item":"https:\/\/www.welex.es\/fr\/"},{"@type":"ListItem","position":2,"name":"Comment r\u00e9clamer en cas de d\u00e9fauts dans un logement neuf en Espagne ?"}]},{"@type":"WebSite","@id":"https:\/\/www.welex.es\/fr\/#website","url":"https:\/\/www.welex.es\/fr\/","name":"Welex","description":"","publisher":{"@id":"https:\/\/www.welex.es\/#organization"},"potentialAction":[{"@type":"SearchAction","target":{"@type":"EntryPoint","urlTemplate":"https:\/\/www.welex.es\/fr\/?s={search_term_string}"},"query-input":{"@type":"PropertyValueSpecification","valueRequired":true,"valueName":"search_term_string"}}],"inLanguage":"fr-FR"},{"@type":["Organization","LegalService"],"@id":"https:\/\/www.welex.es\/#organization","name":"Welex","url":"https:\/\/www.welex.es\/","logo":{"@type":"ImageObject","inLanguage":"fr-FR","@id":"https:\/\/www.welex.es\/#\/schema\/logo\/image\/","url":"https:\/\/www.welex.es\/wp-content\/uploads\/2025\/05\/LOGOWELEXCORRECTO.png","contentUrl":"https:\/\/www.welex.es\/wp-content\/uploads\/2025\/05\/LOGOWELEXCORRECTO.png","width":2147,"height":771,"caption":"Welex"},"image":{"@id":"https:\/\/www.welex.es\/#\/schema\/logo\/image\/"},"sameAs":["https:\/\/www.facebook.com\/WelexLawyersAccountants\/","https:\/\/www.linkedin.com\/company\/welex\/","https:\/\/www.instagram.com\/welex.lawyers\/","https:\/\/www.tiktok.com\/@welex_lawyers_marbella","https:\/\/lawyerscostadelsol.com\/","https:\/\/www.accountant-spain.com\/","https:\/\/welex-solicitors.com\/"],"description":"Law firm in Marbella providing legal, tax, labour and accounting advice to individuals and companies in Spain, with over 20 years of experience.","email":"info@welex.es","telephone":"+34952775521","legalName":"Tr\u00e1mites Costa, S.L.","numberOfEmployees":{"@type":"QuantitativeValue","minValue":"11","maxValue":"50"},"address":{"@type":"PostalAddress","streetAddress":"Calle Ram\u00f3n G\u00f3mez de la Serna 23, Local 7","addressLocality":"Marbella","addressRegion":"M\u00e1laga","postalCode":"29602","addressCountry":"ES"},"geo":{"@type":"GeoCoordinates","latitude":36.5095366,"longitude":-4.8985745},"hasMap":"https:\/\/www.google.com\/maps\/search\/?api=1&query=Welex+Marbella","openingHoursSpecification":[{"@type":"OpeningHoursSpecification","dayOfWeek":["Monday","Tuesday","Wednesday","Thursday"],"opens":"08:30","closes":"17:00"},{"@type":"OpeningHoursSpecification","dayOfWeek":"Friday","opens":"08:30","closes":"14:30"}],"areaServed":[{"@type":"Country","name":"Spain"},{"@type":"AdministrativeArea","name":"Costa del Sol"},{"@type":"City","name":"Marbella"}],"knowsLanguage":["es","en","nl","fr"],"currenciesAccepted":"EUR","priceRange":"$$","slogan":"S\u00e9curit\u00e9 juridique. Clart\u00e9 fiscale. Conseil de confiance.","contactPoint":[{"@type":"ContactPoint","telephone":"+34952775521","email":"info@welex.es","contactType":"customer service","availableLanguage":["English","Spanish","Dutch","French"],"areaServed":"ES"}],"hasOfferCatalog":{"@type":"OfferCatalog","name":"Services juridiques, fiscaux et comptables en Espagne","itemListElement":[{"@type":"Offer","itemOffered":{"@type":"Service","name":"Avocats sp\u00e9cialis\u00e9s en immobilier \u00e0 Marbella : Achat et vente de biens en Espagne","url":"https:\/\/www.welex.es\/fr\/service\/conseil-dans-lacquisition-et-la-vente-de-biens-immobiliers\/"}},{"@type":"Offer","itemOffered":{"@type":"Service","name":"Avocats en testaments et successions \u00e0 Marbella","url":"https:\/\/www.welex.es\/fr\/service\/testaments-et-heritage\/"}},{"@type":"Offer","itemOffered":{"@type":"Service","name":"Droit des soci\u00e9t\u00e9s en Espagne","url":"https:\/\/www.welex.es\/fr\/service\/enterprises-et-societe\/"}},{"@type":"Offer","itemOffered":{"@type":"Service","name":"Conseils en droit du travail en Espagne","url":"https:\/\/www.welex.es\/fr\/service\/conseil-du-travail\/"}},{"@type":"Offer","itemOffered":{"@type":"Service","name":"Contentieux en Espagne","url":"https:\/\/www.welex.es\/fr\/service\/droit-procedural\/"}},{"@type":"Offer","itemOffered":{"@type":"Service","name":"Imp\u00f4t sur le revenu et imp\u00f4t sur la fortune en Espagne","url":"https:\/\/www.welex.es\/fr\/service\/acquisition-de-bien-immobilier-par-une-personne-physique-non-residentes-en-espagne\/"}},{"@type":"Offer","itemOffered":{"@type":"Service","name":"Obligations fiscales d\u2019une soci\u00e9t\u00e9 \u00e0 responsabilit\u00e9 limit\u00e9e (SARL)","url":"https:\/\/www.welex.es\/fr\/service\/obligations-fiscales-dune-societe-limitee\/"}},{"@type":"Offer","itemOffered":{"@type":"Service","name":"Obligations commerciales d\u2019une soci\u00e9t\u00e9 \u00e0 responsabilit\u00e9 limit\u00e9e (SL)","url":"https:\/\/www.welex.es\/fr\/service\/mercantile-obligations-of-a-sl-company\/"}},{"@type":"Offer","itemOffered":{"@type":"Service","name":"R\u00e9vision des \u00e9tats financiers et comptables espagnols","url":"https:\/\/www.welex.es\/fr\/service\/revision-des-etats-financiers-comptables\/"}},{"@type":"Offer","itemOffered":{"@type":"Service","name":"Points fiscaux","url":"https:\/\/www.welex.es\/fr\/service\/impot\/"}},{"@type":"Offer","itemOffered":{"@type":"Service","name":"Formalit\u00e9s","url":"https:\/\/www.welex.es\/fr\/service\/formalities\/"}}]}},{"@type":"Person","@id":"https:\/\/www.welex.es\/fr\/#\/schema\/person\/a63d0e9ba5ab8e6903606fc509960d03","name":"Noelia","image":{"@type":"ImageObject","inLanguage":"fr-FR","@id":"https:\/\/secure.gravatar.com\/avatar\/347f4755252771b373551cdfd69b8ff13bf2c1d64cd80997b4502c4224a6c3f1?s=96&d=mm&r=g","url":"https:\/\/secure.gravatar.com\/avatar\/347f4755252771b373551cdfd69b8ff13bf2c1d64cd80997b4502c4224a6c3f1?s=96&d=mm&r=g","contentUrl":"https:\/\/secure.gravatar.com\/avatar\/347f4755252771b373551cdfd69b8ff13bf2c1d64cd80997b4502c4224a6c3f1?s=96&d=mm&r=g","caption":"Noelia"}}]}},"_links":{"self":[{"href":"https:\/\/www.welex.es\/fr\/wp-json\/wp\/v2\/posts\/31853","targetHints":{"allow":["GET"]}}],"collection":[{"href":"https:\/\/www.welex.es\/fr\/wp-json\/wp\/v2\/posts"}],"about":[{"href":"https:\/\/www.welex.es\/fr\/wp-json\/wp\/v2\/types\/post"}],"author":[{"embeddable":true,"href":"https:\/\/www.welex.es\/fr\/wp-json\/wp\/v2\/users\/2"}],"replies":[{"embeddable":true,"href":"https:\/\/www.welex.es\/fr\/wp-json\/wp\/v2\/comments?post=31853"}],"version-history":[{"count":4,"href":"https:\/\/www.welex.es\/fr\/wp-json\/wp\/v2\/posts\/31853\/revisions"}],"predecessor-version":[{"id":32077,"href":"https:\/\/www.welex.es\/fr\/wp-json\/wp\/v2\/posts\/31853\/revisions\/32077"}],"wp:featuredmedia":[{"embeddable":true,"href":"https:\/\/www.welex.es\/fr\/wp-json\/wp\/v2\/media\/31828"}],"wp:attachment":[{"href":"https:\/\/www.welex.es\/fr\/wp-json\/wp\/v2\/media?parent=31853"}],"wp:term":[{"taxonomy":"category","embeddable":true,"href":"https:\/\/www.welex.es\/fr\/wp-json\/wp\/v2\/categories?post=31853"},{"taxonomy":"post_tag","embeddable":true,"href":"https:\/\/www.welex.es\/fr\/wp-json\/wp\/v2\/tags?post=31853"}],"curies":[{"name":"wp","href":"https:\/\/api.w.org\/{rel}","templated":true}]}}