{"id":9724,"date":"2017-08-21T08:00:36","date_gmt":"2017-08-21T08:00:36","guid":{"rendered":"https:\/\/www.welex.es\/?p=9724\/"},"modified":"2025-09-09T08:34:36","modified_gmt":"2025-09-09T08:34:36","slug":"ojen-un-village-entre-la-mediterranee-et-la-montagne","status":"publish","type":"post","link":"https:\/\/www.welex.es\/fr\/ojen-un-village-entre-la-mediterranee-et-la-montagne\/","title":{"rendered":"Ojen, un village entre la m\u00e9diterran\u00e9e et la montagne"},"content":{"rendered":"<p>Ojen se trouve a seulement 8 kilom\u00e8tres du c\u0153ur de la Costa del Sol. Un petit village qui sert d\u2019entr\u00e9e \u00e0 la \u00ab\u00a0Sierra de las Nieves\u00a0\u00bb et qui est tr\u00e8s connu pour son eau-de-vie aux herbes. Ojen conserve le charme d\u2019un village andalou, avec des petites rues \u00e9troites et des maisons blanches. Un village, qui en plus, a su s\u2019adapter aux n\u00e9cessit\u00e9s des touristes modernes qui d\u00e9cident de le visiter.<\/p>\n<p><img fetchpriority=\"high\" decoding=\"async\" class=\"aligncenter wp-image-9715 size-full\" title=\"Ojen avocat et \u00e9conomiste \u00e0 Marbella\" src=\"https:\/\/www.welex.es\/wp-content\/uploads\/2017\/10\/ojen.jpg\" alt=\"Ojen avocat et \u00e9conomiste \u00e0 Marbella\" width=\"600\" height=\"450\" \/><\/p>\n<p>Le village dispose d\u2019un bureau d\u2019attention au touriste, o\u00f9 on peut consulter toute l\u2019offre touristique et culturelle. Des visites guid\u00e9es culturelles et ethnographiques, ateliers de savon naturel, d\u00e9gustation d\u2019huile d\u2019olive, petit-d\u00e9jeuner typique andalou ou des souvenirs en sparte. Une promenade \u00e0 travers ses rues et ses monuments embl\u00e9matiques offre au touriste diff\u00e9rentes possibilit\u00e9s pour d\u00e9guster la gastronomie traditionnelle, comme le \u00ab\u00a0bolo\u00a0\u00bb de fenouil, le potage aux ch\u00e2taignes ou le \u00ab\u00a0salmorejo\u00a0\u00bb.<\/p>\n<p>Il y a trois endroits \u00e0 visiter absolument une fois arriv\u00e9 au village: Le mus\u00e9e du Moulin, les Grottes et l\u2019Eglise de la \u00ab\u00a0Encarnacion\u00a0\u00bb du XVIII si\u00e8cle, avec la fontaine des \u00ab\u00a0los chorros\u00a0\u00bb.<\/p>\n<p>Ojen dispose aussi d\u2019une offre d\u2019\u00e9v\u00e9nements socioculturels comme le festival de la musique Indie \u201cOjeando Festival\u201d qui se c\u00e9l\u00e8bre chaque premier week-end du mois de juillet; ou le festival \u201cCastillo del cante\u201d, un des plus anciens de la r\u00e9gion, et ses f\u00eates locales en honneur au Saint Dionisio, une c\u00e9l\u00e9bration qui est centr\u00e9e sur la place du village.<\/p>\n<p><img decoding=\"async\" class=\"aligncenter wp-image-9716 size-full\" title=\"Cabinet d'avocats \u00e0 Oj\u00e9n\" src=\"https:\/\/www.welex.es\/wp-content\/uploads\/2017\/10\/sierra-de-ojen.jpg\" alt=\"Cabinet d'avocats \u00e0 Oj\u00e9n\" width=\"600\" height=\"450\" \/><\/p>\n<p>Pour ce qui concerne l\u2019offre de tourisme rural, Ojen est situ\u00e9 dans l\u2019environnement naturel de la Reserve de la Biosph\u00e8re du parc naturel. On peut y r\u00e9aliser des routes de randonn\u00e9es et visiter des endroits tels que les \u00ab\u00a0Llanos de Puzla\u00a0\u00bb ou le refuge de \u00ab\u00a0Juanar\u00a0\u00bb. Des paysages de grande beaut\u00e9 et une grande vari\u00e9t\u00e9 de flore et de faune, on peut y contempler des pins, des ch\u00eanes ou bien des ch\u00e8vres hispaniques, des cerfs, des mouflons ou des hiboux.<\/p>\n<p>Il s\u2019agit sans aucun doute d\u2019un petit village m\u00e9diterran\u00e9en plein de charme et de coins \u00e0 visiter.<\/p>\n<p>&nbsp;<\/p>\n<p>Cet article a \u00e9t\u00e9 publi\u00e9 par <a href=\"https:\/\/www.welex.es\/fr\/contact\/\">Welex, votre avocat et \u00e9conomiste \u00e0 Marbella<\/a>, Malaga.<\/p>\n<p>Chez \u201cWelex\u201d nous fournissons des conseils juridiques, du travail, fiscaux et comptables afin d\u2019offrir \u00e0 nos clients une s\u00e9curit\u00e9 juridique, gr\u00e2ce \u00e0 l\u2019exp\u00e9rience et \u00e0 la professionnalit\u00e9. Nous sommes un groupe d\u2019avocats, d\u2019\u00e9conomistes, de comptables et de gradu\u00e9s sociaux pr\u00eats pour r\u00e9soudre vos questions et d\u00e9fendre vos int\u00e9r\u00eats.<\/p>\n<p><span style=\"font-size: 8pt;\">Welex, votre avocat \u00e0 Ojen,\u00a0 avocats \u00e0 Ojen, Cabinet d\u2019avocats \u00e0 Ojen, Economistes Ojen, comptables \u00e0 Ojen, Conseillers fiscaux \u00e0 Ojen, Sp\u00e9cialistes en h\u00e9ritages \u00e0 Ojen, Imp\u00f4t sur les successions \u00e0 Ojen, Testaments \u00e0 Ojen<\/span><\/p>\n<p>&nbsp;<\/p>\n","protected":false},"excerpt":{"rendered":"<p>Ojen se trouve a seulement 8 kilom\u00e8tres du c\u0153ur de la Costa del Sol. Un petit village qui sert d\u2019entr\u00e9e \u00e0 la \u00ab\u00a0Sierra de las Nieves\u00a0\u00bb et qui est tr\u00e8s connu pour son eau-de-vie aux herbes. Ojen conserve le charme d\u2019un village andalou, avec des petites rues \u00e9troites et des maisons blanches. Un village, qui [&hellip;]<\/p>\n","protected":false},"author":4,"featured_media":9714,"comment_status":"closed","ping_status":"closed","sticky":false,"template":"","format":"standard","meta":{"_acf_changed":false,"footnotes":""},"categories":[430],"tags":[2879,2880,2881,2874,2875,2876,2877,2878],"class_list":["post-9724","post","type-post","status-publish","format-standard","has-post-thumbnail","hentry","category-tourisme-et-culture-en-espagne","tag-impot-sur-les-successions-a-ojen","tag-specialistes-en-heritages-a-ojen","tag-testaments-a-ojen","tag-avocats-a-ojen","tag-cabinet-davocats-a-ojen","tag-comptables-a-ojen","tag-conseillers-fiscaux-a-ojen","tag-economistes-ojen"],"acf":[],"yoast_head":"<!-- This site is optimized with the Yoast SEO Premium plugin v27.9 (Yoast SEO v27.9) - https:\/\/yoast.com\/product\/yoast-seo-premium-wordpress\/ -->\n<title>Ojen, un village entre la m\u00e9diterran\u00e9e et la montagne - Welex<\/title>\n<meta name=\"description\" content=\"Un petit village qui sert d\u2019entr\u00e9e \u00e0 la \u00ab Sierra de las Nieves \u00bb et qui est tr\u00e8s connu pour son eau-de-vie aux herbes. Ojen conserve le charme d\u2019un village.\" \/>\n<meta name=\"robots\" content=\"index, follow, max-snippet:-1, max-image-preview:large, max-video-preview:-1\" \/>\n<link rel=\"canonical\" href=\"https:\/\/www.welex.es\/fr\/ojen-un-village-entre-la-mediterranee-et-la-montagne\/\" \/>\n<meta property=\"og:locale\" content=\"fr_FR\" \/>\n<meta property=\"og:type\" content=\"article\" \/>\n<meta property=\"og:title\" content=\"Ojen, un village entre la m\u00e9diterran\u00e9e et la montagne\" \/>\n<meta property=\"og:description\" content=\"Un petit village qui sert d\u2019entr\u00e9e \u00e0 la \u00ab Sierra de las Nieves \u00bb et qui est tr\u00e8s connu pour son eau-de-vie aux herbes. Ojen conserve le charme d\u2019un village.\" \/>\n<meta property=\"og:url\" content=\"https:\/\/www.welex.es\/fr\/ojen-un-village-entre-la-mediterranee-et-la-montagne\/\" \/>\n<meta property=\"og:site_name\" content=\"Welex\" \/>\n<meta property=\"article:publisher\" content=\"https:\/\/www.facebook.com\/WelexLawyersAccountants\/\" \/>\n<meta property=\"article:published_time\" content=\"2017-08-21T08:00:36+00:00\" \/>\n<meta property=\"article:modified_time\" content=\"2025-09-09T08:34:36+00:00\" \/>\n<meta property=\"og:image\" content=\"https:\/\/www.welex.es\/wp-content\/uploads\/2017\/10\/ojen-destacada.jpg\" \/>\n\t<meta property=\"og:image:width\" content=\"600\" \/>\n\t<meta property=\"og:image:height\" content=\"398\" \/>\n\t<meta property=\"og:image:type\" content=\"image\/jpeg\" \/>\n<meta name=\"author\" content=\"Welex Lawyers Accountants Wim\" \/>\n<meta name=\"twitter:card\" content=\"summary_large_image\" \/>\n<meta name=\"twitter:label1\" content=\"\u00c9crit par\" \/>\n\t<meta name=\"twitter:data1\" content=\"Welex Lawyers Accountants Wim\" \/>\n\t<meta name=\"twitter:label2\" content=\"Dur\u00e9e de lecture estim\u00e9e\" \/>\n\t<meta name=\"twitter:data2\" content=\"2 minutes\" \/>\n<script type=\"application\/ld+json\" class=\"yoast-schema-graph\">{\"@context\":\"https:\\\/\\\/schema.org\",\"@graph\":[{\"@type\":\"Article\",\"@id\":\"https:\\\/\\\/www.welex.es\\\/fr\\\/ojen-un-village-entre-la-mediterranee-et-la-montagne\\\/#article\",\"isPartOf\":{\"@id\":\"https:\\\/\\\/www.welex.es\\\/fr\\\/ojen-un-village-entre-la-mediterranee-et-la-montagne\\\/\"},\"author\":{\"name\":\"Welex Lawyers Accountants Wim\",\"@id\":\"https:\\\/\\\/www.welex.es\\\/fr\\\/#\\\/schema\\\/person\\\/fe98500e4b874772cfdbd1417c913f57\"},\"headline\":\"Ojen, un village entre la m\u00e9diterran\u00e9e et la montagne\",\"datePublished\":\"2017-08-21T08:00:36+00:00\",\"dateModified\":\"2025-09-09T08:34:36+00:00\",\"mainEntityOfPage\":{\"@id\":\"https:\\\/\\\/www.welex.es\\\/fr\\\/ojen-un-village-entre-la-mediterranee-et-la-montagne\\\/\"},\"wordCount\":486,\"publisher\":{\"@id\":\"https:\\\/\\\/www.welex.es\\\/#organization\"},\"image\":{\"@id\":\"https:\\\/\\\/www.welex.es\\\/fr\\\/ojen-un-village-entre-la-mediterranee-et-la-montagne\\\/#primaryimage\"},\"thumbnailUrl\":\"https:\\\/\\\/www.welex.es\\\/wp-content\\\/uploads\\\/2017\\\/10\\\/ojen-destacada.jpg\",\"keywords\":[\"Imp\u00f4t sur les successions \u00e0 Ojen\",\"Sp\u00e9cialistes en h\u00e9ritages \u00e0 Ojen\",\"Testaments \u00e0 Ojen\",\"avocats \u00e0 Ojen\",\"Cabinet d\u2019avocats \u00e0 Ojen\",\"comptables \u00e0 Ojen\",\"Conseillers fiscaux \u00e0 Ojen\",\"Economistes Ojen\"],\"articleSection\":[\"Tourisme et culture en Espagne\"],\"inLanguage\":\"fr-FR\"},{\"@type\":\"WebPage\",\"@id\":\"https:\\\/\\\/www.welex.es\\\/fr\\\/ojen-un-village-entre-la-mediterranee-et-la-montagne\\\/\",\"url\":\"https:\\\/\\\/www.welex.es\\\/fr\\\/ojen-un-village-entre-la-mediterranee-et-la-montagne\\\/\",\"name\":\"Ojen, un village entre la m\u00e9diterran\u00e9e et la montagne - Welex\",\"isPartOf\":{\"@id\":\"https:\\\/\\\/www.welex.es\\\/fr\\\/#website\"},\"primaryImageOfPage\":{\"@id\":\"https:\\\/\\\/www.welex.es\\\/fr\\\/ojen-un-village-entre-la-mediterranee-et-la-montagne\\\/#primaryimage\"},\"image\":{\"@id\":\"https:\\\/\\\/www.welex.es\\\/fr\\\/ojen-un-village-entre-la-mediterranee-et-la-montagne\\\/#primaryimage\"},\"thumbnailUrl\":\"https:\\\/\\\/www.welex.es\\\/wp-content\\\/uploads\\\/2017\\\/10\\\/ojen-destacada.jpg\",\"datePublished\":\"2017-08-21T08:00:36+00:00\",\"dateModified\":\"2025-09-09T08:34:36+00:00\",\"description\":\"Un petit village qui sert d\u2019entr\u00e9e \u00e0 la \u00ab Sierra de las Nieves \u00bb et qui est tr\u00e8s connu pour son eau-de-vie aux herbes. Ojen conserve le charme d\u2019un village.\",\"breadcrumb\":{\"@id\":\"https:\\\/\\\/www.welex.es\\\/fr\\\/ojen-un-village-entre-la-mediterranee-et-la-montagne\\\/#breadcrumb\"},\"inLanguage\":\"fr-FR\",\"potentialAction\":[{\"@type\":\"ReadAction\",\"target\":[\"https:\\\/\\\/www.welex.es\\\/fr\\\/ojen-un-village-entre-la-mediterranee-et-la-montagne\\\/\"]}]},{\"@type\":\"ImageObject\",\"inLanguage\":\"fr-FR\",\"@id\":\"https:\\\/\\\/www.welex.es\\\/fr\\\/ojen-un-village-entre-la-mediterranee-et-la-montagne\\\/#primaryimage\",\"url\":\"https:\\\/\\\/www.welex.es\\\/wp-content\\\/uploads\\\/2017\\\/10\\\/ojen-destacada.jpg\",\"contentUrl\":\"https:\\\/\\\/www.welex.es\\\/wp-content\\\/uploads\\\/2017\\\/10\\\/ojen-destacada.jpg\",\"width\":600,\"height\":398,\"caption\":\"ojen destacada\"},{\"@type\":\"BreadcrumbList\",\"@id\":\"https:\\\/\\\/www.welex.es\\\/fr\\\/ojen-un-village-entre-la-mediterranee-et-la-montagne\\\/#breadcrumb\",\"itemListElement\":[{\"@type\":\"ListItem\",\"position\":1,\"name\":\"Home\",\"item\":\"https:\\\/\\\/www.welex.es\\\/fr\\\/\"},{\"@type\":\"ListItem\",\"position\":2,\"name\":\"Ojen, un village entre la m\u00e9diterran\u00e9e et la montagne\"}]},{\"@type\":\"WebSite\",\"@id\":\"https:\\\/\\\/www.welex.es\\\/fr\\\/#website\",\"url\":\"https:\\\/\\\/www.welex.es\\\/fr\\\/\",\"name\":\"Welex\",\"description\":\"\",\"publisher\":{\"@id\":\"https:\\\/\\\/www.welex.es\\\/#organization\"},\"potentialAction\":[{\"@type\":\"SearchAction\",\"target\":{\"@type\":\"EntryPoint\",\"urlTemplate\":\"https:\\\/\\\/www.welex.es\\\/fr\\\/?s={search_term_string}\"},\"query-input\":{\"@type\":\"PropertyValueSpecification\",\"valueRequired\":true,\"valueName\":\"search_term_string\"}}],\"inLanguage\":\"fr-FR\"},{\"@type\":[\"Organization\",\"LegalService\"],\"@id\":\"https:\\\/\\\/www.welex.es\\\/#organization\",\"name\":\"Welex\",\"url\":\"https:\\\/\\\/www.welex.es\\\/\",\"logo\":{\"@type\":\"ImageObject\",\"inLanguage\":\"fr-FR\",\"@id\":\"https:\\\/\\\/www.welex.es\\\/#\\\/schema\\\/logo\\\/image\\\/\",\"url\":\"https:\\\/\\\/www.welex.es\\\/wp-content\\\/uploads\\\/2025\\\/05\\\/LOGOWELEXCORRECTO.png\",\"contentUrl\":\"https:\\\/\\\/www.welex.es\\\/wp-content\\\/uploads\\\/2025\\\/05\\\/LOGOWELEXCORRECTO.png\",\"width\":2147,\"height\":771,\"caption\":\"Welex\"},\"image\":{\"@id\":\"https:\\\/\\\/www.welex.es\\\/#\\\/schema\\\/logo\\\/image\\\/\"},\"sameAs\":[\"https:\\\/\\\/www.facebook.com\\\/WelexLawyersAccountants\\\/\",\"https:\\\/\\\/www.linkedin.com\\\/company\\\/welex\\\/\",\"https:\\\/\\\/www.instagram.com\\\/welex.lawyers\\\/\",\"https:\\\/\\\/www.tiktok.com\\\/@welex_lawyers_marbella\",\"https:\\\/\\\/lawyerscostadelsol.com\\\/\",\"https:\\\/\\\/www.accountant-spain.com\\\/\",\"https:\\\/\\\/welex-solicitors.com\\\/\"],\"description\":\"Law firm in Marbella providing legal, tax, labour and accounting advice to individuals and companies in Spain, with over 20 years of experience.\",\"email\":\"info@welex.es\",\"telephone\":\"+34952775521\",\"legalName\":\"Tr\u00e1mites Costa, S.L.\",\"numberOfEmployees\":{\"@type\":\"QuantitativeValue\",\"minValue\":\"11\",\"maxValue\":\"50\"},\"address\":{\"@type\":\"PostalAddress\",\"streetAddress\":\"Calle Ram\u00f3n G\u00f3mez de la Serna 23, Local 7\",\"addressLocality\":\"Marbella\",\"addressRegion\":\"M\u00e1laga\",\"postalCode\":\"29602\",\"addressCountry\":\"ES\"},\"geo\":{\"@type\":\"GeoCoordinates\",\"latitude\":36.5095366,\"longitude\":-4.8985745},\"hasMap\":\"https:\\\/\\\/www.google.com\\\/maps\\\/search\\\/?api=1&query=Welex+Marbella\",\"openingHoursSpecification\":[{\"@type\":\"OpeningHoursSpecification\",\"dayOfWeek\":[\"Monday\",\"Tuesday\",\"Wednesday\",\"Thursday\"],\"opens\":\"08:30\",\"closes\":\"17:00\"},{\"@type\":\"OpeningHoursSpecification\",\"dayOfWeek\":\"Friday\",\"opens\":\"08:30\",\"closes\":\"14:30\"}],\"areaServed\":[{\"@type\":\"Country\",\"name\":\"Spain\"},{\"@type\":\"AdministrativeArea\",\"name\":\"Costa del Sol\"},{\"@type\":\"City\",\"name\":\"Marbella\"}],\"knowsLanguage\":[\"es\",\"en\",\"nl\",\"fr\"],\"currenciesAccepted\":\"EUR\",\"priceRange\":\"$$\",\"slogan\":\"S\u00e9curit\u00e9 juridique. Clart\u00e9 fiscale. Conseil de confiance.\",\"contactPoint\":[{\"@type\":\"ContactPoint\",\"telephone\":\"+34952775521\",\"email\":\"info@welex.es\",\"contactType\":\"customer service\",\"availableLanguage\":[\"English\",\"Spanish\",\"Dutch\",\"French\"],\"areaServed\":\"ES\"}],\"hasOfferCatalog\":{\"@type\":\"OfferCatalog\",\"name\":\"Services juridiques, fiscaux et comptables en Espagne\",\"itemListElement\":[{\"@type\":\"Offer\",\"itemOffered\":{\"@type\":\"Service\",\"name\":\"Avocats sp\u00e9cialis\u00e9s en immobilier \u00e0 Marbella : Achat et vente de biens en Espagne\",\"url\":\"https:\\\/\\\/www.welex.es\\\/fr\\\/service\\\/conseil-dans-lacquisition-et-la-vente-de-biens-immobiliers\\\/\"}},{\"@type\":\"Offer\",\"itemOffered\":{\"@type\":\"Service\",\"name\":\"Avocats en testaments et successions \u00e0 Marbella\",\"url\":\"https:\\\/\\\/www.welex.es\\\/fr\\\/service\\\/testaments-et-heritage\\\/\"}},{\"@type\":\"Offer\",\"itemOffered\":{\"@type\":\"Service\",\"name\":\"Droit des soci\u00e9t\u00e9s en Espagne\",\"url\":\"https:\\\/\\\/www.welex.es\\\/fr\\\/service\\\/enterprises-et-societe\\\/\"}},{\"@type\":\"Offer\",\"itemOffered\":{\"@type\":\"Service\",\"name\":\"Conseils en droit du travail en Espagne\",\"url\":\"https:\\\/\\\/www.welex.es\\\/fr\\\/service\\\/conseil-du-travail\\\/\"}},{\"@type\":\"Offer\",\"itemOffered\":{\"@type\":\"Service\",\"name\":\"Contentieux en Espagne\",\"url\":\"https:\\\/\\\/www.welex.es\\\/fr\\\/service\\\/droit-procedural\\\/\"}},{\"@type\":\"Offer\",\"itemOffered\":{\"@type\":\"Service\",\"name\":\"Imp\u00f4t sur le revenu et imp\u00f4t sur la fortune en Espagne\",\"url\":\"https:\\\/\\\/www.welex.es\\\/fr\\\/service\\\/acquisition-de-bien-immobilier-par-une-personne-physique-non-residentes-en-espagne\\\/\"}},{\"@type\":\"Offer\",\"itemOffered\":{\"@type\":\"Service\",\"name\":\"Obligations fiscales d\u2019une soci\u00e9t\u00e9 \u00e0 responsabilit\u00e9 limit\u00e9e (SARL)\",\"url\":\"https:\\\/\\\/www.welex.es\\\/fr\\\/service\\\/obligations-fiscales-dune-societe-limitee\\\/\"}},{\"@type\":\"Offer\",\"itemOffered\":{\"@type\":\"Service\",\"name\":\"Obligations commerciales d\u2019une soci\u00e9t\u00e9 \u00e0 responsabilit\u00e9 limit\u00e9e (SL)\",\"url\":\"https:\\\/\\\/www.welex.es\\\/fr\\\/service\\\/mercantile-obligations-of-a-sl-company\\\/\"}},{\"@type\":\"Offer\",\"itemOffered\":{\"@type\":\"Service\",\"name\":\"R\u00e9vision des \u00e9tats financiers et comptables espagnols\",\"url\":\"https:\\\/\\\/www.welex.es\\\/fr\\\/service\\\/revision-des-etats-financiers-comptables\\\/\"}},{\"@type\":\"Offer\",\"itemOffered\":{\"@type\":\"Service\",\"name\":\"Points fiscaux\",\"url\":\"https:\\\/\\\/www.welex.es\\\/fr\\\/service\\\/impot\\\/\"}},{\"@type\":\"Offer\",\"itemOffered\":{\"@type\":\"Service\",\"name\":\"Formalit\u00e9s\",\"url\":\"https:\\\/\\\/www.welex.es\\\/fr\\\/service\\\/formalities\\\/\"}}]}},{\"@type\":\"Person\",\"@id\":\"https:\\\/\\\/www.welex.es\\\/fr\\\/#\\\/schema\\\/person\\\/fe98500e4b874772cfdbd1417c913f57\",\"name\":\"Welex Lawyers Accountants Wim\",\"image\":{\"@type\":\"ImageObject\",\"inLanguage\":\"fr-FR\",\"@id\":\"https:\\\/\\\/secure.gravatar.com\\\/avatar\\\/?s=96&d=mm&r=g\",\"url\":\"https:\\\/\\\/secure.gravatar.com\\\/avatar\\\/?s=96&d=mm&r=g\",\"contentUrl\":\"https:\\\/\\\/secure.gravatar.com\\\/avatar\\\/?s=96&d=mm&r=g\",\"caption\":\"Welex Lawyers Accountants Wim\"}}]}<\/script>\n<!-- \/ Yoast SEO Premium plugin. -->","yoast_head_json":{"title":"Ojen, un village entre la m\u00e9diterran\u00e9e et la montagne - Welex","description":"Un petit village qui sert d\u2019entr\u00e9e \u00e0 la \u00ab Sierra de las Nieves \u00bb et qui est tr\u00e8s connu pour son eau-de-vie aux herbes. Ojen conserve le charme d\u2019un village.","robots":{"index":"index","follow":"follow","max-snippet":"max-snippet:-1","max-image-preview":"max-image-preview:large","max-video-preview":"max-video-preview:-1"},"canonical":"https:\/\/www.welex.es\/fr\/ojen-un-village-entre-la-mediterranee-et-la-montagne\/","og_locale":"fr_FR","og_type":"article","og_title":"Ojen, un village entre la m\u00e9diterran\u00e9e et la montagne","og_description":"Un petit village qui sert d\u2019entr\u00e9e \u00e0 la \u00ab Sierra de las Nieves \u00bb et qui est tr\u00e8s connu pour son eau-de-vie aux herbes. Ojen conserve le charme d\u2019un village.","og_url":"https:\/\/www.welex.es\/fr\/ojen-un-village-entre-la-mediterranee-et-la-montagne\/","og_site_name":"Welex","article_publisher":"https:\/\/www.facebook.com\/WelexLawyersAccountants\/","article_published_time":"2017-08-21T08:00:36+00:00","article_modified_time":"2025-09-09T08:34:36+00:00","og_image":[{"width":600,"height":398,"url":"https:\/\/www.welex.es\/wp-content\/uploads\/2017\/10\/ojen-destacada.jpg","type":"image\/jpeg"}],"author":"Welex Lawyers Accountants Wim","twitter_card":"summary_large_image","twitter_misc":{"\u00c9crit par":"Welex Lawyers Accountants Wim","Dur\u00e9e de lecture estim\u00e9e":"2 minutes"},"schema":{"@context":"https:\/\/schema.org","@graph":[{"@type":"Article","@id":"https:\/\/www.welex.es\/fr\/ojen-un-village-entre-la-mediterranee-et-la-montagne\/#article","isPartOf":{"@id":"https:\/\/www.welex.es\/fr\/ojen-un-village-entre-la-mediterranee-et-la-montagne\/"},"author":{"name":"Welex Lawyers Accountants Wim","@id":"https:\/\/www.welex.es\/fr\/#\/schema\/person\/fe98500e4b874772cfdbd1417c913f57"},"headline":"Ojen, un village entre la m\u00e9diterran\u00e9e et la montagne","datePublished":"2017-08-21T08:00:36+00:00","dateModified":"2025-09-09T08:34:36+00:00","mainEntityOfPage":{"@id":"https:\/\/www.welex.es\/fr\/ojen-un-village-entre-la-mediterranee-et-la-montagne\/"},"wordCount":486,"publisher":{"@id":"https:\/\/www.welex.es\/#organization"},"image":{"@id":"https:\/\/www.welex.es\/fr\/ojen-un-village-entre-la-mediterranee-et-la-montagne\/#primaryimage"},"thumbnailUrl":"https:\/\/www.welex.es\/wp-content\/uploads\/2017\/10\/ojen-destacada.jpg","keywords":["Imp\u00f4t sur les successions \u00e0 Ojen","Sp\u00e9cialistes en h\u00e9ritages \u00e0 Ojen","Testaments \u00e0 Ojen","avocats \u00e0 Ojen","Cabinet d\u2019avocats \u00e0 Ojen","comptables \u00e0 Ojen","Conseillers fiscaux \u00e0 Ojen","Economistes Ojen"],"articleSection":["Tourisme et culture en Espagne"],"inLanguage":"fr-FR"},{"@type":"WebPage","@id":"https:\/\/www.welex.es\/fr\/ojen-un-village-entre-la-mediterranee-et-la-montagne\/","url":"https:\/\/www.welex.es\/fr\/ojen-un-village-entre-la-mediterranee-et-la-montagne\/","name":"Ojen, un village entre la m\u00e9diterran\u00e9e et la montagne - Welex","isPartOf":{"@id":"https:\/\/www.welex.es\/fr\/#website"},"primaryImageOfPage":{"@id":"https:\/\/www.welex.es\/fr\/ojen-un-village-entre-la-mediterranee-et-la-montagne\/#primaryimage"},"image":{"@id":"https:\/\/www.welex.es\/fr\/ojen-un-village-entre-la-mediterranee-et-la-montagne\/#primaryimage"},"thumbnailUrl":"https:\/\/www.welex.es\/wp-content\/uploads\/2017\/10\/ojen-destacada.jpg","datePublished":"2017-08-21T08:00:36+00:00","dateModified":"2025-09-09T08:34:36+00:00","description":"Un petit village qui sert d\u2019entr\u00e9e \u00e0 la \u00ab Sierra de las Nieves \u00bb et qui est tr\u00e8s connu pour son eau-de-vie aux herbes. Ojen conserve le charme d\u2019un village.","breadcrumb":{"@id":"https:\/\/www.welex.es\/fr\/ojen-un-village-entre-la-mediterranee-et-la-montagne\/#breadcrumb"},"inLanguage":"fr-FR","potentialAction":[{"@type":"ReadAction","target":["https:\/\/www.welex.es\/fr\/ojen-un-village-entre-la-mediterranee-et-la-montagne\/"]}]},{"@type":"ImageObject","inLanguage":"fr-FR","@id":"https:\/\/www.welex.es\/fr\/ojen-un-village-entre-la-mediterranee-et-la-montagne\/#primaryimage","url":"https:\/\/www.welex.es\/wp-content\/uploads\/2017\/10\/ojen-destacada.jpg","contentUrl":"https:\/\/www.welex.es\/wp-content\/uploads\/2017\/10\/ojen-destacada.jpg","width":600,"height":398,"caption":"ojen destacada"},{"@type":"BreadcrumbList","@id":"https:\/\/www.welex.es\/fr\/ojen-un-village-entre-la-mediterranee-et-la-montagne\/#breadcrumb","itemListElement":[{"@type":"ListItem","position":1,"name":"Home","item":"https:\/\/www.welex.es\/fr\/"},{"@type":"ListItem","position":2,"name":"Ojen, un village entre la m\u00e9diterran\u00e9e et la montagne"}]},{"@type":"WebSite","@id":"https:\/\/www.welex.es\/fr\/#website","url":"https:\/\/www.welex.es\/fr\/","name":"Welex","description":"","publisher":{"@id":"https:\/\/www.welex.es\/#organization"},"potentialAction":[{"@type":"SearchAction","target":{"@type":"EntryPoint","urlTemplate":"https:\/\/www.welex.es\/fr\/?s={search_term_string}"},"query-input":{"@type":"PropertyValueSpecification","valueRequired":true,"valueName":"search_term_string"}}],"inLanguage":"fr-FR"},{"@type":["Organization","LegalService"],"@id":"https:\/\/www.welex.es\/#organization","name":"Welex","url":"https:\/\/www.welex.es\/","logo":{"@type":"ImageObject","inLanguage":"fr-FR","@id":"https:\/\/www.welex.es\/#\/schema\/logo\/image\/","url":"https:\/\/www.welex.es\/wp-content\/uploads\/2025\/05\/LOGOWELEXCORRECTO.png","contentUrl":"https:\/\/www.welex.es\/wp-content\/uploads\/2025\/05\/LOGOWELEXCORRECTO.png","width":2147,"height":771,"caption":"Welex"},"image":{"@id":"https:\/\/www.welex.es\/#\/schema\/logo\/image\/"},"sameAs":["https:\/\/www.facebook.com\/WelexLawyersAccountants\/","https:\/\/www.linkedin.com\/company\/welex\/","https:\/\/www.instagram.com\/welex.lawyers\/","https:\/\/www.tiktok.com\/@welex_lawyers_marbella","https:\/\/lawyerscostadelsol.com\/","https:\/\/www.accountant-spain.com\/","https:\/\/welex-solicitors.com\/"],"description":"Law firm in Marbella providing legal, tax, labour and accounting advice to individuals and companies in Spain, with over 20 years of experience.","email":"info@welex.es","telephone":"+34952775521","legalName":"Tr\u00e1mites Costa, S.L.","numberOfEmployees":{"@type":"QuantitativeValue","minValue":"11","maxValue":"50"},"address":{"@type":"PostalAddress","streetAddress":"Calle Ram\u00f3n G\u00f3mez de la Serna 23, Local 7","addressLocality":"Marbella","addressRegion":"M\u00e1laga","postalCode":"29602","addressCountry":"ES"},"geo":{"@type":"GeoCoordinates","latitude":36.5095366,"longitude":-4.8985745},"hasMap":"https:\/\/www.google.com\/maps\/search\/?api=1&query=Welex+Marbella","openingHoursSpecification":[{"@type":"OpeningHoursSpecification","dayOfWeek":["Monday","Tuesday","Wednesday","Thursday"],"opens":"08:30","closes":"17:00"},{"@type":"OpeningHoursSpecification","dayOfWeek":"Friday","opens":"08:30","closes":"14:30"}],"areaServed":[{"@type":"Country","name":"Spain"},{"@type":"AdministrativeArea","name":"Costa del Sol"},{"@type":"City","name":"Marbella"}],"knowsLanguage":["es","en","nl","fr"],"currenciesAccepted":"EUR","priceRange":"$$","slogan":"S\u00e9curit\u00e9 juridique. Clart\u00e9 fiscale. Conseil de confiance.","contactPoint":[{"@type":"ContactPoint","telephone":"+34952775521","email":"info@welex.es","contactType":"customer service","availableLanguage":["English","Spanish","Dutch","French"],"areaServed":"ES"}],"hasOfferCatalog":{"@type":"OfferCatalog","name":"Services juridiques, fiscaux et comptables en Espagne","itemListElement":[{"@type":"Offer","itemOffered":{"@type":"Service","name":"Avocats sp\u00e9cialis\u00e9s en immobilier \u00e0 Marbella : Achat et vente de biens en Espagne","url":"https:\/\/www.welex.es\/fr\/service\/conseil-dans-lacquisition-et-la-vente-de-biens-immobiliers\/"}},{"@type":"Offer","itemOffered":{"@type":"Service","name":"Avocats en testaments et successions \u00e0 Marbella","url":"https:\/\/www.welex.es\/fr\/service\/testaments-et-heritage\/"}},{"@type":"Offer","itemOffered":{"@type":"Service","name":"Droit des soci\u00e9t\u00e9s en Espagne","url":"https:\/\/www.welex.es\/fr\/service\/enterprises-et-societe\/"}},{"@type":"Offer","itemOffered":{"@type":"Service","name":"Conseils en droit du travail en Espagne","url":"https:\/\/www.welex.es\/fr\/service\/conseil-du-travail\/"}},{"@type":"Offer","itemOffered":{"@type":"Service","name":"Contentieux en Espagne","url":"https:\/\/www.welex.es\/fr\/service\/droit-procedural\/"}},{"@type":"Offer","itemOffered":{"@type":"Service","name":"Imp\u00f4t sur le revenu et imp\u00f4t sur la fortune en Espagne","url":"https:\/\/www.welex.es\/fr\/service\/acquisition-de-bien-immobilier-par-une-personne-physique-non-residentes-en-espagne\/"}},{"@type":"Offer","itemOffered":{"@type":"Service","name":"Obligations fiscales d\u2019une soci\u00e9t\u00e9 \u00e0 responsabilit\u00e9 limit\u00e9e (SARL)","url":"https:\/\/www.welex.es\/fr\/service\/obligations-fiscales-dune-societe-limitee\/"}},{"@type":"Offer","itemOffered":{"@type":"Service","name":"Obligations commerciales d\u2019une soci\u00e9t\u00e9 \u00e0 responsabilit\u00e9 limit\u00e9e (SL)","url":"https:\/\/www.welex.es\/fr\/service\/mercantile-obligations-of-a-sl-company\/"}},{"@type":"Offer","itemOffered":{"@type":"Service","name":"R\u00e9vision des \u00e9tats financiers et comptables espagnols","url":"https:\/\/www.welex.es\/fr\/service\/revision-des-etats-financiers-comptables\/"}},{"@type":"Offer","itemOffered":{"@type":"Service","name":"Points fiscaux","url":"https:\/\/www.welex.es\/fr\/service\/impot\/"}},{"@type":"Offer","itemOffered":{"@type":"Service","name":"Formalit\u00e9s","url":"https:\/\/www.welex.es\/fr\/service\/formalities\/"}}]}},{"@type":"Person","@id":"https:\/\/www.welex.es\/fr\/#\/schema\/person\/fe98500e4b874772cfdbd1417c913f57","name":"Welex Lawyers Accountants Wim","image":{"@type":"ImageObject","inLanguage":"fr-FR","@id":"https:\/\/secure.gravatar.com\/avatar\/?s=96&d=mm&r=g","url":"https:\/\/secure.gravatar.com\/avatar\/?s=96&d=mm&r=g","contentUrl":"https:\/\/secure.gravatar.com\/avatar\/?s=96&d=mm&r=g","caption":"Welex Lawyers Accountants Wim"}}]}},"_links":{"self":[{"href":"https:\/\/www.welex.es\/fr\/wp-json\/wp\/v2\/posts\/9724","targetHints":{"allow":["GET"]}}],"collection":[{"href":"https:\/\/www.welex.es\/fr\/wp-json\/wp\/v2\/posts"}],"about":[{"href":"https:\/\/www.welex.es\/fr\/wp-json\/wp\/v2\/types\/post"}],"author":[{"embeddable":true,"href":"https:\/\/www.welex.es\/fr\/wp-json\/wp\/v2\/users\/4"}],"replies":[{"embeddable":true,"href":"https:\/\/www.welex.es\/fr\/wp-json\/wp\/v2\/comments?post=9724"}],"version-history":[{"count":0,"href":"https:\/\/www.welex.es\/fr\/wp-json\/wp\/v2\/posts\/9724\/revisions"}],"wp:featuredmedia":[{"embeddable":true,"href":"https:\/\/www.welex.es\/fr\/wp-json\/wp\/v2\/media\/9714"}],"wp:attachment":[{"href":"https:\/\/www.welex.es\/fr\/wp-json\/wp\/v2\/media?parent=9724"}],"wp:term":[{"taxonomy":"category","embeddable":true,"href":"https:\/\/www.welex.es\/fr\/wp-json\/wp\/v2\/categories?post=9724"},{"taxonomy":"post_tag","embeddable":true,"href":"https:\/\/www.welex.es\/fr\/wp-json\/wp\/v2\/tags?post=9724"}],"curies":[{"name":"wp","href":"https:\/\/api.w.org\/{rel}","templated":true}]}}