{"id":9762,"date":"2017-08-23T08:00:00","date_gmt":"2017-08-23T08:00:00","guid":{"rendered":"https:\/\/www.welex.es\/?p=9762\/"},"modified":"2025-09-09T07:30:40","modified_gmt":"2025-09-09T07:30:40","slug":"tourisme-ronda-une-des-plus-anciennes-villes-despagne","status":"publish","type":"post","link":"https:\/\/www.welex.es\/fr\/tourisme-ronda-une-des-plus-anciennes-villes-despagne\/","title":{"rendered":"Tourisme \u00e0 Ronda, une des plus anciennes villes d\u2019Espagne"},"content":{"rendered":"<p>En plein c\u0153ur du massif montagneux qui porte son nom, et entour\u00e9e de montagne, Ronda est consid\u00e9r\u00e9e comme un des villages avec le plus de charme de la province de Malaga. Ses vall\u00e9es et maisons rurales, sont ses principaux attraits touristiques (c\u2019est le troisi\u00e8me endroit le plus visit\u00e9s d\u2019Andalousie). Il y a beaucoup d\u2019endroits \u00e0 visiter et \u00e0 d\u00e9couvrir \u00e0 Ronda.<\/p>\n<p>Commen\u00e7ons par le monument le plus connu et le plus grand de Ronda, le Tajo. Cet immense pont avec plus de 100 m\u00e8tres de hauteur, il fallut plus de 40 ans pour le construire et ainsi unir la partie ancienne de la ville \u00e0 la nouvelle. Depuis le Tajo, vous pourrez contempler des vues spectaculaires, et vous pourrez faire une petite route touristique \u00e0 travers le Chemin des Moulins (Camino de los Molinos).<\/p>\n<p>&nbsp;<\/p>\n<p><strong>Ar\u00e8ne<\/strong><\/p>\n<p>Ronda est \u00e9galement connue comme le berceau de la tauromachie. L\u2019ar\u00e8ne de la Real Maestranza est une des plus anciennes et pittoresques d\u2019Espagne. Elle fut construite en 1785 par l\u2019architecte Jos\u00e9 Martin de Aldehuela, le m\u00eame architecte qui avait construit le Pont Neuf (Puente Nuevo). Elle a une capacit\u00e9 de 500 spectateurs. Elle poss\u00e8de aussi un Mus\u00e9e de la Tauromachie, o\u00f9 vous pourrez d\u00e9couvrir des costumes de quelques toreros connus et faire un parcours du monde du taureau.<\/p>\n<p><img fetchpriority=\"high\" decoding=\"async\" class=\"aligncenter wp-image-9730 size-full\" title=\"avocat et \u00e9conomiste \u00e0 Ronda\" src=\"https:\/\/www.welex.es\/wp-content\/uploads\/2017\/10\/plaza-toros-ronda.jpg\" alt=\"avocat et \u00e9conomiste \u00e0 Ronda\" width=\"600\" height=\"375\" \/><\/p>\n<p>&nbsp;<\/p>\n<p><strong>Palais de Mondrag\u00f3n<\/strong><\/p>\n<p>Il s\u2019agit d\u2019un des monuments les plus significatifs de Ronda. Selon la l\u00e9gende, il servait de r\u00e9sidence au Roi Abdel Malik, fils du sultan du Maroc, Abul Asan. C\u2019est pendant la p\u00e9riode chr\u00e9tienne que furent r\u00e9alis\u00e9s les travaux les plus importants de ce palais et en plus, il fut utilis\u00e9 comme r\u00e9sidence de la Reine Isabel et du Roi Fernando. Sa cour la plus proche du Tajo, par\u00a0 laquelle on entre dans le jardin, est une cour tr\u00e8s originale, de triple arcature avec des arcs de point moyen en brique. Dans le palais se trouve le mus\u00e9e municipal d\u00e9di\u00e9 \u00e0 l\u2019histoire de Ronda, avec des tombeaux romains et arabes. Ses jardins sont exceptionnels.<\/p>\n<p><img decoding=\"async\" class=\"aligncenter wp-image-9731 size-full\" title=\"Cabinet d'avocats \u00e0 Ronda\" src=\"https:\/\/www.welex.es\/wp-content\/uploads\/2017\/10\/palacio-mondragon-ronda.jpg\" alt=\"Cabinet d'avocats \u00e0 Ronda\" width=\"600\" height=\"401\" \/><\/p>\n<p><strong>Mirador de l\u2019Aldehuela<\/strong><\/p>\n<p>Il s\u2019agit d\u2019un des miradors les plus populaires et les plus visit\u00e9s de la ville, pour une bonne raison. De ce mirador ressortent des balcons, o\u00f9 les touristes peuvent\u00a0 se pencher et profiter des vues panoramiques de la campagne de Ronda.<\/p>\n<p>Depuis le mirador d\u2019Aldehuela vous profiterez des vues aussi magnifiques que celles qu\u2019offrent la plupart des maisons rurales de la \u00ab\u00a0<a href=\"https:\/\/www.vacaciones-espana.es\/Serrania-de-Ronda\/alquiler-vacaciones\/rurales\">Serran\u00eda de Ronda<\/a>\u201d.<\/p>\n<p>Le mirador a \u00e9t\u00e9 nomm\u00e9 ainsi en honneur \u00e0 l\u2019architecte Jos\u00e9 Mart\u00edn de Aldehuela. Le m\u00eame architecte qui construisit l\u2019Ar\u00e8ne, le Pont Neuf (Puente Nuevo) et qui termina la cath\u00e9dral de Malaga, entre autres projets.<\/p>\n<p>&nbsp;<\/p>\n<p><strong>Bains arabes<\/strong><\/p>\n<p>Un autre monument \u00e0 visiter obligatoirement sont les bains arabes\u00a0 de Ronda, qui sont les mieux conserv\u00e9s d\u2019Espagne. Ils furent construits \u00e0 la fin du XIII\u00e8me si\u00e8cle pendant le r\u00e8gne du roi Abomelik. La chaudi\u00e8re utilis\u00e9e pour chauffer l\u2019eau est encore visible et se maintient en bonnes conditions. Les bains se trouvent dans l\u2019ancien quartier arabe de la ville, connu comme le quartier de San Miguel.<\/p>\n<p>La place du \u201cSocorro\u201d est un autre endroit int\u00e9ressant\u00a0 pour se promener \u00e0 Ronda. Avec une fontaine d\u00e9cor\u00e9e, il s\u2019agit d\u2019une des zones les plus fr\u00e9quent\u00e9es et l\u2019endroit est parfait pour boire quelque chose sur une des terrasses. Sur la place se trouve l\u2019Eglise du Socorro, reconstruite apr\u00e8s la guerre civile, et le cercle des artistes, monument d\u2019architecture moderniste.<\/p>\n<p>&nbsp;<\/p>\n<p><strong>Mus\u00e9es de Ronda<\/strong><\/p>\n<p>L\u2019offre mus\u00e9ale de Ronda est tr\u00e8s grande, il y a de nombreux mus\u00e9es \u00e0 visiter. Le mus\u00e9e de Ronda, situ\u00e9 dans le palais de Mondragon et d\u2019origine musulmane.<\/p>\n<p>Le mus\u00e9e du \u201cBandolero\u201d (bandolier), o\u00f9 vous pourrez faire un parcours \u00e0 travers l\u2019histoire du banditisme de la r\u00e9gion de Ronda, pendant le XIX\u00e8me si\u00e8cle, ses origines, ses aspects sociaux, ses protagonistes et son cot\u00e9 plus romantique. Documents, v\u00eatements, armes, le mus\u00e9e du bandolier est un passionnant voyage \u00e0 travers le temps.<\/p>\n<p>&nbsp;<\/p>\n<p>Cet article a \u00e9t\u00e9 publi\u00e9 par\u00a0 <a href=\"https:\/\/www.welex.es\/fr\/contact\/\">Welex, votre avocat et \u00e9conomiste \u00e0 Marbella<\/a> offrant ses services \u00e0 Ronda, Malaga.<\/p>\n<p>Chez \u201cWelex\u201d nous fournissons des conseils juridiques, du travail, fiscaux et comptables afin d\u2019offrir \u00e0 nos clients une s\u00e9curit\u00e9 juridique, gr\u00e2ce \u00e0 l\u2019exp\u00e9rience et \u00e0 la professionnalit\u00e9. Nous sommes un groupe d\u2019avocats, d\u2019\u00e9conomistes, de comptables et de gradu\u00e9s sociaux pr\u00eats pour r\u00e9soudre vos questions et d\u00e9fendre vos int\u00e9r\u00eats.<\/p>\n<p>&nbsp;<\/p>\n<p><span style=\"font-size: 8pt;\"><strong>\u00a0<\/strong><\/span><span style=\"font-size: 8pt;\">Welex, votre avocat \u00e0 Ronda,\u00a0 avocats \u00e0 Ronda, Cabinet d\u2019avocats \u00e0 Ronda, Economistes Ronda, comptables \u00e0 Ronda, Conseillers fiscaux \u00e0 Ronda, Sp\u00e9cialistes en h\u00e9ritages \u00e0 Ronda, Imp\u00f4t sur les successions \u00e0 Ronda, Testaments \u00e0 Ronda<\/span><\/p>\n<p>&nbsp;<\/p>\n","protected":false},"excerpt":{"rendered":"<p>En plein c\u0153ur du massif montagneux qui porte son nom, et entour\u00e9e de montagne, Ronda est consid\u00e9r\u00e9e comme un des villages avec le plus de charme de la province de Malaga. Ses vall\u00e9es et maisons rurales, sont ses principaux attraits touristiques (c\u2019est le troisi\u00e8me endroit le plus visit\u00e9s d\u2019Andalousie). Il y a beaucoup d\u2019endroits \u00e0 [&hellip;]<\/p>\n","protected":false},"author":4,"featured_media":9729,"comment_status":"closed","ping_status":"closed","sticky":false,"template":"","format":"standard","meta":{"_acf_changed":false,"footnotes":""},"categories":[430],"tags":[2890,2891,2892,2893,2894,2895,2887,2888,2889],"class_list":["post-9762","post","type-post","status-publish","format-standard","has-post-thumbnail","hentry","category-tourisme-et-culture-en-espagne","tag-comptables-a-ronda","tag-conseillers-fiscaux-a-ronda","tag-economistes-ronda","tag-impot-sur-les-successions-a-ronda","tag-specialistes-en-heritages-a-ronda","tag-testaments-a-ronda","tag-avocat-a-ronda","tag-avocats-a-ronda","tag-cabinet-davocats-a-ronda"],"acf":[],"yoast_head":"<!-- This site is optimized with the Yoast SEO Premium plugin v27.9 (Yoast SEO v27.9) - https:\/\/yoast.com\/product\/yoast-seo-premium-wordpress\/ -->\n<title>Tourisme \u00e0 Ronda, une des plus anciennes villes d\u2019Espagne - Welex<\/title>\n<meta name=\"description\" content=\"En plein c\u0153ur du massif montagneux et entour\u00e9e de montagne, Ronda est consid\u00e9r\u00e9e comme un des villages avec le plus de charme de la province de Malaga\" \/>\n<meta name=\"robots\" content=\"index, follow, max-snippet:-1, max-image-preview:large, max-video-preview:-1\" \/>\n<link rel=\"canonical\" href=\"https:\/\/www.welex.es\/fr\/tourisme-ronda-une-des-plus-anciennes-villes-despagne\/\" \/>\n<meta property=\"og:locale\" content=\"fr_FR\" \/>\n<meta property=\"og:type\" content=\"article\" \/>\n<meta property=\"og:title\" content=\"Tourisme \u00e0 Ronda, une des plus anciennes villes d\u2019Espagne\" \/>\n<meta property=\"og:description\" content=\"En plein c\u0153ur du massif montagneux et entour\u00e9e de montagne, Ronda est consid\u00e9r\u00e9e comme un des villages avec le plus de charme de la province de Malaga\" \/>\n<meta property=\"og:url\" content=\"https:\/\/www.welex.es\/fr\/tourisme-ronda-une-des-plus-anciennes-villes-despagne\/\" \/>\n<meta property=\"og:site_name\" content=\"Welex\" \/>\n<meta property=\"article:publisher\" content=\"https:\/\/www.facebook.com\/WelexLawyersAccountants\/\" \/>\n<meta property=\"article:published_time\" content=\"2017-08-23T08:00:00+00:00\" \/>\n<meta property=\"article:modified_time\" content=\"2025-09-09T07:30:40+00:00\" \/>\n<meta property=\"og:image\" content=\"https:\/\/www.welex.es\/wp-content\/uploads\/2017\/10\/ronda.jpg\" \/>\n\t<meta property=\"og:image:width\" content=\"600\" \/>\n\t<meta property=\"og:image:height\" content=\"399\" \/>\n\t<meta property=\"og:image:type\" content=\"image\/jpeg\" \/>\n<meta name=\"author\" content=\"Welex Lawyers Accountants Wim\" \/>\n<meta name=\"twitter:card\" content=\"summary_large_image\" \/>\n<meta name=\"twitter:label1\" content=\"\u00c9crit par\" \/>\n\t<meta name=\"twitter:data1\" content=\"Welex Lawyers Accountants Wim\" \/>\n\t<meta name=\"twitter:label2\" content=\"Dur\u00e9e de lecture estim\u00e9e\" \/>\n\t<meta name=\"twitter:data2\" content=\"4 minutes\" \/>\n<script type=\"application\/ld+json\" class=\"yoast-schema-graph\">{\"@context\":\"https:\\\/\\\/schema.org\",\"@graph\":[{\"@type\":\"Article\",\"@id\":\"https:\\\/\\\/www.welex.es\\\/fr\\\/tourisme-ronda-une-des-plus-anciennes-villes-despagne\\\/#article\",\"isPartOf\":{\"@id\":\"https:\\\/\\\/www.welex.es\\\/fr\\\/tourisme-ronda-une-des-plus-anciennes-villes-despagne\\\/\"},\"author\":{\"name\":\"Welex Lawyers Accountants Wim\",\"@id\":\"https:\\\/\\\/www.welex.es\\\/fr\\\/#\\\/schema\\\/person\\\/fe98500e4b874772cfdbd1417c913f57\"},\"headline\":\"Tourisme \u00e0 Ronda, une des plus anciennes villes d\u2019Espagne\",\"datePublished\":\"2017-08-23T08:00:00+00:00\",\"dateModified\":\"2025-09-09T07:30:40+00:00\",\"mainEntityOfPage\":{\"@id\":\"https:\\\/\\\/www.welex.es\\\/fr\\\/tourisme-ronda-une-des-plus-anciennes-villes-despagne\\\/\"},\"wordCount\":830,\"publisher\":{\"@id\":\"https:\\\/\\\/www.welex.es\\\/#organization\"},\"image\":{\"@id\":\"https:\\\/\\\/www.welex.es\\\/fr\\\/tourisme-ronda-une-des-plus-anciennes-villes-despagne\\\/#primaryimage\"},\"thumbnailUrl\":\"https:\\\/\\\/www.welex.es\\\/wp-content\\\/uploads\\\/2017\\\/10\\\/ronda.jpg\",\"keywords\":[\"comptables \u00e0 Ronda\",\"Conseillers fiscaux \u00e0 Ronda\",\"Economistes Ronda\",\"Imp\u00f4t sur les successions \u00e0 Ronda\",\"Sp\u00e9cialistes en h\u00e9ritages \u00e0 Ronda\",\"Testaments \u00e0 Ronda\",\"avocat \u00e0 Ronda\",\"avocats \u00e0 Ronda\",\"Cabinet d\u2019avocats \u00e0 Ronda\"],\"articleSection\":[\"Tourisme et culture en Espagne\"],\"inLanguage\":\"fr-FR\"},{\"@type\":\"WebPage\",\"@id\":\"https:\\\/\\\/www.welex.es\\\/fr\\\/tourisme-ronda-une-des-plus-anciennes-villes-despagne\\\/\",\"url\":\"https:\\\/\\\/www.welex.es\\\/fr\\\/tourisme-ronda-une-des-plus-anciennes-villes-despagne\\\/\",\"name\":\"Tourisme \u00e0 Ronda, une des plus anciennes villes d\u2019Espagne - Welex\",\"isPartOf\":{\"@id\":\"https:\\\/\\\/www.welex.es\\\/fr\\\/#website\"},\"primaryImageOfPage\":{\"@id\":\"https:\\\/\\\/www.welex.es\\\/fr\\\/tourisme-ronda-une-des-plus-anciennes-villes-despagne\\\/#primaryimage\"},\"image\":{\"@id\":\"https:\\\/\\\/www.welex.es\\\/fr\\\/tourisme-ronda-une-des-plus-anciennes-villes-despagne\\\/#primaryimage\"},\"thumbnailUrl\":\"https:\\\/\\\/www.welex.es\\\/wp-content\\\/uploads\\\/2017\\\/10\\\/ronda.jpg\",\"datePublished\":\"2017-08-23T08:00:00+00:00\",\"dateModified\":\"2025-09-09T07:30:40+00:00\",\"description\":\"En plein c\u0153ur du massif montagneux et entour\u00e9e de montagne, Ronda est consid\u00e9r\u00e9e comme un des villages avec le plus de charme de la province de Malaga\",\"breadcrumb\":{\"@id\":\"https:\\\/\\\/www.welex.es\\\/fr\\\/tourisme-ronda-une-des-plus-anciennes-villes-despagne\\\/#breadcrumb\"},\"inLanguage\":\"fr-FR\",\"potentialAction\":[{\"@type\":\"ReadAction\",\"target\":[\"https:\\\/\\\/www.welex.es\\\/fr\\\/tourisme-ronda-une-des-plus-anciennes-villes-despagne\\\/\"]}]},{\"@type\":\"ImageObject\",\"inLanguage\":\"fr-FR\",\"@id\":\"https:\\\/\\\/www.welex.es\\\/fr\\\/tourisme-ronda-une-des-plus-anciennes-villes-despagne\\\/#primaryimage\",\"url\":\"https:\\\/\\\/www.welex.es\\\/wp-content\\\/uploads\\\/2017\\\/10\\\/ronda.jpg\",\"contentUrl\":\"https:\\\/\\\/www.welex.es\\\/wp-content\\\/uploads\\\/2017\\\/10\\\/ronda.jpg\",\"width\":600,\"height\":399,\"caption\":\"ronda\"},{\"@type\":\"BreadcrumbList\",\"@id\":\"https:\\\/\\\/www.welex.es\\\/fr\\\/tourisme-ronda-une-des-plus-anciennes-villes-despagne\\\/#breadcrumb\",\"itemListElement\":[{\"@type\":\"ListItem\",\"position\":1,\"name\":\"Home\",\"item\":\"https:\\\/\\\/www.welex.es\\\/fr\\\/\"},{\"@type\":\"ListItem\",\"position\":2,\"name\":\"Tourisme \u00e0 Ronda, une des plus anciennes villes d\u2019Espagne\"}]},{\"@type\":\"WebSite\",\"@id\":\"https:\\\/\\\/www.welex.es\\\/fr\\\/#website\",\"url\":\"https:\\\/\\\/www.welex.es\\\/fr\\\/\",\"name\":\"Welex\",\"description\":\"\",\"publisher\":{\"@id\":\"https:\\\/\\\/www.welex.es\\\/#organization\"},\"potentialAction\":[{\"@type\":\"SearchAction\",\"target\":{\"@type\":\"EntryPoint\",\"urlTemplate\":\"https:\\\/\\\/www.welex.es\\\/fr\\\/?s={search_term_string}\"},\"query-input\":{\"@type\":\"PropertyValueSpecification\",\"valueRequired\":true,\"valueName\":\"search_term_string\"}}],\"inLanguage\":\"fr-FR\"},{\"@type\":[\"Organization\",\"LegalService\"],\"@id\":\"https:\\\/\\\/www.welex.es\\\/#organization\",\"name\":\"Welex\",\"url\":\"https:\\\/\\\/www.welex.es\\\/\",\"logo\":{\"@type\":\"ImageObject\",\"inLanguage\":\"fr-FR\",\"@id\":\"https:\\\/\\\/www.welex.es\\\/#\\\/schema\\\/logo\\\/image\\\/\",\"url\":\"https:\\\/\\\/www.welex.es\\\/wp-content\\\/uploads\\\/2025\\\/05\\\/LOGOWELEXCORRECTO.png\",\"contentUrl\":\"https:\\\/\\\/www.welex.es\\\/wp-content\\\/uploads\\\/2025\\\/05\\\/LOGOWELEXCORRECTO.png\",\"width\":2147,\"height\":771,\"caption\":\"Welex\"},\"image\":{\"@id\":\"https:\\\/\\\/www.welex.es\\\/#\\\/schema\\\/logo\\\/image\\\/\"},\"sameAs\":[\"https:\\\/\\\/www.facebook.com\\\/WelexLawyersAccountants\\\/\",\"https:\\\/\\\/www.linkedin.com\\\/company\\\/welex\\\/\",\"https:\\\/\\\/www.instagram.com\\\/welex.lawyers\\\/\",\"https:\\\/\\\/www.tiktok.com\\\/@welex_lawyers_marbella\",\"https:\\\/\\\/lawyerscostadelsol.com\\\/\",\"https:\\\/\\\/www.accountant-spain.com\\\/\",\"https:\\\/\\\/welex-solicitors.com\\\/\"],\"description\":\"Law firm in Marbella providing legal, tax, labour and accounting advice to individuals and companies in Spain, with over 20 years of experience.\",\"email\":\"info@welex.es\",\"telephone\":\"+34952775521\",\"legalName\":\"Tr\u00e1mites Costa, S.L.\",\"numberOfEmployees\":{\"@type\":\"QuantitativeValue\",\"minValue\":\"11\",\"maxValue\":\"50\"},\"address\":{\"@type\":\"PostalAddress\",\"streetAddress\":\"Calle Ram\u00f3n G\u00f3mez de la Serna 23, Local 7\",\"addressLocality\":\"Marbella\",\"addressRegion\":\"M\u00e1laga\",\"postalCode\":\"29602\",\"addressCountry\":\"ES\"},\"geo\":{\"@type\":\"GeoCoordinates\",\"latitude\":36.5095366,\"longitude\":-4.8985745},\"hasMap\":\"https:\\\/\\\/www.google.com\\\/maps\\\/search\\\/?api=1&query=Welex+Marbella\",\"openingHoursSpecification\":[{\"@type\":\"OpeningHoursSpecification\",\"dayOfWeek\":[\"Monday\",\"Tuesday\",\"Wednesday\",\"Thursday\"],\"opens\":\"08:30\",\"closes\":\"17:00\"},{\"@type\":\"OpeningHoursSpecification\",\"dayOfWeek\":\"Friday\",\"opens\":\"08:30\",\"closes\":\"14:30\"}],\"areaServed\":[{\"@type\":\"Country\",\"name\":\"Spain\"},{\"@type\":\"AdministrativeArea\",\"name\":\"Costa del Sol\"},{\"@type\":\"City\",\"name\":\"Marbella\"}],\"knowsLanguage\":[\"es\",\"en\",\"nl\",\"fr\"],\"currenciesAccepted\":\"EUR\",\"priceRange\":\"$$\",\"slogan\":\"S\u00e9curit\u00e9 juridique. Clart\u00e9 fiscale. Conseil de confiance.\",\"contactPoint\":[{\"@type\":\"ContactPoint\",\"telephone\":\"+34952775521\",\"email\":\"info@welex.es\",\"contactType\":\"customer service\",\"availableLanguage\":[\"English\",\"Spanish\",\"Dutch\",\"French\"],\"areaServed\":\"ES\"}],\"hasOfferCatalog\":{\"@type\":\"OfferCatalog\",\"name\":\"Services juridiques, fiscaux et comptables en Espagne\",\"itemListElement\":[{\"@type\":\"Offer\",\"itemOffered\":{\"@type\":\"Service\",\"name\":\"Avocats sp\u00e9cialis\u00e9s en immobilier \u00e0 Marbella : Achat et vente de biens en Espagne\",\"url\":\"https:\\\/\\\/www.welex.es\\\/fr\\\/service\\\/conseil-dans-lacquisition-et-la-vente-de-biens-immobiliers\\\/\"}},{\"@type\":\"Offer\",\"itemOffered\":{\"@type\":\"Service\",\"name\":\"Avocats en testaments et successions \u00e0 Marbella\",\"url\":\"https:\\\/\\\/www.welex.es\\\/fr\\\/service\\\/testaments-et-heritage\\\/\"}},{\"@type\":\"Offer\",\"itemOffered\":{\"@type\":\"Service\",\"name\":\"Droit des soci\u00e9t\u00e9s en Espagne\",\"url\":\"https:\\\/\\\/www.welex.es\\\/fr\\\/service\\\/enterprises-et-societe\\\/\"}},{\"@type\":\"Offer\",\"itemOffered\":{\"@type\":\"Service\",\"name\":\"Conseils en droit du travail en Espagne\",\"url\":\"https:\\\/\\\/www.welex.es\\\/fr\\\/service\\\/conseil-du-travail\\\/\"}},{\"@type\":\"Offer\",\"itemOffered\":{\"@type\":\"Service\",\"name\":\"Contentieux en Espagne\",\"url\":\"https:\\\/\\\/www.welex.es\\\/fr\\\/service\\\/droit-procedural\\\/\"}},{\"@type\":\"Offer\",\"itemOffered\":{\"@type\":\"Service\",\"name\":\"Imp\u00f4t sur le revenu et imp\u00f4t sur la fortune en Espagne\",\"url\":\"https:\\\/\\\/www.welex.es\\\/fr\\\/service\\\/acquisition-de-bien-immobilier-par-une-personne-physique-non-residentes-en-espagne\\\/\"}},{\"@type\":\"Offer\",\"itemOffered\":{\"@type\":\"Service\",\"name\":\"Obligations fiscales d\u2019une soci\u00e9t\u00e9 \u00e0 responsabilit\u00e9 limit\u00e9e (SARL)\",\"url\":\"https:\\\/\\\/www.welex.es\\\/fr\\\/service\\\/obligations-fiscales-dune-societe-limitee\\\/\"}},{\"@type\":\"Offer\",\"itemOffered\":{\"@type\":\"Service\",\"name\":\"Obligations commerciales d\u2019une soci\u00e9t\u00e9 \u00e0 responsabilit\u00e9 limit\u00e9e (SL)\",\"url\":\"https:\\\/\\\/www.welex.es\\\/fr\\\/service\\\/mercantile-obligations-of-a-sl-company\\\/\"}},{\"@type\":\"Offer\",\"itemOffered\":{\"@type\":\"Service\",\"name\":\"R\u00e9vision des \u00e9tats financiers et comptables espagnols\",\"url\":\"https:\\\/\\\/www.welex.es\\\/fr\\\/service\\\/revision-des-etats-financiers-comptables\\\/\"}},{\"@type\":\"Offer\",\"itemOffered\":{\"@type\":\"Service\",\"name\":\"Points fiscaux\",\"url\":\"https:\\\/\\\/www.welex.es\\\/fr\\\/service\\\/impot\\\/\"}},{\"@type\":\"Offer\",\"itemOffered\":{\"@type\":\"Service\",\"name\":\"Formalit\u00e9s\",\"url\":\"https:\\\/\\\/www.welex.es\\\/fr\\\/service\\\/formalities\\\/\"}}]}},{\"@type\":\"Person\",\"@id\":\"https:\\\/\\\/www.welex.es\\\/fr\\\/#\\\/schema\\\/person\\\/fe98500e4b874772cfdbd1417c913f57\",\"name\":\"Welex Lawyers Accountants Wim\",\"image\":{\"@type\":\"ImageObject\",\"inLanguage\":\"fr-FR\",\"@id\":\"https:\\\/\\\/secure.gravatar.com\\\/avatar\\\/?s=96&d=mm&r=g\",\"url\":\"https:\\\/\\\/secure.gravatar.com\\\/avatar\\\/?s=96&d=mm&r=g\",\"contentUrl\":\"https:\\\/\\\/secure.gravatar.com\\\/avatar\\\/?s=96&d=mm&r=g\",\"caption\":\"Welex Lawyers Accountants Wim\"}}]}<\/script>\n<!-- \/ Yoast SEO Premium plugin. -->","yoast_head_json":{"title":"Tourisme \u00e0 Ronda, une des plus anciennes villes d\u2019Espagne - Welex","description":"En plein c\u0153ur du massif montagneux et entour\u00e9e de montagne, Ronda est consid\u00e9r\u00e9e comme un des villages avec le plus de charme de la province de Malaga","robots":{"index":"index","follow":"follow","max-snippet":"max-snippet:-1","max-image-preview":"max-image-preview:large","max-video-preview":"max-video-preview:-1"},"canonical":"https:\/\/www.welex.es\/fr\/tourisme-ronda-une-des-plus-anciennes-villes-despagne\/","og_locale":"fr_FR","og_type":"article","og_title":"Tourisme \u00e0 Ronda, une des plus anciennes villes d\u2019Espagne","og_description":"En plein c\u0153ur du massif montagneux et entour\u00e9e de montagne, Ronda est consid\u00e9r\u00e9e comme un des villages avec le plus de charme de la province de Malaga","og_url":"https:\/\/www.welex.es\/fr\/tourisme-ronda-une-des-plus-anciennes-villes-despagne\/","og_site_name":"Welex","article_publisher":"https:\/\/www.facebook.com\/WelexLawyersAccountants\/","article_published_time":"2017-08-23T08:00:00+00:00","article_modified_time":"2025-09-09T07:30:40+00:00","og_image":[{"width":600,"height":399,"url":"https:\/\/www.welex.es\/wp-content\/uploads\/2017\/10\/ronda.jpg","type":"image\/jpeg"}],"author":"Welex Lawyers Accountants Wim","twitter_card":"summary_large_image","twitter_misc":{"\u00c9crit par":"Welex Lawyers Accountants Wim","Dur\u00e9e de lecture estim\u00e9e":"4 minutes"},"schema":{"@context":"https:\/\/schema.org","@graph":[{"@type":"Article","@id":"https:\/\/www.welex.es\/fr\/tourisme-ronda-une-des-plus-anciennes-villes-despagne\/#article","isPartOf":{"@id":"https:\/\/www.welex.es\/fr\/tourisme-ronda-une-des-plus-anciennes-villes-despagne\/"},"author":{"name":"Welex Lawyers Accountants Wim","@id":"https:\/\/www.welex.es\/fr\/#\/schema\/person\/fe98500e4b874772cfdbd1417c913f57"},"headline":"Tourisme \u00e0 Ronda, une des plus anciennes villes d\u2019Espagne","datePublished":"2017-08-23T08:00:00+00:00","dateModified":"2025-09-09T07:30:40+00:00","mainEntityOfPage":{"@id":"https:\/\/www.welex.es\/fr\/tourisme-ronda-une-des-plus-anciennes-villes-despagne\/"},"wordCount":830,"publisher":{"@id":"https:\/\/www.welex.es\/#organization"},"image":{"@id":"https:\/\/www.welex.es\/fr\/tourisme-ronda-une-des-plus-anciennes-villes-despagne\/#primaryimage"},"thumbnailUrl":"https:\/\/www.welex.es\/wp-content\/uploads\/2017\/10\/ronda.jpg","keywords":["comptables \u00e0 Ronda","Conseillers fiscaux \u00e0 Ronda","Economistes Ronda","Imp\u00f4t sur les successions \u00e0 Ronda","Sp\u00e9cialistes en h\u00e9ritages \u00e0 Ronda","Testaments \u00e0 Ronda","avocat \u00e0 Ronda","avocats \u00e0 Ronda","Cabinet d\u2019avocats \u00e0 Ronda"],"articleSection":["Tourisme et culture en Espagne"],"inLanguage":"fr-FR"},{"@type":"WebPage","@id":"https:\/\/www.welex.es\/fr\/tourisme-ronda-une-des-plus-anciennes-villes-despagne\/","url":"https:\/\/www.welex.es\/fr\/tourisme-ronda-une-des-plus-anciennes-villes-despagne\/","name":"Tourisme \u00e0 Ronda, une des plus anciennes villes d\u2019Espagne - Welex","isPartOf":{"@id":"https:\/\/www.welex.es\/fr\/#website"},"primaryImageOfPage":{"@id":"https:\/\/www.welex.es\/fr\/tourisme-ronda-une-des-plus-anciennes-villes-despagne\/#primaryimage"},"image":{"@id":"https:\/\/www.welex.es\/fr\/tourisme-ronda-une-des-plus-anciennes-villes-despagne\/#primaryimage"},"thumbnailUrl":"https:\/\/www.welex.es\/wp-content\/uploads\/2017\/10\/ronda.jpg","datePublished":"2017-08-23T08:00:00+00:00","dateModified":"2025-09-09T07:30:40+00:00","description":"En plein c\u0153ur du massif montagneux et entour\u00e9e de montagne, Ronda est consid\u00e9r\u00e9e comme un des villages avec le plus de charme de la province de Malaga","breadcrumb":{"@id":"https:\/\/www.welex.es\/fr\/tourisme-ronda-une-des-plus-anciennes-villes-despagne\/#breadcrumb"},"inLanguage":"fr-FR","potentialAction":[{"@type":"ReadAction","target":["https:\/\/www.welex.es\/fr\/tourisme-ronda-une-des-plus-anciennes-villes-despagne\/"]}]},{"@type":"ImageObject","inLanguage":"fr-FR","@id":"https:\/\/www.welex.es\/fr\/tourisme-ronda-une-des-plus-anciennes-villes-despagne\/#primaryimage","url":"https:\/\/www.welex.es\/wp-content\/uploads\/2017\/10\/ronda.jpg","contentUrl":"https:\/\/www.welex.es\/wp-content\/uploads\/2017\/10\/ronda.jpg","width":600,"height":399,"caption":"ronda"},{"@type":"BreadcrumbList","@id":"https:\/\/www.welex.es\/fr\/tourisme-ronda-une-des-plus-anciennes-villes-despagne\/#breadcrumb","itemListElement":[{"@type":"ListItem","position":1,"name":"Home","item":"https:\/\/www.welex.es\/fr\/"},{"@type":"ListItem","position":2,"name":"Tourisme \u00e0 Ronda, une des plus anciennes villes d\u2019Espagne"}]},{"@type":"WebSite","@id":"https:\/\/www.welex.es\/fr\/#website","url":"https:\/\/www.welex.es\/fr\/","name":"Welex","description":"","publisher":{"@id":"https:\/\/www.welex.es\/#organization"},"potentialAction":[{"@type":"SearchAction","target":{"@type":"EntryPoint","urlTemplate":"https:\/\/www.welex.es\/fr\/?s={search_term_string}"},"query-input":{"@type":"PropertyValueSpecification","valueRequired":true,"valueName":"search_term_string"}}],"inLanguage":"fr-FR"},{"@type":["Organization","LegalService"],"@id":"https:\/\/www.welex.es\/#organization","name":"Welex","url":"https:\/\/www.welex.es\/","logo":{"@type":"ImageObject","inLanguage":"fr-FR","@id":"https:\/\/www.welex.es\/#\/schema\/logo\/image\/","url":"https:\/\/www.welex.es\/wp-content\/uploads\/2025\/05\/LOGOWELEXCORRECTO.png","contentUrl":"https:\/\/www.welex.es\/wp-content\/uploads\/2025\/05\/LOGOWELEXCORRECTO.png","width":2147,"height":771,"caption":"Welex"},"image":{"@id":"https:\/\/www.welex.es\/#\/schema\/logo\/image\/"},"sameAs":["https:\/\/www.facebook.com\/WelexLawyersAccountants\/","https:\/\/www.linkedin.com\/company\/welex\/","https:\/\/www.instagram.com\/welex.lawyers\/","https:\/\/www.tiktok.com\/@welex_lawyers_marbella","https:\/\/lawyerscostadelsol.com\/","https:\/\/www.accountant-spain.com\/","https:\/\/welex-solicitors.com\/"],"description":"Law firm in Marbella providing legal, tax, labour and accounting advice to individuals and companies in Spain, with over 20 years of experience.","email":"info@welex.es","telephone":"+34952775521","legalName":"Tr\u00e1mites Costa, S.L.","numberOfEmployees":{"@type":"QuantitativeValue","minValue":"11","maxValue":"50"},"address":{"@type":"PostalAddress","streetAddress":"Calle Ram\u00f3n G\u00f3mez de la Serna 23, Local 7","addressLocality":"Marbella","addressRegion":"M\u00e1laga","postalCode":"29602","addressCountry":"ES"},"geo":{"@type":"GeoCoordinates","latitude":36.5095366,"longitude":-4.8985745},"hasMap":"https:\/\/www.google.com\/maps\/search\/?api=1&query=Welex+Marbella","openingHoursSpecification":[{"@type":"OpeningHoursSpecification","dayOfWeek":["Monday","Tuesday","Wednesday","Thursday"],"opens":"08:30","closes":"17:00"},{"@type":"OpeningHoursSpecification","dayOfWeek":"Friday","opens":"08:30","closes":"14:30"}],"areaServed":[{"@type":"Country","name":"Spain"},{"@type":"AdministrativeArea","name":"Costa del Sol"},{"@type":"City","name":"Marbella"}],"knowsLanguage":["es","en","nl","fr"],"currenciesAccepted":"EUR","priceRange":"$$","slogan":"S\u00e9curit\u00e9 juridique. Clart\u00e9 fiscale. Conseil de confiance.","contactPoint":[{"@type":"ContactPoint","telephone":"+34952775521","email":"info@welex.es","contactType":"customer service","availableLanguage":["English","Spanish","Dutch","French"],"areaServed":"ES"}],"hasOfferCatalog":{"@type":"OfferCatalog","name":"Services juridiques, fiscaux et comptables en Espagne","itemListElement":[{"@type":"Offer","itemOffered":{"@type":"Service","name":"Avocats sp\u00e9cialis\u00e9s en immobilier \u00e0 Marbella : Achat et vente de biens en Espagne","url":"https:\/\/www.welex.es\/fr\/service\/conseil-dans-lacquisition-et-la-vente-de-biens-immobiliers\/"}},{"@type":"Offer","itemOffered":{"@type":"Service","name":"Avocats en testaments et successions \u00e0 Marbella","url":"https:\/\/www.welex.es\/fr\/service\/testaments-et-heritage\/"}},{"@type":"Offer","itemOffered":{"@type":"Service","name":"Droit des soci\u00e9t\u00e9s en Espagne","url":"https:\/\/www.welex.es\/fr\/service\/enterprises-et-societe\/"}},{"@type":"Offer","itemOffered":{"@type":"Service","name":"Conseils en droit du travail en Espagne","url":"https:\/\/www.welex.es\/fr\/service\/conseil-du-travail\/"}},{"@type":"Offer","itemOffered":{"@type":"Service","name":"Contentieux en Espagne","url":"https:\/\/www.welex.es\/fr\/service\/droit-procedural\/"}},{"@type":"Offer","itemOffered":{"@type":"Service","name":"Imp\u00f4t sur le revenu et imp\u00f4t sur la fortune en Espagne","url":"https:\/\/www.welex.es\/fr\/service\/acquisition-de-bien-immobilier-par-une-personne-physique-non-residentes-en-espagne\/"}},{"@type":"Offer","itemOffered":{"@type":"Service","name":"Obligations fiscales d\u2019une soci\u00e9t\u00e9 \u00e0 responsabilit\u00e9 limit\u00e9e (SARL)","url":"https:\/\/www.welex.es\/fr\/service\/obligations-fiscales-dune-societe-limitee\/"}},{"@type":"Offer","itemOffered":{"@type":"Service","name":"Obligations commerciales d\u2019une soci\u00e9t\u00e9 \u00e0 responsabilit\u00e9 limit\u00e9e (SL)","url":"https:\/\/www.welex.es\/fr\/service\/mercantile-obligations-of-a-sl-company\/"}},{"@type":"Offer","itemOffered":{"@type":"Service","name":"R\u00e9vision des \u00e9tats financiers et comptables espagnols","url":"https:\/\/www.welex.es\/fr\/service\/revision-des-etats-financiers-comptables\/"}},{"@type":"Offer","itemOffered":{"@type":"Service","name":"Points fiscaux","url":"https:\/\/www.welex.es\/fr\/service\/impot\/"}},{"@type":"Offer","itemOffered":{"@type":"Service","name":"Formalit\u00e9s","url":"https:\/\/www.welex.es\/fr\/service\/formalities\/"}}]}},{"@type":"Person","@id":"https:\/\/www.welex.es\/fr\/#\/schema\/person\/fe98500e4b874772cfdbd1417c913f57","name":"Welex Lawyers Accountants Wim","image":{"@type":"ImageObject","inLanguage":"fr-FR","@id":"https:\/\/secure.gravatar.com\/avatar\/?s=96&d=mm&r=g","url":"https:\/\/secure.gravatar.com\/avatar\/?s=96&d=mm&r=g","contentUrl":"https:\/\/secure.gravatar.com\/avatar\/?s=96&d=mm&r=g","caption":"Welex Lawyers Accountants Wim"}}]}},"_links":{"self":[{"href":"https:\/\/www.welex.es\/fr\/wp-json\/wp\/v2\/posts\/9762","targetHints":{"allow":["GET"]}}],"collection":[{"href":"https:\/\/www.welex.es\/fr\/wp-json\/wp\/v2\/posts"}],"about":[{"href":"https:\/\/www.welex.es\/fr\/wp-json\/wp\/v2\/types\/post"}],"author":[{"embeddable":true,"href":"https:\/\/www.welex.es\/fr\/wp-json\/wp\/v2\/users\/4"}],"replies":[{"embeddable":true,"href":"https:\/\/www.welex.es\/fr\/wp-json\/wp\/v2\/comments?post=9762"}],"version-history":[{"count":0,"href":"https:\/\/www.welex.es\/fr\/wp-json\/wp\/v2\/posts\/9762\/revisions"}],"wp:featuredmedia":[{"embeddable":true,"href":"https:\/\/www.welex.es\/fr\/wp-json\/wp\/v2\/media\/9729"}],"wp:attachment":[{"href":"https:\/\/www.welex.es\/fr\/wp-json\/wp\/v2\/media?parent=9762"}],"wp:term":[{"taxonomy":"category","embeddable":true,"href":"https:\/\/www.welex.es\/fr\/wp-json\/wp\/v2\/categories?post=9762"},{"taxonomy":"post_tag","embeddable":true,"href":"https:\/\/www.welex.es\/fr\/wp-json\/wp\/v2\/tags?post=9762"}],"curies":[{"name":"wp","href":"https:\/\/api.w.org\/{rel}","templated":true}]}}