{"id":10472,"date":"2017-09-04T08:00:11","date_gmt":"2017-09-04T08:00:11","guid":{"rendered":"https:\/\/www.welex.es\/?p=10472\/"},"modified":"2025-09-09T07:30:45","modified_gmt":"2025-09-09T07:30:45","slug":"plattelandstoerisme-wat-te-bezoeken-coin","status":"publish","type":"post","link":"https:\/\/www.welex.es\/nl\/plattelandstoerisme-wat-te-bezoeken-coin\/","title":{"rendered":"Plattelandstoerisme: Wat te bezoeken in Co\u00edn"},"content":{"rendered":"<p>De gemeente Co\u00edn ligt in de regio van de Guadalhorce-vallei, op ongeveer 33 km van de hoofdstad en op ongeveer 30 km van Marbella. Het is een ideale stad in het platteland om te bezoeken en een toeristische halte te maken. Wandelen door de straten betekent een excursie maken door het San Agust\u00edn-park, de kerk van San Andr\u00e9s en het Hospital de la Caridad bezoeken, waardoor de wandeling lijkt op het bezoek aan een museum.<\/p>\n<p>Het is een gemeente met een rijke traditie in landbouw en keramiek, waar tegenwoordig marmer en zandgroeven nog steeds actief zijn. Het landschap contrasteert met de abrupte muren die de activiteit van de steengroeven en de rijke vegetatie van de tuinen hebben gegenereerd. Co\u00edn, in het hart van La Huerta de Malaga, is een ideale plek om verschillende landschappen van het gebied te leren kennen en tegelijkertijd de passie voor traditie te waarderen.<\/p>\n<p><img fetchpriority=\"high\" decoding=\"async\" class=\"aligncenter wp-image-10467 size-full\" title=\"advocaat in Co\u00edn\" src=\"https:\/\/www.welex.es\/wp-content\/uploads\/2017\/11\/visitar-coin.png\" alt=\"advocaat in Co\u00edn\" width=\"600\" height=\"378\" \/><\/p>\n<p>In het stedelijke centrum kunt u een bezoek brengen aan de kerk en het klooster van Santa Mar\u00eda de la Encarnaci\u00f3n, de toren van het oude klooster van de Trinitarios Descalzos of hun grot.<\/p>\n<p>Als je Co\u00edn gaat bezoeken, kun je de wandeling starten bij het San Agust\u00edn Park, bij de ingang van de stad, dit is een van de belangrijkste en mooiste parken die we kunnen vinden. Ga verder naar de Plza. Santa Mar\u00eda, waar het oude klooster en de kerk Santa Mar\u00eda de la Encarnaci\u00f3n (15e eeuw) is gevestigd, een oude Arabische moskee die later werd omgevormd tot een katholieke tempel, in die tijd de eerste Parochie van Co\u00edn.<\/p>\n<p>Als u de straat Santa Mar\u00eda y C\u00e1rcel op gaat, ziet u de Plaza Berm\u00fadez de la Rubia, de kerk van San Juan Bautista (S. XVI), een historisch artistiek monument met klassieke, gotische en Mudejar-elementen, waarin de patroonheilige van de stad, de Virgen de la Fuensanta, slechts 11 cm hoog, wordt vereerd, een gotisch werk uit de late vijftiende eeuw.<\/p>\n<p>Zet de wandeling voort door Calle C\u00e1rcel, en geniet van de wandeling door de typische smalle straatjes die deel uitmaken van de oude binnenstad van Co\u00edn. Wanneer we naar links draaien door de Moreno Maldonado straat, kunnen we ons opfrissen in de karakteristieke fontein van Plazuela La Luna, de singulariteit van Molinos en Santo Cristo straat leren kennen tot we bij de Plazuela de San Andres komen.<\/p>\n<p>We vervolgen onze wandeling langs de Calle San Andr\u00e9s tot we de Calle Mesones bereiken en stoppen bij het plein van het stadhuis, Alameda. Langs de achterkant van de heilige die de Alameda leidt, nemen we Calle la Cruz om de Trinitarios-toren te zien.<\/p>\n<p>Om de wandeling door het centrum van de stad te be\u00ebindigen, kunnen we weer afdalen naar het San Agust\u00edn-park, maar deze keer gaan we de straat naar beneden langs de straat La Feria y Vicario om de commerci\u00eble straten van deze stad te leren kennen en er mooie herinneringen van mee te nemen, maar ook om er van een drankje te genieten en een aantal heerlijke tapas te proeven in een van de bars.<\/p>\n<p>Aan de rand van de gemeente vinden we ook andere monumenten die een bezoek waard zijn vanwege hun historische en culturele waarde.<\/p>\n<p>&nbsp;<\/p>\n<p><strong>Dit blog is geschreven in samenwerking met <a href=\"https:\/\/www.welex.es\/nl\/contact\/\">Welex, uw advocatenkantoor en team economen aan de Costa del Sol.<\/a><\/strong><\/p>\n<p>Bij Welex bieden we juridische, fiscale en boekhoudkundige adviesverlening. Zo bieden wij onze klanten juridische zekerheid vanuit onze ervaring en professionaliteit. Wij zijn een team advocaten, economen, boekhouders en professionals die klaar staan om uw vragen te beantwoorden en uw belangen te verdedigen.<\/p>\n<p>&nbsp;<\/p>\n<p><span style=\"font-size: 8pt;\">Welex, uw advocaat in Co\u00edn, advocaat in Co\u00edn, advocatenkantoor in C\u00f3in, economen in Co\u00edn, boekhouders in Co\u00edn, vastgoed advocaat in Co\u00edn, belastingen in Co\u00edn, testamenten in Co\u00edn.<\/span><\/p>\n","protected":false},"excerpt":{"rendered":"<p>De gemeente Co\u00edn ligt in de regio van de Guadalhorce-vallei, op ongeveer 33 km van de hoofdstad en op ongeveer 30 km van Marbella. Het is een ideale stad in het platteland om te bezoeken en een toeristische halte te maken. Wandelen door de straten betekent een excursie maken door het San Agust\u00edn-park, de kerk [&hellip;]<\/p>\n","protected":false},"author":4,"featured_media":10467,"comment_status":"closed","ping_status":"closed","sticky":false,"template":"","format":"standard","meta":{"_acf_changed":false,"footnotes":""},"categories":[428],"tags":[2972,2973,2974,2975,2976,2977,2978],"class_list":["post-10472","post","type-post","status-publish","format-standard","has-post-thumbnail","hentry","category-toerisme-en-cultuur-in-spanje","tag-advocaat-in-coin","tag-advocatenkantoor-in-coin","tag-belastingen-in-coin","tag-boekhouders-in-coin","tag-economen-in-coin","tag-testamenten-in-coin","tag-vastgoed-advocaat-in-coin"],"acf":[],"yoast_head":"<!-- This site is optimized with the Yoast SEO Premium plugin v27.9 (Yoast SEO v27.9) - https:\/\/yoast.com\/product\/yoast-seo-premium-wordpress\/ -->\n<title>Plattelandstoerisme: Wat te bezoeken in Co\u00edn - Welex<\/title>\n<meta name=\"robots\" content=\"index, follow, max-snippet:-1, max-image-preview:large, max-video-preview:-1\" \/>\n<link rel=\"canonical\" href=\"https:\/\/www.welex.es\/nl\/plattelandstoerisme-wat-te-bezoeken-coin\/\" \/>\n<meta property=\"og:locale\" content=\"nl_NL\" \/>\n<meta property=\"og:type\" content=\"article\" \/>\n<meta property=\"og:title\" content=\"Plattelandstoerisme: Wat te bezoeken in Co\u00edn\" \/>\n<meta property=\"og:description\" content=\"De gemeente Co\u00edn ligt in de regio van de Guadalhorce-vallei, op ongeveer 33 km van de hoofdstad en op ongeveer 30 km van Marbella. Het is een ideale stad in het platteland om te bezoeken en een toeristische halte te maken. Wandelen door de straten betekent een excursie maken door het San Agust\u00edn-park, de kerk [&hellip;]\" \/>\n<meta property=\"og:url\" content=\"https:\/\/www.welex.es\/nl\/plattelandstoerisme-wat-te-bezoeken-coin\/\" \/>\n<meta property=\"og:site_name\" content=\"Welex\" \/>\n<meta property=\"article:publisher\" content=\"https:\/\/www.facebook.com\/WelexLawyersAccountants\/\" \/>\n<meta property=\"article:published_time\" content=\"2017-09-04T08:00:11+00:00\" \/>\n<meta property=\"article:modified_time\" content=\"2025-09-09T07:30:45+00:00\" \/>\n<meta property=\"og:image\" content=\"https:\/\/www.welex.es\/wp-content\/uploads\/2017\/11\/visitar-coin.png\" \/>\n\t<meta property=\"og:image:width\" content=\"600\" \/>\n\t<meta property=\"og:image:height\" content=\"378\" \/>\n\t<meta property=\"og:image:type\" content=\"image\/png\" \/>\n<meta name=\"author\" content=\"Welex Lawyers Accountants Wim\" \/>\n<meta name=\"twitter:card\" content=\"summary_large_image\" \/>\n<meta name=\"twitter:label1\" content=\"Geschreven door\" \/>\n\t<meta name=\"twitter:data1\" content=\"Welex Lawyers Accountants Wim\" \/>\n\t<meta name=\"twitter:label2\" content=\"Geschatte leestijd\" \/>\n\t<meta name=\"twitter:data2\" content=\"3 minuten\" \/>\n<script type=\"application\/ld+json\" class=\"yoast-schema-graph\">{\"@context\":\"https:\\\/\\\/schema.org\",\"@graph\":[{\"@type\":\"Article\",\"@id\":\"https:\\\/\\\/www.welex.es\\\/nl\\\/plattelandstoerisme-wat-te-bezoeken-coin\\\/#article\",\"isPartOf\":{\"@id\":\"https:\\\/\\\/www.welex.es\\\/nl\\\/plattelandstoerisme-wat-te-bezoeken-coin\\\/\"},\"author\":{\"name\":\"Welex Lawyers Accountants Wim\",\"@id\":\"https:\\\/\\\/www.welex.es\\\/nl\\\/#\\\/schema\\\/person\\\/fe98500e4b874772cfdbd1417c913f57\"},\"headline\":\"Plattelandstoerisme: Wat te bezoeken in Co\u00edn\",\"datePublished\":\"2017-09-04T08:00:11+00:00\",\"dateModified\":\"2025-09-09T07:30:45+00:00\",\"mainEntityOfPage\":{\"@id\":\"https:\\\/\\\/www.welex.es\\\/nl\\\/plattelandstoerisme-wat-te-bezoeken-coin\\\/\"},\"wordCount\":649,\"publisher\":{\"@id\":\"https:\\\/\\\/www.welex.es\\\/#organization\"},\"image\":{\"@id\":\"https:\\\/\\\/www.welex.es\\\/nl\\\/plattelandstoerisme-wat-te-bezoeken-coin\\\/#primaryimage\"},\"thumbnailUrl\":\"https:\\\/\\\/www.welex.es\\\/wp-content\\\/uploads\\\/2017\\\/11\\\/visitar-coin.png\",\"keywords\":[\"advocaat in Co\u00edn\",\"advocatenkantoor in C\u00f3in\",\"belastingen in Co\u00edn\",\"boekhouders in Co\u00edn\",\"economen in Co\u00edn\",\"testamenten in Co\u00edn.\",\"vastgoed advocaat in Co\u00edn\"],\"articleSection\":[\"Toerisme en Cultuur in Spanje\"],\"inLanguage\":\"nl-NL\"},{\"@type\":\"WebPage\",\"@id\":\"https:\\\/\\\/www.welex.es\\\/nl\\\/plattelandstoerisme-wat-te-bezoeken-coin\\\/\",\"url\":\"https:\\\/\\\/www.welex.es\\\/nl\\\/plattelandstoerisme-wat-te-bezoeken-coin\\\/\",\"name\":\"Plattelandstoerisme: Wat te bezoeken in Co\u00edn - Welex\",\"isPartOf\":{\"@id\":\"https:\\\/\\\/www.welex.es\\\/nl\\\/#website\"},\"primaryImageOfPage\":{\"@id\":\"https:\\\/\\\/www.welex.es\\\/nl\\\/plattelandstoerisme-wat-te-bezoeken-coin\\\/#primaryimage\"},\"image\":{\"@id\":\"https:\\\/\\\/www.welex.es\\\/nl\\\/plattelandstoerisme-wat-te-bezoeken-coin\\\/#primaryimage\"},\"thumbnailUrl\":\"https:\\\/\\\/www.welex.es\\\/wp-content\\\/uploads\\\/2017\\\/11\\\/visitar-coin.png\",\"datePublished\":\"2017-09-04T08:00:11+00:00\",\"dateModified\":\"2025-09-09T07:30:45+00:00\",\"breadcrumb\":{\"@id\":\"https:\\\/\\\/www.welex.es\\\/nl\\\/plattelandstoerisme-wat-te-bezoeken-coin\\\/#breadcrumb\"},\"inLanguage\":\"nl-NL\",\"potentialAction\":[{\"@type\":\"ReadAction\",\"target\":[\"https:\\\/\\\/www.welex.es\\\/nl\\\/plattelandstoerisme-wat-te-bezoeken-coin\\\/\"]}]},{\"@type\":\"ImageObject\",\"inLanguage\":\"nl-NL\",\"@id\":\"https:\\\/\\\/www.welex.es\\\/nl\\\/plattelandstoerisme-wat-te-bezoeken-coin\\\/#primaryimage\",\"url\":\"https:\\\/\\\/www.welex.es\\\/wp-content\\\/uploads\\\/2017\\\/11\\\/visitar-coin.png\",\"contentUrl\":\"https:\\\/\\\/www.welex.es\\\/wp-content\\\/uploads\\\/2017\\\/11\\\/visitar-coin.png\",\"width\":600,\"height\":378,\"caption\":\"visitar coin\"},{\"@type\":\"BreadcrumbList\",\"@id\":\"https:\\\/\\\/www.welex.es\\\/nl\\\/plattelandstoerisme-wat-te-bezoeken-coin\\\/#breadcrumb\",\"itemListElement\":[{\"@type\":\"ListItem\",\"position\":1,\"name\":\"Home\",\"item\":\"https:\\\/\\\/www.welex.es\\\/nl\\\/\"},{\"@type\":\"ListItem\",\"position\":2,\"name\":\"Plattelandstoerisme: Wat te bezoeken in Co\u00edn\"}]},{\"@type\":\"WebSite\",\"@id\":\"https:\\\/\\\/www.welex.es\\\/nl\\\/#website\",\"url\":\"https:\\\/\\\/www.welex.es\\\/nl\\\/\",\"name\":\"Welex\",\"description\":\"\",\"publisher\":{\"@id\":\"https:\\\/\\\/www.welex.es\\\/#organization\"},\"potentialAction\":[{\"@type\":\"SearchAction\",\"target\":{\"@type\":\"EntryPoint\",\"urlTemplate\":\"https:\\\/\\\/www.welex.es\\\/nl\\\/?s={search_term_string}\"},\"query-input\":{\"@type\":\"PropertyValueSpecification\",\"valueRequired\":true,\"valueName\":\"search_term_string\"}}],\"inLanguage\":\"nl-NL\"},{\"@type\":[\"Organization\",\"LegalService\"],\"@id\":\"https:\\\/\\\/www.welex.es\\\/#organization\",\"name\":\"Welex\",\"url\":\"https:\\\/\\\/www.welex.es\\\/\",\"logo\":{\"@type\":\"ImageObject\",\"inLanguage\":\"nl-NL\",\"@id\":\"https:\\\/\\\/www.welex.es\\\/#\\\/schema\\\/logo\\\/image\\\/\",\"url\":\"https:\\\/\\\/www.welex.es\\\/wp-content\\\/uploads\\\/2025\\\/05\\\/LOGOWELEXCORRECTO.png\",\"contentUrl\":\"https:\\\/\\\/www.welex.es\\\/wp-content\\\/uploads\\\/2025\\\/05\\\/LOGOWELEXCORRECTO.png\",\"width\":2147,\"height\":771,\"caption\":\"Welex\"},\"image\":{\"@id\":\"https:\\\/\\\/www.welex.es\\\/#\\\/schema\\\/logo\\\/image\\\/\"},\"sameAs\":[\"https:\\\/\\\/www.facebook.com\\\/WelexLawyersAccountants\\\/\",\"https:\\\/\\\/www.linkedin.com\\\/company\\\/welex\\\/\",\"https:\\\/\\\/www.instagram.com\\\/welex.lawyers\\\/\",\"https:\\\/\\\/www.tiktok.com\\\/@welex_lawyers_marbella\",\"https:\\\/\\\/lawyerscostadelsol.com\\\/\",\"https:\\\/\\\/www.accountant-spain.com\\\/\",\"https:\\\/\\\/welex-solicitors.com\\\/\"],\"description\":\"Law firm in Marbella providing legal, tax, labour and accounting advice to individuals and companies in Spain, with over 20 years of experience.\",\"email\":\"info@welex.es\",\"telephone\":\"+34952775521\",\"legalName\":\"Tr\u00e1mites Costa, S.L.\",\"numberOfEmployees\":{\"@type\":\"QuantitativeValue\",\"minValue\":\"11\",\"maxValue\":\"50\"},\"address\":{\"@type\":\"PostalAddress\",\"streetAddress\":\"Calle Ram\u00f3n G\u00f3mez de la Serna 23, Local 7\",\"addressLocality\":\"Marbella\",\"addressRegion\":\"M\u00e1laga\",\"postalCode\":\"29602\",\"addressCountry\":\"ES\"},\"geo\":{\"@type\":\"GeoCoordinates\",\"latitude\":36.5095366,\"longitude\":-4.8985745},\"hasMap\":\"https:\\\/\\\/www.google.com\\\/maps\\\/search\\\/?api=1&query=Welex+Marbella\",\"openingHoursSpecification\":[{\"@type\":\"OpeningHoursSpecification\",\"dayOfWeek\":[\"Monday\",\"Tuesday\",\"Wednesday\",\"Thursday\"],\"opens\":\"08:30\",\"closes\":\"17:00\"},{\"@type\":\"OpeningHoursSpecification\",\"dayOfWeek\":\"Friday\",\"opens\":\"08:30\",\"closes\":\"14:30\"}],\"areaServed\":[{\"@type\":\"Country\",\"name\":\"Spain\"},{\"@type\":\"AdministrativeArea\",\"name\":\"Costa del Sol\"},{\"@type\":\"City\",\"name\":\"Marbella\"}],\"knowsLanguage\":[\"es\",\"en\",\"nl\",\"fr\"],\"currenciesAccepted\":\"EUR\",\"priceRange\":\"$$\",\"slogan\":\"Juridische zekerheid. Fiscale duidelijkheid. Betrouwbaar advies.\",\"contactPoint\":[{\"@type\":\"ContactPoint\",\"telephone\":\"+34952775521\",\"email\":\"info@welex.es\",\"contactType\":\"customer service\",\"availableLanguage\":[\"English\",\"Spanish\",\"Dutch\",\"French\"],\"areaServed\":\"ES\"}],\"hasOfferCatalog\":{\"@type\":\"OfferCatalog\",\"name\":\"Juridische, fiscale en boekhoudkundige diensten in Spanje\",\"itemListElement\":[{\"@type\":\"Offer\",\"itemOffered\":{\"@type\":\"Service\",\"name\":\"Vastgoedadvocaten in Marbella: aankoop en verkoop van onroerend goed in Spanje\",\"url\":\"https:\\\/\\\/www.welex.es\\\/nl\\\/dienst\\\/advies-aan-en-verkoop-van-vastgoed-in-spanje\\\/\"}},{\"@type\":\"Offer\",\"itemOffered\":{\"@type\":\"Service\",\"name\":\"Advocaten gespecialiseerd in testamenten en erfenissen in Marbella\",\"url\":\"https:\\\/\\\/www.welex.es\\\/nl\\\/dienst\\\/testamenten-nalatenschappen-in-spanje\\\/\"}},{\"@type\":\"Offer\",\"itemOffered\":{\"@type\":\"Service\",\"name\":\"Vennootschapsrecht in Spanje\",\"url\":\"https:\\\/\\\/www.welex.es\\\/nl\\\/dienst\\\/bedrijven-en-vennootschappen-in-spanje\\\/\"}},{\"@type\":\"Offer\",\"itemOffered\":{\"@type\":\"Service\",\"name\":\"Arbeidsadvies in Spanje\",\"url\":\"https:\\\/\\\/www.welex.es\\\/nl\\\/dienst\\\/arbeids-zaken-in-spanje\\\/\"}},{\"@type\":\"Offer\",\"itemOffered\":{\"@type\":\"Service\",\"name\":\"Geschillenbeslechting in Spanje\",\"url\":\"https:\\\/\\\/www.welex.es\\\/nl\\\/dienst\\\/procesrecht-in-spanje\\\/\"}},{\"@type\":\"Offer\",\"itemOffered\":{\"@type\":\"Service\",\"name\":\"Inkomstenbelasting en Vermogensbelasting in Spanje\",\"url\":\"https:\\\/\\\/www.welex.es\\\/nl\\\/dienst\\\/aankoop-van-een-onroerende-zaak-door-een-natuurlijke-persoon-die-niet-resident-is-in-spanje\\\/\"}},{\"@type\":\"Offer\",\"itemOffered\":{\"@type\":\"Service\",\"name\":\"Fiscale verplichtingen van een S.L.-vennootschap\",\"url\":\"https:\\\/\\\/www.welex.es\\\/nl\\\/dienst\\\/verplichtingen-volgens-de-handelswetgeving-van-een-spaanse-vennootschap\\\/\"}},{\"@type\":\"Offer\",\"itemOffered\":{\"@type\":\"Service\",\"name\":\"Handelsverplichtingen van een S.L.-vennootschap\",\"url\":\"https:\\\/\\\/www.welex.es\\\/nl\\\/dienst\\\/fiscale-verplichtingen-van-een-vennootschap-spanje\\\/\"}},{\"@type\":\"Offer\",\"itemOffered\":{\"@type\":\"Service\",\"name\":\"Beoordeling van Spaanse financi\u00eble en boekhoudkundige jaarrekeningen\",\"url\":\"https:\\\/\\\/www.welex.es\\\/nl\\\/dienst\\\/herziening-van-de-financiele-en-boekhoudkundige-balansen-in-spanje\\\/\"}},{\"@type\":\"Offer\",\"itemOffered\":{\"@type\":\"Service\",\"name\":\"Belastingpunten\",\"url\":\"https:\\\/\\\/www.welex.es\\\/nl\\\/dienst\\\/tax-belasting-in-spanje\\\/\"}},{\"@type\":\"Offer\",\"itemOffered\":{\"@type\":\"Service\",\"name\":\"Formaliteiten\",\"url\":\"https:\\\/\\\/www.welex.es\\\/nl\\\/dienst\\\/bijzondere-procedures\\\/\"}}]}},{\"@type\":\"Person\",\"@id\":\"https:\\\/\\\/www.welex.es\\\/nl\\\/#\\\/schema\\\/person\\\/fe98500e4b874772cfdbd1417c913f57\",\"name\":\"Welex Lawyers Accountants Wim\",\"image\":{\"@type\":\"ImageObject\",\"inLanguage\":\"nl-NL\",\"@id\":\"https:\\\/\\\/secure.gravatar.com\\\/avatar\\\/?s=96&d=mm&r=g\",\"url\":\"https:\\\/\\\/secure.gravatar.com\\\/avatar\\\/?s=96&d=mm&r=g\",\"contentUrl\":\"https:\\\/\\\/secure.gravatar.com\\\/avatar\\\/?s=96&d=mm&r=g\",\"caption\":\"Welex Lawyers Accountants Wim\"}}]}<\/script>\n<!-- \/ Yoast SEO Premium plugin. -->","yoast_head_json":{"title":"Plattelandstoerisme: Wat te bezoeken in Co\u00edn - Welex","robots":{"index":"index","follow":"follow","max-snippet":"max-snippet:-1","max-image-preview":"max-image-preview:large","max-video-preview":"max-video-preview:-1"},"canonical":"https:\/\/www.welex.es\/nl\/plattelandstoerisme-wat-te-bezoeken-coin\/","og_locale":"nl_NL","og_type":"article","og_title":"Plattelandstoerisme: Wat te bezoeken in Co\u00edn","og_description":"De gemeente Co\u00edn ligt in de regio van de Guadalhorce-vallei, op ongeveer 33 km van de hoofdstad en op ongeveer 30 km van Marbella. Het is een ideale stad in het platteland om te bezoeken en een toeristische halte te maken. Wandelen door de straten betekent een excursie maken door het San Agust\u00edn-park, de kerk [&hellip;]","og_url":"https:\/\/www.welex.es\/nl\/plattelandstoerisme-wat-te-bezoeken-coin\/","og_site_name":"Welex","article_publisher":"https:\/\/www.facebook.com\/WelexLawyersAccountants\/","article_published_time":"2017-09-04T08:00:11+00:00","article_modified_time":"2025-09-09T07:30:45+00:00","og_image":[{"width":600,"height":378,"url":"https:\/\/www.welex.es\/wp-content\/uploads\/2017\/11\/visitar-coin.png","type":"image\/png"}],"author":"Welex Lawyers Accountants Wim","twitter_card":"summary_large_image","twitter_misc":{"Geschreven door":"Welex Lawyers Accountants Wim","Geschatte leestijd":"3 minuten"},"schema":{"@context":"https:\/\/schema.org","@graph":[{"@type":"Article","@id":"https:\/\/www.welex.es\/nl\/plattelandstoerisme-wat-te-bezoeken-coin\/#article","isPartOf":{"@id":"https:\/\/www.welex.es\/nl\/plattelandstoerisme-wat-te-bezoeken-coin\/"},"author":{"name":"Welex Lawyers Accountants Wim","@id":"https:\/\/www.welex.es\/nl\/#\/schema\/person\/fe98500e4b874772cfdbd1417c913f57"},"headline":"Plattelandstoerisme: Wat te bezoeken in Co\u00edn","datePublished":"2017-09-04T08:00:11+00:00","dateModified":"2025-09-09T07:30:45+00:00","mainEntityOfPage":{"@id":"https:\/\/www.welex.es\/nl\/plattelandstoerisme-wat-te-bezoeken-coin\/"},"wordCount":649,"publisher":{"@id":"https:\/\/www.welex.es\/#organization"},"image":{"@id":"https:\/\/www.welex.es\/nl\/plattelandstoerisme-wat-te-bezoeken-coin\/#primaryimage"},"thumbnailUrl":"https:\/\/www.welex.es\/wp-content\/uploads\/2017\/11\/visitar-coin.png","keywords":["advocaat in Co\u00edn","advocatenkantoor in C\u00f3in","belastingen in Co\u00edn","boekhouders in Co\u00edn","economen in Co\u00edn","testamenten in Co\u00edn.","vastgoed advocaat in Co\u00edn"],"articleSection":["Toerisme en Cultuur in Spanje"],"inLanguage":"nl-NL"},{"@type":"WebPage","@id":"https:\/\/www.welex.es\/nl\/plattelandstoerisme-wat-te-bezoeken-coin\/","url":"https:\/\/www.welex.es\/nl\/plattelandstoerisme-wat-te-bezoeken-coin\/","name":"Plattelandstoerisme: Wat te bezoeken in Co\u00edn - Welex","isPartOf":{"@id":"https:\/\/www.welex.es\/nl\/#website"},"primaryImageOfPage":{"@id":"https:\/\/www.welex.es\/nl\/plattelandstoerisme-wat-te-bezoeken-coin\/#primaryimage"},"image":{"@id":"https:\/\/www.welex.es\/nl\/plattelandstoerisme-wat-te-bezoeken-coin\/#primaryimage"},"thumbnailUrl":"https:\/\/www.welex.es\/wp-content\/uploads\/2017\/11\/visitar-coin.png","datePublished":"2017-09-04T08:00:11+00:00","dateModified":"2025-09-09T07:30:45+00:00","breadcrumb":{"@id":"https:\/\/www.welex.es\/nl\/plattelandstoerisme-wat-te-bezoeken-coin\/#breadcrumb"},"inLanguage":"nl-NL","potentialAction":[{"@type":"ReadAction","target":["https:\/\/www.welex.es\/nl\/plattelandstoerisme-wat-te-bezoeken-coin\/"]}]},{"@type":"ImageObject","inLanguage":"nl-NL","@id":"https:\/\/www.welex.es\/nl\/plattelandstoerisme-wat-te-bezoeken-coin\/#primaryimage","url":"https:\/\/www.welex.es\/wp-content\/uploads\/2017\/11\/visitar-coin.png","contentUrl":"https:\/\/www.welex.es\/wp-content\/uploads\/2017\/11\/visitar-coin.png","width":600,"height":378,"caption":"visitar coin"},{"@type":"BreadcrumbList","@id":"https:\/\/www.welex.es\/nl\/plattelandstoerisme-wat-te-bezoeken-coin\/#breadcrumb","itemListElement":[{"@type":"ListItem","position":1,"name":"Home","item":"https:\/\/www.welex.es\/nl\/"},{"@type":"ListItem","position":2,"name":"Plattelandstoerisme: Wat te bezoeken in Co\u00edn"}]},{"@type":"WebSite","@id":"https:\/\/www.welex.es\/nl\/#website","url":"https:\/\/www.welex.es\/nl\/","name":"Welex","description":"","publisher":{"@id":"https:\/\/www.welex.es\/#organization"},"potentialAction":[{"@type":"SearchAction","target":{"@type":"EntryPoint","urlTemplate":"https:\/\/www.welex.es\/nl\/?s={search_term_string}"},"query-input":{"@type":"PropertyValueSpecification","valueRequired":true,"valueName":"search_term_string"}}],"inLanguage":"nl-NL"},{"@type":["Organization","LegalService"],"@id":"https:\/\/www.welex.es\/#organization","name":"Welex","url":"https:\/\/www.welex.es\/","logo":{"@type":"ImageObject","inLanguage":"nl-NL","@id":"https:\/\/www.welex.es\/#\/schema\/logo\/image\/","url":"https:\/\/www.welex.es\/wp-content\/uploads\/2025\/05\/LOGOWELEXCORRECTO.png","contentUrl":"https:\/\/www.welex.es\/wp-content\/uploads\/2025\/05\/LOGOWELEXCORRECTO.png","width":2147,"height":771,"caption":"Welex"},"image":{"@id":"https:\/\/www.welex.es\/#\/schema\/logo\/image\/"},"sameAs":["https:\/\/www.facebook.com\/WelexLawyersAccountants\/","https:\/\/www.linkedin.com\/company\/welex\/","https:\/\/www.instagram.com\/welex.lawyers\/","https:\/\/www.tiktok.com\/@welex_lawyers_marbella","https:\/\/lawyerscostadelsol.com\/","https:\/\/www.accountant-spain.com\/","https:\/\/welex-solicitors.com\/"],"description":"Law firm in Marbella providing legal, tax, labour and accounting advice to individuals and companies in Spain, with over 20 years of experience.","email":"info@welex.es","telephone":"+34952775521","legalName":"Tr\u00e1mites Costa, S.L.","numberOfEmployees":{"@type":"QuantitativeValue","minValue":"11","maxValue":"50"},"address":{"@type":"PostalAddress","streetAddress":"Calle Ram\u00f3n G\u00f3mez de la Serna 23, Local 7","addressLocality":"Marbella","addressRegion":"M\u00e1laga","postalCode":"29602","addressCountry":"ES"},"geo":{"@type":"GeoCoordinates","latitude":36.5095366,"longitude":-4.8985745},"hasMap":"https:\/\/www.google.com\/maps\/search\/?api=1&query=Welex+Marbella","openingHoursSpecification":[{"@type":"OpeningHoursSpecification","dayOfWeek":["Monday","Tuesday","Wednesday","Thursday"],"opens":"08:30","closes":"17:00"},{"@type":"OpeningHoursSpecification","dayOfWeek":"Friday","opens":"08:30","closes":"14:30"}],"areaServed":[{"@type":"Country","name":"Spain"},{"@type":"AdministrativeArea","name":"Costa del Sol"},{"@type":"City","name":"Marbella"}],"knowsLanguage":["es","en","nl","fr"],"currenciesAccepted":"EUR","priceRange":"$$","slogan":"Juridische zekerheid. Fiscale duidelijkheid. Betrouwbaar advies.","contactPoint":[{"@type":"ContactPoint","telephone":"+34952775521","email":"info@welex.es","contactType":"customer service","availableLanguage":["English","Spanish","Dutch","French"],"areaServed":"ES"}],"hasOfferCatalog":{"@type":"OfferCatalog","name":"Juridische, fiscale en boekhoudkundige diensten in Spanje","itemListElement":[{"@type":"Offer","itemOffered":{"@type":"Service","name":"Vastgoedadvocaten in Marbella: aankoop en verkoop van onroerend goed in Spanje","url":"https:\/\/www.welex.es\/nl\/dienst\/advies-aan-en-verkoop-van-vastgoed-in-spanje\/"}},{"@type":"Offer","itemOffered":{"@type":"Service","name":"Advocaten gespecialiseerd in testamenten en erfenissen in Marbella","url":"https:\/\/www.welex.es\/nl\/dienst\/testamenten-nalatenschappen-in-spanje\/"}},{"@type":"Offer","itemOffered":{"@type":"Service","name":"Vennootschapsrecht in Spanje","url":"https:\/\/www.welex.es\/nl\/dienst\/bedrijven-en-vennootschappen-in-spanje\/"}},{"@type":"Offer","itemOffered":{"@type":"Service","name":"Arbeidsadvies in Spanje","url":"https:\/\/www.welex.es\/nl\/dienst\/arbeids-zaken-in-spanje\/"}},{"@type":"Offer","itemOffered":{"@type":"Service","name":"Geschillenbeslechting in Spanje","url":"https:\/\/www.welex.es\/nl\/dienst\/procesrecht-in-spanje\/"}},{"@type":"Offer","itemOffered":{"@type":"Service","name":"Inkomstenbelasting en Vermogensbelasting in Spanje","url":"https:\/\/www.welex.es\/nl\/dienst\/aankoop-van-een-onroerende-zaak-door-een-natuurlijke-persoon-die-niet-resident-is-in-spanje\/"}},{"@type":"Offer","itemOffered":{"@type":"Service","name":"Fiscale verplichtingen van een S.L.-vennootschap","url":"https:\/\/www.welex.es\/nl\/dienst\/verplichtingen-volgens-de-handelswetgeving-van-een-spaanse-vennootschap\/"}},{"@type":"Offer","itemOffered":{"@type":"Service","name":"Handelsverplichtingen van een S.L.-vennootschap","url":"https:\/\/www.welex.es\/nl\/dienst\/fiscale-verplichtingen-van-een-vennootschap-spanje\/"}},{"@type":"Offer","itemOffered":{"@type":"Service","name":"Beoordeling van Spaanse financi\u00eble en boekhoudkundige jaarrekeningen","url":"https:\/\/www.welex.es\/nl\/dienst\/herziening-van-de-financiele-en-boekhoudkundige-balansen-in-spanje\/"}},{"@type":"Offer","itemOffered":{"@type":"Service","name":"Belastingpunten","url":"https:\/\/www.welex.es\/nl\/dienst\/tax-belasting-in-spanje\/"}},{"@type":"Offer","itemOffered":{"@type":"Service","name":"Formaliteiten","url":"https:\/\/www.welex.es\/nl\/dienst\/bijzondere-procedures\/"}}]}},{"@type":"Person","@id":"https:\/\/www.welex.es\/nl\/#\/schema\/person\/fe98500e4b874772cfdbd1417c913f57","name":"Welex Lawyers Accountants Wim","image":{"@type":"ImageObject","inLanguage":"nl-NL","@id":"https:\/\/secure.gravatar.com\/avatar\/?s=96&d=mm&r=g","url":"https:\/\/secure.gravatar.com\/avatar\/?s=96&d=mm&r=g","contentUrl":"https:\/\/secure.gravatar.com\/avatar\/?s=96&d=mm&r=g","caption":"Welex Lawyers Accountants Wim"}}]}},"_links":{"self":[{"href":"https:\/\/www.welex.es\/nl\/wp-json\/wp\/v2\/posts\/10472","targetHints":{"allow":["GET"]}}],"collection":[{"href":"https:\/\/www.welex.es\/nl\/wp-json\/wp\/v2\/posts"}],"about":[{"href":"https:\/\/www.welex.es\/nl\/wp-json\/wp\/v2\/types\/post"}],"author":[{"embeddable":true,"href":"https:\/\/www.welex.es\/nl\/wp-json\/wp\/v2\/users\/4"}],"replies":[{"embeddable":true,"href":"https:\/\/www.welex.es\/nl\/wp-json\/wp\/v2\/comments?post=10472"}],"version-history":[{"count":0,"href":"https:\/\/www.welex.es\/nl\/wp-json\/wp\/v2\/posts\/10472\/revisions"}],"wp:featuredmedia":[{"embeddable":true,"href":"https:\/\/www.welex.es\/nl\/wp-json\/wp\/v2\/media\/10467"}],"wp:attachment":[{"href":"https:\/\/www.welex.es\/nl\/wp-json\/wp\/v2\/media?parent=10472"}],"wp:term":[{"taxonomy":"category","embeddable":true,"href":"https:\/\/www.welex.es\/nl\/wp-json\/wp\/v2\/categories?post=10472"},{"taxonomy":"post_tag","embeddable":true,"href":"https:\/\/www.welex.es\/nl\/wp-json\/wp\/v2\/tags?post=10472"}],"curies":[{"name":"wp","href":"https:\/\/api.w.org\/{rel}","templated":true}]}}