{"id":10914,"date":"2017-09-08T08:00:38","date_gmt":"2017-09-08T08:00:38","guid":{"rendered":"https:\/\/www.welex.es\/?p=10914\/"},"modified":"2025-09-09T07:30:49","modified_gmt":"2025-09-09T07:30:49","slug":"het-wijnoogstfestival-mollina","status":"publish","type":"post","link":"https:\/\/www.welex.es\/nl\/het-wijnoogstfestival-mollina\/","title":{"rendered":"Het Wijnoogstfestival in Mollina"},"content":{"rendered":"<p>Het traditionele wijnoogstfestival vindt elk jaar plaats in de stad Mollina in Malaga. Een feest dat een eerbetoon is aan de wijnwereld. <img fetchpriority=\"high\" decoding=\"async\" class=\"alignright wp-image-10905 size-medium\" title=\"advocaten in Mollina\" src=\"https:\/\/www.welex.es\/wp-content\/uploads\/2018\/01\/VENDIMIA-UVA-300x231.png\" alt=\"law firm in Mollina\" width=\"300\" height=\"231\" \/>Het wordt gevierd tijdens het tweede weekend van september. Het feest dateert van 70 jaar geleden toen het werd gevierd ter gelegenheid van de equinox onder de naam &#8220;festival van de hoge klasse&#8221;.<\/p>\n<p>&nbsp;<\/p>\n<p>Door de impuls van de cultivatie van de wijn, begon dit festival te groeien vanaf 1987 en begon gekend te zijn als het Wijnoogstfestival. Duizenden mensen bezoeken dit stadje elk jaar om te genieten van goede wijn, proeverijen en andere activiteiten die worden verfraaid met zangers en dansgroepen.<\/p>\n<p>&nbsp;<\/p>\n<p><img decoding=\"async\" class=\"alignleft wp-image-10907\" title=\"advocaten in Mollina\" src=\"https:\/\/www.welex.es\/wp-content\/uploads\/2018\/01\/VENDIMIA-LOGO-SABOR-MALAGA-300x225.png\" alt=\"advocaten in Mollina\" width=\"229\" height=\"172\" \/>Het wordt ook genaamd \u201cUniek Provinciaal Toeristisch Festival\u201d. Het is het ideale moment om de wijnen van de oorsprongsvermelding (denominaci\u00f3n de origen) van M\u00e1laga en de &#8216;Sierras de M\u00e1laga&#8217; te proeven. Mollina bewijst hiermee dat ze de enige plaats is binnen deze provincie die meer dan 80% van de wijn met deze oorsprongsbenaming produceert, naast het maken van haar eigen wijnen.<\/p>\n<p>&nbsp;<\/p>\n<p>Het feest begint met de openingstoespraak waarbij vooraanstaande persoonlijkheden uit de culturele wereld de start geven van dit massale evenement dat het hoogtepunt is van het werk van zoveel mannen en vrouwen die deze landen bewerken en die de druivenoogst vieren: het hoogtepunt van een jaar toewijding aan de cultivatie van druiven.<\/p>\n<p>&nbsp;<\/p>\n<p>Naast de toespraak zijn de Mollina Po\u00ebziewedstrijd, wijnkleuren, de wijnproeverijen, de stadsfietsrit met thematische versieringen, het festival overdag en de nachtelijke festivals de belangrijkste activiteiten.<\/p>\n<p>&nbsp;<\/p>\n<p>Het festival omvat een reeks recreatieve activiteiten, waaronder een fietstocht door de straten van Mollina, waaraan gewoonlijk meer dan 500 mensen van alle leeftijden deelnemen. De bijzonderheid van deze activiteit is dat alle fietsen versierd worden met verwijzingen naar de wijnwereld (trossen druiven bijvoorbeeld). Aan het eind wordt een prijs gegeven aan de meest originele fiets.<\/p>\n<p>&nbsp;<\/p>\n<p>Een andere attractie van dit festival is een paardentoonstelling, een populair festival, straatamusement en een dagbeurs in de ideale omgeving om te genieten van een goede wijn, vergezeld met traditionele gerechten uit de streek en met vermaak door groepen &#8216;rocieros&#8217; en &#8216;charangas&#8217;.<\/p>\n<p><img decoding=\"async\" class=\"alignright wp-image-10906 \" title=\"advocaten in Mollina\" src=\"https:\/\/www.welex.es\/wp-content\/uploads\/2018\/01\/VENDIMIA-VINO-300x200.png\" alt=\"law firm in Mollina\" width=\"344\" height=\"229\" \/><\/p>\n<p>&nbsp;<\/p>\n<p>Iedereen die naar dit evenement komt, kan ook een grote wijnproeverij bijwonen waaraan jaarlijks meer dan 200 mensen deelnemen, evenals een workshop voor alle zintuigen en een initiatie-workshop voor de proeverij.<\/p>\n<p>&nbsp;<\/p>\n<p>Als je een wijnliefhebber bent, mag je dit festival zeker niet missen!<\/p>\n<p>&nbsp;<\/p>\n<p>Deze blog werd geschreven door <a href=\"https:\/\/www.welex.es\/nl\/contact\/\">Welex, uw advocaat en econoom in Marbella<\/a>, M\u00e1laga.<br \/>\n&#8220;Welex&#8221; biedt juridisch, arbeids-, fiscaal en boekhoudkundig advies om onze cli\u00ebnten rechtszekerheid te bieden, vanuit onze jarenlange ervaring en professionaliteit. Wij zijn <a href=\"https:\/\/www.welex.es\/nl\/uw-advocatenkantoor-spanje\/\">een groep advocaten, economen, boekhouders die klaarstaan om uw vragen te beantwoorden en uw belangen te verdedigen.<\/a><\/p>\n","protected":false},"excerpt":{"rendered":"<p>Het traditionele wijnoogstfestival vindt elk jaar plaats in de stad Mollina in Malaga. Een feest dat een eerbetoon is aan de wijnwereld. Het wordt gevierd tijdens het tweede weekend van september. Het feest dateert van 70 jaar geleden toen het werd gevierd ter gelegenheid van de equinox onder de naam &#8220;festival van de hoge klasse&#8221;. [&hellip;]<\/p>\n","protected":false},"author":4,"featured_media":10905,"comment_status":"closed","ping_status":"closed","sticky":false,"template":"","format":"standard","meta":{"_acf_changed":false,"footnotes":""},"categories":[428],"tags":[3001,3002,3003,3004,3005,3006,3007,3008,3009],"class_list":["post-10914","post","type-post","status-publish","format-standard","has-post-thumbnail","hentry","category-toerisme-en-cultuur-in-spanje","tag-advocaten-in-mollina","tag-advocatenkantoor-in-mollina","tag-belastingadviseurs-in-mollina","tag-boekhouders-in-mollina","tag-dvocaat-in-mollina","tag-economen-in-mollina","tag-specialisten-in-erfenissen-en-nalatenschappen-in-mollina","tag-successierechten-in-mollina","tag-testamenten-in-mollina"],"acf":[],"yoast_head":"<!-- This site is optimized with the Yoast SEO Premium plugin v27.9 (Yoast SEO v27.9) - https:\/\/yoast.com\/product\/yoast-seo-premium-wordpress\/ -->\n<title>Het Wijnoogstfestival in Mollina - Welex<\/title>\n<meta name=\"description\" content=\"Duizenden mensen bezoeken dit stadje elk jaar om te genieten van goede wijn, proeverijen en activiteiten die worden verfraaid met zangers en dansgroepen\" \/>\n<meta name=\"robots\" content=\"index, follow, max-snippet:-1, max-image-preview:large, max-video-preview:-1\" \/>\n<link rel=\"canonical\" href=\"https:\/\/www.welex.es\/nl\/het-wijnoogstfestival-mollina\/\" \/>\n<meta property=\"og:locale\" content=\"nl_NL\" \/>\n<meta property=\"og:type\" content=\"article\" \/>\n<meta property=\"og:title\" content=\"Het Wijnoogstfestival in Mollina\" \/>\n<meta property=\"og:description\" content=\"Duizenden mensen bezoeken dit stadje elk jaar om te genieten van goede wijn, proeverijen en activiteiten die worden verfraaid met zangers en dansgroepen\" \/>\n<meta property=\"og:url\" content=\"https:\/\/www.welex.es\/nl\/het-wijnoogstfestival-mollina\/\" \/>\n<meta property=\"og:site_name\" content=\"Welex\" \/>\n<meta property=\"article:publisher\" content=\"https:\/\/www.facebook.com\/WelexLawyersAccountants\/\" \/>\n<meta property=\"article:published_time\" content=\"2017-09-08T08:00:38+00:00\" \/>\n<meta property=\"article:modified_time\" content=\"2025-09-09T07:30:49+00:00\" \/>\n<meta property=\"og:image\" content=\"https:\/\/www.welex.es\/wp-content\/uploads\/2018\/01\/VENDIMIA-UVA.png\" \/>\n\t<meta property=\"og:image:width\" content=\"600\" \/>\n\t<meta property=\"og:image:height\" content=\"462\" \/>\n\t<meta property=\"og:image:type\" content=\"image\/png\" \/>\n<meta name=\"author\" content=\"Welex Lawyers Accountants Wim\" \/>\n<meta name=\"twitter:card\" content=\"summary_large_image\" \/>\n<meta name=\"twitter:label1\" content=\"Geschreven door\" \/>\n\t<meta name=\"twitter:data1\" content=\"Welex Lawyers Accountants Wim\" \/>\n\t<meta name=\"twitter:label2\" content=\"Geschatte leestijd\" \/>\n\t<meta name=\"twitter:data2\" content=\"2 minuten\" \/>\n<script type=\"application\/ld+json\" class=\"yoast-schema-graph\">{\"@context\":\"https:\\\/\\\/schema.org\",\"@graph\":[{\"@type\":\"Article\",\"@id\":\"https:\\\/\\\/www.welex.es\\\/nl\\\/het-wijnoogstfestival-mollina\\\/#article\",\"isPartOf\":{\"@id\":\"https:\\\/\\\/www.welex.es\\\/nl\\\/het-wijnoogstfestival-mollina\\\/\"},\"author\":{\"name\":\"Welex Lawyers Accountants Wim\",\"@id\":\"https:\\\/\\\/www.welex.es\\\/nl\\\/#\\\/schema\\\/person\\\/fe98500e4b874772cfdbd1417c913f57\"},\"headline\":\"Het Wijnoogstfestival in Mollina\",\"datePublished\":\"2017-09-08T08:00:38+00:00\",\"dateModified\":\"2025-09-09T07:30:49+00:00\",\"mainEntityOfPage\":{\"@id\":\"https:\\\/\\\/www.welex.es\\\/nl\\\/het-wijnoogstfestival-mollina\\\/\"},\"wordCount\":448,\"publisher\":{\"@id\":\"https:\\\/\\\/www.welex.es\\\/#organization\"},\"image\":{\"@id\":\"https:\\\/\\\/www.welex.es\\\/nl\\\/het-wijnoogstfestival-mollina\\\/#primaryimage\"},\"thumbnailUrl\":\"https:\\\/\\\/www.welex.es\\\/wp-content\\\/uploads\\\/2018\\\/01\\\/VENDIMIA-UVA.png\",\"keywords\":[\"advocaten in Mollina\",\"advocatenkantoor in Mollina\",\"belastingadviseurs in Mollina\",\"boekhouders in Mollina\",\"dvocaat in Mollina\",\"economen in Mollina\",\"specialisten in erfenissen en nalatenschappen in Mollina\",\"successierechten in Mollina\",\"testamenten in Mollina\"],\"articleSection\":[\"Toerisme en Cultuur in Spanje\"],\"inLanguage\":\"nl-NL\"},{\"@type\":\"WebPage\",\"@id\":\"https:\\\/\\\/www.welex.es\\\/nl\\\/het-wijnoogstfestival-mollina\\\/\",\"url\":\"https:\\\/\\\/www.welex.es\\\/nl\\\/het-wijnoogstfestival-mollina\\\/\",\"name\":\"Het Wijnoogstfestival in Mollina - Welex\",\"isPartOf\":{\"@id\":\"https:\\\/\\\/www.welex.es\\\/nl\\\/#website\"},\"primaryImageOfPage\":{\"@id\":\"https:\\\/\\\/www.welex.es\\\/nl\\\/het-wijnoogstfestival-mollina\\\/#primaryimage\"},\"image\":{\"@id\":\"https:\\\/\\\/www.welex.es\\\/nl\\\/het-wijnoogstfestival-mollina\\\/#primaryimage\"},\"thumbnailUrl\":\"https:\\\/\\\/www.welex.es\\\/wp-content\\\/uploads\\\/2018\\\/01\\\/VENDIMIA-UVA.png\",\"datePublished\":\"2017-09-08T08:00:38+00:00\",\"dateModified\":\"2025-09-09T07:30:49+00:00\",\"description\":\"Duizenden mensen bezoeken dit stadje elk jaar om te genieten van goede wijn, proeverijen en activiteiten die worden verfraaid met zangers en dansgroepen\",\"breadcrumb\":{\"@id\":\"https:\\\/\\\/www.welex.es\\\/nl\\\/het-wijnoogstfestival-mollina\\\/#breadcrumb\"},\"inLanguage\":\"nl-NL\",\"potentialAction\":[{\"@type\":\"ReadAction\",\"target\":[\"https:\\\/\\\/www.welex.es\\\/nl\\\/het-wijnoogstfestival-mollina\\\/\"]}]},{\"@type\":\"ImageObject\",\"inLanguage\":\"nl-NL\",\"@id\":\"https:\\\/\\\/www.welex.es\\\/nl\\\/het-wijnoogstfestival-mollina\\\/#primaryimage\",\"url\":\"https:\\\/\\\/www.welex.es\\\/wp-content\\\/uploads\\\/2018\\\/01\\\/VENDIMIA-UVA.png\",\"contentUrl\":\"https:\\\/\\\/www.welex.es\\\/wp-content\\\/uploads\\\/2018\\\/01\\\/VENDIMIA-UVA.png\",\"width\":600,\"height\":462,\"caption\":\"VENDIMIA UVA\"},{\"@type\":\"BreadcrumbList\",\"@id\":\"https:\\\/\\\/www.welex.es\\\/nl\\\/het-wijnoogstfestival-mollina\\\/#breadcrumb\",\"itemListElement\":[{\"@type\":\"ListItem\",\"position\":1,\"name\":\"Home\",\"item\":\"https:\\\/\\\/www.welex.es\\\/nl\\\/\"},{\"@type\":\"ListItem\",\"position\":2,\"name\":\"Het Wijnoogstfestival in Mollina\"}]},{\"@type\":\"WebSite\",\"@id\":\"https:\\\/\\\/www.welex.es\\\/nl\\\/#website\",\"url\":\"https:\\\/\\\/www.welex.es\\\/nl\\\/\",\"name\":\"Welex\",\"description\":\"\",\"publisher\":{\"@id\":\"https:\\\/\\\/www.welex.es\\\/#organization\"},\"potentialAction\":[{\"@type\":\"SearchAction\",\"target\":{\"@type\":\"EntryPoint\",\"urlTemplate\":\"https:\\\/\\\/www.welex.es\\\/nl\\\/?s={search_term_string}\"},\"query-input\":{\"@type\":\"PropertyValueSpecification\",\"valueRequired\":true,\"valueName\":\"search_term_string\"}}],\"inLanguage\":\"nl-NL\"},{\"@type\":[\"Organization\",\"LegalService\"],\"@id\":\"https:\\\/\\\/www.welex.es\\\/#organization\",\"name\":\"Welex\",\"url\":\"https:\\\/\\\/www.welex.es\\\/\",\"logo\":{\"@type\":\"ImageObject\",\"inLanguage\":\"nl-NL\",\"@id\":\"https:\\\/\\\/www.welex.es\\\/#\\\/schema\\\/logo\\\/image\\\/\",\"url\":\"https:\\\/\\\/www.welex.es\\\/wp-content\\\/uploads\\\/2025\\\/05\\\/LOGOWELEXCORRECTO.png\",\"contentUrl\":\"https:\\\/\\\/www.welex.es\\\/wp-content\\\/uploads\\\/2025\\\/05\\\/LOGOWELEXCORRECTO.png\",\"width\":2147,\"height\":771,\"caption\":\"Welex\"},\"image\":{\"@id\":\"https:\\\/\\\/www.welex.es\\\/#\\\/schema\\\/logo\\\/image\\\/\"},\"sameAs\":[\"https:\\\/\\\/www.facebook.com\\\/WelexLawyersAccountants\\\/\",\"https:\\\/\\\/www.linkedin.com\\\/company\\\/welex\\\/\",\"https:\\\/\\\/www.instagram.com\\\/welex.lawyers\\\/\",\"https:\\\/\\\/www.tiktok.com\\\/@welex_lawyers_marbella\",\"https:\\\/\\\/lawyerscostadelsol.com\\\/\",\"https:\\\/\\\/www.accountant-spain.com\\\/\",\"https:\\\/\\\/welex-solicitors.com\\\/\"],\"description\":\"Law firm in Marbella providing legal, tax, labour and accounting advice to individuals and companies in Spain, with over 20 years of experience.\",\"email\":\"info@welex.es\",\"telephone\":\"+34952775521\",\"legalName\":\"Tr\u00e1mites Costa, S.L.\",\"numberOfEmployees\":{\"@type\":\"QuantitativeValue\",\"minValue\":\"11\",\"maxValue\":\"50\"},\"address\":{\"@type\":\"PostalAddress\",\"streetAddress\":\"Calle Ram\u00f3n G\u00f3mez de la Serna 23, Local 7\",\"addressLocality\":\"Marbella\",\"addressRegion\":\"M\u00e1laga\",\"postalCode\":\"29602\",\"addressCountry\":\"ES\"},\"geo\":{\"@type\":\"GeoCoordinates\",\"latitude\":36.5095366,\"longitude\":-4.8985745},\"hasMap\":\"https:\\\/\\\/www.google.com\\\/maps\\\/search\\\/?api=1&query=Welex+Marbella\",\"openingHoursSpecification\":[{\"@type\":\"OpeningHoursSpecification\",\"dayOfWeek\":[\"Monday\",\"Tuesday\",\"Wednesday\",\"Thursday\"],\"opens\":\"08:30\",\"closes\":\"17:00\"},{\"@type\":\"OpeningHoursSpecification\",\"dayOfWeek\":\"Friday\",\"opens\":\"08:30\",\"closes\":\"14:30\"}],\"areaServed\":[{\"@type\":\"Country\",\"name\":\"Spain\"},{\"@type\":\"AdministrativeArea\",\"name\":\"Costa del Sol\"},{\"@type\":\"City\",\"name\":\"Marbella\"}],\"knowsLanguage\":[\"es\",\"en\",\"nl\",\"fr\"],\"currenciesAccepted\":\"EUR\",\"priceRange\":\"$$\",\"slogan\":\"Juridische zekerheid. Fiscale duidelijkheid. Betrouwbaar advies.\",\"contactPoint\":[{\"@type\":\"ContactPoint\",\"telephone\":\"+34952775521\",\"email\":\"info@welex.es\",\"contactType\":\"customer service\",\"availableLanguage\":[\"English\",\"Spanish\",\"Dutch\",\"French\"],\"areaServed\":\"ES\"}],\"hasOfferCatalog\":{\"@type\":\"OfferCatalog\",\"name\":\"Juridische, fiscale en boekhoudkundige diensten in Spanje\",\"itemListElement\":[{\"@type\":\"Offer\",\"itemOffered\":{\"@type\":\"Service\",\"name\":\"Vastgoedadvocaten in Marbella: aankoop en verkoop van onroerend goed in Spanje\",\"url\":\"https:\\\/\\\/www.welex.es\\\/nl\\\/dienst\\\/advies-aan-en-verkoop-van-vastgoed-in-spanje\\\/\"}},{\"@type\":\"Offer\",\"itemOffered\":{\"@type\":\"Service\",\"name\":\"Advocaten gespecialiseerd in testamenten en erfenissen in Marbella\",\"url\":\"https:\\\/\\\/www.welex.es\\\/nl\\\/dienst\\\/testamenten-nalatenschappen-in-spanje\\\/\"}},{\"@type\":\"Offer\",\"itemOffered\":{\"@type\":\"Service\",\"name\":\"Vennootschapsrecht in Spanje\",\"url\":\"https:\\\/\\\/www.welex.es\\\/nl\\\/dienst\\\/bedrijven-en-vennootschappen-in-spanje\\\/\"}},{\"@type\":\"Offer\",\"itemOffered\":{\"@type\":\"Service\",\"name\":\"Arbeidsadvies in Spanje\",\"url\":\"https:\\\/\\\/www.welex.es\\\/nl\\\/dienst\\\/arbeids-zaken-in-spanje\\\/\"}},{\"@type\":\"Offer\",\"itemOffered\":{\"@type\":\"Service\",\"name\":\"Geschillenbeslechting in Spanje\",\"url\":\"https:\\\/\\\/www.welex.es\\\/nl\\\/dienst\\\/procesrecht-in-spanje\\\/\"}},{\"@type\":\"Offer\",\"itemOffered\":{\"@type\":\"Service\",\"name\":\"Inkomstenbelasting en Vermogensbelasting in Spanje\",\"url\":\"https:\\\/\\\/www.welex.es\\\/nl\\\/dienst\\\/aankoop-van-een-onroerende-zaak-door-een-natuurlijke-persoon-die-niet-resident-is-in-spanje\\\/\"}},{\"@type\":\"Offer\",\"itemOffered\":{\"@type\":\"Service\",\"name\":\"Fiscale verplichtingen van een S.L.-vennootschap\",\"url\":\"https:\\\/\\\/www.welex.es\\\/nl\\\/dienst\\\/verplichtingen-volgens-de-handelswetgeving-van-een-spaanse-vennootschap\\\/\"}},{\"@type\":\"Offer\",\"itemOffered\":{\"@type\":\"Service\",\"name\":\"Handelsverplichtingen van een S.L.-vennootschap\",\"url\":\"https:\\\/\\\/www.welex.es\\\/nl\\\/dienst\\\/fiscale-verplichtingen-van-een-vennootschap-spanje\\\/\"}},{\"@type\":\"Offer\",\"itemOffered\":{\"@type\":\"Service\",\"name\":\"Beoordeling van Spaanse financi\u00eble en boekhoudkundige jaarrekeningen\",\"url\":\"https:\\\/\\\/www.welex.es\\\/nl\\\/dienst\\\/herziening-van-de-financiele-en-boekhoudkundige-balansen-in-spanje\\\/\"}},{\"@type\":\"Offer\",\"itemOffered\":{\"@type\":\"Service\",\"name\":\"Belastingpunten\",\"url\":\"https:\\\/\\\/www.welex.es\\\/nl\\\/dienst\\\/tax-belasting-in-spanje\\\/\"}},{\"@type\":\"Offer\",\"itemOffered\":{\"@type\":\"Service\",\"name\":\"Formaliteiten\",\"url\":\"https:\\\/\\\/www.welex.es\\\/nl\\\/dienst\\\/bijzondere-procedures\\\/\"}}]}},{\"@type\":\"Person\",\"@id\":\"https:\\\/\\\/www.welex.es\\\/nl\\\/#\\\/schema\\\/person\\\/fe98500e4b874772cfdbd1417c913f57\",\"name\":\"Welex Lawyers Accountants Wim\",\"image\":{\"@type\":\"ImageObject\",\"inLanguage\":\"nl-NL\",\"@id\":\"https:\\\/\\\/secure.gravatar.com\\\/avatar\\\/?s=96&d=mm&r=g\",\"url\":\"https:\\\/\\\/secure.gravatar.com\\\/avatar\\\/?s=96&d=mm&r=g\",\"contentUrl\":\"https:\\\/\\\/secure.gravatar.com\\\/avatar\\\/?s=96&d=mm&r=g\",\"caption\":\"Welex Lawyers Accountants Wim\"}}]}<\/script>\n<!-- \/ Yoast SEO Premium plugin. -->","yoast_head_json":{"title":"Het Wijnoogstfestival in Mollina - Welex","description":"Duizenden mensen bezoeken dit stadje elk jaar om te genieten van goede wijn, proeverijen en activiteiten die worden verfraaid met zangers en dansgroepen","robots":{"index":"index","follow":"follow","max-snippet":"max-snippet:-1","max-image-preview":"max-image-preview:large","max-video-preview":"max-video-preview:-1"},"canonical":"https:\/\/www.welex.es\/nl\/het-wijnoogstfestival-mollina\/","og_locale":"nl_NL","og_type":"article","og_title":"Het Wijnoogstfestival in Mollina","og_description":"Duizenden mensen bezoeken dit stadje elk jaar om te genieten van goede wijn, proeverijen en activiteiten die worden verfraaid met zangers en dansgroepen","og_url":"https:\/\/www.welex.es\/nl\/het-wijnoogstfestival-mollina\/","og_site_name":"Welex","article_publisher":"https:\/\/www.facebook.com\/WelexLawyersAccountants\/","article_published_time":"2017-09-08T08:00:38+00:00","article_modified_time":"2025-09-09T07:30:49+00:00","og_image":[{"width":600,"height":462,"url":"https:\/\/www.welex.es\/wp-content\/uploads\/2018\/01\/VENDIMIA-UVA.png","type":"image\/png"}],"author":"Welex Lawyers Accountants Wim","twitter_card":"summary_large_image","twitter_misc":{"Geschreven door":"Welex Lawyers Accountants Wim","Geschatte leestijd":"2 minuten"},"schema":{"@context":"https:\/\/schema.org","@graph":[{"@type":"Article","@id":"https:\/\/www.welex.es\/nl\/het-wijnoogstfestival-mollina\/#article","isPartOf":{"@id":"https:\/\/www.welex.es\/nl\/het-wijnoogstfestival-mollina\/"},"author":{"name":"Welex Lawyers Accountants Wim","@id":"https:\/\/www.welex.es\/nl\/#\/schema\/person\/fe98500e4b874772cfdbd1417c913f57"},"headline":"Het Wijnoogstfestival in Mollina","datePublished":"2017-09-08T08:00:38+00:00","dateModified":"2025-09-09T07:30:49+00:00","mainEntityOfPage":{"@id":"https:\/\/www.welex.es\/nl\/het-wijnoogstfestival-mollina\/"},"wordCount":448,"publisher":{"@id":"https:\/\/www.welex.es\/#organization"},"image":{"@id":"https:\/\/www.welex.es\/nl\/het-wijnoogstfestival-mollina\/#primaryimage"},"thumbnailUrl":"https:\/\/www.welex.es\/wp-content\/uploads\/2018\/01\/VENDIMIA-UVA.png","keywords":["advocaten in Mollina","advocatenkantoor in Mollina","belastingadviseurs in Mollina","boekhouders in Mollina","dvocaat in Mollina","economen in Mollina","specialisten in erfenissen en nalatenschappen in Mollina","successierechten in Mollina","testamenten in Mollina"],"articleSection":["Toerisme en Cultuur in Spanje"],"inLanguage":"nl-NL"},{"@type":"WebPage","@id":"https:\/\/www.welex.es\/nl\/het-wijnoogstfestival-mollina\/","url":"https:\/\/www.welex.es\/nl\/het-wijnoogstfestival-mollina\/","name":"Het Wijnoogstfestival in Mollina - Welex","isPartOf":{"@id":"https:\/\/www.welex.es\/nl\/#website"},"primaryImageOfPage":{"@id":"https:\/\/www.welex.es\/nl\/het-wijnoogstfestival-mollina\/#primaryimage"},"image":{"@id":"https:\/\/www.welex.es\/nl\/het-wijnoogstfestival-mollina\/#primaryimage"},"thumbnailUrl":"https:\/\/www.welex.es\/wp-content\/uploads\/2018\/01\/VENDIMIA-UVA.png","datePublished":"2017-09-08T08:00:38+00:00","dateModified":"2025-09-09T07:30:49+00:00","description":"Duizenden mensen bezoeken dit stadje elk jaar om te genieten van goede wijn, proeverijen en activiteiten die worden verfraaid met zangers en dansgroepen","breadcrumb":{"@id":"https:\/\/www.welex.es\/nl\/het-wijnoogstfestival-mollina\/#breadcrumb"},"inLanguage":"nl-NL","potentialAction":[{"@type":"ReadAction","target":["https:\/\/www.welex.es\/nl\/het-wijnoogstfestival-mollina\/"]}]},{"@type":"ImageObject","inLanguage":"nl-NL","@id":"https:\/\/www.welex.es\/nl\/het-wijnoogstfestival-mollina\/#primaryimage","url":"https:\/\/www.welex.es\/wp-content\/uploads\/2018\/01\/VENDIMIA-UVA.png","contentUrl":"https:\/\/www.welex.es\/wp-content\/uploads\/2018\/01\/VENDIMIA-UVA.png","width":600,"height":462,"caption":"VENDIMIA UVA"},{"@type":"BreadcrumbList","@id":"https:\/\/www.welex.es\/nl\/het-wijnoogstfestival-mollina\/#breadcrumb","itemListElement":[{"@type":"ListItem","position":1,"name":"Home","item":"https:\/\/www.welex.es\/nl\/"},{"@type":"ListItem","position":2,"name":"Het Wijnoogstfestival in Mollina"}]},{"@type":"WebSite","@id":"https:\/\/www.welex.es\/nl\/#website","url":"https:\/\/www.welex.es\/nl\/","name":"Welex","description":"","publisher":{"@id":"https:\/\/www.welex.es\/#organization"},"potentialAction":[{"@type":"SearchAction","target":{"@type":"EntryPoint","urlTemplate":"https:\/\/www.welex.es\/nl\/?s={search_term_string}"},"query-input":{"@type":"PropertyValueSpecification","valueRequired":true,"valueName":"search_term_string"}}],"inLanguage":"nl-NL"},{"@type":["Organization","LegalService"],"@id":"https:\/\/www.welex.es\/#organization","name":"Welex","url":"https:\/\/www.welex.es\/","logo":{"@type":"ImageObject","inLanguage":"nl-NL","@id":"https:\/\/www.welex.es\/#\/schema\/logo\/image\/","url":"https:\/\/www.welex.es\/wp-content\/uploads\/2025\/05\/LOGOWELEXCORRECTO.png","contentUrl":"https:\/\/www.welex.es\/wp-content\/uploads\/2025\/05\/LOGOWELEXCORRECTO.png","width":2147,"height":771,"caption":"Welex"},"image":{"@id":"https:\/\/www.welex.es\/#\/schema\/logo\/image\/"},"sameAs":["https:\/\/www.facebook.com\/WelexLawyersAccountants\/","https:\/\/www.linkedin.com\/company\/welex\/","https:\/\/www.instagram.com\/welex.lawyers\/","https:\/\/www.tiktok.com\/@welex_lawyers_marbella","https:\/\/lawyerscostadelsol.com\/","https:\/\/www.accountant-spain.com\/","https:\/\/welex-solicitors.com\/"],"description":"Law firm in Marbella providing legal, tax, labour and accounting advice to individuals and companies in Spain, with over 20 years of experience.","email":"info@welex.es","telephone":"+34952775521","legalName":"Tr\u00e1mites Costa, S.L.","numberOfEmployees":{"@type":"QuantitativeValue","minValue":"11","maxValue":"50"},"address":{"@type":"PostalAddress","streetAddress":"Calle Ram\u00f3n G\u00f3mez de la Serna 23, Local 7","addressLocality":"Marbella","addressRegion":"M\u00e1laga","postalCode":"29602","addressCountry":"ES"},"geo":{"@type":"GeoCoordinates","latitude":36.5095366,"longitude":-4.8985745},"hasMap":"https:\/\/www.google.com\/maps\/search\/?api=1&query=Welex+Marbella","openingHoursSpecification":[{"@type":"OpeningHoursSpecification","dayOfWeek":["Monday","Tuesday","Wednesday","Thursday"],"opens":"08:30","closes":"17:00"},{"@type":"OpeningHoursSpecification","dayOfWeek":"Friday","opens":"08:30","closes":"14:30"}],"areaServed":[{"@type":"Country","name":"Spain"},{"@type":"AdministrativeArea","name":"Costa del Sol"},{"@type":"City","name":"Marbella"}],"knowsLanguage":["es","en","nl","fr"],"currenciesAccepted":"EUR","priceRange":"$$","slogan":"Juridische zekerheid. Fiscale duidelijkheid. Betrouwbaar advies.","contactPoint":[{"@type":"ContactPoint","telephone":"+34952775521","email":"info@welex.es","contactType":"customer service","availableLanguage":["English","Spanish","Dutch","French"],"areaServed":"ES"}],"hasOfferCatalog":{"@type":"OfferCatalog","name":"Juridische, fiscale en boekhoudkundige diensten in Spanje","itemListElement":[{"@type":"Offer","itemOffered":{"@type":"Service","name":"Vastgoedadvocaten in Marbella: aankoop en verkoop van onroerend goed in Spanje","url":"https:\/\/www.welex.es\/nl\/dienst\/advies-aan-en-verkoop-van-vastgoed-in-spanje\/"}},{"@type":"Offer","itemOffered":{"@type":"Service","name":"Advocaten gespecialiseerd in testamenten en erfenissen in Marbella","url":"https:\/\/www.welex.es\/nl\/dienst\/testamenten-nalatenschappen-in-spanje\/"}},{"@type":"Offer","itemOffered":{"@type":"Service","name":"Vennootschapsrecht in Spanje","url":"https:\/\/www.welex.es\/nl\/dienst\/bedrijven-en-vennootschappen-in-spanje\/"}},{"@type":"Offer","itemOffered":{"@type":"Service","name":"Arbeidsadvies in Spanje","url":"https:\/\/www.welex.es\/nl\/dienst\/arbeids-zaken-in-spanje\/"}},{"@type":"Offer","itemOffered":{"@type":"Service","name":"Geschillenbeslechting in Spanje","url":"https:\/\/www.welex.es\/nl\/dienst\/procesrecht-in-spanje\/"}},{"@type":"Offer","itemOffered":{"@type":"Service","name":"Inkomstenbelasting en Vermogensbelasting in Spanje","url":"https:\/\/www.welex.es\/nl\/dienst\/aankoop-van-een-onroerende-zaak-door-een-natuurlijke-persoon-die-niet-resident-is-in-spanje\/"}},{"@type":"Offer","itemOffered":{"@type":"Service","name":"Fiscale verplichtingen van een S.L.-vennootschap","url":"https:\/\/www.welex.es\/nl\/dienst\/verplichtingen-volgens-de-handelswetgeving-van-een-spaanse-vennootschap\/"}},{"@type":"Offer","itemOffered":{"@type":"Service","name":"Handelsverplichtingen van een S.L.-vennootschap","url":"https:\/\/www.welex.es\/nl\/dienst\/fiscale-verplichtingen-van-een-vennootschap-spanje\/"}},{"@type":"Offer","itemOffered":{"@type":"Service","name":"Beoordeling van Spaanse financi\u00eble en boekhoudkundige jaarrekeningen","url":"https:\/\/www.welex.es\/nl\/dienst\/herziening-van-de-financiele-en-boekhoudkundige-balansen-in-spanje\/"}},{"@type":"Offer","itemOffered":{"@type":"Service","name":"Belastingpunten","url":"https:\/\/www.welex.es\/nl\/dienst\/tax-belasting-in-spanje\/"}},{"@type":"Offer","itemOffered":{"@type":"Service","name":"Formaliteiten","url":"https:\/\/www.welex.es\/nl\/dienst\/bijzondere-procedures\/"}}]}},{"@type":"Person","@id":"https:\/\/www.welex.es\/nl\/#\/schema\/person\/fe98500e4b874772cfdbd1417c913f57","name":"Welex Lawyers Accountants Wim","image":{"@type":"ImageObject","inLanguage":"nl-NL","@id":"https:\/\/secure.gravatar.com\/avatar\/?s=96&d=mm&r=g","url":"https:\/\/secure.gravatar.com\/avatar\/?s=96&d=mm&r=g","contentUrl":"https:\/\/secure.gravatar.com\/avatar\/?s=96&d=mm&r=g","caption":"Welex Lawyers Accountants Wim"}}]}},"_links":{"self":[{"href":"https:\/\/www.welex.es\/nl\/wp-json\/wp\/v2\/posts\/10914","targetHints":{"allow":["GET"]}}],"collection":[{"href":"https:\/\/www.welex.es\/nl\/wp-json\/wp\/v2\/posts"}],"about":[{"href":"https:\/\/www.welex.es\/nl\/wp-json\/wp\/v2\/types\/post"}],"author":[{"embeddable":true,"href":"https:\/\/www.welex.es\/nl\/wp-json\/wp\/v2\/users\/4"}],"replies":[{"embeddable":true,"href":"https:\/\/www.welex.es\/nl\/wp-json\/wp\/v2\/comments?post=10914"}],"version-history":[{"count":0,"href":"https:\/\/www.welex.es\/nl\/wp-json\/wp\/v2\/posts\/10914\/revisions"}],"wp:featuredmedia":[{"embeddable":true,"href":"https:\/\/www.welex.es\/nl\/wp-json\/wp\/v2\/media\/10905"}],"wp:attachment":[{"href":"https:\/\/www.welex.es\/nl\/wp-json\/wp\/v2\/media?parent=10914"}],"wp:term":[{"taxonomy":"category","embeddable":true,"href":"https:\/\/www.welex.es\/nl\/wp-json\/wp\/v2\/categories?post=10914"},{"taxonomy":"post_tag","embeddable":true,"href":"https:\/\/www.welex.es\/nl\/wp-json\/wp\/v2\/tags?post=10914"}],"curies":[{"name":"wp","href":"https:\/\/api.w.org\/{rel}","templated":true}]}}