{"id":13408,"date":"2019-11-18T09:00:52","date_gmt":"2019-11-18T09:00:52","guid":{"rendered":"https:\/\/www.welex.es\/?p=13408\/"},"modified":"2025-09-09T07:19:45","modified_gmt":"2025-09-09T07:19:45","slug":"ronda-de-droomstad","status":"publish","type":"post","link":"https:\/\/www.welex.es\/nl\/ronda-de-droomstad\/","title":{"rendered":"Ronda, de Droomstad"},"content":{"rendered":"<p>Door WeLex, advocaten en economen in Marbella.<\/p>\n<p>Een plaats die je ongetwijfeld zal betoveren is de Serran\u00eda de Ronda, een plaats waar je pure lucht inademt en waarvan gezegd wordt dat het een droomstad is. Het historische centrum van Ronda kent allerlei plekken en hoekjes waar je verliefd op zal worden, zoals:<\/p>\n<p>\u201c <strong>Het huis van de Moorse koning\u201d: <\/strong>de voormalige residentie en tuinen van koning <strong>Almonated, <\/strong>die \u2018van cultureel waarde\u2019 verklaard werden in 1943. Ze werden ontworpen door Jean <strong>Claud Nicolas Forestier.<\/strong><\/p>\n<figure id=\"attachment_13399\" aria-describedby=\"caption-attachment-13399\" style=\"width: 300px\" class=\"wp-caption aligncenter\"><img fetchpriority=\"high\" decoding=\"async\" class=\"Ronda, Spanje wp-image-13399 size-medium\" title=\"Ronda, Spanje\" src=\"https:\/\/www.welex.es\/wp-content\/uploads\/2019\/11\/Ronda-1-2-300x185.jpg\" alt=\"Ronda, Spanje\" width=\"300\" height=\"185\" \/><figcaption id=\"caption-attachment-13399\" class=\"wp-caption-text\"><em><strong>Casa del Rey Moro<\/strong><\/em><\/figcaption><\/figure>\n<p>&nbsp;<\/p>\n<p>\u201c <strong>De Arabische baden\u201d <\/strong>werden gebouwd aan het einde van de 13de eeuw. Ze staan ook bekend als de Arabische baden van San Miguel. Ze hebben een enorme culturele waarde en behoren tot het historisch erfgoed van Spanje.<\/p>\n<p>\u201c<strong>Het Mondragonpaleis\u201d,<\/strong> ook bekend als het <strong>Paleis van de Markies van Villasierra. <\/strong>Het werd gebouwd in 1314 door Koning Abomelik. Op dit moment herbergt het paleis het Gemeentelijk Museum van Ronda, gelegen in het oude centrum van de stad.<\/p>\n<p>\u201c <strong>De Tajo<\/strong>\u201d of Puente Nuevo (nieuwe brug), gebouwd tussen 1751 en 1793, een diepe kloof die uitgesneden werd door de Guadelevin rivier.<\/p>\n<p>&nbsp;<\/p>\n<p><strong>\u201c De wallen van de San Francisco wijk\u201d, \u00a0<\/strong>de<strong> Puerta de Almoc\u00e1bar (Poort van Almocabar) <\/strong>genoemd, Arabische omwalling uit <strong>de 13de eeuw. <\/strong>De naam komt van het Arabisch <strong>Al- maqabir.<\/strong><\/p>\n<figure id=\"attachment_13400\" aria-describedby=\"caption-attachment-13400\" style=\"width: 260px\" class=\"wp-caption aligncenter\"><img decoding=\"async\" class=\"Ronda, Spanje wp-image-13400 size-full\" title=\"Ronda, Spanje\" src=\"https:\/\/www.welex.es\/wp-content\/uploads\/2019\/11\/Ronda-2-2.jpg\" alt=\"Ronda, Spanje\" width=\"260\" height=\"194\" \/><figcaption id=\"caption-attachment-13400\" class=\"wp-caption-text\"><em><strong>Murallas del barrio San Francisco<\/strong><\/em><\/figcaption><\/figure>\n<p>&nbsp;<\/p>\n<p><strong>\u00a0De Plaza de Toros (arena) van Ronda<\/strong>, een van de oudste, eigendom van de <strong>Real Maestranza de Caballer\u00eda de Ronda, <\/strong>een ridderorde die in 1572 door Felipe II opgericht werd.<\/p>\n<p>Ronda is een plaats die zowel in de zomer als in de winter geliefd is bij toeristen. In de maand september wordt het feest van Pedro Romero gevierd. De straten worden versierd met lampions en in de hele stad hangt een leuke sfeer. Ook stierengevechten mogen niet ontbreken, want die maken ook deel uit van dit feest van <strong>nationaal toeristisch belang voor Andalusi\u00eb.<\/strong> Het grote<strong> Goyesca stierengevecht<\/strong> wordt gevierd ter ere van stierenvechter <strong>Pedro Romero,<\/strong> net als de demonstratiebijeenkomst Enganches de Ronda.<\/p>\n<figure id=\"attachment_13401\" aria-describedby=\"caption-attachment-13401\" style=\"width: 299px\" class=\"wp-caption aligncenter\"><img decoding=\"async\" class=\"Ronda, Spanje wp-image-13401 size-full\" title=\"Ronda, Spanje\" src=\"https:\/\/www.welex.es\/wp-content\/uploads\/2019\/11\/Ronda-3-2.jpg\" alt=\"Ronda, Spanje\" width=\"299\" height=\"169\" \/><figcaption id=\"caption-attachment-13401\" class=\"wp-caption-text\"><em><strong>Goyesca stierengevecht<\/strong><\/em><\/figcaption><\/figure>\n<p>&nbsp;<\/p>\n<p>Een ander feest dat veel bezoekers trekt, is <strong>Ronda Romantica<\/strong>, dat gevierd wordt in de maand mei. Je waant je dan weer in de 16<sup>de<\/sup> eeuw: \u00a0het merendeel van de inwoners van Ronda kleedt zich zoals in die periode, je kunt er genieten van de pasacalles, van de paardenshows, voorstellingen van vele historische taferelen, bandoleros, Franse soldaten uit die periode, vee en streekproducten. Elk jaar doen er meer dorpen uit de Serrania mee, zowel aan de optocht als met typische producten. Ongetwijfeld een onvergetelijk feest, tegen de unieke achtergrond van deze stad.<\/p>\n<figure id=\"attachment_13402\" aria-describedby=\"caption-attachment-13402\" style=\"width: 270px\" class=\"wp-caption aligncenter\"><img loading=\"lazy\" decoding=\"async\" class=\"Ronda, Spanje wp-image-13402 size-full\" title=\"Ronda, Spanje\" src=\"https:\/\/www.welex.es\/wp-content\/uploads\/2019\/11\/Ronda-4-2.jpg\" alt=\"Ronda, Spanje\" width=\"270\" height=\"186\" \/><figcaption id=\"caption-attachment-13402\" class=\"wp-caption-text\"><em><strong>Ronde\u00f1as<\/strong><\/em><\/figcaption><\/figure>\n<p>&nbsp;<\/p>\n<p>Iets waarvan je ook kan genieten in Ronda is de gastronomie. Proef en geniet van de typische gerechten, zoals de pompoenen van Ronda, migas met chorizo, pap, bonen met tomaat, bonen met worst, soep met amandelen en artisjokken, geitenkaas, worst van Ronda, etc.<\/p>\n<p>Als je Ronda bezoekt, vergeet dan niet om de beroemde <em>yemas del Tajo<\/em> te proberen en een bezoekje te brengen aan de Zusters Karmelietessen van het Klooster van Merced de Ronda, waar een vari\u00ebteit aan heerlijke zoetigheden gemaakt wordt, zoals olietaartjes, roscos de vino, amandelkoekjes, magdalena\u2019s, ga\u00f1otes en nog veel meer.<\/p>\n<figure id=\"attachment_13403\" aria-describedby=\"caption-attachment-13403\" style=\"width: 267px\" class=\"wp-caption aligncenter\"><img loading=\"lazy\" decoding=\"async\" class=\"Ronda, Spanje wp-image-13403 size-full\" title=\"Ronda, Spanje\" src=\"https:\/\/www.welex.es\/wp-content\/uploads\/2019\/11\/Ronda-5-2.jpg\" alt=\"Ronda, Spanje\" width=\"267\" height=\"189\" \/><figcaption id=\"caption-attachment-13403\" class=\"wp-caption-text\"><em><strong>Ronde\u00f1as pumpkins<\/strong><\/em><\/figcaption><\/figure>\n<p>Een andere geweldige manier om Ronda te ontdekken is vanuit de lucht met <a href=\"http:\/\/flymarbella.com\">Fly Marbella<\/a>, als u op zoek bent naar een high-adrenaline ervaring&#8230; mis het niet!<\/p>\n<p>Deze blog werd geschreven door Welex, je advocaat in Marbella en econoom in Spanje.<\/p>\n<blockquote><p>Voor meer informatie van juridische, fiscale en boekhoudkundige aard of meer informatie op het vlak van arbeid, aarzel niet om <a href=\"https:\/\/www.welex.es\/nl\/contact\/\"><em><strong>contact<\/strong> <\/em><\/a>op te nemen met Welex, je advocaat in Marbella.<\/p><\/blockquote>\n<p>&nbsp;<\/p>\n<p>&nbsp;<\/p>\n<p>&nbsp;<\/p>\n","protected":false},"excerpt":{"rendered":"<p>Door WeLex, advocaten en economen in Marbella. Een plaats die je ongetwijfeld zal betoveren is de Serran\u00eda de Ronda, een plaats waar je pure lucht inademt en waarvan gezegd wordt dat het een droomstad is. Het historische centrum van Ronda kent allerlei plekken en hoekjes waar je verliefd op zal worden, zoals: \u201c Het huis [&hellip;]<\/p>\n","protected":false},"author":4,"featured_media":13406,"comment_status":"closed","ping_status":"closed","sticky":false,"template":"","format":"standard","meta":{"_acf_changed":false,"footnotes":""},"categories":[428],"tags":[2052,230,493,620,1231,1765,1766,1767,1768,1769,1770,1771,1772,1996],"class_list":["post-13408","post","type-post","status-publish","format-standard","has-post-thumbnail","hentry","category-toerisme-en-cultuur-in-spanje","tag-costa-del-sol-accountants-2","tag-juridisch-advies-costa-del-sol","tag-boekhouder-marbella","tag-advocaat-marbella","tag-spaans-advocatenkantoor","tag-accountant-in-ronda","tag-advocaat-in-ronda","tag-advocaten-in-ronda","tag-advocatenkantoor-in-ronda","tag-bedrijf-beginnen-in-ronda","tag-econoom-in-ronda","tag-scheiden-in-ronda","tag-trouwen-in-ronda","tag-accountancy-in-ronda-2"],"acf":[],"yoast_head":"<!-- This site is optimized with the Yoast SEO Premium plugin v27.9 (Yoast SEO v27.9) - https:\/\/yoast.com\/product\/yoast-seo-premium-wordpress\/ -->\n<title>Ronda, de Droomstad - Welex<\/title>\n<meta name=\"description\" content=\"Een plaats die je ongetwijfeld zal betoveren is de Serran\u00eda de Ronda, waar je pure lucht inademt en waarvan gezegd wordt dat het een droomstad is.\" \/>\n<meta name=\"robots\" content=\"index, follow, max-snippet:-1, max-image-preview:large, max-video-preview:-1\" \/>\n<link rel=\"canonical\" href=\"https:\/\/www.welex.es\/nl\/ronda-de-droomstad\/\" \/>\n<meta property=\"og:locale\" content=\"nl_NL\" \/>\n<meta property=\"og:type\" content=\"article\" \/>\n<meta property=\"og:title\" content=\"Ronda, de Droomstad\" \/>\n<meta property=\"og:description\" content=\"Een plaats die je ongetwijfeld zal betoveren is de Serran\u00eda de Ronda, waar je pure lucht inademt en waarvan gezegd wordt dat het een droomstad is.\" \/>\n<meta property=\"og:url\" content=\"https:\/\/www.welex.es\/nl\/ronda-de-droomstad\/\" \/>\n<meta property=\"og:site_name\" content=\"Welex\" \/>\n<meta property=\"article:publisher\" content=\"https:\/\/www.facebook.com\/WelexLawyersAccountants\/\" \/>\n<meta property=\"article:published_time\" content=\"2019-11-18T09:00:52+00:00\" \/>\n<meta property=\"article:modified_time\" content=\"2025-09-09T07:19:45+00:00\" \/>\n<meta property=\"og:image\" content=\"https:\/\/www.welex.es\/wp-content\/uploads\/2019\/11\/Ronda-6-2-scaled.jpeg\" \/>\n\t<meta property=\"og:image:width\" content=\"2560\" \/>\n\t<meta property=\"og:image:height\" content=\"1708\" \/>\n\t<meta property=\"og:image:type\" content=\"image\/jpeg\" \/>\n<meta name=\"author\" content=\"Welex Lawyers Accountants Wim\" \/>\n<meta name=\"twitter:card\" content=\"summary_large_image\" \/>\n<meta name=\"twitter:label1\" content=\"Geschreven door\" \/>\n\t<meta name=\"twitter:data1\" content=\"Welex Lawyers Accountants Wim\" \/>\n\t<meta name=\"twitter:label2\" content=\"Geschatte leestijd\" \/>\n\t<meta name=\"twitter:data2\" content=\"4 minuten\" \/>\n<script type=\"application\/ld+json\" class=\"yoast-schema-graph\">{\"@context\":\"https:\\\/\\\/schema.org\",\"@graph\":[{\"@type\":\"Article\",\"@id\":\"https:\\\/\\\/www.welex.es\\\/nl\\\/ronda-de-droomstad\\\/#article\",\"isPartOf\":{\"@id\":\"https:\\\/\\\/www.welex.es\\\/nl\\\/ronda-de-droomstad\\\/\"},\"author\":{\"name\":\"Welex Lawyers Accountants Wim\",\"@id\":\"https:\\\/\\\/www.welex.es\\\/nl\\\/#\\\/schema\\\/person\\\/fe98500e4b874772cfdbd1417c913f57\"},\"headline\":\"Ronda, de Droomstad\",\"datePublished\":\"2019-11-18T09:00:52+00:00\",\"dateModified\":\"2025-09-09T07:19:45+00:00\",\"mainEntityOfPage\":{\"@id\":\"https:\\\/\\\/www.welex.es\\\/nl\\\/ronda-de-droomstad\\\/\"},\"wordCount\":641,\"publisher\":{\"@id\":\"https:\\\/\\\/www.welex.es\\\/#organization\"},\"image\":{\"@id\":\"https:\\\/\\\/www.welex.es\\\/nl\\\/ronda-de-droomstad\\\/#primaryimage\"},\"thumbnailUrl\":\"https:\\\/\\\/www.welex.es\\\/wp-content\\\/uploads\\\/2019\\\/11\\\/Ronda-6-2-scaled.jpeg\",\"keywords\":[\"Costa del sol accountants\",\"juridisch advies costa del sol\",\"boekhouder marbella\",\"advocaat marbella\",\"Spaans advocatenkantoor\",\"accountant in Ronda\",\"advocaat in Ronda\",\"advocaten in Ronda\",\"advocatenkantoor in Ronda\",\"bedrijf beginnen in Ronda\",\"econoom in Ronda\",\"scheiden in Ronda\",\"trouwen in Ronda\",\"Accountancy in Ronda\"],\"articleSection\":[\"Toerisme en Cultuur in Spanje\"],\"inLanguage\":\"nl-NL\"},{\"@type\":\"WebPage\",\"@id\":\"https:\\\/\\\/www.welex.es\\\/nl\\\/ronda-de-droomstad\\\/\",\"url\":\"https:\\\/\\\/www.welex.es\\\/nl\\\/ronda-de-droomstad\\\/\",\"name\":\"Ronda, de Droomstad - Welex\",\"isPartOf\":{\"@id\":\"https:\\\/\\\/www.welex.es\\\/nl\\\/#website\"},\"primaryImageOfPage\":{\"@id\":\"https:\\\/\\\/www.welex.es\\\/nl\\\/ronda-de-droomstad\\\/#primaryimage\"},\"image\":{\"@id\":\"https:\\\/\\\/www.welex.es\\\/nl\\\/ronda-de-droomstad\\\/#primaryimage\"},\"thumbnailUrl\":\"https:\\\/\\\/www.welex.es\\\/wp-content\\\/uploads\\\/2019\\\/11\\\/Ronda-6-2-scaled.jpeg\",\"datePublished\":\"2019-11-18T09:00:52+00:00\",\"dateModified\":\"2025-09-09T07:19:45+00:00\",\"description\":\"Een plaats die je ongetwijfeld zal betoveren is de Serran\u00eda de Ronda, waar je pure lucht inademt en waarvan gezegd wordt dat het een droomstad is.\",\"breadcrumb\":{\"@id\":\"https:\\\/\\\/www.welex.es\\\/nl\\\/ronda-de-droomstad\\\/#breadcrumb\"},\"inLanguage\":\"nl-NL\",\"potentialAction\":[{\"@type\":\"ReadAction\",\"target\":[\"https:\\\/\\\/www.welex.es\\\/nl\\\/ronda-de-droomstad\\\/\"]}]},{\"@type\":\"ImageObject\",\"inLanguage\":\"nl-NL\",\"@id\":\"https:\\\/\\\/www.welex.es\\\/nl\\\/ronda-de-droomstad\\\/#primaryimage\",\"url\":\"https:\\\/\\\/www.welex.es\\\/wp-content\\\/uploads\\\/2019\\\/11\\\/Ronda-6-2-scaled.jpeg\",\"contentUrl\":\"https:\\\/\\\/www.welex.es\\\/wp-content\\\/uploads\\\/2019\\\/11\\\/Ronda-6-2-scaled.jpeg\",\"width\":2560,\"height\":1708,\"caption\":\"Ronda 6 2 scaled\"},{\"@type\":\"BreadcrumbList\",\"@id\":\"https:\\\/\\\/www.welex.es\\\/nl\\\/ronda-de-droomstad\\\/#breadcrumb\",\"itemListElement\":[{\"@type\":\"ListItem\",\"position\":1,\"name\":\"Home\",\"item\":\"https:\\\/\\\/www.welex.es\\\/nl\\\/\"},{\"@type\":\"ListItem\",\"position\":2,\"name\":\"Ronda, de Droomstad\"}]},{\"@type\":\"WebSite\",\"@id\":\"https:\\\/\\\/www.welex.es\\\/nl\\\/#website\",\"url\":\"https:\\\/\\\/www.welex.es\\\/nl\\\/\",\"name\":\"Welex\",\"description\":\"\",\"publisher\":{\"@id\":\"https:\\\/\\\/www.welex.es\\\/#organization\"},\"potentialAction\":[{\"@type\":\"SearchAction\",\"target\":{\"@type\":\"EntryPoint\",\"urlTemplate\":\"https:\\\/\\\/www.welex.es\\\/nl\\\/?s={search_term_string}\"},\"query-input\":{\"@type\":\"PropertyValueSpecification\",\"valueRequired\":true,\"valueName\":\"search_term_string\"}}],\"inLanguage\":\"nl-NL\"},{\"@type\":[\"Organization\",\"LegalService\"],\"@id\":\"https:\\\/\\\/www.welex.es\\\/#organization\",\"name\":\"Welex\",\"url\":\"https:\\\/\\\/www.welex.es\\\/\",\"logo\":{\"@type\":\"ImageObject\",\"inLanguage\":\"nl-NL\",\"@id\":\"https:\\\/\\\/www.welex.es\\\/#\\\/schema\\\/logo\\\/image\\\/\",\"url\":\"https:\\\/\\\/www.welex.es\\\/wp-content\\\/uploads\\\/2025\\\/05\\\/LOGOWELEXCORRECTO.png\",\"contentUrl\":\"https:\\\/\\\/www.welex.es\\\/wp-content\\\/uploads\\\/2025\\\/05\\\/LOGOWELEXCORRECTO.png\",\"width\":2147,\"height\":771,\"caption\":\"Welex\"},\"image\":{\"@id\":\"https:\\\/\\\/www.welex.es\\\/#\\\/schema\\\/logo\\\/image\\\/\"},\"sameAs\":[\"https:\\\/\\\/www.facebook.com\\\/WelexLawyersAccountants\\\/\",\"https:\\\/\\\/www.linkedin.com\\\/company\\\/welex\\\/\",\"https:\\\/\\\/www.instagram.com\\\/welex.lawyers\\\/\",\"https:\\\/\\\/www.tiktok.com\\\/@welex_lawyers_marbella\",\"https:\\\/\\\/lawyerscostadelsol.com\\\/\",\"https:\\\/\\\/www.accountant-spain.com\\\/\",\"https:\\\/\\\/welex-solicitors.com\\\/\"],\"description\":\"Law firm in Marbella providing legal, tax, labour and accounting advice to individuals and companies in Spain, with over 20 years of experience.\",\"email\":\"info@welex.es\",\"telephone\":\"+34952775521\",\"legalName\":\"Tr\u00e1mites Costa, S.L.\",\"numberOfEmployees\":{\"@type\":\"QuantitativeValue\",\"minValue\":\"11\",\"maxValue\":\"50\"},\"address\":{\"@type\":\"PostalAddress\",\"streetAddress\":\"Calle Ram\u00f3n G\u00f3mez de la Serna 23, Local 7\",\"addressLocality\":\"Marbella\",\"addressRegion\":\"M\u00e1laga\",\"postalCode\":\"29602\",\"addressCountry\":\"ES\"},\"geo\":{\"@type\":\"GeoCoordinates\",\"latitude\":36.5095366,\"longitude\":-4.8985745},\"hasMap\":\"https:\\\/\\\/www.google.com\\\/maps\\\/search\\\/?api=1&query=Welex+Marbella\",\"openingHoursSpecification\":[{\"@type\":\"OpeningHoursSpecification\",\"dayOfWeek\":[\"Monday\",\"Tuesday\",\"Wednesday\",\"Thursday\"],\"opens\":\"08:30\",\"closes\":\"17:00\"},{\"@type\":\"OpeningHoursSpecification\",\"dayOfWeek\":\"Friday\",\"opens\":\"08:30\",\"closes\":\"14:30\"}],\"areaServed\":[{\"@type\":\"Country\",\"name\":\"Spain\"},{\"@type\":\"AdministrativeArea\",\"name\":\"Costa del Sol\"},{\"@type\":\"City\",\"name\":\"Marbella\"}],\"knowsLanguage\":[\"es\",\"en\",\"nl\",\"fr\"],\"currenciesAccepted\":\"EUR\",\"priceRange\":\"$$\",\"slogan\":\"Juridische zekerheid. Fiscale duidelijkheid. Betrouwbaar advies.\",\"contactPoint\":[{\"@type\":\"ContactPoint\",\"telephone\":\"+34952775521\",\"email\":\"info@welex.es\",\"contactType\":\"customer service\",\"availableLanguage\":[\"English\",\"Spanish\",\"Dutch\",\"French\"],\"areaServed\":\"ES\"}],\"hasOfferCatalog\":{\"@type\":\"OfferCatalog\",\"name\":\"Juridische, fiscale en boekhoudkundige diensten in Spanje\",\"itemListElement\":[{\"@type\":\"Offer\",\"itemOffered\":{\"@type\":\"Service\",\"name\":\"Vastgoedadvocaten in Marbella: aankoop en verkoop van onroerend goed in Spanje\",\"url\":\"https:\\\/\\\/www.welex.es\\\/nl\\\/dienst\\\/advies-aan-en-verkoop-van-vastgoed-in-spanje\\\/\"}},{\"@type\":\"Offer\",\"itemOffered\":{\"@type\":\"Service\",\"name\":\"Advocaten gespecialiseerd in testamenten en erfenissen in Marbella\",\"url\":\"https:\\\/\\\/www.welex.es\\\/nl\\\/dienst\\\/testamenten-nalatenschappen-in-spanje\\\/\"}},{\"@type\":\"Offer\",\"itemOffered\":{\"@type\":\"Service\",\"name\":\"Vennootschapsrecht in Spanje\",\"url\":\"https:\\\/\\\/www.welex.es\\\/nl\\\/dienst\\\/bedrijven-en-vennootschappen-in-spanje\\\/\"}},{\"@type\":\"Offer\",\"itemOffered\":{\"@type\":\"Service\",\"name\":\"Arbeidsadvies in Spanje\",\"url\":\"https:\\\/\\\/www.welex.es\\\/nl\\\/dienst\\\/arbeids-zaken-in-spanje\\\/\"}},{\"@type\":\"Offer\",\"itemOffered\":{\"@type\":\"Service\",\"name\":\"Geschillenbeslechting in Spanje\",\"url\":\"https:\\\/\\\/www.welex.es\\\/nl\\\/dienst\\\/procesrecht-in-spanje\\\/\"}},{\"@type\":\"Offer\",\"itemOffered\":{\"@type\":\"Service\",\"name\":\"Inkomstenbelasting en Vermogensbelasting in Spanje\",\"url\":\"https:\\\/\\\/www.welex.es\\\/nl\\\/dienst\\\/aankoop-van-een-onroerende-zaak-door-een-natuurlijke-persoon-die-niet-resident-is-in-spanje\\\/\"}},{\"@type\":\"Offer\",\"itemOffered\":{\"@type\":\"Service\",\"name\":\"Fiscale verplichtingen van een S.L.-vennootschap\",\"url\":\"https:\\\/\\\/www.welex.es\\\/nl\\\/dienst\\\/verplichtingen-volgens-de-handelswetgeving-van-een-spaanse-vennootschap\\\/\"}},{\"@type\":\"Offer\",\"itemOffered\":{\"@type\":\"Service\",\"name\":\"Handelsverplichtingen van een S.L.-vennootschap\",\"url\":\"https:\\\/\\\/www.welex.es\\\/nl\\\/dienst\\\/fiscale-verplichtingen-van-een-vennootschap-spanje\\\/\"}},{\"@type\":\"Offer\",\"itemOffered\":{\"@type\":\"Service\",\"name\":\"Beoordeling van Spaanse financi\u00eble en boekhoudkundige jaarrekeningen\",\"url\":\"https:\\\/\\\/www.welex.es\\\/nl\\\/dienst\\\/herziening-van-de-financiele-en-boekhoudkundige-balansen-in-spanje\\\/\"}},{\"@type\":\"Offer\",\"itemOffered\":{\"@type\":\"Service\",\"name\":\"Belastingpunten\",\"url\":\"https:\\\/\\\/www.welex.es\\\/nl\\\/dienst\\\/tax-belasting-in-spanje\\\/\"}},{\"@type\":\"Offer\",\"itemOffered\":{\"@type\":\"Service\",\"name\":\"Formaliteiten\",\"url\":\"https:\\\/\\\/www.welex.es\\\/nl\\\/dienst\\\/bijzondere-procedures\\\/\"}}]}},{\"@type\":\"Person\",\"@id\":\"https:\\\/\\\/www.welex.es\\\/nl\\\/#\\\/schema\\\/person\\\/fe98500e4b874772cfdbd1417c913f57\",\"name\":\"Welex Lawyers Accountants Wim\",\"image\":{\"@type\":\"ImageObject\",\"inLanguage\":\"nl-NL\",\"@id\":\"https:\\\/\\\/secure.gravatar.com\\\/avatar\\\/?s=96&d=mm&r=g\",\"url\":\"https:\\\/\\\/secure.gravatar.com\\\/avatar\\\/?s=96&d=mm&r=g\",\"contentUrl\":\"https:\\\/\\\/secure.gravatar.com\\\/avatar\\\/?s=96&d=mm&r=g\",\"caption\":\"Welex Lawyers Accountants Wim\"}}]}<\/script>\n<!-- \/ Yoast SEO Premium plugin. -->","yoast_head_json":{"title":"Ronda, de Droomstad - Welex","description":"Een plaats die je ongetwijfeld zal betoveren is de Serran\u00eda de Ronda, waar je pure lucht inademt en waarvan gezegd wordt dat het een droomstad is.","robots":{"index":"index","follow":"follow","max-snippet":"max-snippet:-1","max-image-preview":"max-image-preview:large","max-video-preview":"max-video-preview:-1"},"canonical":"https:\/\/www.welex.es\/nl\/ronda-de-droomstad\/","og_locale":"nl_NL","og_type":"article","og_title":"Ronda, de Droomstad","og_description":"Een plaats die je ongetwijfeld zal betoveren is de Serran\u00eda de Ronda, waar je pure lucht inademt en waarvan gezegd wordt dat het een droomstad is.","og_url":"https:\/\/www.welex.es\/nl\/ronda-de-droomstad\/","og_site_name":"Welex","article_publisher":"https:\/\/www.facebook.com\/WelexLawyersAccountants\/","article_published_time":"2019-11-18T09:00:52+00:00","article_modified_time":"2025-09-09T07:19:45+00:00","og_image":[{"width":2560,"height":1708,"url":"https:\/\/www.welex.es\/wp-content\/uploads\/2019\/11\/Ronda-6-2-scaled.jpeg","type":"image\/jpeg"}],"author":"Welex Lawyers Accountants Wim","twitter_card":"summary_large_image","twitter_misc":{"Geschreven door":"Welex Lawyers Accountants Wim","Geschatte leestijd":"4 minuten"},"schema":{"@context":"https:\/\/schema.org","@graph":[{"@type":"Article","@id":"https:\/\/www.welex.es\/nl\/ronda-de-droomstad\/#article","isPartOf":{"@id":"https:\/\/www.welex.es\/nl\/ronda-de-droomstad\/"},"author":{"name":"Welex Lawyers Accountants Wim","@id":"https:\/\/www.welex.es\/nl\/#\/schema\/person\/fe98500e4b874772cfdbd1417c913f57"},"headline":"Ronda, de Droomstad","datePublished":"2019-11-18T09:00:52+00:00","dateModified":"2025-09-09T07:19:45+00:00","mainEntityOfPage":{"@id":"https:\/\/www.welex.es\/nl\/ronda-de-droomstad\/"},"wordCount":641,"publisher":{"@id":"https:\/\/www.welex.es\/#organization"},"image":{"@id":"https:\/\/www.welex.es\/nl\/ronda-de-droomstad\/#primaryimage"},"thumbnailUrl":"https:\/\/www.welex.es\/wp-content\/uploads\/2019\/11\/Ronda-6-2-scaled.jpeg","keywords":["Costa del sol accountants","juridisch advies costa del sol","boekhouder marbella","advocaat marbella","Spaans advocatenkantoor","accountant in Ronda","advocaat in Ronda","advocaten in Ronda","advocatenkantoor in Ronda","bedrijf beginnen in Ronda","econoom in Ronda","scheiden in Ronda","trouwen in Ronda","Accountancy in Ronda"],"articleSection":["Toerisme en Cultuur in Spanje"],"inLanguage":"nl-NL"},{"@type":"WebPage","@id":"https:\/\/www.welex.es\/nl\/ronda-de-droomstad\/","url":"https:\/\/www.welex.es\/nl\/ronda-de-droomstad\/","name":"Ronda, de Droomstad - Welex","isPartOf":{"@id":"https:\/\/www.welex.es\/nl\/#website"},"primaryImageOfPage":{"@id":"https:\/\/www.welex.es\/nl\/ronda-de-droomstad\/#primaryimage"},"image":{"@id":"https:\/\/www.welex.es\/nl\/ronda-de-droomstad\/#primaryimage"},"thumbnailUrl":"https:\/\/www.welex.es\/wp-content\/uploads\/2019\/11\/Ronda-6-2-scaled.jpeg","datePublished":"2019-11-18T09:00:52+00:00","dateModified":"2025-09-09T07:19:45+00:00","description":"Een plaats die je ongetwijfeld zal betoveren is de Serran\u00eda de Ronda, waar je pure lucht inademt en waarvan gezegd wordt dat het een droomstad is.","breadcrumb":{"@id":"https:\/\/www.welex.es\/nl\/ronda-de-droomstad\/#breadcrumb"},"inLanguage":"nl-NL","potentialAction":[{"@type":"ReadAction","target":["https:\/\/www.welex.es\/nl\/ronda-de-droomstad\/"]}]},{"@type":"ImageObject","inLanguage":"nl-NL","@id":"https:\/\/www.welex.es\/nl\/ronda-de-droomstad\/#primaryimage","url":"https:\/\/www.welex.es\/wp-content\/uploads\/2019\/11\/Ronda-6-2-scaled.jpeg","contentUrl":"https:\/\/www.welex.es\/wp-content\/uploads\/2019\/11\/Ronda-6-2-scaled.jpeg","width":2560,"height":1708,"caption":"Ronda 6 2 scaled"},{"@type":"BreadcrumbList","@id":"https:\/\/www.welex.es\/nl\/ronda-de-droomstad\/#breadcrumb","itemListElement":[{"@type":"ListItem","position":1,"name":"Home","item":"https:\/\/www.welex.es\/nl\/"},{"@type":"ListItem","position":2,"name":"Ronda, de Droomstad"}]},{"@type":"WebSite","@id":"https:\/\/www.welex.es\/nl\/#website","url":"https:\/\/www.welex.es\/nl\/","name":"Welex","description":"","publisher":{"@id":"https:\/\/www.welex.es\/#organization"},"potentialAction":[{"@type":"SearchAction","target":{"@type":"EntryPoint","urlTemplate":"https:\/\/www.welex.es\/nl\/?s={search_term_string}"},"query-input":{"@type":"PropertyValueSpecification","valueRequired":true,"valueName":"search_term_string"}}],"inLanguage":"nl-NL"},{"@type":["Organization","LegalService"],"@id":"https:\/\/www.welex.es\/#organization","name":"Welex","url":"https:\/\/www.welex.es\/","logo":{"@type":"ImageObject","inLanguage":"nl-NL","@id":"https:\/\/www.welex.es\/#\/schema\/logo\/image\/","url":"https:\/\/www.welex.es\/wp-content\/uploads\/2025\/05\/LOGOWELEXCORRECTO.png","contentUrl":"https:\/\/www.welex.es\/wp-content\/uploads\/2025\/05\/LOGOWELEXCORRECTO.png","width":2147,"height":771,"caption":"Welex"},"image":{"@id":"https:\/\/www.welex.es\/#\/schema\/logo\/image\/"},"sameAs":["https:\/\/www.facebook.com\/WelexLawyersAccountants\/","https:\/\/www.linkedin.com\/company\/welex\/","https:\/\/www.instagram.com\/welex.lawyers\/","https:\/\/www.tiktok.com\/@welex_lawyers_marbella","https:\/\/lawyerscostadelsol.com\/","https:\/\/www.accountant-spain.com\/","https:\/\/welex-solicitors.com\/"],"description":"Law firm in Marbella providing legal, tax, labour and accounting advice to individuals and companies in Spain, with over 20 years of experience.","email":"info@welex.es","telephone":"+34952775521","legalName":"Tr\u00e1mites Costa, S.L.","numberOfEmployees":{"@type":"QuantitativeValue","minValue":"11","maxValue":"50"},"address":{"@type":"PostalAddress","streetAddress":"Calle Ram\u00f3n G\u00f3mez de la Serna 23, Local 7","addressLocality":"Marbella","addressRegion":"M\u00e1laga","postalCode":"29602","addressCountry":"ES"},"geo":{"@type":"GeoCoordinates","latitude":36.5095366,"longitude":-4.8985745},"hasMap":"https:\/\/www.google.com\/maps\/search\/?api=1&query=Welex+Marbella","openingHoursSpecification":[{"@type":"OpeningHoursSpecification","dayOfWeek":["Monday","Tuesday","Wednesday","Thursday"],"opens":"08:30","closes":"17:00"},{"@type":"OpeningHoursSpecification","dayOfWeek":"Friday","opens":"08:30","closes":"14:30"}],"areaServed":[{"@type":"Country","name":"Spain"},{"@type":"AdministrativeArea","name":"Costa del Sol"},{"@type":"City","name":"Marbella"}],"knowsLanguage":["es","en","nl","fr"],"currenciesAccepted":"EUR","priceRange":"$$","slogan":"Juridische zekerheid. Fiscale duidelijkheid. Betrouwbaar advies.","contactPoint":[{"@type":"ContactPoint","telephone":"+34952775521","email":"info@welex.es","contactType":"customer service","availableLanguage":["English","Spanish","Dutch","French"],"areaServed":"ES"}],"hasOfferCatalog":{"@type":"OfferCatalog","name":"Juridische, fiscale en boekhoudkundige diensten in Spanje","itemListElement":[{"@type":"Offer","itemOffered":{"@type":"Service","name":"Vastgoedadvocaten in Marbella: aankoop en verkoop van onroerend goed in Spanje","url":"https:\/\/www.welex.es\/nl\/dienst\/advies-aan-en-verkoop-van-vastgoed-in-spanje\/"}},{"@type":"Offer","itemOffered":{"@type":"Service","name":"Advocaten gespecialiseerd in testamenten en erfenissen in Marbella","url":"https:\/\/www.welex.es\/nl\/dienst\/testamenten-nalatenschappen-in-spanje\/"}},{"@type":"Offer","itemOffered":{"@type":"Service","name":"Vennootschapsrecht in Spanje","url":"https:\/\/www.welex.es\/nl\/dienst\/bedrijven-en-vennootschappen-in-spanje\/"}},{"@type":"Offer","itemOffered":{"@type":"Service","name":"Arbeidsadvies in Spanje","url":"https:\/\/www.welex.es\/nl\/dienst\/arbeids-zaken-in-spanje\/"}},{"@type":"Offer","itemOffered":{"@type":"Service","name":"Geschillenbeslechting in Spanje","url":"https:\/\/www.welex.es\/nl\/dienst\/procesrecht-in-spanje\/"}},{"@type":"Offer","itemOffered":{"@type":"Service","name":"Inkomstenbelasting en Vermogensbelasting in Spanje","url":"https:\/\/www.welex.es\/nl\/dienst\/aankoop-van-een-onroerende-zaak-door-een-natuurlijke-persoon-die-niet-resident-is-in-spanje\/"}},{"@type":"Offer","itemOffered":{"@type":"Service","name":"Fiscale verplichtingen van een S.L.-vennootschap","url":"https:\/\/www.welex.es\/nl\/dienst\/verplichtingen-volgens-de-handelswetgeving-van-een-spaanse-vennootschap\/"}},{"@type":"Offer","itemOffered":{"@type":"Service","name":"Handelsverplichtingen van een S.L.-vennootschap","url":"https:\/\/www.welex.es\/nl\/dienst\/fiscale-verplichtingen-van-een-vennootschap-spanje\/"}},{"@type":"Offer","itemOffered":{"@type":"Service","name":"Beoordeling van Spaanse financi\u00eble en boekhoudkundige jaarrekeningen","url":"https:\/\/www.welex.es\/nl\/dienst\/herziening-van-de-financiele-en-boekhoudkundige-balansen-in-spanje\/"}},{"@type":"Offer","itemOffered":{"@type":"Service","name":"Belastingpunten","url":"https:\/\/www.welex.es\/nl\/dienst\/tax-belasting-in-spanje\/"}},{"@type":"Offer","itemOffered":{"@type":"Service","name":"Formaliteiten","url":"https:\/\/www.welex.es\/nl\/dienst\/bijzondere-procedures\/"}}]}},{"@type":"Person","@id":"https:\/\/www.welex.es\/nl\/#\/schema\/person\/fe98500e4b874772cfdbd1417c913f57","name":"Welex Lawyers Accountants Wim","image":{"@type":"ImageObject","inLanguage":"nl-NL","@id":"https:\/\/secure.gravatar.com\/avatar\/?s=96&d=mm&r=g","url":"https:\/\/secure.gravatar.com\/avatar\/?s=96&d=mm&r=g","contentUrl":"https:\/\/secure.gravatar.com\/avatar\/?s=96&d=mm&r=g","caption":"Welex Lawyers Accountants Wim"}}]}},"_links":{"self":[{"href":"https:\/\/www.welex.es\/nl\/wp-json\/wp\/v2\/posts\/13408","targetHints":{"allow":["GET"]}}],"collection":[{"href":"https:\/\/www.welex.es\/nl\/wp-json\/wp\/v2\/posts"}],"about":[{"href":"https:\/\/www.welex.es\/nl\/wp-json\/wp\/v2\/types\/post"}],"author":[{"embeddable":true,"href":"https:\/\/www.welex.es\/nl\/wp-json\/wp\/v2\/users\/4"}],"replies":[{"embeddable":true,"href":"https:\/\/www.welex.es\/nl\/wp-json\/wp\/v2\/comments?post=13408"}],"version-history":[{"count":0,"href":"https:\/\/www.welex.es\/nl\/wp-json\/wp\/v2\/posts\/13408\/revisions"}],"wp:featuredmedia":[{"embeddable":true,"href":"https:\/\/www.welex.es\/nl\/wp-json\/wp\/v2\/media\/13406"}],"wp:attachment":[{"href":"https:\/\/www.welex.es\/nl\/wp-json\/wp\/v2\/media?parent=13408"}],"wp:term":[{"taxonomy":"category","embeddable":true,"href":"https:\/\/www.welex.es\/nl\/wp-json\/wp\/v2\/categories?post=13408"},{"taxonomy":"post_tag","embeddable":true,"href":"https:\/\/www.welex.es\/nl\/wp-json\/wp\/v2\/tags?post=13408"}],"curies":[{"name":"wp","href":"https:\/\/api.w.org\/{rel}","templated":true}]}}