{"id":16280,"date":"2020-08-12T08:00:52","date_gmt":"2020-08-12T08:00:52","guid":{"rendered":"https:\/\/www.welex.es\/?p=16280\/"},"modified":"2025-09-09T07:20:21","modified_gmt":"2025-09-09T07:20:21","slug":"debra-piel-de-mariposa-liefdadigheidsgolftoernooi","status":"publish","type":"post","link":"https:\/\/www.welex.es\/nl\/debra-piel-de-mariposa-liefdadigheidsgolftoernooi\/","title":{"rendered":"Debra Piel de Mariposa liefdadigheidsgolftoernooi  | WELEX"},"content":{"rendered":"<h2><strong>Vanuit <a href=\"https:\/\/www.welex.es\/nl\/\" target=\"_blank\" rel=\"noopener noreferrer\">Welex, advocaten en economen in Marbella<\/a>, kondigen we met genoegen de viering aan van een prachtig liefdadigheidsgolftoernooi georganizeerd door Debra Piel de Mariposa, dat plaatsvindt op 19 en 21 augustus 2020.<\/strong><\/h2>\n<p>&nbsp;<\/p>\n<p>Vanuit Welex, advocaten en economen in Marbella, moedigen we al onze lezers aan om deel te nemen aan dit prachtige <a href=\"https:\/\/www.pieldemariposa.es\/en\/xvii-butterfly-charity-golf\/\" target=\"_blank\" rel=\"noopener noreferrer\"><strong>solidariteitsevenement<\/strong><\/a> georganiseerd door Debra Piel de Mariposa.<\/p>\n<p>&nbsp;<\/p>\n<p><strong>Reserveringen: <a href=\"https:\/\/www.pieldemariposa.es\/en\/xvii-butterfly-charity-golf\/\">https:\/\/www.pieldemariposa.es\/en\/xvii-butterfly-charity-golf\/<\/a><\/strong><\/p>\n<p><strong>Voor meer info: +34619505180<\/strong><\/p>\n<p>&nbsp;<\/p>\n<p><img fetchpriority=\"high\" decoding=\"async\" class=\"alignnone  wp-image-16274\" src=\"https:\/\/www.welex.es\/wp-content\/uploads\/2020\/08\/Captura-de-pantalla-2020-08-07-a-las-12.20.01-2-300x207.png\" alt=\"Debra Piel de Mariposa\" width=\"491\" height=\"339\" \/><img decoding=\"async\" class=\"alignnone  wp-image-16275\" src=\"https:\/\/www.welex.es\/wp-content\/uploads\/2020\/08\/Captura-de-pantalla-2020-08-07-a-las-12.20.07-2-300x208.png\" alt=\"Debra Piel de Mariposa\" width=\"486\" height=\"337\" \/><img decoding=\"async\" class=\"alignnone  wp-image-16276\" src=\"https:\/\/www.welex.es\/wp-content\/uploads\/2020\/08\/Captura-de-pantalla-2020-08-07-a-las-12.20.12-2-300x207.png\" alt=\"Debra Piel de Mariposa\" width=\"486\" height=\"335\" \/><img loading=\"lazy\" decoding=\"async\" class=\"alignnone wp-image-16277\" src=\"https:\/\/www.welex.es\/wp-content\/uploads\/2020\/08\/Captura-de-pantalla-2020-08-07-a-las-12.20.17-2-300x207.png\" alt=\"\" width=\"480\" height=\"331\" \/><\/p>\n","protected":false},"excerpt":{"rendered":"<p>Vanuit Welex, advocaten en economen in Marbella, kondigen we met genoegen de viering aan van een prachtig liefdadigheidsgolftoernooi georganizeerd door Debra Piel de Mariposa, dat plaatsvindt op 19 en 21 augustus 2020. &nbsp; Vanuit Welex, advocaten en economen in Marbella, moedigen we al onze lezers aan om deel te nemen aan dit prachtige solidariteitsevenement georganiseerd [&hellip;]<\/p>\n","protected":false},"author":2,"featured_media":16281,"comment_status":"closed","ping_status":"closed","sticky":false,"template":"","format":"standard","meta":{"_acf_changed":false,"footnotes":""},"categories":[428],"tags":[],"class_list":["post-16280","post","type-post","status-publish","format-standard","has-post-thumbnail","hentry","category-toerisme-en-cultuur-in-spanje"],"acf":[],"yoast_head":"<!-- This site is optimized with the Yoast SEO Premium plugin v27.9 (Yoast SEO v27.9) - https:\/\/yoast.com\/product\/yoast-seo-premium-wordpress\/ -->\n<title>Debra Piel de Mariposa liefdadigheidsgolftoernooi | WELEX - Welex<\/title>\n<meta name=\"description\" content=\"Vanuit Welex willen we u aanmoedigen om deel te nemen aan dit fantastische liefdadigheidsgolftoernooi georganiseerd door Debra Piel de Mariposa.\" \/>\n<meta name=\"robots\" content=\"index, follow, max-snippet:-1, max-image-preview:large, max-video-preview:-1\" \/>\n<link rel=\"canonical\" href=\"https:\/\/www.welex.es\/nl\/debra-piel-de-mariposa-liefdadigheidsgolftoernooi\/\" \/>\n<meta property=\"og:locale\" content=\"nl_NL\" \/>\n<meta property=\"og:type\" content=\"article\" \/>\n<meta property=\"og:title\" content=\"Debra Piel de Mariposa liefdadigheidsgolftoernooi | WELEX\" \/>\n<meta property=\"og:description\" content=\"Vanuit Welex willen we u aanmoedigen om deel te nemen aan dit fantastische liefdadigheidsgolftoernooi georganiseerd door Debra Piel de Mariposa.\" \/>\n<meta property=\"og:url\" content=\"https:\/\/www.welex.es\/nl\/debra-piel-de-mariposa-liefdadigheidsgolftoernooi\/\" \/>\n<meta property=\"og:site_name\" content=\"Welex\" \/>\n<meta property=\"article:publisher\" content=\"https:\/\/www.facebook.com\/WelexLawyersAccountants\/\" \/>\n<meta property=\"article:published_time\" content=\"2020-08-12T08:00:52+00:00\" \/>\n<meta property=\"article:modified_time\" content=\"2025-09-09T07:20:21+00:00\" \/>\n<meta property=\"og:image\" content=\"https:\/\/www.welex.es\/wp-content\/uploads\/2020\/08\/BLOG-Liefdadigheidsgolftoernooi.png\" \/>\n\t<meta property=\"og:image:width\" content=\"940\" \/>\n\t<meta property=\"og:image:height\" content=\"788\" \/>\n\t<meta property=\"og:image:type\" content=\"image\/png\" \/>\n<meta name=\"author\" content=\"Noelia\" \/>\n<meta name=\"twitter:card\" content=\"summary_large_image\" \/>\n<meta name=\"twitter:label1\" content=\"Geschreven door\" \/>\n\t<meta name=\"twitter:data1\" content=\"Noelia\" \/>\n<script type=\"application\/ld+json\" class=\"yoast-schema-graph\">{\"@context\":\"https:\\\/\\\/schema.org\",\"@graph\":[{\"@type\":\"Article\",\"@id\":\"https:\\\/\\\/www.welex.es\\\/nl\\\/debra-piel-de-mariposa-liefdadigheidsgolftoernooi\\\/#article\",\"isPartOf\":{\"@id\":\"https:\\\/\\\/www.welex.es\\\/nl\\\/debra-piel-de-mariposa-liefdadigheidsgolftoernooi\\\/\"},\"author\":{\"name\":\"Noelia\",\"@id\":\"https:\\\/\\\/www.welex.es\\\/nl\\\/#\\\/schema\\\/person\\\/a63d0e9ba5ab8e6903606fc509960d03\"},\"headline\":\"Debra Piel de Mariposa liefdadigheidsgolftoernooi | WELEX\",\"datePublished\":\"2020-08-12T08:00:52+00:00\",\"dateModified\":\"2025-09-09T07:20:21+00:00\",\"mainEntityOfPage\":{\"@id\":\"https:\\\/\\\/www.welex.es\\\/nl\\\/debra-piel-de-mariposa-liefdadigheidsgolftoernooi\\\/\"},\"wordCount\":75,\"publisher\":{\"@id\":\"https:\\\/\\\/www.welex.es\\\/#organization\"},\"image\":{\"@id\":\"https:\\\/\\\/www.welex.es\\\/nl\\\/debra-piel-de-mariposa-liefdadigheidsgolftoernooi\\\/#primaryimage\"},\"thumbnailUrl\":\"https:\\\/\\\/www.welex.es\\\/wp-content\\\/uploads\\\/2020\\\/08\\\/BLOG-Liefdadigheidsgolftoernooi.png\",\"articleSection\":[\"Toerisme en Cultuur in Spanje\"],\"inLanguage\":\"nl-NL\"},{\"@type\":\"WebPage\",\"@id\":\"https:\\\/\\\/www.welex.es\\\/nl\\\/debra-piel-de-mariposa-liefdadigheidsgolftoernooi\\\/\",\"url\":\"https:\\\/\\\/www.welex.es\\\/nl\\\/debra-piel-de-mariposa-liefdadigheidsgolftoernooi\\\/\",\"name\":\"Debra Piel de Mariposa liefdadigheidsgolftoernooi | WELEX - Welex\",\"isPartOf\":{\"@id\":\"https:\\\/\\\/www.welex.es\\\/nl\\\/#website\"},\"primaryImageOfPage\":{\"@id\":\"https:\\\/\\\/www.welex.es\\\/nl\\\/debra-piel-de-mariposa-liefdadigheidsgolftoernooi\\\/#primaryimage\"},\"image\":{\"@id\":\"https:\\\/\\\/www.welex.es\\\/nl\\\/debra-piel-de-mariposa-liefdadigheidsgolftoernooi\\\/#primaryimage\"},\"thumbnailUrl\":\"https:\\\/\\\/www.welex.es\\\/wp-content\\\/uploads\\\/2020\\\/08\\\/BLOG-Liefdadigheidsgolftoernooi.png\",\"datePublished\":\"2020-08-12T08:00:52+00:00\",\"dateModified\":\"2025-09-09T07:20:21+00:00\",\"description\":\"Vanuit Welex willen we u aanmoedigen om deel te nemen aan dit fantastische liefdadigheidsgolftoernooi georganiseerd door Debra Piel de Mariposa.\",\"breadcrumb\":{\"@id\":\"https:\\\/\\\/www.welex.es\\\/nl\\\/debra-piel-de-mariposa-liefdadigheidsgolftoernooi\\\/#breadcrumb\"},\"inLanguage\":\"nl-NL\",\"potentialAction\":[{\"@type\":\"ReadAction\",\"target\":[\"https:\\\/\\\/www.welex.es\\\/nl\\\/debra-piel-de-mariposa-liefdadigheidsgolftoernooi\\\/\"]}]},{\"@type\":\"ImageObject\",\"inLanguage\":\"nl-NL\",\"@id\":\"https:\\\/\\\/www.welex.es\\\/nl\\\/debra-piel-de-mariposa-liefdadigheidsgolftoernooi\\\/#primaryimage\",\"url\":\"https:\\\/\\\/www.welex.es\\\/wp-content\\\/uploads\\\/2020\\\/08\\\/BLOG-Liefdadigheidsgolftoernooi.png\",\"contentUrl\":\"https:\\\/\\\/www.welex.es\\\/wp-content\\\/uploads\\\/2020\\\/08\\\/BLOG-Liefdadigheidsgolftoernooi.png\",\"width\":940,\"height\":788,\"caption\":\"BLOG Liefdadigheidsgolftoernooi\"},{\"@type\":\"BreadcrumbList\",\"@id\":\"https:\\\/\\\/www.welex.es\\\/nl\\\/debra-piel-de-mariposa-liefdadigheidsgolftoernooi\\\/#breadcrumb\",\"itemListElement\":[{\"@type\":\"ListItem\",\"position\":1,\"name\":\"Home\",\"item\":\"https:\\\/\\\/www.welex.es\\\/nl\\\/\"},{\"@type\":\"ListItem\",\"position\":2,\"name\":\"Debra Piel de Mariposa liefdadigheidsgolftoernooi | WELEX\"}]},{\"@type\":\"WebSite\",\"@id\":\"https:\\\/\\\/www.welex.es\\\/nl\\\/#website\",\"url\":\"https:\\\/\\\/www.welex.es\\\/nl\\\/\",\"name\":\"Welex\",\"description\":\"\",\"publisher\":{\"@id\":\"https:\\\/\\\/www.welex.es\\\/#organization\"},\"potentialAction\":[{\"@type\":\"SearchAction\",\"target\":{\"@type\":\"EntryPoint\",\"urlTemplate\":\"https:\\\/\\\/www.welex.es\\\/nl\\\/?s={search_term_string}\"},\"query-input\":{\"@type\":\"PropertyValueSpecification\",\"valueRequired\":true,\"valueName\":\"search_term_string\"}}],\"inLanguage\":\"nl-NL\"},{\"@type\":[\"Organization\",\"LegalService\"],\"@id\":\"https:\\\/\\\/www.welex.es\\\/#organization\",\"name\":\"Welex\",\"url\":\"https:\\\/\\\/www.welex.es\\\/\",\"logo\":{\"@type\":\"ImageObject\",\"inLanguage\":\"nl-NL\",\"@id\":\"https:\\\/\\\/www.welex.es\\\/#\\\/schema\\\/logo\\\/image\\\/\",\"url\":\"https:\\\/\\\/www.welex.es\\\/wp-content\\\/uploads\\\/2025\\\/05\\\/LOGOWELEXCORRECTO.png\",\"contentUrl\":\"https:\\\/\\\/www.welex.es\\\/wp-content\\\/uploads\\\/2025\\\/05\\\/LOGOWELEXCORRECTO.png\",\"width\":2147,\"height\":771,\"caption\":\"Welex\"},\"image\":{\"@id\":\"https:\\\/\\\/www.welex.es\\\/#\\\/schema\\\/logo\\\/image\\\/\"},\"sameAs\":[\"https:\\\/\\\/www.facebook.com\\\/WelexLawyersAccountants\\\/\",\"https:\\\/\\\/www.linkedin.com\\\/company\\\/welex\\\/\",\"https:\\\/\\\/www.instagram.com\\\/welex.lawyers\\\/\",\"https:\\\/\\\/www.tiktok.com\\\/@welex_lawyers_marbella\",\"https:\\\/\\\/lawyerscostadelsol.com\\\/\",\"https:\\\/\\\/www.accountant-spain.com\\\/\",\"https:\\\/\\\/welex-solicitors.com\\\/\"],\"description\":\"Law firm in Marbella providing legal, tax, labour and accounting advice to individuals and companies in Spain, with over 20 years of experience.\",\"email\":\"info@welex.es\",\"telephone\":\"+34952775521\",\"legalName\":\"Tr\u00e1mites Costa, S.L.\",\"numberOfEmployees\":{\"@type\":\"QuantitativeValue\",\"minValue\":\"11\",\"maxValue\":\"50\"},\"address\":{\"@type\":\"PostalAddress\",\"streetAddress\":\"Calle Ram\u00f3n G\u00f3mez de la Serna 23, Local 7\",\"addressLocality\":\"Marbella\",\"addressRegion\":\"M\u00e1laga\",\"postalCode\":\"29602\",\"addressCountry\":\"ES\"},\"geo\":{\"@type\":\"GeoCoordinates\",\"latitude\":36.5095366,\"longitude\":-4.8985745},\"hasMap\":\"https:\\\/\\\/www.google.com\\\/maps\\\/search\\\/?api=1&query=Welex+Marbella\",\"openingHoursSpecification\":[{\"@type\":\"OpeningHoursSpecification\",\"dayOfWeek\":[\"Monday\",\"Tuesday\",\"Wednesday\",\"Thursday\"],\"opens\":\"08:30\",\"closes\":\"17:00\"},{\"@type\":\"OpeningHoursSpecification\",\"dayOfWeek\":\"Friday\",\"opens\":\"08:30\",\"closes\":\"14:30\"}],\"areaServed\":[{\"@type\":\"Country\",\"name\":\"Spain\"},{\"@type\":\"AdministrativeArea\",\"name\":\"Costa del Sol\"},{\"@type\":\"City\",\"name\":\"Marbella\"}],\"knowsLanguage\":[\"es\",\"en\",\"nl\",\"fr\"],\"currenciesAccepted\":\"EUR\",\"priceRange\":\"$$\",\"slogan\":\"Juridische zekerheid. Fiscale duidelijkheid. Betrouwbaar advies.\",\"contactPoint\":[{\"@type\":\"ContactPoint\",\"telephone\":\"+34952775521\",\"email\":\"info@welex.es\",\"contactType\":\"customer service\",\"availableLanguage\":[\"English\",\"Spanish\",\"Dutch\",\"French\"],\"areaServed\":\"ES\"}],\"hasOfferCatalog\":{\"@type\":\"OfferCatalog\",\"name\":\"Juridische, fiscale en boekhoudkundige diensten in Spanje\",\"itemListElement\":[{\"@type\":\"Offer\",\"itemOffered\":{\"@type\":\"Service\",\"name\":\"Vastgoedadvocaten in Marbella: aankoop en verkoop van onroerend goed in Spanje\",\"url\":\"https:\\\/\\\/www.welex.es\\\/nl\\\/dienst\\\/advies-aan-en-verkoop-van-vastgoed-in-spanje\\\/\"}},{\"@type\":\"Offer\",\"itemOffered\":{\"@type\":\"Service\",\"name\":\"Advocaten gespecialiseerd in testamenten en erfenissen in Marbella\",\"url\":\"https:\\\/\\\/www.welex.es\\\/nl\\\/dienst\\\/testamenten-nalatenschappen-in-spanje\\\/\"}},{\"@type\":\"Offer\",\"itemOffered\":{\"@type\":\"Service\",\"name\":\"Vennootschapsrecht in Spanje\",\"url\":\"https:\\\/\\\/www.welex.es\\\/nl\\\/dienst\\\/bedrijven-en-vennootschappen-in-spanje\\\/\"}},{\"@type\":\"Offer\",\"itemOffered\":{\"@type\":\"Service\",\"name\":\"Arbeidsadvies in Spanje\",\"url\":\"https:\\\/\\\/www.welex.es\\\/nl\\\/dienst\\\/arbeids-zaken-in-spanje\\\/\"}},{\"@type\":\"Offer\",\"itemOffered\":{\"@type\":\"Service\",\"name\":\"Geschillenbeslechting in Spanje\",\"url\":\"https:\\\/\\\/www.welex.es\\\/nl\\\/dienst\\\/procesrecht-in-spanje\\\/\"}},{\"@type\":\"Offer\",\"itemOffered\":{\"@type\":\"Service\",\"name\":\"Inkomstenbelasting en Vermogensbelasting in Spanje\",\"url\":\"https:\\\/\\\/www.welex.es\\\/nl\\\/dienst\\\/aankoop-van-een-onroerende-zaak-door-een-natuurlijke-persoon-die-niet-resident-is-in-spanje\\\/\"}},{\"@type\":\"Offer\",\"itemOffered\":{\"@type\":\"Service\",\"name\":\"Fiscale verplichtingen van een S.L.-vennootschap\",\"url\":\"https:\\\/\\\/www.welex.es\\\/nl\\\/dienst\\\/verplichtingen-volgens-de-handelswetgeving-van-een-spaanse-vennootschap\\\/\"}},{\"@type\":\"Offer\",\"itemOffered\":{\"@type\":\"Service\",\"name\":\"Handelsverplichtingen van een S.L.-vennootschap\",\"url\":\"https:\\\/\\\/www.welex.es\\\/nl\\\/dienst\\\/fiscale-verplichtingen-van-een-vennootschap-spanje\\\/\"}},{\"@type\":\"Offer\",\"itemOffered\":{\"@type\":\"Service\",\"name\":\"Beoordeling van Spaanse financi\u00eble en boekhoudkundige jaarrekeningen\",\"url\":\"https:\\\/\\\/www.welex.es\\\/nl\\\/dienst\\\/herziening-van-de-financiele-en-boekhoudkundige-balansen-in-spanje\\\/\"}},{\"@type\":\"Offer\",\"itemOffered\":{\"@type\":\"Service\",\"name\":\"Belastingpunten\",\"url\":\"https:\\\/\\\/www.welex.es\\\/nl\\\/dienst\\\/tax-belasting-in-spanje\\\/\"}},{\"@type\":\"Offer\",\"itemOffered\":{\"@type\":\"Service\",\"name\":\"Formaliteiten\",\"url\":\"https:\\\/\\\/www.welex.es\\\/nl\\\/dienst\\\/bijzondere-procedures\\\/\"}}]}},{\"@type\":\"Person\",\"@id\":\"https:\\\/\\\/www.welex.es\\\/nl\\\/#\\\/schema\\\/person\\\/a63d0e9ba5ab8e6903606fc509960d03\",\"name\":\"Noelia\",\"image\":{\"@type\":\"ImageObject\",\"inLanguage\":\"nl-NL\",\"@id\":\"https:\\\/\\\/secure.gravatar.com\\\/avatar\\\/347f4755252771b373551cdfd69b8ff13bf2c1d64cd80997b4502c4224a6c3f1?s=96&d=mm&r=g\",\"url\":\"https:\\\/\\\/secure.gravatar.com\\\/avatar\\\/347f4755252771b373551cdfd69b8ff13bf2c1d64cd80997b4502c4224a6c3f1?s=96&d=mm&r=g\",\"contentUrl\":\"https:\\\/\\\/secure.gravatar.com\\\/avatar\\\/347f4755252771b373551cdfd69b8ff13bf2c1d64cd80997b4502c4224a6c3f1?s=96&d=mm&r=g\",\"caption\":\"Noelia\"}}]}<\/script>\n<!-- \/ Yoast SEO Premium plugin. -->","yoast_head_json":{"title":"Debra Piel de Mariposa liefdadigheidsgolftoernooi | WELEX - Welex","description":"Vanuit Welex willen we u aanmoedigen om deel te nemen aan dit fantastische liefdadigheidsgolftoernooi georganiseerd door Debra Piel de Mariposa.","robots":{"index":"index","follow":"follow","max-snippet":"max-snippet:-1","max-image-preview":"max-image-preview:large","max-video-preview":"max-video-preview:-1"},"canonical":"https:\/\/www.welex.es\/nl\/debra-piel-de-mariposa-liefdadigheidsgolftoernooi\/","og_locale":"nl_NL","og_type":"article","og_title":"Debra Piel de Mariposa liefdadigheidsgolftoernooi | WELEX","og_description":"Vanuit Welex willen we u aanmoedigen om deel te nemen aan dit fantastische liefdadigheidsgolftoernooi georganiseerd door Debra Piel de Mariposa.","og_url":"https:\/\/www.welex.es\/nl\/debra-piel-de-mariposa-liefdadigheidsgolftoernooi\/","og_site_name":"Welex","article_publisher":"https:\/\/www.facebook.com\/WelexLawyersAccountants\/","article_published_time":"2020-08-12T08:00:52+00:00","article_modified_time":"2025-09-09T07:20:21+00:00","og_image":[{"width":940,"height":788,"url":"https:\/\/www.welex.es\/wp-content\/uploads\/2020\/08\/BLOG-Liefdadigheidsgolftoernooi.png","type":"image\/png"}],"author":"Noelia","twitter_card":"summary_large_image","twitter_misc":{"Geschreven door":"Noelia"},"schema":{"@context":"https:\/\/schema.org","@graph":[{"@type":"Article","@id":"https:\/\/www.welex.es\/nl\/debra-piel-de-mariposa-liefdadigheidsgolftoernooi\/#article","isPartOf":{"@id":"https:\/\/www.welex.es\/nl\/debra-piel-de-mariposa-liefdadigheidsgolftoernooi\/"},"author":{"name":"Noelia","@id":"https:\/\/www.welex.es\/nl\/#\/schema\/person\/a63d0e9ba5ab8e6903606fc509960d03"},"headline":"Debra Piel de Mariposa liefdadigheidsgolftoernooi | WELEX","datePublished":"2020-08-12T08:00:52+00:00","dateModified":"2025-09-09T07:20:21+00:00","mainEntityOfPage":{"@id":"https:\/\/www.welex.es\/nl\/debra-piel-de-mariposa-liefdadigheidsgolftoernooi\/"},"wordCount":75,"publisher":{"@id":"https:\/\/www.welex.es\/#organization"},"image":{"@id":"https:\/\/www.welex.es\/nl\/debra-piel-de-mariposa-liefdadigheidsgolftoernooi\/#primaryimage"},"thumbnailUrl":"https:\/\/www.welex.es\/wp-content\/uploads\/2020\/08\/BLOG-Liefdadigheidsgolftoernooi.png","articleSection":["Toerisme en Cultuur in Spanje"],"inLanguage":"nl-NL"},{"@type":"WebPage","@id":"https:\/\/www.welex.es\/nl\/debra-piel-de-mariposa-liefdadigheidsgolftoernooi\/","url":"https:\/\/www.welex.es\/nl\/debra-piel-de-mariposa-liefdadigheidsgolftoernooi\/","name":"Debra Piel de Mariposa liefdadigheidsgolftoernooi | WELEX - Welex","isPartOf":{"@id":"https:\/\/www.welex.es\/nl\/#website"},"primaryImageOfPage":{"@id":"https:\/\/www.welex.es\/nl\/debra-piel-de-mariposa-liefdadigheidsgolftoernooi\/#primaryimage"},"image":{"@id":"https:\/\/www.welex.es\/nl\/debra-piel-de-mariposa-liefdadigheidsgolftoernooi\/#primaryimage"},"thumbnailUrl":"https:\/\/www.welex.es\/wp-content\/uploads\/2020\/08\/BLOG-Liefdadigheidsgolftoernooi.png","datePublished":"2020-08-12T08:00:52+00:00","dateModified":"2025-09-09T07:20:21+00:00","description":"Vanuit Welex willen we u aanmoedigen om deel te nemen aan dit fantastische liefdadigheidsgolftoernooi georganiseerd door Debra Piel de Mariposa.","breadcrumb":{"@id":"https:\/\/www.welex.es\/nl\/debra-piel-de-mariposa-liefdadigheidsgolftoernooi\/#breadcrumb"},"inLanguage":"nl-NL","potentialAction":[{"@type":"ReadAction","target":["https:\/\/www.welex.es\/nl\/debra-piel-de-mariposa-liefdadigheidsgolftoernooi\/"]}]},{"@type":"ImageObject","inLanguage":"nl-NL","@id":"https:\/\/www.welex.es\/nl\/debra-piel-de-mariposa-liefdadigheidsgolftoernooi\/#primaryimage","url":"https:\/\/www.welex.es\/wp-content\/uploads\/2020\/08\/BLOG-Liefdadigheidsgolftoernooi.png","contentUrl":"https:\/\/www.welex.es\/wp-content\/uploads\/2020\/08\/BLOG-Liefdadigheidsgolftoernooi.png","width":940,"height":788,"caption":"BLOG Liefdadigheidsgolftoernooi"},{"@type":"BreadcrumbList","@id":"https:\/\/www.welex.es\/nl\/debra-piel-de-mariposa-liefdadigheidsgolftoernooi\/#breadcrumb","itemListElement":[{"@type":"ListItem","position":1,"name":"Home","item":"https:\/\/www.welex.es\/nl\/"},{"@type":"ListItem","position":2,"name":"Debra Piel de Mariposa liefdadigheidsgolftoernooi | WELEX"}]},{"@type":"WebSite","@id":"https:\/\/www.welex.es\/nl\/#website","url":"https:\/\/www.welex.es\/nl\/","name":"Welex","description":"","publisher":{"@id":"https:\/\/www.welex.es\/#organization"},"potentialAction":[{"@type":"SearchAction","target":{"@type":"EntryPoint","urlTemplate":"https:\/\/www.welex.es\/nl\/?s={search_term_string}"},"query-input":{"@type":"PropertyValueSpecification","valueRequired":true,"valueName":"search_term_string"}}],"inLanguage":"nl-NL"},{"@type":["Organization","LegalService"],"@id":"https:\/\/www.welex.es\/#organization","name":"Welex","url":"https:\/\/www.welex.es\/","logo":{"@type":"ImageObject","inLanguage":"nl-NL","@id":"https:\/\/www.welex.es\/#\/schema\/logo\/image\/","url":"https:\/\/www.welex.es\/wp-content\/uploads\/2025\/05\/LOGOWELEXCORRECTO.png","contentUrl":"https:\/\/www.welex.es\/wp-content\/uploads\/2025\/05\/LOGOWELEXCORRECTO.png","width":2147,"height":771,"caption":"Welex"},"image":{"@id":"https:\/\/www.welex.es\/#\/schema\/logo\/image\/"},"sameAs":["https:\/\/www.facebook.com\/WelexLawyersAccountants\/","https:\/\/www.linkedin.com\/company\/welex\/","https:\/\/www.instagram.com\/welex.lawyers\/","https:\/\/www.tiktok.com\/@welex_lawyers_marbella","https:\/\/lawyerscostadelsol.com\/","https:\/\/www.accountant-spain.com\/","https:\/\/welex-solicitors.com\/"],"description":"Law firm in Marbella providing legal, tax, labour and accounting advice to individuals and companies in Spain, with over 20 years of experience.","email":"info@welex.es","telephone":"+34952775521","legalName":"Tr\u00e1mites Costa, S.L.","numberOfEmployees":{"@type":"QuantitativeValue","minValue":"11","maxValue":"50"},"address":{"@type":"PostalAddress","streetAddress":"Calle Ram\u00f3n G\u00f3mez de la Serna 23, Local 7","addressLocality":"Marbella","addressRegion":"M\u00e1laga","postalCode":"29602","addressCountry":"ES"},"geo":{"@type":"GeoCoordinates","latitude":36.5095366,"longitude":-4.8985745},"hasMap":"https:\/\/www.google.com\/maps\/search\/?api=1&query=Welex+Marbella","openingHoursSpecification":[{"@type":"OpeningHoursSpecification","dayOfWeek":["Monday","Tuesday","Wednesday","Thursday"],"opens":"08:30","closes":"17:00"},{"@type":"OpeningHoursSpecification","dayOfWeek":"Friday","opens":"08:30","closes":"14:30"}],"areaServed":[{"@type":"Country","name":"Spain"},{"@type":"AdministrativeArea","name":"Costa del Sol"},{"@type":"City","name":"Marbella"}],"knowsLanguage":["es","en","nl","fr"],"currenciesAccepted":"EUR","priceRange":"$$","slogan":"Juridische zekerheid. Fiscale duidelijkheid. Betrouwbaar advies.","contactPoint":[{"@type":"ContactPoint","telephone":"+34952775521","email":"info@welex.es","contactType":"customer service","availableLanguage":["English","Spanish","Dutch","French"],"areaServed":"ES"}],"hasOfferCatalog":{"@type":"OfferCatalog","name":"Juridische, fiscale en boekhoudkundige diensten in Spanje","itemListElement":[{"@type":"Offer","itemOffered":{"@type":"Service","name":"Vastgoedadvocaten in Marbella: aankoop en verkoop van onroerend goed in Spanje","url":"https:\/\/www.welex.es\/nl\/dienst\/advies-aan-en-verkoop-van-vastgoed-in-spanje\/"}},{"@type":"Offer","itemOffered":{"@type":"Service","name":"Advocaten gespecialiseerd in testamenten en erfenissen in Marbella","url":"https:\/\/www.welex.es\/nl\/dienst\/testamenten-nalatenschappen-in-spanje\/"}},{"@type":"Offer","itemOffered":{"@type":"Service","name":"Vennootschapsrecht in Spanje","url":"https:\/\/www.welex.es\/nl\/dienst\/bedrijven-en-vennootschappen-in-spanje\/"}},{"@type":"Offer","itemOffered":{"@type":"Service","name":"Arbeidsadvies in Spanje","url":"https:\/\/www.welex.es\/nl\/dienst\/arbeids-zaken-in-spanje\/"}},{"@type":"Offer","itemOffered":{"@type":"Service","name":"Geschillenbeslechting in Spanje","url":"https:\/\/www.welex.es\/nl\/dienst\/procesrecht-in-spanje\/"}},{"@type":"Offer","itemOffered":{"@type":"Service","name":"Inkomstenbelasting en Vermogensbelasting in Spanje","url":"https:\/\/www.welex.es\/nl\/dienst\/aankoop-van-een-onroerende-zaak-door-een-natuurlijke-persoon-die-niet-resident-is-in-spanje\/"}},{"@type":"Offer","itemOffered":{"@type":"Service","name":"Fiscale verplichtingen van een S.L.-vennootschap","url":"https:\/\/www.welex.es\/nl\/dienst\/verplichtingen-volgens-de-handelswetgeving-van-een-spaanse-vennootschap\/"}},{"@type":"Offer","itemOffered":{"@type":"Service","name":"Handelsverplichtingen van een S.L.-vennootschap","url":"https:\/\/www.welex.es\/nl\/dienst\/fiscale-verplichtingen-van-een-vennootschap-spanje\/"}},{"@type":"Offer","itemOffered":{"@type":"Service","name":"Beoordeling van Spaanse financi\u00eble en boekhoudkundige jaarrekeningen","url":"https:\/\/www.welex.es\/nl\/dienst\/herziening-van-de-financiele-en-boekhoudkundige-balansen-in-spanje\/"}},{"@type":"Offer","itemOffered":{"@type":"Service","name":"Belastingpunten","url":"https:\/\/www.welex.es\/nl\/dienst\/tax-belasting-in-spanje\/"}},{"@type":"Offer","itemOffered":{"@type":"Service","name":"Formaliteiten","url":"https:\/\/www.welex.es\/nl\/dienst\/bijzondere-procedures\/"}}]}},{"@type":"Person","@id":"https:\/\/www.welex.es\/nl\/#\/schema\/person\/a63d0e9ba5ab8e6903606fc509960d03","name":"Noelia","image":{"@type":"ImageObject","inLanguage":"nl-NL","@id":"https:\/\/secure.gravatar.com\/avatar\/347f4755252771b373551cdfd69b8ff13bf2c1d64cd80997b4502c4224a6c3f1?s=96&d=mm&r=g","url":"https:\/\/secure.gravatar.com\/avatar\/347f4755252771b373551cdfd69b8ff13bf2c1d64cd80997b4502c4224a6c3f1?s=96&d=mm&r=g","contentUrl":"https:\/\/secure.gravatar.com\/avatar\/347f4755252771b373551cdfd69b8ff13bf2c1d64cd80997b4502c4224a6c3f1?s=96&d=mm&r=g","caption":"Noelia"}}]}},"_links":{"self":[{"href":"https:\/\/www.welex.es\/nl\/wp-json\/wp\/v2\/posts\/16280","targetHints":{"allow":["GET"]}}],"collection":[{"href":"https:\/\/www.welex.es\/nl\/wp-json\/wp\/v2\/posts"}],"about":[{"href":"https:\/\/www.welex.es\/nl\/wp-json\/wp\/v2\/types\/post"}],"author":[{"embeddable":true,"href":"https:\/\/www.welex.es\/nl\/wp-json\/wp\/v2\/users\/2"}],"replies":[{"embeddable":true,"href":"https:\/\/www.welex.es\/nl\/wp-json\/wp\/v2\/comments?post=16280"}],"version-history":[{"count":0,"href":"https:\/\/www.welex.es\/nl\/wp-json\/wp\/v2\/posts\/16280\/revisions"}],"wp:featuredmedia":[{"embeddable":true,"href":"https:\/\/www.welex.es\/nl\/wp-json\/wp\/v2\/media\/16281"}],"wp:attachment":[{"href":"https:\/\/www.welex.es\/nl\/wp-json\/wp\/v2\/media?parent=16280"}],"wp:term":[{"taxonomy":"category","embeddable":true,"href":"https:\/\/www.welex.es\/nl\/wp-json\/wp\/v2\/categories?post=16280"},{"taxonomy":"post_tag","embeddable":true,"href":"https:\/\/www.welex.es\/nl\/wp-json\/wp\/v2\/tags?post=16280"}],"curies":[{"name":"wp","href":"https:\/\/api.w.org\/{rel}","templated":true}]}}