{"id":30587,"date":"2026-05-25T08:00:25","date_gmt":"2026-05-25T08:00:25","guid":{"rendered":"https:\/\/www.welex.es\/?p=30587"},"modified":"2026-08-31T10:24:16","modified_gmt":"2026-08-31T10:24:16","slug":"levenslang-vruchtgebruik-spanje","status":"publish","type":"post","link":"https:\/\/www.welex.es\/nl\/levenslang-vruchtgebruik-spanje\/","title":{"rendered":"Levenslang vruchtgebruik in Spanje: wat het is en hoe u de waarde ervan berekent"},"content":{"rendered":"<p>Bij <strong>Welex advocaten en accountants <\/strong>werken we dagelijks om u te helpen slimme beslissingen te nemen over uw vermogen. We weten dat begrippen als levenslang vruchtgebruik complex kunnen lijken, maar een goed begrip ervan kan een groot verschil maken bij zaken als erfenissen, schenkingen of fiscale planning.<\/p>\n<p>Daarom willen we het u op een zo duidelijk, praktisch en nuttig mogelijke manier uitleggen.<\/p>\n<p>&nbsp;<\/p>\n<h3><strong>Wat is levenslang vruchtgebruik in Spanje?<\/strong><\/h3>\n<p>&nbsp;<\/p>\n<p>Levenslang vruchtgebruik is het recht dat een persoon (vruchtgebruiker) heeft om een onroerend goed \u2013 zoals een woning \u2013 zijn hele leven lang te gebruiken en ervan te genieten, ook al is hij niet de eigenaar.<\/p>\n<p>Het is een veelvoorkomend concept in vermogensplanning en kan aanzienlijke voordelen opleveren als het correct wordt toegepast.<\/p>\n<p>&nbsp;<\/p>\n<h3><strong>Hoe wordt de waarde ervan berekend in Spanje?<\/strong><\/h3>\n<p>De waarde van het levenslang vruchtgebruik is een percentage van de totale waarde van het goed en hangt af van de leeftijd van de vruchtgebruiker.<\/p>\n<p>Belangrijkste punten:<\/p>\n<ul>\n<li>Het maximum is vastgesteld op<strong> 70% <\/strong>van de waarde van het goed (voor personen jonger dan 20 jaar).<\/li>\n<li>Vanaf dat moment daalt het met<strong> 1% per levensjaar<\/strong>.<\/li>\n<li>Dit mag nooit lager zijn dan<strong> 10% <\/strong>van de waarde van het goed.<\/li>\n<\/ul>\n<p>&nbsp;<\/p>\n<h3><strong>Snelle formule<\/strong><\/h3>\n<p>Om het eenvoudig te berekenen:<\/p>\n<p><strong>Vruchtgebruik (%) = 89 &#8211; leeftijd van de vruchtgebruiker<\/strong><\/p>\n<p>Altijd met inachtneming van:<\/p>\n<ul>\n<li>Maximaal 70%<\/li>\n<li>Minimaal 10%<\/li>\n<\/ul>\n<p>&nbsp;<\/p>\n<h3><strong>Praktische voorbeelden<\/strong><\/h3>\n<p><strong>Voorbeeld 1<\/strong><\/p>\n<p><strong><em>Leeftijd:<\/em><\/strong> 32 jaar<br \/>\n<strong><em>Waard van de woning:<\/em><\/strong> 150.000 \u20ac<\/p>\n<ul>\n<li>89 \u2013 32 = 57%<\/li>\n<li>150.000 \u20ac \u00d7 57% =<strong> 85.500 \u20ac <\/strong><\/li>\n<\/ul>\n<p><strong>Voorbeeld 2<\/strong><\/p>\n<p><strong><em>Leeftijd<\/em><\/strong><strong>:<\/strong> 82 jaar<br \/>\n<strong><em>Waarde van de woning:<\/em><\/strong> 150.000 \u20ac<\/p>\n<ul>\n<li>89 \u2013 82 = 7% \u2192 het minimum van 10% wordt toegepast<\/li>\n<li>150.000 \u20ac \u00d7 10% =<strong> 15.000 \u20ac <\/strong><\/li>\n<\/ul>\n<p><strong>Voorbeeld 3<\/strong><\/p>\n<p><strong><em>Leeftijd<\/em><\/strong><strong>:<\/strong> 18 jaar<br \/>\n<strong><em>Waarde van de woning<\/em>:<\/strong> 150.000 \u20ac<\/p>\n<ul>\n<li>89 \u2013 18 = 71% \u2192 het maximum van 70% wordt toegepast<\/li>\n<li>150.000 \u20ac \u00d7 70% =<strong> 105.000 \u20ac <\/strong><\/li>\n<\/ul>\n<p>&nbsp;<\/p>\n<h3><strong>Maak van die informatie een voordeel<\/strong><\/h3>\n<p>Het is niet alleen nuttig om de waarde van het levenslange vruchtgebruik te kennen, maar het kan u ook helpen om uw belastingen te optimaliseren en rendabelere beslissingen te nemen bij het beheer van uw vermogen.<\/p>\n<p>&nbsp;<\/p>\n<p>Bij <strong><a href=\"https:\/\/www.welex.es\/nl\/contact\/\">Welex, uw Nederlandstalige kantoor<\/a>, <\/strong>bestuderen we uw zaak op maat, zodat u alle juridische en fiscale mogelijkheden kunt benutten die u ter beschikking staan. Als u een erfenis, schenking of een andere transactie met vruchtgebruik overweegt, neem dan contact op met ons kantoor. Wij helpen u om het vanaf het begin goed aan te pakken met volledige gemoedsrust.<\/p>\n<p>&nbsp;<\/p>\n<p style=\"text-align: left;\"><em><strong>Maite Arcos, advocate bij Welex met een indrukwekkende staat van dienst in vastgoed- en erfrecht, deelt in deze blog haar kennis over Spaanse wetgeving.<\/strong><\/em><\/p>\n","protected":false},"excerpt":{"rendered":"<p>Bij Welex advocaten en accountants werken we dagelijks om u te helpen slimme beslissingen te nemen over uw vermogen. We weten dat begrippen als levenslang vruchtgebruik complex kunnen lijken, maar een goed begrip ervan kan een groot verschil maken bij zaken als erfenissen, schenkingen of fiscale planning. Daarom willen we het u op een zo [&hellip;]<\/p>\n","protected":false},"author":2,"featured_media":30570,"comment_status":"closed","ping_status":"closed","sticky":false,"template":"","format":"standard","meta":{"_acf_changed":false,"footnotes":""},"categories":[263],"tags":[3643,2103,3050,3362,3639,3640,3641,3642],"class_list":["post-30587","post","type-post","status-publish","format-standard","has-post-thumbnail","hentry","category-vastgoed-in-spanje","tag-vermogen-spanje","tag-fiscale-planning","tag-vruchtgebruik-spanje","tag-vastgoedrecht-spanje","tag-erfbelasting-spanje","tag-waarde-vruchtgebruik","tag-advocaten-spanje","tag-berekening-vruchtgebruik-spanje"],"acf":[],"yoast_head":"<!-- This site is optimized with the Yoast SEO Premium plugin v27.9 (Yoast SEO v27.9) - https:\/\/yoast.com\/product\/yoast-seo-premium-wordpress\/ -->\n<title>Levenslang vruchtgebruik in Spanje: wat het is en hoe u de waarde ervan berekent - Welex<\/title>\n<meta name=\"description\" content=\"Ontdek wat levenslang vruchtgebruik in Spanje is en hoe u de waarde eenvoudig berekent. Inclusief praktische voorbeelden en fiscale tips.\" \/>\n<meta name=\"robots\" content=\"index, follow, max-snippet:-1, max-image-preview:large, max-video-preview:-1\" \/>\n<link rel=\"canonical\" href=\"https:\/\/www.welex.es\/nl\/levenslang-vruchtgebruik-spanje\/\" \/>\n<meta property=\"og:locale\" content=\"nl_NL\" \/>\n<meta property=\"og:type\" content=\"article\" \/>\n<meta property=\"og:title\" content=\"Levenslang vruchtgebruik in Spanje: zo berekent u de waarde\" \/>\n<meta property=\"og:description\" content=\"Leer wat levenslang vruchtgebruik is en hoe u de waarde berekent op basis van leeftijd. Handig voor erfenissen en fiscale planning.\" \/>\n<meta property=\"og:url\" content=\"https:\/\/www.welex.es\/nl\/levenslang-vruchtgebruik-spanje\/\" \/>\n<meta property=\"og:site_name\" content=\"Welex\" \/>\n<meta property=\"article:publisher\" content=\"https:\/\/www.facebook.com\/WelexLawyersAccountants\/\" \/>\n<meta property=\"article:published_time\" content=\"2026-05-25T08:00:25+00:00\" \/>\n<meta property=\"article:modified_time\" content=\"2026-08-31T10:24:16+00:00\" \/>\n<meta property=\"og:image\" content=\"https:\/\/www.welex.es\/wp-content\/uploads\/2026\/05\/Levenslang-vruchtgebruik-in-Spanje_wat-het-is-en-hoe-u-de-waarde-ervan-berekent.png\" \/>\n\t<meta property=\"og:image:width\" content=\"1200\" \/>\n\t<meta property=\"og:image:height\" content=\"900\" \/>\n\t<meta property=\"og:image:type\" content=\"image\/png\" \/>\n<meta name=\"author\" content=\"Noelia\" \/>\n<meta name=\"twitter:card\" content=\"summary_large_image\" \/>\n<meta name=\"twitter:title\" content=\"Levenslang vruchtgebruik in Spanje: wat het is en hoe u de waarde ervan berekent\" \/>\n<meta name=\"twitter:label1\" content=\"Geschreven door\" \/>\n\t<meta name=\"twitter:data1\" content=\"Noelia\" \/>\n\t<meta name=\"twitter:label2\" content=\"Geschatte leestijd\" \/>\n\t<meta name=\"twitter:data2\" content=\"3 minuten\" \/>\n<script type=\"application\/ld+json\" class=\"yoast-schema-graph\">{\"@context\":\"https:\\\/\\\/schema.org\",\"@graph\":[{\"@type\":\"Article\",\"@id\":\"https:\\\/\\\/www.welex.es\\\/nl\\\/levenslang-vruchtgebruik-spanje\\\/#article\",\"isPartOf\":{\"@id\":\"https:\\\/\\\/www.welex.es\\\/nl\\\/levenslang-vruchtgebruik-spanje\\\/\"},\"author\":{\"name\":\"Noelia\",\"@id\":\"https:\\\/\\\/www.welex.es\\\/nl\\\/#\\\/schema\\\/person\\\/a63d0e9ba5ab8e6903606fc509960d03\"},\"headline\":\"Levenslang vruchtgebruik in Spanje: wat het is en hoe u de waarde ervan berekent\",\"datePublished\":\"2026-05-25T08:00:25+00:00\",\"dateModified\":\"2026-08-31T10:24:16+00:00\",\"mainEntityOfPage\":{\"@id\":\"https:\\\/\\\/www.welex.es\\\/nl\\\/levenslang-vruchtgebruik-spanje\\\/\"},\"wordCount\":389,\"publisher\":{\"@id\":\"https:\\\/\\\/www.welex.es\\\/#organization\"},\"image\":{\"@id\":\"https:\\\/\\\/www.welex.es\\\/nl\\\/levenslang-vruchtgebruik-spanje\\\/#primaryimage\"},\"thumbnailUrl\":\"https:\\\/\\\/www.welex.es\\\/wp-content\\\/uploads\\\/2026\\\/05\\\/Levenslang-vruchtgebruik-in-Spanje_wat-het-is-en-hoe-u-de-waarde-ervan-berekent.png\",\"keywords\":[\"vermogen Spanje\",\"fiscale planning\",\"vruchtgebruik spanje\",\"vastgoedrecht Spanje\",\"erfbelasting Spanje\",\"waarde vruchtgebruik\",\"advocaten Spanje\",\"berekening vruchtgebruik Spanje\"],\"articleSection\":[\"Vastgoed in Spanje\"],\"inLanguage\":\"nl-NL\"},{\"@type\":\"WebPage\",\"@id\":\"https:\\\/\\\/www.welex.es\\\/nl\\\/levenslang-vruchtgebruik-spanje\\\/\",\"url\":\"https:\\\/\\\/www.welex.es\\\/nl\\\/levenslang-vruchtgebruik-spanje\\\/\",\"name\":\"Levenslang vruchtgebruik in Spanje: wat het is en hoe u de waarde ervan berekent - Welex\",\"isPartOf\":{\"@id\":\"https:\\\/\\\/www.welex.es\\\/nl\\\/#website\"},\"primaryImageOfPage\":{\"@id\":\"https:\\\/\\\/www.welex.es\\\/nl\\\/levenslang-vruchtgebruik-spanje\\\/#primaryimage\"},\"image\":{\"@id\":\"https:\\\/\\\/www.welex.es\\\/nl\\\/levenslang-vruchtgebruik-spanje\\\/#primaryimage\"},\"thumbnailUrl\":\"https:\\\/\\\/www.welex.es\\\/wp-content\\\/uploads\\\/2026\\\/05\\\/Levenslang-vruchtgebruik-in-Spanje_wat-het-is-en-hoe-u-de-waarde-ervan-berekent.png\",\"datePublished\":\"2026-05-25T08:00:25+00:00\",\"dateModified\":\"2026-08-31T10:24:16+00:00\",\"description\":\"Ontdek wat levenslang vruchtgebruik in Spanje is en hoe u de waarde eenvoudig berekent. Inclusief praktische voorbeelden en fiscale tips.\",\"breadcrumb\":{\"@id\":\"https:\\\/\\\/www.welex.es\\\/nl\\\/levenslang-vruchtgebruik-spanje\\\/#breadcrumb\"},\"inLanguage\":\"nl-NL\",\"potentialAction\":[{\"@type\":\"ReadAction\",\"target\":[\"https:\\\/\\\/www.welex.es\\\/nl\\\/levenslang-vruchtgebruik-spanje\\\/\"]}]},{\"@type\":\"ImageObject\",\"inLanguage\":\"nl-NL\",\"@id\":\"https:\\\/\\\/www.welex.es\\\/nl\\\/levenslang-vruchtgebruik-spanje\\\/#primaryimage\",\"url\":\"https:\\\/\\\/www.welex.es\\\/wp-content\\\/uploads\\\/2026\\\/05\\\/Levenslang-vruchtgebruik-in-Spanje_wat-het-is-en-hoe-u-de-waarde-ervan-berekent.png\",\"contentUrl\":\"https:\\\/\\\/www.welex.es\\\/wp-content\\\/uploads\\\/2026\\\/05\\\/Levenslang-vruchtgebruik-in-Spanje_wat-het-is-en-hoe-u-de-waarde-ervan-berekent.png\",\"width\":1200,\"height\":900},{\"@type\":\"BreadcrumbList\",\"@id\":\"https:\\\/\\\/www.welex.es\\\/nl\\\/levenslang-vruchtgebruik-spanje\\\/#breadcrumb\",\"itemListElement\":[{\"@type\":\"ListItem\",\"position\":1,\"name\":\"Home\",\"item\":\"https:\\\/\\\/www.welex.es\\\/nl\\\/\"},{\"@type\":\"ListItem\",\"position\":2,\"name\":\"Levenslang vruchtgebruik in Spanje: wat het is en hoe u de waarde ervan berekent\"}]},{\"@type\":\"WebSite\",\"@id\":\"https:\\\/\\\/www.welex.es\\\/nl\\\/#website\",\"url\":\"https:\\\/\\\/www.welex.es\\\/nl\\\/\",\"name\":\"Welex\",\"description\":\"\",\"publisher\":{\"@id\":\"https:\\\/\\\/www.welex.es\\\/#organization\"},\"potentialAction\":[{\"@type\":\"SearchAction\",\"target\":{\"@type\":\"EntryPoint\",\"urlTemplate\":\"https:\\\/\\\/www.welex.es\\\/nl\\\/?s={search_term_string}\"},\"query-input\":{\"@type\":\"PropertyValueSpecification\",\"valueRequired\":true,\"valueName\":\"search_term_string\"}}],\"inLanguage\":\"nl-NL\"},{\"@type\":[\"Organization\",\"LegalService\"],\"@id\":\"https:\\\/\\\/www.welex.es\\\/#organization\",\"name\":\"Welex\",\"url\":\"https:\\\/\\\/www.welex.es\\\/\",\"logo\":{\"@type\":\"ImageObject\",\"inLanguage\":\"nl-NL\",\"@id\":\"https:\\\/\\\/www.welex.es\\\/#\\\/schema\\\/logo\\\/image\\\/\",\"url\":\"https:\\\/\\\/www.welex.es\\\/wp-content\\\/uploads\\\/2025\\\/05\\\/LOGOWELEXCORRECTO.png\",\"contentUrl\":\"https:\\\/\\\/www.welex.es\\\/wp-content\\\/uploads\\\/2025\\\/05\\\/LOGOWELEXCORRECTO.png\",\"width\":2147,\"height\":771,\"caption\":\"Welex\"},\"image\":{\"@id\":\"https:\\\/\\\/www.welex.es\\\/#\\\/schema\\\/logo\\\/image\\\/\"},\"sameAs\":[\"https:\\\/\\\/www.facebook.com\\\/WelexLawyersAccountants\\\/\",\"https:\\\/\\\/www.linkedin.com\\\/company\\\/welex\\\/\",\"https:\\\/\\\/www.instagram.com\\\/welex.lawyers\\\/\",\"https:\\\/\\\/www.tiktok.com\\\/@welex_lawyers_marbella\",\"https:\\\/\\\/lawyerscostadelsol.com\\\/\",\"https:\\\/\\\/www.accountant-spain.com\\\/\",\"https:\\\/\\\/welex-solicitors.com\\\/\"],\"description\":\"Law firm in Marbella providing legal, tax, labour and accounting advice to individuals and companies in Spain, with over 20 years of experience.\",\"email\":\"info@welex.es\",\"telephone\":\"+34952775521\",\"legalName\":\"Tr\u00e1mites Costa, S.L.\",\"numberOfEmployees\":{\"@type\":\"QuantitativeValue\",\"minValue\":\"11\",\"maxValue\":\"50\"},\"address\":{\"@type\":\"PostalAddress\",\"streetAddress\":\"Calle Ram\u00f3n G\u00f3mez de la Serna 23, Local 7\",\"addressLocality\":\"Marbella\",\"addressRegion\":\"M\u00e1laga\",\"postalCode\":\"29602\",\"addressCountry\":\"ES\"},\"geo\":{\"@type\":\"GeoCoordinates\",\"latitude\":36.5095366,\"longitude\":-4.8985745},\"hasMap\":\"https:\\\/\\\/www.google.com\\\/maps\\\/search\\\/?api=1&query=Welex+Marbella\",\"openingHoursSpecification\":[{\"@type\":\"OpeningHoursSpecification\",\"dayOfWeek\":[\"Monday\",\"Tuesday\",\"Wednesday\",\"Thursday\"],\"opens\":\"08:30\",\"closes\":\"17:00\"},{\"@type\":\"OpeningHoursSpecification\",\"dayOfWeek\":\"Friday\",\"opens\":\"08:30\",\"closes\":\"14:30\"}],\"areaServed\":[{\"@type\":\"Country\",\"name\":\"Spain\"},{\"@type\":\"AdministrativeArea\",\"name\":\"Costa del Sol\"},{\"@type\":\"City\",\"name\":\"Marbella\"}],\"knowsLanguage\":[\"es\",\"en\",\"nl\",\"fr\"],\"currenciesAccepted\":\"EUR\",\"priceRange\":\"$$\",\"slogan\":\"Juridische zekerheid. Fiscale duidelijkheid. Betrouwbaar advies.\",\"contactPoint\":[{\"@type\":\"ContactPoint\",\"telephone\":\"+34952775521\",\"email\":\"info@welex.es\",\"contactType\":\"customer service\",\"availableLanguage\":[\"English\",\"Spanish\",\"Dutch\",\"French\"],\"areaServed\":\"ES\"}],\"hasOfferCatalog\":{\"@type\":\"OfferCatalog\",\"name\":\"Juridische, fiscale en boekhoudkundige diensten in Spanje\",\"itemListElement\":[{\"@type\":\"Offer\",\"itemOffered\":{\"@type\":\"Service\",\"name\":\"Vastgoedadvocaten in Marbella: aankoop en verkoop van onroerend goed in Spanje\",\"url\":\"https:\\\/\\\/www.welex.es\\\/nl\\\/dienst\\\/advies-aan-en-verkoop-van-vastgoed-in-spanje\\\/\"}},{\"@type\":\"Offer\",\"itemOffered\":{\"@type\":\"Service\",\"name\":\"Advocaten gespecialiseerd in testamenten en erfenissen in Marbella\",\"url\":\"https:\\\/\\\/www.welex.es\\\/nl\\\/dienst\\\/testamenten-nalatenschappen-in-spanje\\\/\"}},{\"@type\":\"Offer\",\"itemOffered\":{\"@type\":\"Service\",\"name\":\"Vennootschapsrecht in Spanje\",\"url\":\"https:\\\/\\\/www.welex.es\\\/nl\\\/dienst\\\/bedrijven-en-vennootschappen-in-spanje\\\/\"}},{\"@type\":\"Offer\",\"itemOffered\":{\"@type\":\"Service\",\"name\":\"Arbeidsadvies in Spanje\",\"url\":\"https:\\\/\\\/www.welex.es\\\/nl\\\/dienst\\\/arbeids-zaken-in-spanje\\\/\"}},{\"@type\":\"Offer\",\"itemOffered\":{\"@type\":\"Service\",\"name\":\"Geschillenbeslechting in Spanje\",\"url\":\"https:\\\/\\\/www.welex.es\\\/nl\\\/dienst\\\/procesrecht-in-spanje\\\/\"}},{\"@type\":\"Offer\",\"itemOffered\":{\"@type\":\"Service\",\"name\":\"Inkomstenbelasting en Vermogensbelasting in Spanje\",\"url\":\"https:\\\/\\\/www.welex.es\\\/nl\\\/dienst\\\/aankoop-van-een-onroerende-zaak-door-een-natuurlijke-persoon-die-niet-resident-is-in-spanje\\\/\"}},{\"@type\":\"Offer\",\"itemOffered\":{\"@type\":\"Service\",\"name\":\"Fiscale verplichtingen van een S.L.-vennootschap\",\"url\":\"https:\\\/\\\/www.welex.es\\\/nl\\\/dienst\\\/verplichtingen-volgens-de-handelswetgeving-van-een-spaanse-vennootschap\\\/\"}},{\"@type\":\"Offer\",\"itemOffered\":{\"@type\":\"Service\",\"name\":\"Handelsverplichtingen van een S.L.-vennootschap\",\"url\":\"https:\\\/\\\/www.welex.es\\\/nl\\\/dienst\\\/fiscale-verplichtingen-van-een-vennootschap-spanje\\\/\"}},{\"@type\":\"Offer\",\"itemOffered\":{\"@type\":\"Service\",\"name\":\"Beoordeling van Spaanse financi\u00eble en boekhoudkundige jaarrekeningen\",\"url\":\"https:\\\/\\\/www.welex.es\\\/nl\\\/dienst\\\/herziening-van-de-financiele-en-boekhoudkundige-balansen-in-spanje\\\/\"}},{\"@type\":\"Offer\",\"itemOffered\":{\"@type\":\"Service\",\"name\":\"Belastingpunten\",\"url\":\"https:\\\/\\\/www.welex.es\\\/nl\\\/dienst\\\/tax-belasting-in-spanje\\\/\"}},{\"@type\":\"Offer\",\"itemOffered\":{\"@type\":\"Service\",\"name\":\"Formaliteiten\",\"url\":\"https:\\\/\\\/www.welex.es\\\/nl\\\/dienst\\\/bijzondere-procedures\\\/\"}}]}},{\"@type\":\"Person\",\"@id\":\"https:\\\/\\\/www.welex.es\\\/nl\\\/#\\\/schema\\\/person\\\/a63d0e9ba5ab8e6903606fc509960d03\",\"name\":\"Noelia\",\"image\":{\"@type\":\"ImageObject\",\"inLanguage\":\"nl-NL\",\"@id\":\"https:\\\/\\\/secure.gravatar.com\\\/avatar\\\/347f4755252771b373551cdfd69b8ff13bf2c1d64cd80997b4502c4224a6c3f1?s=96&d=mm&r=g\",\"url\":\"https:\\\/\\\/secure.gravatar.com\\\/avatar\\\/347f4755252771b373551cdfd69b8ff13bf2c1d64cd80997b4502c4224a6c3f1?s=96&d=mm&r=g\",\"contentUrl\":\"https:\\\/\\\/secure.gravatar.com\\\/avatar\\\/347f4755252771b373551cdfd69b8ff13bf2c1d64cd80997b4502c4224a6c3f1?s=96&d=mm&r=g\",\"caption\":\"Noelia\"}}]}<\/script>\n<!-- \/ Yoast SEO Premium plugin. -->","yoast_head_json":{"title":"Levenslang vruchtgebruik in Spanje: wat het is en hoe u de waarde ervan berekent - Welex","description":"Ontdek wat levenslang vruchtgebruik in Spanje is en hoe u de waarde eenvoudig berekent. Inclusief praktische voorbeelden en fiscale tips.","robots":{"index":"index","follow":"follow","max-snippet":"max-snippet:-1","max-image-preview":"max-image-preview:large","max-video-preview":"max-video-preview:-1"},"canonical":"https:\/\/www.welex.es\/nl\/levenslang-vruchtgebruik-spanje\/","og_locale":"nl_NL","og_type":"article","og_title":"Levenslang vruchtgebruik in Spanje: zo berekent u de waarde","og_description":"Leer wat levenslang vruchtgebruik is en hoe u de waarde berekent op basis van leeftijd. Handig voor erfenissen en fiscale planning.","og_url":"https:\/\/www.welex.es\/nl\/levenslang-vruchtgebruik-spanje\/","og_site_name":"Welex","article_publisher":"https:\/\/www.facebook.com\/WelexLawyersAccountants\/","article_published_time":"2026-05-25T08:00:25+00:00","article_modified_time":"2026-08-31T10:24:16+00:00","og_image":[{"width":1200,"height":900,"url":"https:\/\/www.welex.es\/wp-content\/uploads\/2026\/05\/Levenslang-vruchtgebruik-in-Spanje_wat-het-is-en-hoe-u-de-waarde-ervan-berekent.png","type":"image\/png"}],"author":"Noelia","twitter_card":"summary_large_image","twitter_title":"Levenslang vruchtgebruik in Spanje: wat het is en hoe u de waarde ervan berekent","twitter_misc":{"Geschreven door":"Noelia","Geschatte leestijd":"3 minuten"},"schema":{"@context":"https:\/\/schema.org","@graph":[{"@type":"Article","@id":"https:\/\/www.welex.es\/nl\/levenslang-vruchtgebruik-spanje\/#article","isPartOf":{"@id":"https:\/\/www.welex.es\/nl\/levenslang-vruchtgebruik-spanje\/"},"author":{"name":"Noelia","@id":"https:\/\/www.welex.es\/nl\/#\/schema\/person\/a63d0e9ba5ab8e6903606fc509960d03"},"headline":"Levenslang vruchtgebruik in Spanje: wat het is en hoe u de waarde ervan berekent","datePublished":"2026-05-25T08:00:25+00:00","dateModified":"2026-08-31T10:24:16+00:00","mainEntityOfPage":{"@id":"https:\/\/www.welex.es\/nl\/levenslang-vruchtgebruik-spanje\/"},"wordCount":389,"publisher":{"@id":"https:\/\/www.welex.es\/#organization"},"image":{"@id":"https:\/\/www.welex.es\/nl\/levenslang-vruchtgebruik-spanje\/#primaryimage"},"thumbnailUrl":"https:\/\/www.welex.es\/wp-content\/uploads\/2026\/05\/Levenslang-vruchtgebruik-in-Spanje_wat-het-is-en-hoe-u-de-waarde-ervan-berekent.png","keywords":["vermogen Spanje","fiscale planning","vruchtgebruik spanje","vastgoedrecht Spanje","erfbelasting Spanje","waarde vruchtgebruik","advocaten Spanje","berekening vruchtgebruik Spanje"],"articleSection":["Vastgoed in Spanje"],"inLanguage":"nl-NL"},{"@type":"WebPage","@id":"https:\/\/www.welex.es\/nl\/levenslang-vruchtgebruik-spanje\/","url":"https:\/\/www.welex.es\/nl\/levenslang-vruchtgebruik-spanje\/","name":"Levenslang vruchtgebruik in Spanje: wat het is en hoe u de waarde ervan berekent - Welex","isPartOf":{"@id":"https:\/\/www.welex.es\/nl\/#website"},"primaryImageOfPage":{"@id":"https:\/\/www.welex.es\/nl\/levenslang-vruchtgebruik-spanje\/#primaryimage"},"image":{"@id":"https:\/\/www.welex.es\/nl\/levenslang-vruchtgebruik-spanje\/#primaryimage"},"thumbnailUrl":"https:\/\/www.welex.es\/wp-content\/uploads\/2026\/05\/Levenslang-vruchtgebruik-in-Spanje_wat-het-is-en-hoe-u-de-waarde-ervan-berekent.png","datePublished":"2026-05-25T08:00:25+00:00","dateModified":"2026-08-31T10:24:16+00:00","description":"Ontdek wat levenslang vruchtgebruik in Spanje is en hoe u de waarde eenvoudig berekent. Inclusief praktische voorbeelden en fiscale tips.","breadcrumb":{"@id":"https:\/\/www.welex.es\/nl\/levenslang-vruchtgebruik-spanje\/#breadcrumb"},"inLanguage":"nl-NL","potentialAction":[{"@type":"ReadAction","target":["https:\/\/www.welex.es\/nl\/levenslang-vruchtgebruik-spanje\/"]}]},{"@type":"ImageObject","inLanguage":"nl-NL","@id":"https:\/\/www.welex.es\/nl\/levenslang-vruchtgebruik-spanje\/#primaryimage","url":"https:\/\/www.welex.es\/wp-content\/uploads\/2026\/05\/Levenslang-vruchtgebruik-in-Spanje_wat-het-is-en-hoe-u-de-waarde-ervan-berekent.png","contentUrl":"https:\/\/www.welex.es\/wp-content\/uploads\/2026\/05\/Levenslang-vruchtgebruik-in-Spanje_wat-het-is-en-hoe-u-de-waarde-ervan-berekent.png","width":1200,"height":900},{"@type":"BreadcrumbList","@id":"https:\/\/www.welex.es\/nl\/levenslang-vruchtgebruik-spanje\/#breadcrumb","itemListElement":[{"@type":"ListItem","position":1,"name":"Home","item":"https:\/\/www.welex.es\/nl\/"},{"@type":"ListItem","position":2,"name":"Levenslang vruchtgebruik in Spanje: wat het is en hoe u de waarde ervan berekent"}]},{"@type":"WebSite","@id":"https:\/\/www.welex.es\/nl\/#website","url":"https:\/\/www.welex.es\/nl\/","name":"Welex","description":"","publisher":{"@id":"https:\/\/www.welex.es\/#organization"},"potentialAction":[{"@type":"SearchAction","target":{"@type":"EntryPoint","urlTemplate":"https:\/\/www.welex.es\/nl\/?s={search_term_string}"},"query-input":{"@type":"PropertyValueSpecification","valueRequired":true,"valueName":"search_term_string"}}],"inLanguage":"nl-NL"},{"@type":["Organization","LegalService"],"@id":"https:\/\/www.welex.es\/#organization","name":"Welex","url":"https:\/\/www.welex.es\/","logo":{"@type":"ImageObject","inLanguage":"nl-NL","@id":"https:\/\/www.welex.es\/#\/schema\/logo\/image\/","url":"https:\/\/www.welex.es\/wp-content\/uploads\/2025\/05\/LOGOWELEXCORRECTO.png","contentUrl":"https:\/\/www.welex.es\/wp-content\/uploads\/2025\/05\/LOGOWELEXCORRECTO.png","width":2147,"height":771,"caption":"Welex"},"image":{"@id":"https:\/\/www.welex.es\/#\/schema\/logo\/image\/"},"sameAs":["https:\/\/www.facebook.com\/WelexLawyersAccountants\/","https:\/\/www.linkedin.com\/company\/welex\/","https:\/\/www.instagram.com\/welex.lawyers\/","https:\/\/www.tiktok.com\/@welex_lawyers_marbella","https:\/\/lawyerscostadelsol.com\/","https:\/\/www.accountant-spain.com\/","https:\/\/welex-solicitors.com\/"],"description":"Law firm in Marbella providing legal, tax, labour and accounting advice to individuals and companies in Spain, with over 20 years of experience.","email":"info@welex.es","telephone":"+34952775521","legalName":"Tr\u00e1mites Costa, S.L.","numberOfEmployees":{"@type":"QuantitativeValue","minValue":"11","maxValue":"50"},"address":{"@type":"PostalAddress","streetAddress":"Calle Ram\u00f3n G\u00f3mez de la Serna 23, Local 7","addressLocality":"Marbella","addressRegion":"M\u00e1laga","postalCode":"29602","addressCountry":"ES"},"geo":{"@type":"GeoCoordinates","latitude":36.5095366,"longitude":-4.8985745},"hasMap":"https:\/\/www.google.com\/maps\/search\/?api=1&query=Welex+Marbella","openingHoursSpecification":[{"@type":"OpeningHoursSpecification","dayOfWeek":["Monday","Tuesday","Wednesday","Thursday"],"opens":"08:30","closes":"17:00"},{"@type":"OpeningHoursSpecification","dayOfWeek":"Friday","opens":"08:30","closes":"14:30"}],"areaServed":[{"@type":"Country","name":"Spain"},{"@type":"AdministrativeArea","name":"Costa del Sol"},{"@type":"City","name":"Marbella"}],"knowsLanguage":["es","en","nl","fr"],"currenciesAccepted":"EUR","priceRange":"$$","slogan":"Juridische zekerheid. Fiscale duidelijkheid. Betrouwbaar advies.","contactPoint":[{"@type":"ContactPoint","telephone":"+34952775521","email":"info@welex.es","contactType":"customer service","availableLanguage":["English","Spanish","Dutch","French"],"areaServed":"ES"}],"hasOfferCatalog":{"@type":"OfferCatalog","name":"Juridische, fiscale en boekhoudkundige diensten in Spanje","itemListElement":[{"@type":"Offer","itemOffered":{"@type":"Service","name":"Vastgoedadvocaten in Marbella: aankoop en verkoop van onroerend goed in Spanje","url":"https:\/\/www.welex.es\/nl\/dienst\/advies-aan-en-verkoop-van-vastgoed-in-spanje\/"}},{"@type":"Offer","itemOffered":{"@type":"Service","name":"Advocaten gespecialiseerd in testamenten en erfenissen in Marbella","url":"https:\/\/www.welex.es\/nl\/dienst\/testamenten-nalatenschappen-in-spanje\/"}},{"@type":"Offer","itemOffered":{"@type":"Service","name":"Vennootschapsrecht in Spanje","url":"https:\/\/www.welex.es\/nl\/dienst\/bedrijven-en-vennootschappen-in-spanje\/"}},{"@type":"Offer","itemOffered":{"@type":"Service","name":"Arbeidsadvies in Spanje","url":"https:\/\/www.welex.es\/nl\/dienst\/arbeids-zaken-in-spanje\/"}},{"@type":"Offer","itemOffered":{"@type":"Service","name":"Geschillenbeslechting in Spanje","url":"https:\/\/www.welex.es\/nl\/dienst\/procesrecht-in-spanje\/"}},{"@type":"Offer","itemOffered":{"@type":"Service","name":"Inkomstenbelasting en Vermogensbelasting in Spanje","url":"https:\/\/www.welex.es\/nl\/dienst\/aankoop-van-een-onroerende-zaak-door-een-natuurlijke-persoon-die-niet-resident-is-in-spanje\/"}},{"@type":"Offer","itemOffered":{"@type":"Service","name":"Fiscale verplichtingen van een S.L.-vennootschap","url":"https:\/\/www.welex.es\/nl\/dienst\/verplichtingen-volgens-de-handelswetgeving-van-een-spaanse-vennootschap\/"}},{"@type":"Offer","itemOffered":{"@type":"Service","name":"Handelsverplichtingen van een S.L.-vennootschap","url":"https:\/\/www.welex.es\/nl\/dienst\/fiscale-verplichtingen-van-een-vennootschap-spanje\/"}},{"@type":"Offer","itemOffered":{"@type":"Service","name":"Beoordeling van Spaanse financi\u00eble en boekhoudkundige jaarrekeningen","url":"https:\/\/www.welex.es\/nl\/dienst\/herziening-van-de-financiele-en-boekhoudkundige-balansen-in-spanje\/"}},{"@type":"Offer","itemOffered":{"@type":"Service","name":"Belastingpunten","url":"https:\/\/www.welex.es\/nl\/dienst\/tax-belasting-in-spanje\/"}},{"@type":"Offer","itemOffered":{"@type":"Service","name":"Formaliteiten","url":"https:\/\/www.welex.es\/nl\/dienst\/bijzondere-procedures\/"}}]}},{"@type":"Person","@id":"https:\/\/www.welex.es\/nl\/#\/schema\/person\/a63d0e9ba5ab8e6903606fc509960d03","name":"Noelia","image":{"@type":"ImageObject","inLanguage":"nl-NL","@id":"https:\/\/secure.gravatar.com\/avatar\/347f4755252771b373551cdfd69b8ff13bf2c1d64cd80997b4502c4224a6c3f1?s=96&d=mm&r=g","url":"https:\/\/secure.gravatar.com\/avatar\/347f4755252771b373551cdfd69b8ff13bf2c1d64cd80997b4502c4224a6c3f1?s=96&d=mm&r=g","contentUrl":"https:\/\/secure.gravatar.com\/avatar\/347f4755252771b373551cdfd69b8ff13bf2c1d64cd80997b4502c4224a6c3f1?s=96&d=mm&r=g","caption":"Noelia"}}]}},"_links":{"self":[{"href":"https:\/\/www.welex.es\/nl\/wp-json\/wp\/v2\/posts\/30587","targetHints":{"allow":["GET"]}}],"collection":[{"href":"https:\/\/www.welex.es\/nl\/wp-json\/wp\/v2\/posts"}],"about":[{"href":"https:\/\/www.welex.es\/nl\/wp-json\/wp\/v2\/types\/post"}],"author":[{"embeddable":true,"href":"https:\/\/www.welex.es\/nl\/wp-json\/wp\/v2\/users\/2"}],"replies":[{"embeddable":true,"href":"https:\/\/www.welex.es\/nl\/wp-json\/wp\/v2\/comments?post=30587"}],"version-history":[{"count":4,"href":"https:\/\/www.welex.es\/nl\/wp-json\/wp\/v2\/posts\/30587\/revisions"}],"predecessor-version":[{"id":32097,"href":"https:\/\/www.welex.es\/nl\/wp-json\/wp\/v2\/posts\/30587\/revisions\/32097"}],"wp:featuredmedia":[{"embeddable":true,"href":"https:\/\/www.welex.es\/nl\/wp-json\/wp\/v2\/media\/30570"}],"wp:attachment":[{"href":"https:\/\/www.welex.es\/nl\/wp-json\/wp\/v2\/media?parent=30587"}],"wp:term":[{"taxonomy":"category","embeddable":true,"href":"https:\/\/www.welex.es\/nl\/wp-json\/wp\/v2\/categories?post=30587"},{"taxonomy":"post_tag","embeddable":true,"href":"https:\/\/www.welex.es\/nl\/wp-json\/wp\/v2\/tags?post=30587"}],"curies":[{"name":"wp","href":"https:\/\/api.w.org\/{rel}","templated":true}]}}