{"id":8257,"date":"2017-05-15T08:01:02","date_gmt":"2017-05-15T07:01:02","guid":{"rendered":"https:\/\/www.welex.es\/?p=8257\/"},"modified":"2025-09-09T07:30:16","modified_gmt":"2025-09-09T07:30:16","slug":"reisgids-voor-de-costa-del-sol-el-rincon-de-la-victoria","status":"publish","type":"post","link":"https:\/\/www.welex.es\/nl\/reisgids-voor-de-costa-del-sol-el-rincon-de-la-victoria\/","title":{"rendered":"Reisgids voor de Costa del Sol: El Rinc\u00f3n de la Victoria"},"content":{"rendered":"<p>Zoek je een origineel uitstapje aan de Zuid-Spaanse kust, bezoek dan eens Rinc\u00f3n de la Victoria. Dit van oorsprong vissersdorp is in tegenstelling tot veel andere kustplaatsen aan de <strong>Costa del Sol<\/strong> nog niet overspoeld door massatoerisme, zodat je je nog in authentiek Andalusi\u00eb begeeft. \u00a0In dit blog beschrijven we de belangrijkste plekjes en locaties van <strong>Rinc\u00f3n de la Victoria<\/strong>.<\/p>\n<p>&nbsp;<\/p>\n<p>Achtergrondinformatie over Rinc\u00f3n de la Victoria<\/p>\n<p>In de provincie M\u00e1laga bevindt zich ten westen van de streek Axarqu\u00eda en ten oosten van de stad M\u00e1laga de plaats Rinc\u00f3n de la Victoria. Deze was tot 1949 bekend als <strong>Benagalb\u00f3n<\/strong>. Rinc\u00f3n de la Victoria dankt zijn naam aan de orde van de Minderbroeders, die de Maagd van de Victoria bijzonder vereerden. Volgens een onderzoek is de wijlzijnsindex in deze gemeente het hoogst van de hele provincie M\u00e1laga. Het onderzoek werd uitgevoerd door de Andalusische Vereniging van Economisch Analisten (AEA).<\/p>\n<p><img fetchpriority=\"high\" decoding=\"async\" class=\"size-full wp-image-10042 aligncenter\" src=\"https:\/\/www.welex.es\/wp-content\/uploads\/2025\/09\/rincon-victoria-malaga-2.jpg\" alt=\"\" width=\"600\" height=\"450\" \/><\/p>\n<p>&nbsp;<\/p>\n<p>Als we bij dat hoge gevoel van welzijn dat deze plaats oproept het <strong>milde klimaat<\/strong> bij tellen en dat in combinatie met de rustige stranden en het mooie achterland, begrijpen we waarom het voor veel Spanjaarden maar ook buitenlanders zo&#8217;n ideale plek is om te bezoeken en in veel gevallen ook te wonen. Oorspronkelijk vormden de visserij en de landbouw de voornaamste bron van inkomsten. Vanaf de jaren 60 kwam echter de bouw van appartementen en vakantiehuizen op gang.<\/p>\n<p>&nbsp;<\/p>\n<p>De voornaamste <strong>economische activiteit<\/strong> wordt vertegenwoordigd door de dienstensector. Ruim 50 procent van de werkende bevolking heeft een baan in deze sector. Horeca en commercie vormen hier logischerwijs de hoofdmoot, gevolgd door de bouwsector. Nu wijdt nog slechts 12 procent van de bevolking zich aan de landbouw.<\/p>\n<p>&nbsp;<\/p>\n<p>In de Rinc\u00f3n is <strong>de visserij<\/strong> nog steeds belangrijk. Als u van vissen houdt kunt u \u2019s morgens vroeg naar het strand van Rinc\u00f3n gaan om het tafereel van de traditionele visvangst gade te slaan en een paar vers gevangen sardientjes op spies te verorberen.\u00a0 Elk jaar worden er tijdens de zomerfeesten in Rinc\u00f3n <strong>wedstrijden<\/strong> gehouden met <strong><em>j\u00e1begas<\/em><\/strong>, traditionele vissersboten waarvan de oorsprong nog teruggaat tot de tijd van de Fenici\u00ebrs.<\/p>\n<p>&nbsp;<\/p>\n<p>Monumenten en plaatsen die een must zijn<\/p>\n<p>Het <strong>kasteel van Bezmiliana<\/strong> is een ommuurd fort uit de 18e eeuw. Het werd gebouwd in de tijd van Karel III die het volk wilde beschermen tegen het gevaar van de Engelse en Nederlandse piraten. Andere militaire verdedigingswerken zijn de <strong>torens Almenaras<\/strong>, <strong>El Cantal<\/strong>, die op een klif staat, en de toren van <strong>Benagalb\u00f3n<\/strong>. Ze maakten samen deel uit van het verdedigingssysteem van het koninkrijk van Granada in de tijd van de Arabieren.<\/p>\n<p>De <strong><em>Cueva del Tesoro <\/em><\/strong>(grot van de schat) die in Rinc\u00f3n de la Victoria ligt, vormt de enige door zeewater gevormde grot van Europa en een van de slechts drie die er wereldwijd bestaan. Een must om te bezoeken, want al is de grot klein, binnen is het er prachtig. De rotstekeningen die binnen zijn aangetroffen zijn tot cultureel erfgoed verklaard. De grot is ook bekend als de grot van de <em>Higuer\u00f3n (<\/em>grote vijgenboom) of <em>del Suizo<\/em> (de Zwitser). Dat komt door een legende over de schat van de koninklijke Almoravidenfamilie, die daar zou liggen. De Zwitser die jarenlang in de grot woonde en op zoek was naar die grat, kwam door een ongeluk tijdens zijn zoektocht om het leven.<\/p>\n<p>In <strong>La Cueva de la Victoria<\/strong> zijn rotstekeningen aanwezig vanaf de Midden Steentijd tot de Brons- en IJzertijd.<\/p>\n<p>&nbsp;<\/p>\n<p>De stranden van Rinc\u00f3n de la Victoria<\/p>\n<p>De kuststreek van Rinc\u00f3n de la Victoria onderscheidt zich met vier belangrijke stranden:<\/p>\n<p>Het strand van <strong>la Cala del Moral<\/strong> behoort tot het kleine kustdorpje la Cala del Moral. Het grenst in het westen aan M\u00e1laga en in het oosten aan Rinc\u00f3n de la Victoria. Het strand is er erg aantrekkelijk. De boulevard loopt hoog boven zee over kliffen en het strand is 1,3 kilometer lang. Het bestaat uit grind en donker zand. Het zeewater is hier doorgaans helder en kalm.<\/p>\n<p>&nbsp;<\/p>\n<p>Foto. Tekst Alt: Stranden van Rinc\u00f3n de la Victoria<\/p>\n<p>&nbsp;<\/p>\n<p><strong>Het strand van Rinc\u00f3n de la Victoria<\/strong> is groot en breed met een lengte van 3,6 kilometer. Langs het grootste gedeelte ervan loopt de boulevard die weer direct toegang geeft tot het centrum van Rinc\u00f3n de la Victoria. Net als in la Cala del Moral is het zand donker, het water kalm en in de zomer is het er heel druk met vooral Spaanse toeristen die uit het binnenland verkoeling komen zoeken aan zee.<\/p>\n<p><strong>Het strand van Torre de Benagalb\u00f3n<\/strong> is deels verstedelijkt en heeft een lengte van 700 m. Het zand is donker, de golfslag is gematigd en het is er minder druk dan in Rinc\u00f3n zelf.<\/p>\n<p><strong>Playa de los Rubios<\/strong>: 1,1 kilometer lang strand met vergelijkbare kenmerken als die van Torre de Benagalb\u00f3n, half verstedelijkt, donker zand, gematigde golfslag en matig druk.<\/p>\n<p>&nbsp;<\/p>\n<p>Zit u met een juridische kwestie waarvoor u op zoek bent naar een advocaat in Rinc\u00f3n de la Victoria? Neem dan <a href=\"https:\/\/www.welex.es\/nl\/contact\/\">contact<\/a> op met een van de Nederlandstalige advocaten of juridische adviseurs van Welex, uw advocatenkantoor in Spanje.<\/p>\n<p>&nbsp;<\/p>\n<p>Advocaat Rinc\u00f3n de la victoria, accountant Rinc\u00f3n de la victoria, erfrecht Rinc\u00f3n de la victoria, belasting Rinc\u00f3n de la victoria, advocatenkantoor Rinc\u00f3n de la Victoria.<\/p>\n<p>&nbsp;<\/p>\n","protected":false},"excerpt":{"rendered":"<p>Zoek je een origineel uitstapje aan de Zuid-Spaanse kust, bezoek dan eens Rinc\u00f3n de la Victoria. Dit van oorsprong vissersdorp is in tegenstelling tot veel andere kustplaatsen aan de Costa del Sol nog niet overspoeld door massatoerisme, zodat je je nog in authentiek Andalusi\u00eb begeeft. \u00a0In dit blog beschrijven we de belangrijkste plekjes en locaties [&hellip;]<\/p>\n","protected":false},"author":4,"featured_media":10043,"comment_status":"closed","ping_status":"closed","sticky":false,"template":"","format":"standard","meta":{"_acf_changed":false,"footnotes":""},"categories":[428],"tags":[2526,2527,2528,2529,3104,3115,3169,3177],"class_list":["post-8257","post","type-post","status-publish","format-standard","has-post-thumbnail","hentry","category-toerisme-en-cultuur-in-spanje","tag-advocaat-rincon-de-la-victoria","tag-advocatenkantoor-rincon-de-la-victoria","tag-belasting-rincon-de-la-victoria","tag-erfrecht-rincon-de-la-victoria","tag-accountant-rincon-de-la-victoria-2","tag-rincon-de-la-victoria-2-2","tag-turismo-costa-del-sol-3","tag-malaga-2-2"],"acf":[],"yoast_head":"<!-- This site is optimized with the Yoast SEO Premium plugin v27.9 (Yoast SEO v27.9) - https:\/\/yoast.com\/product\/yoast-seo-premium-wordpress\/ -->\n<title>Reisgids voor de Costa del Sol: El Rinc\u00f3n de la Victoria - Welex<\/title>\n<meta name=\"description\" content=\"Ontdek op deze pagina de kustplaats Rinc\u00f3n de la Victoria. Deze kustplaats ligt aan de Costa del Sol en beschikt over een geheel eigen identiteit.\" \/>\n<meta name=\"robots\" content=\"index, follow, max-snippet:-1, max-image-preview:large, max-video-preview:-1\" \/>\n<link rel=\"canonical\" href=\"https:\/\/www.welex.es\/nl\/reisgids-voor-de-costa-del-sol-el-rincon-de-la-victoria\/\" \/>\n<meta property=\"og:locale\" content=\"nl_NL\" \/>\n<meta property=\"og:type\" content=\"article\" \/>\n<meta property=\"og:title\" content=\"Reisgids voor de Costa del Sol: El Rinc\u00f3n de la Victoria\" \/>\n<meta property=\"og:description\" content=\"Ontdek op deze pagina de kustplaats Rinc\u00f3n de la Victoria. Deze kustplaats ligt aan de Costa del Sol en beschikt over een geheel eigen identiteit.\" \/>\n<meta property=\"og:url\" content=\"https:\/\/www.welex.es\/nl\/reisgids-voor-de-costa-del-sol-el-rincon-de-la-victoria\/\" \/>\n<meta property=\"og:site_name\" content=\"Welex\" \/>\n<meta property=\"article:publisher\" content=\"https:\/\/www.facebook.com\/WelexLawyersAccountants\/\" \/>\n<meta property=\"article:published_time\" content=\"2017-05-15T07:01:02+00:00\" \/>\n<meta property=\"article:modified_time\" content=\"2025-09-09T07:30:16+00:00\" \/>\n<meta property=\"og:image\" content=\"https:\/\/www.welex.es\/wp-content\/uploads\/2017\/05\/rincon-victoria-malaga-3.jpg\" \/>\n\t<meta property=\"og:image:width\" content=\"600\" \/>\n\t<meta property=\"og:image:height\" content=\"450\" \/>\n\t<meta property=\"og:image:type\" content=\"image\/jpeg\" \/>\n<meta name=\"author\" content=\"Welex Lawyers Accountants Wim\" \/>\n<meta name=\"twitter:card\" content=\"summary_large_image\" \/>\n<meta name=\"twitter:label1\" content=\"Geschreven door\" \/>\n\t<meta name=\"twitter:data1\" content=\"Welex Lawyers Accountants Wim\" \/>\n\t<meta name=\"twitter:label2\" content=\"Geschatte leestijd\" \/>\n\t<meta name=\"twitter:data2\" content=\"4 minuten\" \/>\n<script type=\"application\/ld+json\" class=\"yoast-schema-graph\">{\"@context\":\"https:\\\/\\\/schema.org\",\"@graph\":[{\"@type\":\"Article\",\"@id\":\"https:\\\/\\\/www.welex.es\\\/nl\\\/reisgids-voor-de-costa-del-sol-el-rincon-de-la-victoria\\\/#article\",\"isPartOf\":{\"@id\":\"https:\\\/\\\/www.welex.es\\\/nl\\\/reisgids-voor-de-costa-del-sol-el-rincon-de-la-victoria\\\/\"},\"author\":{\"name\":\"Welex Lawyers Accountants Wim\",\"@id\":\"https:\\\/\\\/www.welex.es\\\/nl\\\/#\\\/schema\\\/person\\\/fe98500e4b874772cfdbd1417c913f57\"},\"headline\":\"Reisgids voor de Costa del Sol: El Rinc\u00f3n de la Victoria\",\"datePublished\":\"2017-05-15T07:01:02+00:00\",\"dateModified\":\"2025-09-09T07:30:16+00:00\",\"mainEntityOfPage\":{\"@id\":\"https:\\\/\\\/www.welex.es\\\/nl\\\/reisgids-voor-de-costa-del-sol-el-rincon-de-la-victoria\\\/\"},\"wordCount\":906,\"publisher\":{\"@id\":\"https:\\\/\\\/www.welex.es\\\/#organization\"},\"image\":{\"@id\":\"https:\\\/\\\/www.welex.es\\\/nl\\\/reisgids-voor-de-costa-del-sol-el-rincon-de-la-victoria\\\/#primaryimage\"},\"thumbnailUrl\":\"https:\\\/\\\/www.welex.es\\\/wp-content\\\/uploads\\\/2017\\\/05\\\/rincon-victoria-malaga-3.jpg\",\"keywords\":[\"Advocaat Rinc\u00f3n de la victoria\",\"advocatenkantoor Rinc\u00f3n de la Victoria\",\"belasting Rinc\u00f3n de la victoria\",\"erfrecht Rinc\u00f3n de la victoria\",\"accountant Rinc\u00f3n de la Victoria\",\"Rinc\u00f3n de la Victoria\",\"turismo costa del sol\",\"malaga\"],\"articleSection\":[\"Toerisme en Cultuur in Spanje\"],\"inLanguage\":\"nl-NL\"},{\"@type\":\"WebPage\",\"@id\":\"https:\\\/\\\/www.welex.es\\\/nl\\\/reisgids-voor-de-costa-del-sol-el-rincon-de-la-victoria\\\/\",\"url\":\"https:\\\/\\\/www.welex.es\\\/nl\\\/reisgids-voor-de-costa-del-sol-el-rincon-de-la-victoria\\\/\",\"name\":\"Reisgids voor de Costa del Sol: El Rinc\u00f3n de la Victoria - Welex\",\"isPartOf\":{\"@id\":\"https:\\\/\\\/www.welex.es\\\/nl\\\/#website\"},\"primaryImageOfPage\":{\"@id\":\"https:\\\/\\\/www.welex.es\\\/nl\\\/reisgids-voor-de-costa-del-sol-el-rincon-de-la-victoria\\\/#primaryimage\"},\"image\":{\"@id\":\"https:\\\/\\\/www.welex.es\\\/nl\\\/reisgids-voor-de-costa-del-sol-el-rincon-de-la-victoria\\\/#primaryimage\"},\"thumbnailUrl\":\"https:\\\/\\\/www.welex.es\\\/wp-content\\\/uploads\\\/2017\\\/05\\\/rincon-victoria-malaga-3.jpg\",\"datePublished\":\"2017-05-15T07:01:02+00:00\",\"dateModified\":\"2025-09-09T07:30:16+00:00\",\"description\":\"Ontdek op deze pagina de kustplaats Rinc\u00f3n de la Victoria. Deze kustplaats ligt aan de Costa del Sol en beschikt over een geheel eigen identiteit.\",\"breadcrumb\":{\"@id\":\"https:\\\/\\\/www.welex.es\\\/nl\\\/reisgids-voor-de-costa-del-sol-el-rincon-de-la-victoria\\\/#breadcrumb\"},\"inLanguage\":\"nl-NL\",\"potentialAction\":[{\"@type\":\"ReadAction\",\"target\":[\"https:\\\/\\\/www.welex.es\\\/nl\\\/reisgids-voor-de-costa-del-sol-el-rincon-de-la-victoria\\\/\"]}]},{\"@type\":\"ImageObject\",\"inLanguage\":\"nl-NL\",\"@id\":\"https:\\\/\\\/www.welex.es\\\/nl\\\/reisgids-voor-de-costa-del-sol-el-rincon-de-la-victoria\\\/#primaryimage\",\"url\":\"https:\\\/\\\/www.welex.es\\\/wp-content\\\/uploads\\\/2017\\\/05\\\/rincon-victoria-malaga-3.jpg\",\"contentUrl\":\"https:\\\/\\\/www.welex.es\\\/wp-content\\\/uploads\\\/2017\\\/05\\\/rincon-victoria-malaga-3.jpg\",\"width\":600,\"height\":450,\"caption\":\"rincon victoria malaga 3\"},{\"@type\":\"BreadcrumbList\",\"@id\":\"https:\\\/\\\/www.welex.es\\\/nl\\\/reisgids-voor-de-costa-del-sol-el-rincon-de-la-victoria\\\/#breadcrumb\",\"itemListElement\":[{\"@type\":\"ListItem\",\"position\":1,\"name\":\"Home\",\"item\":\"https:\\\/\\\/www.welex.es\\\/nl\\\/\"},{\"@type\":\"ListItem\",\"position\":2,\"name\":\"Reisgids voor de Costa del Sol: El Rinc\u00f3n de la Victoria\"}]},{\"@type\":\"WebSite\",\"@id\":\"https:\\\/\\\/www.welex.es\\\/nl\\\/#website\",\"url\":\"https:\\\/\\\/www.welex.es\\\/nl\\\/\",\"name\":\"Welex\",\"description\":\"\",\"publisher\":{\"@id\":\"https:\\\/\\\/www.welex.es\\\/#organization\"},\"potentialAction\":[{\"@type\":\"SearchAction\",\"target\":{\"@type\":\"EntryPoint\",\"urlTemplate\":\"https:\\\/\\\/www.welex.es\\\/nl\\\/?s={search_term_string}\"},\"query-input\":{\"@type\":\"PropertyValueSpecification\",\"valueRequired\":true,\"valueName\":\"search_term_string\"}}],\"inLanguage\":\"nl-NL\"},{\"@type\":[\"Organization\",\"LegalService\"],\"@id\":\"https:\\\/\\\/www.welex.es\\\/#organization\",\"name\":\"Welex\",\"url\":\"https:\\\/\\\/www.welex.es\\\/\",\"logo\":{\"@type\":\"ImageObject\",\"inLanguage\":\"nl-NL\",\"@id\":\"https:\\\/\\\/www.welex.es\\\/#\\\/schema\\\/logo\\\/image\\\/\",\"url\":\"https:\\\/\\\/www.welex.es\\\/wp-content\\\/uploads\\\/2025\\\/05\\\/LOGOWELEXCORRECTO.png\",\"contentUrl\":\"https:\\\/\\\/www.welex.es\\\/wp-content\\\/uploads\\\/2025\\\/05\\\/LOGOWELEXCORRECTO.png\",\"width\":2147,\"height\":771,\"caption\":\"Welex\"},\"image\":{\"@id\":\"https:\\\/\\\/www.welex.es\\\/#\\\/schema\\\/logo\\\/image\\\/\"},\"sameAs\":[\"https:\\\/\\\/www.facebook.com\\\/WelexLawyersAccountants\\\/\",\"https:\\\/\\\/www.linkedin.com\\\/company\\\/welex\\\/\",\"https:\\\/\\\/www.instagram.com\\\/welex.lawyers\\\/\",\"https:\\\/\\\/www.tiktok.com\\\/@welex_lawyers_marbella\",\"https:\\\/\\\/lawyerscostadelsol.com\\\/\",\"https:\\\/\\\/www.accountant-spain.com\\\/\",\"https:\\\/\\\/welex-solicitors.com\\\/\"],\"description\":\"Law firm in Marbella providing legal, tax, labour and accounting advice to individuals and companies in Spain, with over 20 years of experience.\",\"email\":\"info@welex.es\",\"telephone\":\"+34952775521\",\"legalName\":\"Tr\u00e1mites Costa, S.L.\",\"numberOfEmployees\":{\"@type\":\"QuantitativeValue\",\"minValue\":\"11\",\"maxValue\":\"50\"},\"address\":{\"@type\":\"PostalAddress\",\"streetAddress\":\"Calle Ram\u00f3n G\u00f3mez de la Serna 23, Local 7\",\"addressLocality\":\"Marbella\",\"addressRegion\":\"M\u00e1laga\",\"postalCode\":\"29602\",\"addressCountry\":\"ES\"},\"geo\":{\"@type\":\"GeoCoordinates\",\"latitude\":36.5095366,\"longitude\":-4.8985745},\"hasMap\":\"https:\\\/\\\/www.google.com\\\/maps\\\/search\\\/?api=1&query=Welex+Marbella\",\"openingHoursSpecification\":[{\"@type\":\"OpeningHoursSpecification\",\"dayOfWeek\":[\"Monday\",\"Tuesday\",\"Wednesday\",\"Thursday\"],\"opens\":\"08:30\",\"closes\":\"17:00\"},{\"@type\":\"OpeningHoursSpecification\",\"dayOfWeek\":\"Friday\",\"opens\":\"08:30\",\"closes\":\"14:30\"}],\"areaServed\":[{\"@type\":\"Country\",\"name\":\"Spain\"},{\"@type\":\"AdministrativeArea\",\"name\":\"Costa del Sol\"},{\"@type\":\"City\",\"name\":\"Marbella\"}],\"knowsLanguage\":[\"es\",\"en\",\"nl\",\"fr\"],\"currenciesAccepted\":\"EUR\",\"priceRange\":\"$$\",\"slogan\":\"Juridische zekerheid. Fiscale duidelijkheid. Betrouwbaar advies.\",\"contactPoint\":[{\"@type\":\"ContactPoint\",\"telephone\":\"+34952775521\",\"email\":\"info@welex.es\",\"contactType\":\"customer service\",\"availableLanguage\":[\"English\",\"Spanish\",\"Dutch\",\"French\"],\"areaServed\":\"ES\"}],\"hasOfferCatalog\":{\"@type\":\"OfferCatalog\",\"name\":\"Juridische, fiscale en boekhoudkundige diensten in Spanje\",\"itemListElement\":[{\"@type\":\"Offer\",\"itemOffered\":{\"@type\":\"Service\",\"name\":\"Vastgoedadvocaten in Marbella: aankoop en verkoop van onroerend goed in Spanje\",\"url\":\"https:\\\/\\\/www.welex.es\\\/nl\\\/dienst\\\/advies-aan-en-verkoop-van-vastgoed-in-spanje\\\/\"}},{\"@type\":\"Offer\",\"itemOffered\":{\"@type\":\"Service\",\"name\":\"Advocaten gespecialiseerd in testamenten en erfenissen in Marbella\",\"url\":\"https:\\\/\\\/www.welex.es\\\/nl\\\/dienst\\\/testamenten-nalatenschappen-in-spanje\\\/\"}},{\"@type\":\"Offer\",\"itemOffered\":{\"@type\":\"Service\",\"name\":\"Vennootschapsrecht in Spanje\",\"url\":\"https:\\\/\\\/www.welex.es\\\/nl\\\/dienst\\\/bedrijven-en-vennootschappen-in-spanje\\\/\"}},{\"@type\":\"Offer\",\"itemOffered\":{\"@type\":\"Service\",\"name\":\"Arbeidsadvies in Spanje\",\"url\":\"https:\\\/\\\/www.welex.es\\\/nl\\\/dienst\\\/arbeids-zaken-in-spanje\\\/\"}},{\"@type\":\"Offer\",\"itemOffered\":{\"@type\":\"Service\",\"name\":\"Geschillenbeslechting in Spanje\",\"url\":\"https:\\\/\\\/www.welex.es\\\/nl\\\/dienst\\\/procesrecht-in-spanje\\\/\"}},{\"@type\":\"Offer\",\"itemOffered\":{\"@type\":\"Service\",\"name\":\"Inkomstenbelasting en Vermogensbelasting in Spanje\",\"url\":\"https:\\\/\\\/www.welex.es\\\/nl\\\/dienst\\\/aankoop-van-een-onroerende-zaak-door-een-natuurlijke-persoon-die-niet-resident-is-in-spanje\\\/\"}},{\"@type\":\"Offer\",\"itemOffered\":{\"@type\":\"Service\",\"name\":\"Fiscale verplichtingen van een S.L.-vennootschap\",\"url\":\"https:\\\/\\\/www.welex.es\\\/nl\\\/dienst\\\/verplichtingen-volgens-de-handelswetgeving-van-een-spaanse-vennootschap\\\/\"}},{\"@type\":\"Offer\",\"itemOffered\":{\"@type\":\"Service\",\"name\":\"Handelsverplichtingen van een S.L.-vennootschap\",\"url\":\"https:\\\/\\\/www.welex.es\\\/nl\\\/dienst\\\/fiscale-verplichtingen-van-een-vennootschap-spanje\\\/\"}},{\"@type\":\"Offer\",\"itemOffered\":{\"@type\":\"Service\",\"name\":\"Beoordeling van Spaanse financi\u00eble en boekhoudkundige jaarrekeningen\",\"url\":\"https:\\\/\\\/www.welex.es\\\/nl\\\/dienst\\\/herziening-van-de-financiele-en-boekhoudkundige-balansen-in-spanje\\\/\"}},{\"@type\":\"Offer\",\"itemOffered\":{\"@type\":\"Service\",\"name\":\"Belastingpunten\",\"url\":\"https:\\\/\\\/www.welex.es\\\/nl\\\/dienst\\\/tax-belasting-in-spanje\\\/\"}},{\"@type\":\"Offer\",\"itemOffered\":{\"@type\":\"Service\",\"name\":\"Formaliteiten\",\"url\":\"https:\\\/\\\/www.welex.es\\\/nl\\\/dienst\\\/bijzondere-procedures\\\/\"}}]}},{\"@type\":\"Person\",\"@id\":\"https:\\\/\\\/www.welex.es\\\/nl\\\/#\\\/schema\\\/person\\\/fe98500e4b874772cfdbd1417c913f57\",\"name\":\"Welex Lawyers Accountants Wim\",\"image\":{\"@type\":\"ImageObject\",\"inLanguage\":\"nl-NL\",\"@id\":\"https:\\\/\\\/secure.gravatar.com\\\/avatar\\\/?s=96&d=mm&r=g\",\"url\":\"https:\\\/\\\/secure.gravatar.com\\\/avatar\\\/?s=96&d=mm&r=g\",\"contentUrl\":\"https:\\\/\\\/secure.gravatar.com\\\/avatar\\\/?s=96&d=mm&r=g\",\"caption\":\"Welex Lawyers Accountants Wim\"}}]}<\/script>\n<!-- \/ Yoast SEO Premium plugin. -->","yoast_head_json":{"title":"Reisgids voor de Costa del Sol: El Rinc\u00f3n de la Victoria - Welex","description":"Ontdek op deze pagina de kustplaats Rinc\u00f3n de la Victoria. Deze kustplaats ligt aan de Costa del Sol en beschikt over een geheel eigen identiteit.","robots":{"index":"index","follow":"follow","max-snippet":"max-snippet:-1","max-image-preview":"max-image-preview:large","max-video-preview":"max-video-preview:-1"},"canonical":"https:\/\/www.welex.es\/nl\/reisgids-voor-de-costa-del-sol-el-rincon-de-la-victoria\/","og_locale":"nl_NL","og_type":"article","og_title":"Reisgids voor de Costa del Sol: El Rinc\u00f3n de la Victoria","og_description":"Ontdek op deze pagina de kustplaats Rinc\u00f3n de la Victoria. Deze kustplaats ligt aan de Costa del Sol en beschikt over een geheel eigen identiteit.","og_url":"https:\/\/www.welex.es\/nl\/reisgids-voor-de-costa-del-sol-el-rincon-de-la-victoria\/","og_site_name":"Welex","article_publisher":"https:\/\/www.facebook.com\/WelexLawyersAccountants\/","article_published_time":"2017-05-15T07:01:02+00:00","article_modified_time":"2025-09-09T07:30:16+00:00","og_image":[{"width":600,"height":450,"url":"https:\/\/www.welex.es\/wp-content\/uploads\/2017\/05\/rincon-victoria-malaga-3.jpg","type":"image\/jpeg"}],"author":"Welex Lawyers Accountants Wim","twitter_card":"summary_large_image","twitter_misc":{"Geschreven door":"Welex Lawyers Accountants Wim","Geschatte leestijd":"4 minuten"},"schema":{"@context":"https:\/\/schema.org","@graph":[{"@type":"Article","@id":"https:\/\/www.welex.es\/nl\/reisgids-voor-de-costa-del-sol-el-rincon-de-la-victoria\/#article","isPartOf":{"@id":"https:\/\/www.welex.es\/nl\/reisgids-voor-de-costa-del-sol-el-rincon-de-la-victoria\/"},"author":{"name":"Welex Lawyers Accountants Wim","@id":"https:\/\/www.welex.es\/nl\/#\/schema\/person\/fe98500e4b874772cfdbd1417c913f57"},"headline":"Reisgids voor de Costa del Sol: El Rinc\u00f3n de la Victoria","datePublished":"2017-05-15T07:01:02+00:00","dateModified":"2025-09-09T07:30:16+00:00","mainEntityOfPage":{"@id":"https:\/\/www.welex.es\/nl\/reisgids-voor-de-costa-del-sol-el-rincon-de-la-victoria\/"},"wordCount":906,"publisher":{"@id":"https:\/\/www.welex.es\/#organization"},"image":{"@id":"https:\/\/www.welex.es\/nl\/reisgids-voor-de-costa-del-sol-el-rincon-de-la-victoria\/#primaryimage"},"thumbnailUrl":"https:\/\/www.welex.es\/wp-content\/uploads\/2017\/05\/rincon-victoria-malaga-3.jpg","keywords":["Advocaat Rinc\u00f3n de la victoria","advocatenkantoor Rinc\u00f3n de la Victoria","belasting Rinc\u00f3n de la victoria","erfrecht Rinc\u00f3n de la victoria","accountant Rinc\u00f3n de la Victoria","Rinc\u00f3n de la Victoria","turismo costa del sol","malaga"],"articleSection":["Toerisme en Cultuur in Spanje"],"inLanguage":"nl-NL"},{"@type":"WebPage","@id":"https:\/\/www.welex.es\/nl\/reisgids-voor-de-costa-del-sol-el-rincon-de-la-victoria\/","url":"https:\/\/www.welex.es\/nl\/reisgids-voor-de-costa-del-sol-el-rincon-de-la-victoria\/","name":"Reisgids voor de Costa del Sol: El Rinc\u00f3n de la Victoria - Welex","isPartOf":{"@id":"https:\/\/www.welex.es\/nl\/#website"},"primaryImageOfPage":{"@id":"https:\/\/www.welex.es\/nl\/reisgids-voor-de-costa-del-sol-el-rincon-de-la-victoria\/#primaryimage"},"image":{"@id":"https:\/\/www.welex.es\/nl\/reisgids-voor-de-costa-del-sol-el-rincon-de-la-victoria\/#primaryimage"},"thumbnailUrl":"https:\/\/www.welex.es\/wp-content\/uploads\/2017\/05\/rincon-victoria-malaga-3.jpg","datePublished":"2017-05-15T07:01:02+00:00","dateModified":"2025-09-09T07:30:16+00:00","description":"Ontdek op deze pagina de kustplaats Rinc\u00f3n de la Victoria. Deze kustplaats ligt aan de Costa del Sol en beschikt over een geheel eigen identiteit.","breadcrumb":{"@id":"https:\/\/www.welex.es\/nl\/reisgids-voor-de-costa-del-sol-el-rincon-de-la-victoria\/#breadcrumb"},"inLanguage":"nl-NL","potentialAction":[{"@type":"ReadAction","target":["https:\/\/www.welex.es\/nl\/reisgids-voor-de-costa-del-sol-el-rincon-de-la-victoria\/"]}]},{"@type":"ImageObject","inLanguage":"nl-NL","@id":"https:\/\/www.welex.es\/nl\/reisgids-voor-de-costa-del-sol-el-rincon-de-la-victoria\/#primaryimage","url":"https:\/\/www.welex.es\/wp-content\/uploads\/2017\/05\/rincon-victoria-malaga-3.jpg","contentUrl":"https:\/\/www.welex.es\/wp-content\/uploads\/2017\/05\/rincon-victoria-malaga-3.jpg","width":600,"height":450,"caption":"rincon victoria malaga 3"},{"@type":"BreadcrumbList","@id":"https:\/\/www.welex.es\/nl\/reisgids-voor-de-costa-del-sol-el-rincon-de-la-victoria\/#breadcrumb","itemListElement":[{"@type":"ListItem","position":1,"name":"Home","item":"https:\/\/www.welex.es\/nl\/"},{"@type":"ListItem","position":2,"name":"Reisgids voor de Costa del Sol: El Rinc\u00f3n de la Victoria"}]},{"@type":"WebSite","@id":"https:\/\/www.welex.es\/nl\/#website","url":"https:\/\/www.welex.es\/nl\/","name":"Welex","description":"","publisher":{"@id":"https:\/\/www.welex.es\/#organization"},"potentialAction":[{"@type":"SearchAction","target":{"@type":"EntryPoint","urlTemplate":"https:\/\/www.welex.es\/nl\/?s={search_term_string}"},"query-input":{"@type":"PropertyValueSpecification","valueRequired":true,"valueName":"search_term_string"}}],"inLanguage":"nl-NL"},{"@type":["Organization","LegalService"],"@id":"https:\/\/www.welex.es\/#organization","name":"Welex","url":"https:\/\/www.welex.es\/","logo":{"@type":"ImageObject","inLanguage":"nl-NL","@id":"https:\/\/www.welex.es\/#\/schema\/logo\/image\/","url":"https:\/\/www.welex.es\/wp-content\/uploads\/2025\/05\/LOGOWELEXCORRECTO.png","contentUrl":"https:\/\/www.welex.es\/wp-content\/uploads\/2025\/05\/LOGOWELEXCORRECTO.png","width":2147,"height":771,"caption":"Welex"},"image":{"@id":"https:\/\/www.welex.es\/#\/schema\/logo\/image\/"},"sameAs":["https:\/\/www.facebook.com\/WelexLawyersAccountants\/","https:\/\/www.linkedin.com\/company\/welex\/","https:\/\/www.instagram.com\/welex.lawyers\/","https:\/\/www.tiktok.com\/@welex_lawyers_marbella","https:\/\/lawyerscostadelsol.com\/","https:\/\/www.accountant-spain.com\/","https:\/\/welex-solicitors.com\/"],"description":"Law firm in Marbella providing legal, tax, labour and accounting advice to individuals and companies in Spain, with over 20 years of experience.","email":"info@welex.es","telephone":"+34952775521","legalName":"Tr\u00e1mites Costa, S.L.","numberOfEmployees":{"@type":"QuantitativeValue","minValue":"11","maxValue":"50"},"address":{"@type":"PostalAddress","streetAddress":"Calle Ram\u00f3n G\u00f3mez de la Serna 23, Local 7","addressLocality":"Marbella","addressRegion":"M\u00e1laga","postalCode":"29602","addressCountry":"ES"},"geo":{"@type":"GeoCoordinates","latitude":36.5095366,"longitude":-4.8985745},"hasMap":"https:\/\/www.google.com\/maps\/search\/?api=1&query=Welex+Marbella","openingHoursSpecification":[{"@type":"OpeningHoursSpecification","dayOfWeek":["Monday","Tuesday","Wednesday","Thursday"],"opens":"08:30","closes":"17:00"},{"@type":"OpeningHoursSpecification","dayOfWeek":"Friday","opens":"08:30","closes":"14:30"}],"areaServed":[{"@type":"Country","name":"Spain"},{"@type":"AdministrativeArea","name":"Costa del Sol"},{"@type":"City","name":"Marbella"}],"knowsLanguage":["es","en","nl","fr"],"currenciesAccepted":"EUR","priceRange":"$$","slogan":"Juridische zekerheid. Fiscale duidelijkheid. Betrouwbaar advies.","contactPoint":[{"@type":"ContactPoint","telephone":"+34952775521","email":"info@welex.es","contactType":"customer service","availableLanguage":["English","Spanish","Dutch","French"],"areaServed":"ES"}],"hasOfferCatalog":{"@type":"OfferCatalog","name":"Juridische, fiscale en boekhoudkundige diensten in Spanje","itemListElement":[{"@type":"Offer","itemOffered":{"@type":"Service","name":"Vastgoedadvocaten in Marbella: aankoop en verkoop van onroerend goed in Spanje","url":"https:\/\/www.welex.es\/nl\/dienst\/advies-aan-en-verkoop-van-vastgoed-in-spanje\/"}},{"@type":"Offer","itemOffered":{"@type":"Service","name":"Advocaten gespecialiseerd in testamenten en erfenissen in Marbella","url":"https:\/\/www.welex.es\/nl\/dienst\/testamenten-nalatenschappen-in-spanje\/"}},{"@type":"Offer","itemOffered":{"@type":"Service","name":"Vennootschapsrecht in Spanje","url":"https:\/\/www.welex.es\/nl\/dienst\/bedrijven-en-vennootschappen-in-spanje\/"}},{"@type":"Offer","itemOffered":{"@type":"Service","name":"Arbeidsadvies in Spanje","url":"https:\/\/www.welex.es\/nl\/dienst\/arbeids-zaken-in-spanje\/"}},{"@type":"Offer","itemOffered":{"@type":"Service","name":"Geschillenbeslechting in Spanje","url":"https:\/\/www.welex.es\/nl\/dienst\/procesrecht-in-spanje\/"}},{"@type":"Offer","itemOffered":{"@type":"Service","name":"Inkomstenbelasting en Vermogensbelasting in Spanje","url":"https:\/\/www.welex.es\/nl\/dienst\/aankoop-van-een-onroerende-zaak-door-een-natuurlijke-persoon-die-niet-resident-is-in-spanje\/"}},{"@type":"Offer","itemOffered":{"@type":"Service","name":"Fiscale verplichtingen van een S.L.-vennootschap","url":"https:\/\/www.welex.es\/nl\/dienst\/verplichtingen-volgens-de-handelswetgeving-van-een-spaanse-vennootschap\/"}},{"@type":"Offer","itemOffered":{"@type":"Service","name":"Handelsverplichtingen van een S.L.-vennootschap","url":"https:\/\/www.welex.es\/nl\/dienst\/fiscale-verplichtingen-van-een-vennootschap-spanje\/"}},{"@type":"Offer","itemOffered":{"@type":"Service","name":"Beoordeling van Spaanse financi\u00eble en boekhoudkundige jaarrekeningen","url":"https:\/\/www.welex.es\/nl\/dienst\/herziening-van-de-financiele-en-boekhoudkundige-balansen-in-spanje\/"}},{"@type":"Offer","itemOffered":{"@type":"Service","name":"Belastingpunten","url":"https:\/\/www.welex.es\/nl\/dienst\/tax-belasting-in-spanje\/"}},{"@type":"Offer","itemOffered":{"@type":"Service","name":"Formaliteiten","url":"https:\/\/www.welex.es\/nl\/dienst\/bijzondere-procedures\/"}}]}},{"@type":"Person","@id":"https:\/\/www.welex.es\/nl\/#\/schema\/person\/fe98500e4b874772cfdbd1417c913f57","name":"Welex Lawyers Accountants Wim","image":{"@type":"ImageObject","inLanguage":"nl-NL","@id":"https:\/\/secure.gravatar.com\/avatar\/?s=96&d=mm&r=g","url":"https:\/\/secure.gravatar.com\/avatar\/?s=96&d=mm&r=g","contentUrl":"https:\/\/secure.gravatar.com\/avatar\/?s=96&d=mm&r=g","caption":"Welex Lawyers Accountants Wim"}}]}},"_links":{"self":[{"href":"https:\/\/www.welex.es\/nl\/wp-json\/wp\/v2\/posts\/8257","targetHints":{"allow":["GET"]}}],"collection":[{"href":"https:\/\/www.welex.es\/nl\/wp-json\/wp\/v2\/posts"}],"about":[{"href":"https:\/\/www.welex.es\/nl\/wp-json\/wp\/v2\/types\/post"}],"author":[{"embeddable":true,"href":"https:\/\/www.welex.es\/nl\/wp-json\/wp\/v2\/users\/4"}],"replies":[{"embeddable":true,"href":"https:\/\/www.welex.es\/nl\/wp-json\/wp\/v2\/comments?post=8257"}],"version-history":[{"count":0,"href":"https:\/\/www.welex.es\/nl\/wp-json\/wp\/v2\/posts\/8257\/revisions"}],"wp:featuredmedia":[{"embeddable":true,"href":"https:\/\/www.welex.es\/nl\/wp-json\/wp\/v2\/media\/10043"}],"wp:attachment":[{"href":"https:\/\/www.welex.es\/nl\/wp-json\/wp\/v2\/media?parent=8257"}],"wp:term":[{"taxonomy":"category","embeddable":true,"href":"https:\/\/www.welex.es\/nl\/wp-json\/wp\/v2\/categories?post=8257"},{"taxonomy":"post_tag","embeddable":true,"href":"https:\/\/www.welex.es\/nl\/wp-json\/wp\/v2\/tags?post=8257"}],"curies":[{"name":"wp","href":"https:\/\/api.w.org\/{rel}","templated":true}]}}