{"id":9722,"date":"2017-08-21T08:00:36","date_gmt":"2017-08-21T08:00:36","guid":{"rendered":"https:\/\/www.welex.es\/?p=9722\/"},"modified":"2025-09-09T07:30:38","modified_gmt":"2025-09-09T07:30:38","slug":"ojen-een-dorp-tussen-de-middellandse-zee-en-de-sierra","status":"publish","type":"post","link":"https:\/\/www.welex.es\/nl\/ojen-een-dorp-tussen-de-middellandse-zee-en-de-sierra\/","title":{"rendered":"Oj\u00e9n: een dorp tussen de Middellandse Zee en de Sierra"},"content":{"rendered":"<p>De gemeente Oj\u00e9n ligt op slechts 8 kilometer van het hart van de Costa del Sol. Een klein dorpje dat dient als toegang tot de bergen Sierra de las Nieves en bekend is om zijn kruidenbrandewijn. Oj\u00e9n behoudt nog steeds de charme van een Andalusisch dorp met zijn smalle straatjes en witte huizen. Een stad, die bovendien heeft kunnen aanpassen aan de behoeften van moderne toeristen die deze prachtige stad bezoeken.<\/p>\n<p><img fetchpriority=\"high\" decoding=\"async\" class=\"aligncenter wp-image-9715 size-full\" title=\"Ojen advocaat en econoom in Marbella\" src=\"https:\/\/www.welex.es\/wp-content\/uploads\/2017\/10\/ojen.jpg\" alt=\"Ojen advocaat en econoom in Marbella\" width=\"600\" height=\"450\" \/><br \/>\nDe stad heeft een VVV-kantoor waar u alle toeristische en culturele aanbiedingen kunt raadplegen. Van culturele en etnografische rondleidingen, zoals workshops voor het maken van natuurlijke zeep, olieproeverijen, typisch Andalusisch ontbijt of esparto-werkjes. Een wandeling\u00a0 door zijn straten, lamgs emblematische monumenten en plekjes waar de toerist verschillende mogelijkheden heeft om de traditionele gastronomie zoals de Bolo de Hinojos (Kikkererwtenstoofpot), Kastanjestoofpot of Salmorejo (Koude Tomatensoep) te proeven.<\/p>\n<p>Het dorp heeft verschillende essenti\u00eble plekjes om te bezoeken: het Molenmuseum, de Grotten, de Kerk Iglesia de la Encarnaci\u00f3n van de achttiende eeuw en La Fuente de los Chorros.<br \/>\nDaarnaast biedt Oj\u00e9n diverse sociaal-culturele evenementen, zoals het Indie Music Festival, dat het eerste weekend van juli gehouden wordt; het Castillo del Cante Festival, een van de oudste in de provincie en de Feria ter ere van San Dionisio, een van de lokale festivals rond het dorpsplein.<\/p>\n<p><img decoding=\"async\" class=\"aligncenter wp-image-9716 size-full\" title=\"Advocatenkantoor in Oj\u00e9n\" src=\"https:\/\/www.welex.es\/wp-content\/uploads\/2017\/10\/sierra-de-ojen.jpg\" alt=\"Advocatenkantoor in Oj\u00e9n\" width=\"600\" height=\"450\" \/><\/p>\n<p>Wat betreft het aanbod voor plattelandstoerisme, ligt Oj\u00e9n in een natuurlijke omgeving van de biosfeerreservaat van het natuurpark. U kunt mooie wandelroutes maken en bezienswaardigheden bezoeken zoals de Llanos de Puzla, het Refugio de Juanar. Prachtige landschappen en grote verscheidenheid aan flora en fauna, waar u kurkeiken, dennen of sparren kunt zien, naast de fauna, zoals de Spaanse geit, herten, wilde schapen of uilen.<br \/>\nOj\u00e9n is ongetwijfeld een mediterraans dorp vol charme en leuke plekjes om te bezoeken.<\/p>\n<p>&nbsp;<\/p>\n<p>Dit blog is gepubliceerd door <a href=\"https:\/\/www.welex.es\/nl\/contact\/\">Welex, uw advocaat en econoom in Marbella<\/a>, Malaga.<\/p>\n<p>Bij Welex bieden we juridische, fiscale en boekhoudkundige adviesverlening. Zo bieden wij onze klanten juridische zekerheid vanuit onze ervaring en professionaliteit. Wij zijn een team advocaten, economen, boekhouders en professionals die klaar staan om uw vragen te beantwoorden en uw belangen te verdedigen.<\/p>\n<p><span style=\"font-size: 8pt;\">Welex, uw advocaat in Oj\u00e9n, advocaat in Oj\u00e9n, advocatenkantoor in Oj\u00e9n, economen in Oj\u00e9n, boekhouders in Oj\u00e9n, makelaars in Oj\u00e9n, belastingen in Oj\u00e9n, testamenten in Oj\u00e9n.<\/span><\/p>\n","protected":false},"excerpt":{"rendered":"<p>De gemeente Oj\u00e9n ligt op slechts 8 kilometer van het hart van de Costa del Sol. Een klein dorpje dat dient als toegang tot de bergen Sierra de las Nieves en bekend is om zijn kruidenbrandewijn. Oj\u00e9n behoudt nog steeds de charme van een Andalusisch dorp met zijn smalle straatjes en witte huizen. Een stad, [&hellip;]<\/p>\n","protected":false},"author":4,"featured_media":9714,"comment_status":"closed","ping_status":"closed","sticky":false,"template":"","format":"standard","meta":{"_acf_changed":false,"footnotes":""},"categories":[428],"tags":[2901,2902,2903,2904,2905,2906,2907],"class_list":["post-9722","post","type-post","status-publish","format-standard","has-post-thumbnail","hentry","category-toerisme-en-cultuur-in-spanje","tag-advocaat-in-ojen","tag-advocatenkantoor-in-ojen","tag-belastingen-in-ojen","tag-boekhouders-in-ojen","tag-economen-in-ojen","tag-makelaars-in-ojen","tag-testamenten-in-ojen"],"acf":[],"yoast_head":"<!-- This site is optimized with the Yoast SEO Premium plugin v27.9 (Yoast SEO v27.9) - https:\/\/yoast.com\/product\/yoast-seo-premium-wordpress\/ -->\n<title>Oj\u00e9n: een dorp tussen de Middellandse Zee en de Sierra - Welex<\/title>\n<meta name=\"description\" content=\"Oj\u00e9n is een klein dorpje dat zich tussen de bergen van de Sierra de las Nieves bevindt. De plaats is vooral bekend vanwege de kruidenbrandewijn.\" \/>\n<meta name=\"robots\" content=\"index, follow, max-snippet:-1, max-image-preview:large, max-video-preview:-1\" \/>\n<link rel=\"canonical\" href=\"https:\/\/www.welex.es\/nl\/ojen-een-dorp-tussen-de-middellandse-zee-en-de-sierra\/\" \/>\n<meta property=\"og:locale\" content=\"nl_NL\" \/>\n<meta property=\"og:type\" content=\"article\" \/>\n<meta property=\"og:title\" content=\"Oj\u00e9n: een dorp tussen de Middellandse Zee en de Sierra\" \/>\n<meta property=\"og:description\" content=\"Oj\u00e9n is een klein dorpje dat zich tussen de bergen van de Sierra de las Nieves bevindt. De plaats is vooral bekend vanwege de kruidenbrandewijn.\" \/>\n<meta property=\"og:url\" content=\"https:\/\/www.welex.es\/nl\/ojen-een-dorp-tussen-de-middellandse-zee-en-de-sierra\/\" \/>\n<meta property=\"og:site_name\" content=\"Welex\" \/>\n<meta property=\"article:publisher\" content=\"https:\/\/www.facebook.com\/WelexLawyersAccountants\/\" \/>\n<meta property=\"article:published_time\" content=\"2017-08-21T08:00:36+00:00\" \/>\n<meta property=\"article:modified_time\" content=\"2025-09-09T07:30:38+00:00\" \/>\n<meta property=\"og:image\" content=\"https:\/\/www.welex.es\/wp-content\/uploads\/2017\/10\/ojen-destacada.jpg\" \/>\n\t<meta property=\"og:image:width\" content=\"600\" \/>\n\t<meta property=\"og:image:height\" content=\"398\" \/>\n\t<meta property=\"og:image:type\" content=\"image\/jpeg\" \/>\n<meta name=\"author\" content=\"Welex Lawyers Accountants Wim\" \/>\n<meta name=\"twitter:card\" content=\"summary_large_image\" \/>\n<meta name=\"twitter:label1\" content=\"Geschreven door\" \/>\n\t<meta name=\"twitter:data1\" content=\"Welex Lawyers Accountants Wim\" \/>\n\t<meta name=\"twitter:label2\" content=\"Geschatte leestijd\" \/>\n\t<meta name=\"twitter:data2\" content=\"2 minuten\" \/>\n<script type=\"application\/ld+json\" class=\"yoast-schema-graph\">{\"@context\":\"https:\\\/\\\/schema.org\",\"@graph\":[{\"@type\":\"Article\",\"@id\":\"https:\\\/\\\/www.welex.es\\\/nl\\\/ojen-een-dorp-tussen-de-middellandse-zee-en-de-sierra\\\/#article\",\"isPartOf\":{\"@id\":\"https:\\\/\\\/www.welex.es\\\/nl\\\/ojen-een-dorp-tussen-de-middellandse-zee-en-de-sierra\\\/\"},\"author\":{\"name\":\"Welex Lawyers Accountants Wim\",\"@id\":\"https:\\\/\\\/www.welex.es\\\/nl\\\/#\\\/schema\\\/person\\\/fe98500e4b874772cfdbd1417c913f57\"},\"headline\":\"Oj\u00e9n: een dorp tussen de Middellandse Zee en de Sierra\",\"datePublished\":\"2017-08-21T08:00:36+00:00\",\"dateModified\":\"2025-09-09T07:30:38+00:00\",\"mainEntityOfPage\":{\"@id\":\"https:\\\/\\\/www.welex.es\\\/nl\\\/ojen-een-dorp-tussen-de-middellandse-zee-en-de-sierra\\\/\"},\"wordCount\":399,\"publisher\":{\"@id\":\"https:\\\/\\\/www.welex.es\\\/#organization\"},\"image\":{\"@id\":\"https:\\\/\\\/www.welex.es\\\/nl\\\/ojen-een-dorp-tussen-de-middellandse-zee-en-de-sierra\\\/#primaryimage\"},\"thumbnailUrl\":\"https:\\\/\\\/www.welex.es\\\/wp-content\\\/uploads\\\/2017\\\/10\\\/ojen-destacada.jpg\",\"keywords\":[\"advocaat in Oj\u00e9n\",\"advocatenkantoor in Oj\u00e9n\",\"belastingen in Oj\u00e9n\",\"boekhouders in Oj\u00e9n\",\"economen in Oj\u00e9n\",\"makelaars in Oj\u00e9n\",\"testamenten in Oj\u00e9n.\"],\"articleSection\":[\"Toerisme en Cultuur in Spanje\"],\"inLanguage\":\"nl-NL\"},{\"@type\":\"WebPage\",\"@id\":\"https:\\\/\\\/www.welex.es\\\/nl\\\/ojen-een-dorp-tussen-de-middellandse-zee-en-de-sierra\\\/\",\"url\":\"https:\\\/\\\/www.welex.es\\\/nl\\\/ojen-een-dorp-tussen-de-middellandse-zee-en-de-sierra\\\/\",\"name\":\"Oj\u00e9n: een dorp tussen de Middellandse Zee en de Sierra - Welex\",\"isPartOf\":{\"@id\":\"https:\\\/\\\/www.welex.es\\\/nl\\\/#website\"},\"primaryImageOfPage\":{\"@id\":\"https:\\\/\\\/www.welex.es\\\/nl\\\/ojen-een-dorp-tussen-de-middellandse-zee-en-de-sierra\\\/#primaryimage\"},\"image\":{\"@id\":\"https:\\\/\\\/www.welex.es\\\/nl\\\/ojen-een-dorp-tussen-de-middellandse-zee-en-de-sierra\\\/#primaryimage\"},\"thumbnailUrl\":\"https:\\\/\\\/www.welex.es\\\/wp-content\\\/uploads\\\/2017\\\/10\\\/ojen-destacada.jpg\",\"datePublished\":\"2017-08-21T08:00:36+00:00\",\"dateModified\":\"2025-09-09T07:30:38+00:00\",\"description\":\"Oj\u00e9n is een klein dorpje dat zich tussen de bergen van de Sierra de las Nieves bevindt. De plaats is vooral bekend vanwege de kruidenbrandewijn.\",\"breadcrumb\":{\"@id\":\"https:\\\/\\\/www.welex.es\\\/nl\\\/ojen-een-dorp-tussen-de-middellandse-zee-en-de-sierra\\\/#breadcrumb\"},\"inLanguage\":\"nl-NL\",\"potentialAction\":[{\"@type\":\"ReadAction\",\"target\":[\"https:\\\/\\\/www.welex.es\\\/nl\\\/ojen-een-dorp-tussen-de-middellandse-zee-en-de-sierra\\\/\"]}]},{\"@type\":\"ImageObject\",\"inLanguage\":\"nl-NL\",\"@id\":\"https:\\\/\\\/www.welex.es\\\/nl\\\/ojen-een-dorp-tussen-de-middellandse-zee-en-de-sierra\\\/#primaryimage\",\"url\":\"https:\\\/\\\/www.welex.es\\\/wp-content\\\/uploads\\\/2017\\\/10\\\/ojen-destacada.jpg\",\"contentUrl\":\"https:\\\/\\\/www.welex.es\\\/wp-content\\\/uploads\\\/2017\\\/10\\\/ojen-destacada.jpg\",\"width\":600,\"height\":398,\"caption\":\"ojen destacada\"},{\"@type\":\"BreadcrumbList\",\"@id\":\"https:\\\/\\\/www.welex.es\\\/nl\\\/ojen-een-dorp-tussen-de-middellandse-zee-en-de-sierra\\\/#breadcrumb\",\"itemListElement\":[{\"@type\":\"ListItem\",\"position\":1,\"name\":\"Home\",\"item\":\"https:\\\/\\\/www.welex.es\\\/nl\\\/\"},{\"@type\":\"ListItem\",\"position\":2,\"name\":\"Oj\u00e9n: een dorp tussen de Middellandse Zee en de Sierra\"}]},{\"@type\":\"WebSite\",\"@id\":\"https:\\\/\\\/www.welex.es\\\/nl\\\/#website\",\"url\":\"https:\\\/\\\/www.welex.es\\\/nl\\\/\",\"name\":\"Welex\",\"description\":\"\",\"publisher\":{\"@id\":\"https:\\\/\\\/www.welex.es\\\/#organization\"},\"potentialAction\":[{\"@type\":\"SearchAction\",\"target\":{\"@type\":\"EntryPoint\",\"urlTemplate\":\"https:\\\/\\\/www.welex.es\\\/nl\\\/?s={search_term_string}\"},\"query-input\":{\"@type\":\"PropertyValueSpecification\",\"valueRequired\":true,\"valueName\":\"search_term_string\"}}],\"inLanguage\":\"nl-NL\"},{\"@type\":[\"Organization\",\"LegalService\"],\"@id\":\"https:\\\/\\\/www.welex.es\\\/#organization\",\"name\":\"Welex\",\"url\":\"https:\\\/\\\/www.welex.es\\\/\",\"logo\":{\"@type\":\"ImageObject\",\"inLanguage\":\"nl-NL\",\"@id\":\"https:\\\/\\\/www.welex.es\\\/#\\\/schema\\\/logo\\\/image\\\/\",\"url\":\"https:\\\/\\\/www.welex.es\\\/wp-content\\\/uploads\\\/2025\\\/05\\\/LOGOWELEXCORRECTO.png\",\"contentUrl\":\"https:\\\/\\\/www.welex.es\\\/wp-content\\\/uploads\\\/2025\\\/05\\\/LOGOWELEXCORRECTO.png\",\"width\":2147,\"height\":771,\"caption\":\"Welex\"},\"image\":{\"@id\":\"https:\\\/\\\/www.welex.es\\\/#\\\/schema\\\/logo\\\/image\\\/\"},\"sameAs\":[\"https:\\\/\\\/www.facebook.com\\\/WelexLawyersAccountants\\\/\",\"https:\\\/\\\/www.linkedin.com\\\/company\\\/welex\\\/\",\"https:\\\/\\\/www.instagram.com\\\/welex.lawyers\\\/\",\"https:\\\/\\\/www.tiktok.com\\\/@welex_lawyers_marbella\",\"https:\\\/\\\/lawyerscostadelsol.com\\\/\",\"https:\\\/\\\/www.accountant-spain.com\\\/\",\"https:\\\/\\\/welex-solicitors.com\\\/\"],\"description\":\"Law firm in Marbella providing legal, tax, labour and accounting advice to individuals and companies in Spain, with over 20 years of experience.\",\"email\":\"info@welex.es\",\"telephone\":\"+34952775521\",\"legalName\":\"Tr\u00e1mites Costa, S.L.\",\"numberOfEmployees\":{\"@type\":\"QuantitativeValue\",\"minValue\":\"11\",\"maxValue\":\"50\"},\"address\":{\"@type\":\"PostalAddress\",\"streetAddress\":\"Calle Ram\u00f3n G\u00f3mez de la Serna 23, Local 7\",\"addressLocality\":\"Marbella\",\"addressRegion\":\"M\u00e1laga\",\"postalCode\":\"29602\",\"addressCountry\":\"ES\"},\"geo\":{\"@type\":\"GeoCoordinates\",\"latitude\":36.5095366,\"longitude\":-4.8985745},\"hasMap\":\"https:\\\/\\\/www.google.com\\\/maps\\\/search\\\/?api=1&query=Welex+Marbella\",\"openingHoursSpecification\":[{\"@type\":\"OpeningHoursSpecification\",\"dayOfWeek\":[\"Monday\",\"Tuesday\",\"Wednesday\",\"Thursday\"],\"opens\":\"08:30\",\"closes\":\"17:00\"},{\"@type\":\"OpeningHoursSpecification\",\"dayOfWeek\":\"Friday\",\"opens\":\"08:30\",\"closes\":\"14:30\"}],\"areaServed\":[{\"@type\":\"Country\",\"name\":\"Spain\"},{\"@type\":\"AdministrativeArea\",\"name\":\"Costa del Sol\"},{\"@type\":\"City\",\"name\":\"Marbella\"}],\"knowsLanguage\":[\"es\",\"en\",\"nl\",\"fr\"],\"currenciesAccepted\":\"EUR\",\"priceRange\":\"$$\",\"slogan\":\"Juridische zekerheid. Fiscale duidelijkheid. Betrouwbaar advies.\",\"contactPoint\":[{\"@type\":\"ContactPoint\",\"telephone\":\"+34952775521\",\"email\":\"info@welex.es\",\"contactType\":\"customer service\",\"availableLanguage\":[\"English\",\"Spanish\",\"Dutch\",\"French\"],\"areaServed\":\"ES\"}],\"hasOfferCatalog\":{\"@type\":\"OfferCatalog\",\"name\":\"Juridische, fiscale en boekhoudkundige diensten in Spanje\",\"itemListElement\":[{\"@type\":\"Offer\",\"itemOffered\":{\"@type\":\"Service\",\"name\":\"Vastgoedadvocaten in Marbella: aankoop en verkoop van onroerend goed in Spanje\",\"url\":\"https:\\\/\\\/www.welex.es\\\/nl\\\/dienst\\\/advies-aan-en-verkoop-van-vastgoed-in-spanje\\\/\"}},{\"@type\":\"Offer\",\"itemOffered\":{\"@type\":\"Service\",\"name\":\"Advocaten gespecialiseerd in testamenten en erfenissen in Marbella\",\"url\":\"https:\\\/\\\/www.welex.es\\\/nl\\\/dienst\\\/testamenten-nalatenschappen-in-spanje\\\/\"}},{\"@type\":\"Offer\",\"itemOffered\":{\"@type\":\"Service\",\"name\":\"Vennootschapsrecht in Spanje\",\"url\":\"https:\\\/\\\/www.welex.es\\\/nl\\\/dienst\\\/bedrijven-en-vennootschappen-in-spanje\\\/\"}},{\"@type\":\"Offer\",\"itemOffered\":{\"@type\":\"Service\",\"name\":\"Arbeidsadvies in Spanje\",\"url\":\"https:\\\/\\\/www.welex.es\\\/nl\\\/dienst\\\/arbeids-zaken-in-spanje\\\/\"}},{\"@type\":\"Offer\",\"itemOffered\":{\"@type\":\"Service\",\"name\":\"Geschillenbeslechting in Spanje\",\"url\":\"https:\\\/\\\/www.welex.es\\\/nl\\\/dienst\\\/procesrecht-in-spanje\\\/\"}},{\"@type\":\"Offer\",\"itemOffered\":{\"@type\":\"Service\",\"name\":\"Inkomstenbelasting en Vermogensbelasting in Spanje\",\"url\":\"https:\\\/\\\/www.welex.es\\\/nl\\\/dienst\\\/aankoop-van-een-onroerende-zaak-door-een-natuurlijke-persoon-die-niet-resident-is-in-spanje\\\/\"}},{\"@type\":\"Offer\",\"itemOffered\":{\"@type\":\"Service\",\"name\":\"Fiscale verplichtingen van een S.L.-vennootschap\",\"url\":\"https:\\\/\\\/www.welex.es\\\/nl\\\/dienst\\\/verplichtingen-volgens-de-handelswetgeving-van-een-spaanse-vennootschap\\\/\"}},{\"@type\":\"Offer\",\"itemOffered\":{\"@type\":\"Service\",\"name\":\"Handelsverplichtingen van een S.L.-vennootschap\",\"url\":\"https:\\\/\\\/www.welex.es\\\/nl\\\/dienst\\\/fiscale-verplichtingen-van-een-vennootschap-spanje\\\/\"}},{\"@type\":\"Offer\",\"itemOffered\":{\"@type\":\"Service\",\"name\":\"Beoordeling van Spaanse financi\u00eble en boekhoudkundige jaarrekeningen\",\"url\":\"https:\\\/\\\/www.welex.es\\\/nl\\\/dienst\\\/herziening-van-de-financiele-en-boekhoudkundige-balansen-in-spanje\\\/\"}},{\"@type\":\"Offer\",\"itemOffered\":{\"@type\":\"Service\",\"name\":\"Belastingpunten\",\"url\":\"https:\\\/\\\/www.welex.es\\\/nl\\\/dienst\\\/tax-belasting-in-spanje\\\/\"}},{\"@type\":\"Offer\",\"itemOffered\":{\"@type\":\"Service\",\"name\":\"Formaliteiten\",\"url\":\"https:\\\/\\\/www.welex.es\\\/nl\\\/dienst\\\/bijzondere-procedures\\\/\"}}]}},{\"@type\":\"Person\",\"@id\":\"https:\\\/\\\/www.welex.es\\\/nl\\\/#\\\/schema\\\/person\\\/fe98500e4b874772cfdbd1417c913f57\",\"name\":\"Welex Lawyers Accountants Wim\",\"image\":{\"@type\":\"ImageObject\",\"inLanguage\":\"nl-NL\",\"@id\":\"https:\\\/\\\/secure.gravatar.com\\\/avatar\\\/?s=96&d=mm&r=g\",\"url\":\"https:\\\/\\\/secure.gravatar.com\\\/avatar\\\/?s=96&d=mm&r=g\",\"contentUrl\":\"https:\\\/\\\/secure.gravatar.com\\\/avatar\\\/?s=96&d=mm&r=g\",\"caption\":\"Welex Lawyers Accountants Wim\"}}]}<\/script>\n<!-- \/ Yoast SEO Premium plugin. -->","yoast_head_json":{"title":"Oj\u00e9n: een dorp tussen de Middellandse Zee en de Sierra - Welex","description":"Oj\u00e9n is een klein dorpje dat zich tussen de bergen van de Sierra de las Nieves bevindt. De plaats is vooral bekend vanwege de kruidenbrandewijn.","robots":{"index":"index","follow":"follow","max-snippet":"max-snippet:-1","max-image-preview":"max-image-preview:large","max-video-preview":"max-video-preview:-1"},"canonical":"https:\/\/www.welex.es\/nl\/ojen-een-dorp-tussen-de-middellandse-zee-en-de-sierra\/","og_locale":"nl_NL","og_type":"article","og_title":"Oj\u00e9n: een dorp tussen de Middellandse Zee en de Sierra","og_description":"Oj\u00e9n is een klein dorpje dat zich tussen de bergen van de Sierra de las Nieves bevindt. De plaats is vooral bekend vanwege de kruidenbrandewijn.","og_url":"https:\/\/www.welex.es\/nl\/ojen-een-dorp-tussen-de-middellandse-zee-en-de-sierra\/","og_site_name":"Welex","article_publisher":"https:\/\/www.facebook.com\/WelexLawyersAccountants\/","article_published_time":"2017-08-21T08:00:36+00:00","article_modified_time":"2025-09-09T07:30:38+00:00","og_image":[{"width":600,"height":398,"url":"https:\/\/www.welex.es\/wp-content\/uploads\/2017\/10\/ojen-destacada.jpg","type":"image\/jpeg"}],"author":"Welex Lawyers Accountants Wim","twitter_card":"summary_large_image","twitter_misc":{"Geschreven door":"Welex Lawyers Accountants Wim","Geschatte leestijd":"2 minuten"},"schema":{"@context":"https:\/\/schema.org","@graph":[{"@type":"Article","@id":"https:\/\/www.welex.es\/nl\/ojen-een-dorp-tussen-de-middellandse-zee-en-de-sierra\/#article","isPartOf":{"@id":"https:\/\/www.welex.es\/nl\/ojen-een-dorp-tussen-de-middellandse-zee-en-de-sierra\/"},"author":{"name":"Welex Lawyers Accountants Wim","@id":"https:\/\/www.welex.es\/nl\/#\/schema\/person\/fe98500e4b874772cfdbd1417c913f57"},"headline":"Oj\u00e9n: een dorp tussen de Middellandse Zee en de Sierra","datePublished":"2017-08-21T08:00:36+00:00","dateModified":"2025-09-09T07:30:38+00:00","mainEntityOfPage":{"@id":"https:\/\/www.welex.es\/nl\/ojen-een-dorp-tussen-de-middellandse-zee-en-de-sierra\/"},"wordCount":399,"publisher":{"@id":"https:\/\/www.welex.es\/#organization"},"image":{"@id":"https:\/\/www.welex.es\/nl\/ojen-een-dorp-tussen-de-middellandse-zee-en-de-sierra\/#primaryimage"},"thumbnailUrl":"https:\/\/www.welex.es\/wp-content\/uploads\/2017\/10\/ojen-destacada.jpg","keywords":["advocaat in Oj\u00e9n","advocatenkantoor in Oj\u00e9n","belastingen in Oj\u00e9n","boekhouders in Oj\u00e9n","economen in Oj\u00e9n","makelaars in Oj\u00e9n","testamenten in Oj\u00e9n."],"articleSection":["Toerisme en Cultuur in Spanje"],"inLanguage":"nl-NL"},{"@type":"WebPage","@id":"https:\/\/www.welex.es\/nl\/ojen-een-dorp-tussen-de-middellandse-zee-en-de-sierra\/","url":"https:\/\/www.welex.es\/nl\/ojen-een-dorp-tussen-de-middellandse-zee-en-de-sierra\/","name":"Oj\u00e9n: een dorp tussen de Middellandse Zee en de Sierra - Welex","isPartOf":{"@id":"https:\/\/www.welex.es\/nl\/#website"},"primaryImageOfPage":{"@id":"https:\/\/www.welex.es\/nl\/ojen-een-dorp-tussen-de-middellandse-zee-en-de-sierra\/#primaryimage"},"image":{"@id":"https:\/\/www.welex.es\/nl\/ojen-een-dorp-tussen-de-middellandse-zee-en-de-sierra\/#primaryimage"},"thumbnailUrl":"https:\/\/www.welex.es\/wp-content\/uploads\/2017\/10\/ojen-destacada.jpg","datePublished":"2017-08-21T08:00:36+00:00","dateModified":"2025-09-09T07:30:38+00:00","description":"Oj\u00e9n is een klein dorpje dat zich tussen de bergen van de Sierra de las Nieves bevindt. De plaats is vooral bekend vanwege de kruidenbrandewijn.","breadcrumb":{"@id":"https:\/\/www.welex.es\/nl\/ojen-een-dorp-tussen-de-middellandse-zee-en-de-sierra\/#breadcrumb"},"inLanguage":"nl-NL","potentialAction":[{"@type":"ReadAction","target":["https:\/\/www.welex.es\/nl\/ojen-een-dorp-tussen-de-middellandse-zee-en-de-sierra\/"]}]},{"@type":"ImageObject","inLanguage":"nl-NL","@id":"https:\/\/www.welex.es\/nl\/ojen-een-dorp-tussen-de-middellandse-zee-en-de-sierra\/#primaryimage","url":"https:\/\/www.welex.es\/wp-content\/uploads\/2017\/10\/ojen-destacada.jpg","contentUrl":"https:\/\/www.welex.es\/wp-content\/uploads\/2017\/10\/ojen-destacada.jpg","width":600,"height":398,"caption":"ojen destacada"},{"@type":"BreadcrumbList","@id":"https:\/\/www.welex.es\/nl\/ojen-een-dorp-tussen-de-middellandse-zee-en-de-sierra\/#breadcrumb","itemListElement":[{"@type":"ListItem","position":1,"name":"Home","item":"https:\/\/www.welex.es\/nl\/"},{"@type":"ListItem","position":2,"name":"Oj\u00e9n: een dorp tussen de Middellandse Zee en de Sierra"}]},{"@type":"WebSite","@id":"https:\/\/www.welex.es\/nl\/#website","url":"https:\/\/www.welex.es\/nl\/","name":"Welex","description":"","publisher":{"@id":"https:\/\/www.welex.es\/#organization"},"potentialAction":[{"@type":"SearchAction","target":{"@type":"EntryPoint","urlTemplate":"https:\/\/www.welex.es\/nl\/?s={search_term_string}"},"query-input":{"@type":"PropertyValueSpecification","valueRequired":true,"valueName":"search_term_string"}}],"inLanguage":"nl-NL"},{"@type":["Organization","LegalService"],"@id":"https:\/\/www.welex.es\/#organization","name":"Welex","url":"https:\/\/www.welex.es\/","logo":{"@type":"ImageObject","inLanguage":"nl-NL","@id":"https:\/\/www.welex.es\/#\/schema\/logo\/image\/","url":"https:\/\/www.welex.es\/wp-content\/uploads\/2025\/05\/LOGOWELEXCORRECTO.png","contentUrl":"https:\/\/www.welex.es\/wp-content\/uploads\/2025\/05\/LOGOWELEXCORRECTO.png","width":2147,"height":771,"caption":"Welex"},"image":{"@id":"https:\/\/www.welex.es\/#\/schema\/logo\/image\/"},"sameAs":["https:\/\/www.facebook.com\/WelexLawyersAccountants\/","https:\/\/www.linkedin.com\/company\/welex\/","https:\/\/www.instagram.com\/welex.lawyers\/","https:\/\/www.tiktok.com\/@welex_lawyers_marbella","https:\/\/lawyerscostadelsol.com\/","https:\/\/www.accountant-spain.com\/","https:\/\/welex-solicitors.com\/"],"description":"Law firm in Marbella providing legal, tax, labour and accounting advice to individuals and companies in Spain, with over 20 years of experience.","email":"info@welex.es","telephone":"+34952775521","legalName":"Tr\u00e1mites Costa, S.L.","numberOfEmployees":{"@type":"QuantitativeValue","minValue":"11","maxValue":"50"},"address":{"@type":"PostalAddress","streetAddress":"Calle Ram\u00f3n G\u00f3mez de la Serna 23, Local 7","addressLocality":"Marbella","addressRegion":"M\u00e1laga","postalCode":"29602","addressCountry":"ES"},"geo":{"@type":"GeoCoordinates","latitude":36.5095366,"longitude":-4.8985745},"hasMap":"https:\/\/www.google.com\/maps\/search\/?api=1&query=Welex+Marbella","openingHoursSpecification":[{"@type":"OpeningHoursSpecification","dayOfWeek":["Monday","Tuesday","Wednesday","Thursday"],"opens":"08:30","closes":"17:00"},{"@type":"OpeningHoursSpecification","dayOfWeek":"Friday","opens":"08:30","closes":"14:30"}],"areaServed":[{"@type":"Country","name":"Spain"},{"@type":"AdministrativeArea","name":"Costa del Sol"},{"@type":"City","name":"Marbella"}],"knowsLanguage":["es","en","nl","fr"],"currenciesAccepted":"EUR","priceRange":"$$","slogan":"Juridische zekerheid. Fiscale duidelijkheid. Betrouwbaar advies.","contactPoint":[{"@type":"ContactPoint","telephone":"+34952775521","email":"info@welex.es","contactType":"customer service","availableLanguage":["English","Spanish","Dutch","French"],"areaServed":"ES"}],"hasOfferCatalog":{"@type":"OfferCatalog","name":"Juridische, fiscale en boekhoudkundige diensten in Spanje","itemListElement":[{"@type":"Offer","itemOffered":{"@type":"Service","name":"Vastgoedadvocaten in Marbella: aankoop en verkoop van onroerend goed in Spanje","url":"https:\/\/www.welex.es\/nl\/dienst\/advies-aan-en-verkoop-van-vastgoed-in-spanje\/"}},{"@type":"Offer","itemOffered":{"@type":"Service","name":"Advocaten gespecialiseerd in testamenten en erfenissen in Marbella","url":"https:\/\/www.welex.es\/nl\/dienst\/testamenten-nalatenschappen-in-spanje\/"}},{"@type":"Offer","itemOffered":{"@type":"Service","name":"Vennootschapsrecht in Spanje","url":"https:\/\/www.welex.es\/nl\/dienst\/bedrijven-en-vennootschappen-in-spanje\/"}},{"@type":"Offer","itemOffered":{"@type":"Service","name":"Arbeidsadvies in Spanje","url":"https:\/\/www.welex.es\/nl\/dienst\/arbeids-zaken-in-spanje\/"}},{"@type":"Offer","itemOffered":{"@type":"Service","name":"Geschillenbeslechting in Spanje","url":"https:\/\/www.welex.es\/nl\/dienst\/procesrecht-in-spanje\/"}},{"@type":"Offer","itemOffered":{"@type":"Service","name":"Inkomstenbelasting en Vermogensbelasting in Spanje","url":"https:\/\/www.welex.es\/nl\/dienst\/aankoop-van-een-onroerende-zaak-door-een-natuurlijke-persoon-die-niet-resident-is-in-spanje\/"}},{"@type":"Offer","itemOffered":{"@type":"Service","name":"Fiscale verplichtingen van een S.L.-vennootschap","url":"https:\/\/www.welex.es\/nl\/dienst\/verplichtingen-volgens-de-handelswetgeving-van-een-spaanse-vennootschap\/"}},{"@type":"Offer","itemOffered":{"@type":"Service","name":"Handelsverplichtingen van een S.L.-vennootschap","url":"https:\/\/www.welex.es\/nl\/dienst\/fiscale-verplichtingen-van-een-vennootschap-spanje\/"}},{"@type":"Offer","itemOffered":{"@type":"Service","name":"Beoordeling van Spaanse financi\u00eble en boekhoudkundige jaarrekeningen","url":"https:\/\/www.welex.es\/nl\/dienst\/herziening-van-de-financiele-en-boekhoudkundige-balansen-in-spanje\/"}},{"@type":"Offer","itemOffered":{"@type":"Service","name":"Belastingpunten","url":"https:\/\/www.welex.es\/nl\/dienst\/tax-belasting-in-spanje\/"}},{"@type":"Offer","itemOffered":{"@type":"Service","name":"Formaliteiten","url":"https:\/\/www.welex.es\/nl\/dienst\/bijzondere-procedures\/"}}]}},{"@type":"Person","@id":"https:\/\/www.welex.es\/nl\/#\/schema\/person\/fe98500e4b874772cfdbd1417c913f57","name":"Welex Lawyers Accountants Wim","image":{"@type":"ImageObject","inLanguage":"nl-NL","@id":"https:\/\/secure.gravatar.com\/avatar\/?s=96&d=mm&r=g","url":"https:\/\/secure.gravatar.com\/avatar\/?s=96&d=mm&r=g","contentUrl":"https:\/\/secure.gravatar.com\/avatar\/?s=96&d=mm&r=g","caption":"Welex Lawyers Accountants Wim"}}]}},"_links":{"self":[{"href":"https:\/\/www.welex.es\/nl\/wp-json\/wp\/v2\/posts\/9722","targetHints":{"allow":["GET"]}}],"collection":[{"href":"https:\/\/www.welex.es\/nl\/wp-json\/wp\/v2\/posts"}],"about":[{"href":"https:\/\/www.welex.es\/nl\/wp-json\/wp\/v2\/types\/post"}],"author":[{"embeddable":true,"href":"https:\/\/www.welex.es\/nl\/wp-json\/wp\/v2\/users\/4"}],"replies":[{"embeddable":true,"href":"https:\/\/www.welex.es\/nl\/wp-json\/wp\/v2\/comments?post=9722"}],"version-history":[{"count":0,"href":"https:\/\/www.welex.es\/nl\/wp-json\/wp\/v2\/posts\/9722\/revisions"}],"wp:featuredmedia":[{"embeddable":true,"href":"https:\/\/www.welex.es\/nl\/wp-json\/wp\/v2\/media\/9714"}],"wp:attachment":[{"href":"https:\/\/www.welex.es\/nl\/wp-json\/wp\/v2\/media?parent=9722"}],"wp:term":[{"taxonomy":"category","embeddable":true,"href":"https:\/\/www.welex.es\/nl\/wp-json\/wp\/v2\/categories?post=9722"},{"taxonomy":"post_tag","embeddable":true,"href":"https:\/\/www.welex.es\/nl\/wp-json\/wp\/v2\/tags?post=9722"}],"curies":[{"name":"wp","href":"https:\/\/api.w.org\/{rel}","templated":true}]}}